{"id":433307,"date":"2020-09-19T16:43:43","date_gmt":"2020-09-19T14:43:43","guid":{"rendered":"http:\/\/hudo.com\/si\/?p=433307"},"modified":"2020-09-19T17:03:13","modified_gmt":"2020-09-19T15:03:13","slug":"svedski-model-se-je-obestoval-trenutno-edina-drzava-v-eu-ki-od-poletja-v-tedenskem-povprecju-belezi-upad-novih-okuzb-z-novim-koronavirusom","status":"publish","type":"post","link":"https:\/\/hudo.com\/si\/aktualno\/svedski-model-se-je-obestoval-trenutno-edina-drzava-v-eu-ki-od-poletja-v-tedenskem-povprecju-belezi-upad-novih-okuzb-z-novim-koronavirusom\/","title":{"rendered":"\u0160vedskI model se je obrestoval: Trenutno edina dr\u017eava v EU, ki od poletja v tedenskem povpre\u010dju bele\u017ei upad novih oku\u017eb z novim koronavirusom"},"content":{"rendered":"<p>\u0160vedska je ob za\u010detku pandemije v marcu izbrala druga\u010dno strategijo za soo\u010denje z novim koronavirusom, saj se ni odlo\u010dila za karantenske ukrepe. Uvedla je le nekaj preventivnih ukrepov za gastronomijo, domove za starej\u0161e in glede zbiranja ve\u010djega \u0161tevila ljudi. \u0160ole so ostale odprte za mlaj\u0161e u\u010dence, nedavno pa so v \u0161olske klopi sedli tudi gimnazijci ter drugi starej\u0161i \u0161olarji in \u0161tudenti. Med drugim tudi nikoli niso uvedli obveznega no\u0161enja za\u0161\u010ditnih mask.<\/p>\n<p>Politika se je ve\u010dinoma vzdr\u017eala uvajanja ukrepov ter prepustila smernice in priporo\u010dila odboru strokovnjakov pod vodstvom epidemiologa Andersa Tegnella, ki je postal ikona &#8220;\u0161vedskega modela&#8221;. Glede na ankete se je sicer okoli 90 odstotkov \u0160vedov dr\u017ealo priporo\u010dil strokovnjakov.<\/p>\n<p>Potem ko je na \u0160vedskem v aprilu posko\u010dilo \u0161tevilo smrtnih \u017ertev covida-19 so se nad njihov model zgrnile \u0161tevilne kritike. Takrat so tudi uvedli razli\u010dne ukrepe in ob\u0161irno testiranje v domovih za starej\u0161e in drugih podobnih ustanovah. \u0160tevilo smrtnih \u017ertev je od takrat v upadu in je podobno statistiki iz ostalih evropskih dr\u017eav.<\/p>\n<p>Epidemiolog Tegnell je tako mnenja, da so se odlo\u010dili pravilno. V nedavnem pogovoru za televizijo France-24 je izrazil svoje zadovoljstvo. &#8220;Na koncu bomo videli, ali se bo poznala razlika, ko smo izbrali trajnostno strategijo, ki lahko traja dlje \u010dasa, kot pa \u010de bi se vedno znova zapirali, odpirali in spet zapirali,&#8221; je povedal.<\/p>\n<p>Po oceni epidemiologa na \u0160vedskem ne pri\u010dakujejo drugega vala epidemije, ampak predvsem lokalne izbruhe, ki jih bodo lahko obvladali.<\/p>\n<p>Napovedi za gospodarsko na \u0160vedskem so manj \u010drnoglede kot na primer za ve\u010dino drugih \u010dlanic EU. Po oceni britanskega podjetja za gospodarsko analizo Capital Economics je \u0160vedska najbolje prebrodila pandemijo covida-19 z vidika gospodarstva.<\/p>\n","protected":false},"excerpt":{"rendered":"<p>Medtem ko je imela junija \u0161e 67,4 primera na 100.000 prebivalcev, jih ima sedaj 14,3, poro\u010da avstrijska tiskovna agencija APA.<\/p>\n","protected":false},"author":8,"featured_media":380971,"comment_status":"closed","ping_status":"closed","sticky":false,"template":"","format":"standard","meta":{"footnotes":""},"categories":[1179],"tags":[15632,2221],"source":[4511],"supertag":[],"acf":[],"yoast_head":"<!-- This site is optimized with the Yoast SEO plugin v21.3 - https:\/\/yoast.com\/wordpress\/plugins\/seo\/ -->\n<title>\u0160vedskI model se je obrestoval: Trenutno edina dr\u017eava v EU, ki od poletja v tedenskem povpre\u010dju bele\u017ei upad novih oku\u017eb z novim koronavirusom - Hudo Slovenija<\/title>\n<meta name=\"robots\" content=\"index, follow, max-snippet:-1, max-image-preview:large, max-video-preview:-1\" \/>\n<link rel=\"canonical\" href=\"https:\/\/hudo.com\/si\/aktualno\/svedski-model-se-je-obestoval-trenutno-edina-drzava-v-eu-ki-od-poletja-v-tedenskem-povprecju-belezi-upad-novih-okuzb-z-novim-koronavirusom\/\" \/>\n<meta property=\"og:locale\" content=\"sl_SI\" \/>\n<meta property=\"og:type\" content=\"article\" \/>\n<meta property=\"og:title\" content=\"\u0160vedskI model se je obrestoval: Trenutno edina dr\u017eava v EU, ki od poletja v tedenskem povpre\u010dju bele\u017ei upad novih oku\u017eb z novim koronavirusom - Hudo Slovenija\" \/>\n<meta property=\"og:description\" content=\"Medtem ko je imela junija \u0161e 67,4 primera na 100.000 prebivalcev, jih ima sedaj 14,3, poro\u010da avstrijska tiskovna agencija APA.\" \/>\n<meta property=\"og:url\" content=\"https:\/\/hudo.com\/si\/aktualno\/svedski-model-se-je-obestoval-trenutno-edina-drzava-v-eu-ki-od-poletja-v-tedenskem-povprecju-belezi-upad-novih-okuzb-z-novim-koronavirusom\/\" \/>\n<meta property=\"og:site_name\" content=\"Hudo Slovenija\" \/>\n<meta property=\"article:publisher\" content=\"https:\/\/www.facebook.com\/hudo.si\" \/>\n<meta property=\"article:published_time\" content=\"2020-09-19T14:43:43+00:00\" \/>\n<meta property=\"article:modified_time\" content=\"2020-09-19T15:03:13+00:00\" \/>\n<meta property=\"og:image\" content=\"https:\/\/hudo.com\/si\/wp-content\/uploads\/sites\/2\/2018\/11\/profimedia-0001809666.jpg\" \/>\n\t<meta property=\"og:image:width\" content=\"1250\" \/>\n\t<meta property=\"og:image:height\" content=\"953\" \/>\n\t<meta property=\"og:image:type\" content=\"image\/jpeg\" \/>\n<meta name=\"author\" content=\"M. N., STA\" \/>\n<meta name=\"twitter:card\" content=\"summary_large_image\" \/>\n<meta name=\"twitter:creator\" content=\"@hudo_si\" \/>\n<meta name=\"twitter:site\" content=\"@hudo_si\" \/>\n<meta name=\"twitter:label1\" content=\"Written by\" \/>\n\t<meta name=\"twitter:data1\" content=\"M. N., STA\" \/>\n\t<meta name=\"twitter:label2\" content=\"Est. reading time\" \/>\n\t<meta name=\"twitter:data2\" content=\"1 minuta\" \/>\n<script type=\"application\/ld+json\" class=\"yoast-schema-graph\">{\"@context\":\"https:\/\/schema.org\",\"@graph\":[{\"@type\":\"Article\",\"@id\":\"https:\/\/hudo.com\/si\/aktualno\/svedski-model-se-je-obestoval-trenutno-edina-drzava-v-eu-ki-od-poletja-v-tedenskem-povprecju-belezi-upad-novih-okuzb-z-novim-koronavirusom\/#article\",\"isPartOf\":{\"@id\":\"https:\/\/hudo.com\/si\/aktualno\/svedski-model-se-je-obestoval-trenutno-edina-drzava-v-eu-ki-od-poletja-v-tedenskem-povprecju-belezi-upad-novih-okuzb-z-novim-koronavirusom\/\"},\"author\":{\"name\":\"M. N., STA\",\"@id\":\"https:\/\/hudo.com\/si\/#\/schema\/person\/c2f10ce65d2e6ede2aeda5be2a0611fa\"},\"headline\":\"\u0160vedskI model se je obrestoval: Trenutno edina dr\u017eava v EU, ki od poletja v tedenskem povpre\u010dju bele\u017ei upad novih oku\u017eb z novim koronavirusom\",\"datePublished\":\"2020-09-19T14:43:43+00:00\",\"dateModified\":\"2020-09-19T15:03:13+00:00\",\"mainEntityOfPage\":{\"@id\":\"https:\/\/hudo.com\/si\/aktualno\/svedski-model-se-je-obestoval-trenutno-edina-drzava-v-eu-ki-od-poletja-v-tedenskem-povprecju-belezi-upad-novih-okuzb-z-novim-koronavirusom\/\"},\"wordCount\":318,\"publisher\":{\"@id\":\"https:\/\/hudo.com\/si\/#organization\"},\"keywords\":[\"koronavirus\",\"\u0160vedska\"],\"articleSection\":[\"Aktualno\"],\"inLanguage\":\"sl-SI\"},{\"@type\":\"WebPage\",\"@id\":\"https:\/\/hudo.com\/si\/aktualno\/svedski-model-se-je-obestoval-trenutno-edina-drzava-v-eu-ki-od-poletja-v-tedenskem-povprecju-belezi-upad-novih-okuzb-z-novim-koronavirusom\/\",\"url\":\"https:\/\/hudo.com\/si\/aktualno\/svedski-model-se-je-obestoval-trenutno-edina-drzava-v-eu-ki-od-poletja-v-tedenskem-povprecju-belezi-upad-novih-okuzb-z-novim-koronavirusom\/\",\"name\":\"\u0160vedskI model se je obrestoval: Trenutno edina dr\u017eava v EU, ki od poletja v tedenskem povpre\u010dju bele\u017ei upad novih oku\u017eb z novim koronavirusom - Hudo Slovenija\",\"isPartOf\":{\"@id\":\"https:\/\/hudo.com\/si\/#website\"},\"datePublished\":\"2020-09-19T14:43:43+00:00\",\"dateModified\":\"2020-09-19T15:03:13+00:00\",\"breadcrumb\":{\"@id\":\"https:\/\/hudo.com\/si\/aktualno\/svedski-model-se-je-obestoval-trenutno-edina-drzava-v-eu-ki-od-poletja-v-tedenskem-povprecju-belezi-upad-novih-okuzb-z-novim-koronavirusom\/#breadcrumb\"},\"inLanguage\":\"sl-SI\",\"potentialAction\":[{\"@type\":\"ReadAction\",\"target\":[\"https:\/\/hudo.com\/si\/aktualno\/svedski-model-se-je-obestoval-trenutno-edina-drzava-v-eu-ki-od-poletja-v-tedenskem-povprecju-belezi-upad-novih-okuzb-z-novim-koronavirusom\/\"]}]},{\"@type\":\"BreadcrumbList\",\"@id\":\"https:\/\/hudo.com\/si\/aktualno\/svedski-model-se-je-obestoval-trenutno-edina-drzava-v-eu-ki-od-poletja-v-tedenskem-povprecju-belezi-upad-novih-okuzb-z-novim-koronavirusom\/#breadcrumb\",\"itemListElement\":[{\"@type\":\"ListItem\",\"position\":1,\"name\":\"Home\",\"item\":\"https:\/\/hudo.com\/si\/\"},{\"@type\":\"ListItem\",\"position\":2,\"name\":\"\u0160vedskI model se je obrestoval: Trenutno edina dr\u017eava v EU, ki od poletja v tedenskem povpre\u010dju bele\u017ei upad novih oku\u017eb z novim koronavirusom\"}]},{\"@type\":\"WebSite\",\"@id\":\"https:\/\/hudo.com\/si\/#website\",\"url\":\"https:\/\/hudo.com\/si\/\",\"name\":\"Hudo Slovenija\",\"description\":\"Vse novice iz Slovenije in sveta\",\"publisher\":{\"@id\":\"https:\/\/hudo.com\/si\/#organization\"},\"potentialAction\":[{\"@type\":\"SearchAction\",\"target\":{\"@type\":\"EntryPoint\",\"urlTemplate\":\"https:\/\/hudo.com\/si\/?s={search_term_string}\"},\"query-input\":\"required name=search_term_string\"}],\"inLanguage\":\"sl-SI\"},{\"@type\":\"Organization\",\"@id\":\"https:\/\/hudo.com\/si\/#organization\",\"name\":\"VSN Media\",\"url\":\"https:\/\/hudo.com\/si\/\",\"logo\":{\"@type\":\"ImageObject\",\"inLanguage\":\"sl-SI\",\"@id\":\"https:\/\/hudo.com\/si\/#\/schema\/logo\/image\/\",\"url\":\"https:\/\/hudo.com\/si\/wp-content\/uploads\/sites\/2\/2021\/03\/hudo-app-2.png\",\"contentUrl\":\"https:\/\/hudo.com\/si\/wp-content\/uploads\/sites\/2\/2021\/03\/hudo-app-2.png\",\"width\":2185,\"height\":2167,\"caption\":\"VSN Media\"},\"image\":{\"@id\":\"https:\/\/hudo.com\/si\/#\/schema\/logo\/image\/\"},\"sameAs\":[\"https:\/\/www.facebook.com\/hudo.si\",\"https:\/\/twitter.com\/hudo_si\"]},{\"@type\":\"Person\",\"@id\":\"https:\/\/hudo.com\/si\/#\/schema\/person\/c2f10ce65d2e6ede2aeda5be2a0611fa\",\"name\":\"M. N., STA\",\"image\":{\"@type\":\"ImageObject\",\"inLanguage\":\"sl-SI\",\"@id\":\"https:\/\/hudo.com\/si\/#\/schema\/person\/image\/\",\"url\":\"https:\/\/secure.gravatar.com\/avatar\/f370d38daa10467f755c5c766a4cac20?s=96&d=mm&r=g\",\"contentUrl\":\"https:\/\/secure.gravatar.com\/avatar\/f370d38daa10467f755c5c766a4cac20?s=96&d=mm&r=g\",\"caption\":\"M. N., STA\"},\"url\":\"https:\/\/hudo.com\/si\/author\/mana\/\"}]}<\/script>\n<!-- \/ Yoast SEO plugin. -->","yoast_head_json":{"title":"\u0160vedskI model se je obrestoval: Trenutno edina dr\u017eava v EU, ki od poletja v tedenskem povpre\u010dju bele\u017ei upad novih oku\u017eb z novim koronavirusom - Hudo Slovenija","robots":{"index":"index","follow":"follow","max-snippet":"max-snippet:-1","max-image-preview":"max-image-preview:large","max-video-preview":"max-video-preview:-1"},"canonical":"https:\/\/hudo.com\/si\/aktualno\/svedski-model-se-je-obestoval-trenutno-edina-drzava-v-eu-ki-od-poletja-v-tedenskem-povprecju-belezi-upad-novih-okuzb-z-novim-koronavirusom\/","og_locale":"sl_SI","og_type":"article","og_title":"\u0160vedskI model se je obrestoval: Trenutno edina dr\u017eava v EU, ki od poletja v tedenskem povpre\u010dju bele\u017ei upad novih oku\u017eb z novim koronavirusom - Hudo Slovenija","og_description":"Medtem ko je imela junija \u0161e 67,4 primera na 100.000 prebivalcev, jih ima sedaj 14,3, poro\u010da avstrijska tiskovna agencija APA.","og_url":"https:\/\/hudo.com\/si\/aktualno\/svedski-model-se-je-obestoval-trenutno-edina-drzava-v-eu-ki-od-poletja-v-tedenskem-povprecju-belezi-upad-novih-okuzb-z-novim-koronavirusom\/","og_site_name":"Hudo Slovenija","article_publisher":"https:\/\/www.facebook.com\/hudo.si","article_published_time":"2020-09-19T14:43:43+00:00","article_modified_time":"2020-09-19T15:03:13+00:00","og_image":[{"width":1250,"height":953,"url":"https:\/\/hudo.com\/si\/wp-content\/uploads\/sites\/2\/2018\/11\/profimedia-0001809666.jpg","type":"image\/jpeg"}],"author":"M. N., STA","twitter_card":"summary_large_image","twitter_creator":"@hudo_si","twitter_site":"@hudo_si","twitter_misc":{"Written by":"M. N., STA","Est. reading time":"1 minuta"},"schema":{"@context":"https:\/\/schema.org","@graph":[{"@type":"Article","@id":"https:\/\/hudo.com\/si\/aktualno\/svedski-model-se-je-obestoval-trenutno-edina-drzava-v-eu-ki-od-poletja-v-tedenskem-povprecju-belezi-upad-novih-okuzb-z-novim-koronavirusom\/#article","isPartOf":{"@id":"https:\/\/hudo.com\/si\/aktualno\/svedski-model-se-je-obestoval-trenutno-edina-drzava-v-eu-ki-od-poletja-v-tedenskem-povprecju-belezi-upad-novih-okuzb-z-novim-koronavirusom\/"},"author":{"name":"M. N., STA","@id":"https:\/\/hudo.com\/si\/#\/schema\/person\/c2f10ce65d2e6ede2aeda5be2a0611fa"},"headline":"\u0160vedskI model se je obrestoval: Trenutno edina dr\u017eava v EU, ki od poletja v tedenskem povpre\u010dju bele\u017ei upad novih oku\u017eb z novim koronavirusom","datePublished":"2020-09-19T14:43:43+00:00","dateModified":"2020-09-19T15:03:13+00:00","mainEntityOfPage":{"@id":"https:\/\/hudo.com\/si\/aktualno\/svedski-model-se-je-obestoval-trenutno-edina-drzava-v-eu-ki-od-poletja-v-tedenskem-povprecju-belezi-upad-novih-okuzb-z-novim-koronavirusom\/"},"wordCount":318,"publisher":{"@id":"https:\/\/hudo.com\/si\/#organization"},"keywords":["koronavirus","\u0160vedska"],"articleSection":["Aktualno"],"inLanguage":"sl-SI"},{"@type":"WebPage","@id":"https:\/\/hudo.com\/si\/aktualno\/svedski-model-se-je-obestoval-trenutno-edina-drzava-v-eu-ki-od-poletja-v-tedenskem-povprecju-belezi-upad-novih-okuzb-z-novim-koronavirusom\/","url":"https:\/\/hudo.com\/si\/aktualno\/svedski-model-se-je-obestoval-trenutno-edina-drzava-v-eu-ki-od-poletja-v-tedenskem-povprecju-belezi-upad-novih-okuzb-z-novim-koronavirusom\/","name":"\u0160vedskI model se je obrestoval: Trenutno edina dr\u017eava v EU, ki od poletja v tedenskem povpre\u010dju bele\u017ei upad novih oku\u017eb z novim koronavirusom - Hudo Slovenija","isPartOf":{"@id":"https:\/\/hudo.com\/si\/#website"},"datePublished":"2020-09-19T14:43:43+00:00","dateModified":"2020-09-19T15:03:13+00:00","breadcrumb":{"@id":"https:\/\/hudo.com\/si\/aktualno\/svedski-model-se-je-obestoval-trenutno-edina-drzava-v-eu-ki-od-poletja-v-tedenskem-povprecju-belezi-upad-novih-okuzb-z-novim-koronavirusom\/#breadcrumb"},"inLanguage":"sl-SI","potentialAction":[{"@type":"ReadAction","target":["https:\/\/hudo.com\/si\/aktualno\/svedski-model-se-je-obestoval-trenutno-edina-drzava-v-eu-ki-od-poletja-v-tedenskem-povprecju-belezi-upad-novih-okuzb-z-novim-koronavirusom\/"]}]},{"@type":"BreadcrumbList","@id":"https:\/\/hudo.com\/si\/aktualno\/svedski-model-se-je-obestoval-trenutno-edina-drzava-v-eu-ki-od-poletja-v-tedenskem-povprecju-belezi-upad-novih-okuzb-z-novim-koronavirusom\/#breadcrumb","itemListElement":[{"@type":"ListItem","position":1,"name":"Home","item":"https:\/\/hudo.com\/si\/"},{"@type":"ListItem","position":2,"name":"\u0160vedskI model se je obrestoval: Trenutno edina dr\u017eava v EU, ki od poletja v tedenskem povpre\u010dju bele\u017ei upad novih oku\u017eb z novim koronavirusom"}]},{"@type":"WebSite","@id":"https:\/\/hudo.com\/si\/#website","url":"https:\/\/hudo.com\/si\/","name":"Hudo Slovenija","description":"Vse novice iz Slovenije in sveta","publisher":{"@id":"https:\/\/hudo.com\/si\/#organization"},"potentialAction":[{"@type":"SearchAction","target":{"@type":"EntryPoint","urlTemplate":"https:\/\/hudo.com\/si\/?s={search_term_string}"},"query-input":"required name=search_term_string"}],"inLanguage":"sl-SI"},{"@type":"Organization","@id":"https:\/\/hudo.com\/si\/#organization","name":"VSN Media","url":"https:\/\/hudo.com\/si\/","logo":{"@type":"ImageObject","inLanguage":"sl-SI","@id":"https:\/\/hudo.com\/si\/#\/schema\/logo\/image\/","url":"https:\/\/hudo.com\/si\/wp-content\/uploads\/sites\/2\/2021\/03\/hudo-app-2.png","contentUrl":"https:\/\/hudo.com\/si\/wp-content\/uploads\/sites\/2\/2021\/03\/hudo-app-2.png","width":2185,"height":2167,"caption":"VSN Media"},"image":{"@id":"https:\/\/hudo.com\/si\/#\/schema\/logo\/image\/"},"sameAs":["https:\/\/www.facebook.com\/hudo.si","https:\/\/twitter.com\/hudo_si"]},{"@type":"Person","@id":"https:\/\/hudo.com\/si\/#\/schema\/person\/c2f10ce65d2e6ede2aeda5be2a0611fa","name":"M. N., STA","image":{"@type":"ImageObject","inLanguage":"sl-SI","@id":"https:\/\/hudo.com\/si\/#\/schema\/person\/image\/","url":"https:\/\/secure.gravatar.com\/avatar\/f370d38daa10467f755c5c766a4cac20?s=96&d=mm&r=g","contentUrl":"https:\/\/secure.gravatar.com\/avatar\/f370d38daa10467f755c5c766a4cac20?s=96&d=mm&r=g","caption":"M. N., STA"},"url":"https:\/\/hudo.com\/si\/author\/mana\/"}]}},"amp_enabled":true,"_links":{"self":[{"href":"https:\/\/hudo.com\/si\/wp-json\/wp\/v2\/posts\/433307"}],"collection":[{"href":"https:\/\/hudo.com\/si\/wp-json\/wp\/v2\/posts"}],"about":[{"href":"https:\/\/hudo.com\/si\/wp-json\/wp\/v2\/types\/post"}],"author":[{"embeddable":true,"href":"https:\/\/hudo.com\/si\/wp-json\/wp\/v2\/users\/8"}],"replies":[{"embeddable":true,"href":"https:\/\/hudo.com\/si\/wp-json\/wp\/v2\/comments?post=433307"}],"version-history":[{"count":2,"href":"https:\/\/hudo.com\/si\/wp-json\/wp\/v2\/posts\/433307\/revisions"}],"predecessor-version":[{"id":433309,"href":"https:\/\/hudo.com\/si\/wp-json\/wp\/v2\/posts\/433307\/revisions\/433309"}],"wp:featuredmedia":[{"embeddable":true,"href":"https:\/\/hudo.com\/si\/wp-json\/wp\/v2\/media\/380971"}],"wp:attachment":[{"href":"https:\/\/hudo.com\/si\/wp-json\/wp\/v2\/media?parent=433307"}],"wp:term":[{"taxonomy":"category","embeddable":true,"href":"https:\/\/hudo.com\/si\/wp-json\/wp\/v2\/categories?post=433307"},{"taxonomy":"post_tag","embeddable":true,"href":"https:\/\/hudo.com\/si\/wp-json\/wp\/v2\/tags?post=433307"},{"taxonomy":"source","embeddable":true,"href":"https:\/\/hudo.com\/si\/wp-json\/wp\/v2\/source?post=433307"},{"taxonomy":"supertag","embeddable":true,"href":"https:\/\/hudo.com\/si\/wp-json\/wp\/v2\/supertag?post=433307"}],"curies":[{"name":"wp","href":"https:\/\/api.w.org\/{rel}","templated":true}]}}