{"id":433312,"date":"2020-09-19T18:08:18","date_gmt":"2020-09-19T16:08:18","guid":{"rendered":"http:\/\/hudo.com\/si\/?p=433312"},"modified":"2020-09-19T18:47:39","modified_gmt":"2020-09-19T16:47:39","slug":"uspelo-mu-je-neverjetno-tadej-pogacar-zmagovalec-letosnje-dirke-po-franciji","status":"publish","type":"post","link":"https:\/\/hudo.com\/si\/aktualno\/uspelo-mu-je-neverjetno-tadej-pogacar-zmagovalec-letosnje-dirke-po-franciji\/","title":{"rendered":"Uspelo mu je neverjetno: Tadej Poga\u010dar zmagovalec leto\u0161nje dirke po Franciji"},"content":{"rendered":"<p>&#8220;Ne vem, kaj naj re\u010dem. Zdi se mi, da sanjam. Ne vem, kdaj bom to dojel. Res sem ponosen na svojo ekipo. Vsi skupaj smo to sanjali do za\u010detka,&#8221; je takoj po dirki povedal Poga\u010dar in \u0161e dodal: &#8220;Moje otro\u0161ke sanje so bile, da bom enkrat vozil na dirki po Franciji, sedaj pa sem tukaj.&#8221;<\/p>\n<p>Enaindvajsetletni Poga\u010dar je s prepri\u010dljivo etapno zmago, tretjo na leto\u0161njem Touru, spisal tudi eno najve\u010djih \u0161portnih zgodb v Sloveniji. Poga\u010dar je postal drugi najmlaj\u0161i zmagovalec dirke po Franciji, Primo\u017e Rogli\u010d je po petem mestu na kronometru zdrsnil na skupno drugo mesto.<\/p>\n<p>Po lanski Vuelti je bil Rogli\u010d (Jumbo-Visma) pred svojo \u0161e drugo veliko tritedensko preizku\u0161njo zapovrstjo, a je imel Poga\u010dar druga\u010dne na\u010drte. Slednji je od samega za\u010detka vrtel pedala na vso mo\u010d in skozi celotno traso pridobival proti starej\u0161emu rojaku.<\/p>\n<p>Slednji sicer ni odpeljal slabega kronometra, kon\u010dal ga je na petem mestu, toda danes je bil Poga\u010dar enostavno premo\u010dan. Na vzponu, dolgem 5,9 kilometra s povpre\u010dnim naklonom 8,5 odstotka, je Poga\u010dar Rogli\u010du vzel kar minuto in 19 sekund. Eno sekundo je zaostajal tudi za vodilnim na drugem vmesnem \u010dasu Tomom Dumoulinom (Jumbo-Visma), a je tudi odli\u010dnega Nizozemca, svetovnega prvaka v kronometru, pustil za seboj. Kot vse ostale.<\/p>\n<p>Na koncu etape je imel 21-letnik s Klanca pri Komendi minuto in 21 sekund prednosti pred drugouvr\u0161\u010denim Dumoulinom, z istim zaostankom je tretje mesto osvojil Avstralec Richie Porte, ki je v skupnem se\u0161tevku napredoval na tretje mesto. Rogli\u010d je za Poga\u010darjem v skupnem se\u0161tevku zaostal 59 sekund.<\/p>\n<p>Rogli\u010d je kronometer od Lura do Planche des Belles Fillesa (36,2 km) za\u010del natanko ob 17.14, v prvem delu trase pa je bil 13 sekund za Poga\u010darjem, ki je na stezi krenil na vse ali ni\u010d. \u0160e pred drugim vmesnim \u010dasom je 21-letnik prehitel Miguela Angela Lopeza, ki je startal dve minuti pred njim in \u0161e povi\u0161al prednost pred rojakom, medtem ko je lovil tudi Dumoulina.<\/p>\n<p>Vzpon je nato odlo\u010dil zmagovalca tako v etapi kot na dirki po Franciji, poleg rumene majice pa je Poga\u010dar s sijajnim vzponom vzel tudi pik\u010dasto majico najbolj\u0161ega hribolazca, ki je bila v lasti lanskega zmagovalca Gira, Ekvadorca Richarda Carapaza. Ta je na ravnem delu kalkuliral, se pripravljal samo na vzpon, a tudi tam ga je Poga\u010dar, ki je na valu adrenalina jezdil proti Planche des Belles Fillesu, zanesljivo prehitel z rekordnim \u010dasom vzpona 16:10, s \u010dimer je bil hitrej\u0161i tudi od svojega mo\u0161tvenega kolega Fabia Aruja (16:12).<\/p>\n<p>Poleg rumene in pik\u010daste je pri starosti 21 let in 363 dni jasno vzel tudi belo za najbolj\u0161ega mladega kolesarja. Najbolj\u0161i na dirki po Franciji je na koncu vzel tri od \u0161tirih majic.<\/p>\n<p>V nedeljo bo na sporedu le \u0161e formalnost in etapa po Parizu, kjer se bodo za etapo udarili sprinterji.<\/p>\n<p>Dva Slovenca na prvem in drugem mestu Tour de France je neverjeten uspeh za na\u0161o malo dr\u017eavo in lahko smo izjemno ponosni na na\u0161a fanta!<\/p>\n","protected":false},"excerpt":{"rendered":"<p>Primo\u017e Rogli\u010d premagan. 21-letnemu Tadeju Poga\u010darju je uspelo ne le nadonaditi minuto, ampak na koncu zmagati na leto\u0161nji dirki po Franciji.  Tak\u0161nega bolja za rumeno majico v zaklju\u010dnih kilometrov \u017ee dolgo nismo videli in Poga\u010darju je uspelo nekaj neverjetnega. Njegov borbeni duh je bil brez primere! <\/p>\n","protected":false},"author":8,"featured_media":433313,"comment_status":"closed","ping_status":"closed","sticky":false,"template":"","format":"standard","meta":{"footnotes":""},"categories":[1179],"tags":[4197,7981,1595,13710],"source":[4511],"supertag":[5675],"acf":[],"yoast_head":"<!-- This site is optimized with the Yoast SEO plugin v21.3 - https:\/\/yoast.com\/wordpress\/plugins\/seo\/ -->\n<title>Uspelo mu je neverjetno: Tadej Poga\u010dar zmagovalec leto\u0161nje dirke po Franciji - Hudo Slovenija<\/title>\n<meta name=\"robots\" content=\"index, follow, max-snippet:-1, max-image-preview:large, max-video-preview:-1\" \/>\n<link rel=\"canonical\" href=\"https:\/\/hudo.com\/si\/aktualno\/uspelo-mu-je-neverjetno-tadej-pogacar-zmagovalec-letosnje-dirke-po-franciji\/\" \/>\n<meta property=\"og:locale\" content=\"sl_SI\" \/>\n<meta property=\"og:type\" content=\"article\" \/>\n<meta property=\"og:title\" content=\"Uspelo mu je neverjetno: Tadej Poga\u010dar zmagovalec leto\u0161nje dirke po Franciji - Hudo Slovenija\" \/>\n<meta property=\"og:description\" content=\"Primo\u017e Rogli\u010d premagan. 21-letnemu Tadeju Poga\u010darju je uspelo ne le nadonaditi minuto, ampak na koncu zmagati na leto\u0161nji dirki po Franciji. Tak\u0161nega bolja za rumeno majico v zaklju\u010dnih kilometrov \u017ee dolgo nismo videli in Poga\u010darju je uspelo nekaj neverjetnega. Njegov borbeni duh je bil brez primere!\" \/>\n<meta property=\"og:url\" content=\"https:\/\/hudo.com\/si\/aktualno\/uspelo-mu-je-neverjetno-tadej-pogacar-zmagovalec-letosnje-dirke-po-franciji\/\" \/>\n<meta property=\"og:site_name\" content=\"Hudo Slovenija\" \/>\n<meta property=\"article:publisher\" content=\"https:\/\/www.facebook.com\/hudo.si\" \/>\n<meta property=\"article:published_time\" content=\"2020-09-19T16:08:18+00:00\" \/>\n<meta property=\"article:modified_time\" content=\"2020-09-19T16:47:39+00:00\" \/>\n<meta property=\"og:image\" content=\"https:\/\/hudo.com\/si\/wp-content\/uploads\/sites\/2\/2020\/09\/profimedia-0558598550.jpg\" \/>\n\t<meta property=\"og:image:width\" content=\"1250\" \/>\n\t<meta property=\"og:image:height\" content=\"832\" \/>\n\t<meta property=\"og:image:type\" content=\"image\/jpeg\" \/>\n<meta name=\"author\" content=\"M. N., STA\" \/>\n<meta name=\"twitter:card\" content=\"summary_large_image\" \/>\n<meta name=\"twitter:creator\" content=\"@hudo_si\" \/>\n<meta name=\"twitter:site\" content=\"@hudo_si\" \/>\n<meta name=\"twitter:label1\" content=\"Written by\" \/>\n\t<meta name=\"twitter:data1\" content=\"M. N., STA\" \/>\n\t<meta name=\"twitter:label2\" content=\"Est. reading time\" \/>\n\t<meta name=\"twitter:data2\" content=\"3 minute\" \/>\n<script type=\"application\/ld+json\" class=\"yoast-schema-graph\">{\"@context\":\"https:\/\/schema.org\",\"@graph\":[{\"@type\":\"Article\",\"@id\":\"https:\/\/hudo.com\/si\/aktualno\/uspelo-mu-je-neverjetno-tadej-pogacar-zmagovalec-letosnje-dirke-po-franciji\/#article\",\"isPartOf\":{\"@id\":\"https:\/\/hudo.com\/si\/aktualno\/uspelo-mu-je-neverjetno-tadej-pogacar-zmagovalec-letosnje-dirke-po-franciji\/\"},\"author\":{\"name\":\"M. N., STA\",\"@id\":\"https:\/\/hudo.com\/si\/#\/schema\/person\/c2f10ce65d2e6ede2aeda5be2a0611fa\"},\"headline\":\"Uspelo mu je neverjetno: Tadej Poga\u010dar zmagovalec leto\u0161nje dirke po Franciji\",\"datePublished\":\"2020-09-19T16:08:18+00:00\",\"dateModified\":\"2020-09-19T16:47:39+00:00\",\"mainEntityOfPage\":{\"@id\":\"https:\/\/hudo.com\/si\/aktualno\/uspelo-mu-je-neverjetno-tadej-pogacar-zmagovalec-letosnje-dirke-po-franciji\/\"},\"wordCount\":523,\"publisher\":{\"@id\":\"https:\/\/hudo.com\/si\/#organization\"},\"keywords\":[\"kolesarstvo\",\"Primo\u017e Rogli\u010d\",\"Slovenija\",\"Tadej Poga\u010dar\"],\"articleSection\":[\"Aktualno\"],\"inLanguage\":\"sl-SI\"},{\"@type\":\"WebPage\",\"@id\":\"https:\/\/hudo.com\/si\/aktualno\/uspelo-mu-je-neverjetno-tadej-pogacar-zmagovalec-letosnje-dirke-po-franciji\/\",\"url\":\"https:\/\/hudo.com\/si\/aktualno\/uspelo-mu-je-neverjetno-tadej-pogacar-zmagovalec-letosnje-dirke-po-franciji\/\",\"name\":\"Uspelo mu je neverjetno: Tadej Poga\u010dar zmagovalec leto\u0161nje dirke po Franciji - Hudo Slovenija\",\"isPartOf\":{\"@id\":\"https:\/\/hudo.com\/si\/#website\"},\"datePublished\":\"2020-09-19T16:08:18+00:00\",\"dateModified\":\"2020-09-19T16:47:39+00:00\",\"breadcrumb\":{\"@id\":\"https:\/\/hudo.com\/si\/aktualno\/uspelo-mu-je-neverjetno-tadej-pogacar-zmagovalec-letosnje-dirke-po-franciji\/#breadcrumb\"},\"inLanguage\":\"sl-SI\",\"potentialAction\":[{\"@type\":\"ReadAction\",\"target\":[\"https:\/\/hudo.com\/si\/aktualno\/uspelo-mu-je-neverjetno-tadej-pogacar-zmagovalec-letosnje-dirke-po-franciji\/\"]}]},{\"@type\":\"BreadcrumbList\",\"@id\":\"https:\/\/hudo.com\/si\/aktualno\/uspelo-mu-je-neverjetno-tadej-pogacar-zmagovalec-letosnje-dirke-po-franciji\/#breadcrumb\",\"itemListElement\":[{\"@type\":\"ListItem\",\"position\":1,\"name\":\"Home\",\"item\":\"https:\/\/hudo.com\/si\/\"},{\"@type\":\"ListItem\",\"position\":2,\"name\":\"Uspelo mu je neverjetno: Tadej Poga\u010dar zmagovalec leto\u0161nje dirke po Franciji\"}]},{\"@type\":\"WebSite\",\"@id\":\"https:\/\/hudo.com\/si\/#website\",\"url\":\"https:\/\/hudo.com\/si\/\",\"name\":\"Hudo Slovenija\",\"description\":\"Vse novice iz Slovenije in sveta\",\"publisher\":{\"@id\":\"https:\/\/hudo.com\/si\/#organization\"},\"potentialAction\":[{\"@type\":\"SearchAction\",\"target\":{\"@type\":\"EntryPoint\",\"urlTemplate\":\"https:\/\/hudo.com\/si\/?s={search_term_string}\"},\"query-input\":\"required name=search_term_string\"}],\"inLanguage\":\"sl-SI\"},{\"@type\":\"Organization\",\"@id\":\"https:\/\/hudo.com\/si\/#organization\",\"name\":\"VSN Media\",\"url\":\"https:\/\/hudo.com\/si\/\",\"logo\":{\"@type\":\"ImageObject\",\"inLanguage\":\"sl-SI\",\"@id\":\"https:\/\/hudo.com\/si\/#\/schema\/logo\/image\/\",\"url\":\"https:\/\/hudo.com\/si\/wp-content\/uploads\/sites\/2\/2021\/03\/hudo-app-2.png\",\"contentUrl\":\"https:\/\/hudo.com\/si\/wp-content\/uploads\/sites\/2\/2021\/03\/hudo-app-2.png\",\"width\":2185,\"height\":2167,\"caption\":\"VSN Media\"},\"image\":{\"@id\":\"https:\/\/hudo.com\/si\/#\/schema\/logo\/image\/\"},\"sameAs\":[\"https:\/\/www.facebook.com\/hudo.si\",\"https:\/\/twitter.com\/hudo_si\"]},{\"@type\":\"Person\",\"@id\":\"https:\/\/hudo.com\/si\/#\/schema\/person\/c2f10ce65d2e6ede2aeda5be2a0611fa\",\"name\":\"M. N., STA\",\"image\":{\"@type\":\"ImageObject\",\"inLanguage\":\"sl-SI\",\"@id\":\"https:\/\/hudo.com\/si\/#\/schema\/person\/image\/\",\"url\":\"https:\/\/secure.gravatar.com\/avatar\/f370d38daa10467f755c5c766a4cac20?s=96&d=mm&r=g\",\"contentUrl\":\"https:\/\/secure.gravatar.com\/avatar\/f370d38daa10467f755c5c766a4cac20?s=96&d=mm&r=g\",\"caption\":\"M. N., STA\"},\"url\":\"https:\/\/hudo.com\/si\/author\/mana\/\"}]}<\/script>\n<!-- \/ Yoast SEO plugin. -->","yoast_head_json":{"title":"Uspelo mu je neverjetno: Tadej Poga\u010dar zmagovalec leto\u0161nje dirke po Franciji - Hudo Slovenija","robots":{"index":"index","follow":"follow","max-snippet":"max-snippet:-1","max-image-preview":"max-image-preview:large","max-video-preview":"max-video-preview:-1"},"canonical":"https:\/\/hudo.com\/si\/aktualno\/uspelo-mu-je-neverjetno-tadej-pogacar-zmagovalec-letosnje-dirke-po-franciji\/","og_locale":"sl_SI","og_type":"article","og_title":"Uspelo mu je neverjetno: Tadej Poga\u010dar zmagovalec leto\u0161nje dirke po Franciji - Hudo Slovenija","og_description":"Primo\u017e Rogli\u010d premagan. 21-letnemu Tadeju Poga\u010darju je uspelo ne le nadonaditi minuto, ampak na koncu zmagati na leto\u0161nji dirki po Franciji. Tak\u0161nega bolja za rumeno majico v zaklju\u010dnih kilometrov \u017ee dolgo nismo videli in Poga\u010darju je uspelo nekaj neverjetnega. Njegov borbeni duh je bil brez primere!","og_url":"https:\/\/hudo.com\/si\/aktualno\/uspelo-mu-je-neverjetno-tadej-pogacar-zmagovalec-letosnje-dirke-po-franciji\/","og_site_name":"Hudo Slovenija","article_publisher":"https:\/\/www.facebook.com\/hudo.si","article_published_time":"2020-09-19T16:08:18+00:00","article_modified_time":"2020-09-19T16:47:39+00:00","og_image":[{"width":1250,"height":832,"url":"https:\/\/hudo.com\/si\/wp-content\/uploads\/sites\/2\/2020\/09\/profimedia-0558598550.jpg","type":"image\/jpeg"}],"author":"M. N., STA","twitter_card":"summary_large_image","twitter_creator":"@hudo_si","twitter_site":"@hudo_si","twitter_misc":{"Written by":"M. N., STA","Est. reading time":"3 minute"},"schema":{"@context":"https:\/\/schema.org","@graph":[{"@type":"Article","@id":"https:\/\/hudo.com\/si\/aktualno\/uspelo-mu-je-neverjetno-tadej-pogacar-zmagovalec-letosnje-dirke-po-franciji\/#article","isPartOf":{"@id":"https:\/\/hudo.com\/si\/aktualno\/uspelo-mu-je-neverjetno-tadej-pogacar-zmagovalec-letosnje-dirke-po-franciji\/"},"author":{"name":"M. N., STA","@id":"https:\/\/hudo.com\/si\/#\/schema\/person\/c2f10ce65d2e6ede2aeda5be2a0611fa"},"headline":"Uspelo mu je neverjetno: Tadej Poga\u010dar zmagovalec leto\u0161nje dirke po Franciji","datePublished":"2020-09-19T16:08:18+00:00","dateModified":"2020-09-19T16:47:39+00:00","mainEntityOfPage":{"@id":"https:\/\/hudo.com\/si\/aktualno\/uspelo-mu-je-neverjetno-tadej-pogacar-zmagovalec-letosnje-dirke-po-franciji\/"},"wordCount":523,"publisher":{"@id":"https:\/\/hudo.com\/si\/#organization"},"keywords":["kolesarstvo","Primo\u017e Rogli\u010d","Slovenija","Tadej Poga\u010dar"],"articleSection":["Aktualno"],"inLanguage":"sl-SI"},{"@type":"WebPage","@id":"https:\/\/hudo.com\/si\/aktualno\/uspelo-mu-je-neverjetno-tadej-pogacar-zmagovalec-letosnje-dirke-po-franciji\/","url":"https:\/\/hudo.com\/si\/aktualno\/uspelo-mu-je-neverjetno-tadej-pogacar-zmagovalec-letosnje-dirke-po-franciji\/","name":"Uspelo mu je neverjetno: Tadej Poga\u010dar zmagovalec leto\u0161nje dirke po Franciji - Hudo Slovenija","isPartOf":{"@id":"https:\/\/hudo.com\/si\/#website"},"datePublished":"2020-09-19T16:08:18+00:00","dateModified":"2020-09-19T16:47:39+00:00","breadcrumb":{"@id":"https:\/\/hudo.com\/si\/aktualno\/uspelo-mu-je-neverjetno-tadej-pogacar-zmagovalec-letosnje-dirke-po-franciji\/#breadcrumb"},"inLanguage":"sl-SI","potentialAction":[{"@type":"ReadAction","target":["https:\/\/hudo.com\/si\/aktualno\/uspelo-mu-je-neverjetno-tadej-pogacar-zmagovalec-letosnje-dirke-po-franciji\/"]}]},{"@type":"BreadcrumbList","@id":"https:\/\/hudo.com\/si\/aktualno\/uspelo-mu-je-neverjetno-tadej-pogacar-zmagovalec-letosnje-dirke-po-franciji\/#breadcrumb","itemListElement":[{"@type":"ListItem","position":1,"name":"Home","item":"https:\/\/hudo.com\/si\/"},{"@type":"ListItem","position":2,"name":"Uspelo mu je neverjetno: Tadej Poga\u010dar zmagovalec leto\u0161nje dirke po Franciji"}]},{"@type":"WebSite","@id":"https:\/\/hudo.com\/si\/#website","url":"https:\/\/hudo.com\/si\/","name":"Hudo Slovenija","description":"Vse novice iz Slovenije in sveta","publisher":{"@id":"https:\/\/hudo.com\/si\/#organization"},"potentialAction":[{"@type":"SearchAction","target":{"@type":"EntryPoint","urlTemplate":"https:\/\/hudo.com\/si\/?s={search_term_string}"},"query-input":"required name=search_term_string"}],"inLanguage":"sl-SI"},{"@type":"Organization","@id":"https:\/\/hudo.com\/si\/#organization","name":"VSN Media","url":"https:\/\/hudo.com\/si\/","logo":{"@type":"ImageObject","inLanguage":"sl-SI","@id":"https:\/\/hudo.com\/si\/#\/schema\/logo\/image\/","url":"https:\/\/hudo.com\/si\/wp-content\/uploads\/sites\/2\/2021\/03\/hudo-app-2.png","contentUrl":"https:\/\/hudo.com\/si\/wp-content\/uploads\/sites\/2\/2021\/03\/hudo-app-2.png","width":2185,"height":2167,"caption":"VSN Media"},"image":{"@id":"https:\/\/hudo.com\/si\/#\/schema\/logo\/image\/"},"sameAs":["https:\/\/www.facebook.com\/hudo.si","https:\/\/twitter.com\/hudo_si"]},{"@type":"Person","@id":"https:\/\/hudo.com\/si\/#\/schema\/person\/c2f10ce65d2e6ede2aeda5be2a0611fa","name":"M. N., STA","image":{"@type":"ImageObject","inLanguage":"sl-SI","@id":"https:\/\/hudo.com\/si\/#\/schema\/person\/image\/","url":"https:\/\/secure.gravatar.com\/avatar\/f370d38daa10467f755c5c766a4cac20?s=96&d=mm&r=g","contentUrl":"https:\/\/secure.gravatar.com\/avatar\/f370d38daa10467f755c5c766a4cac20?s=96&d=mm&r=g","caption":"M. N., STA"},"url":"https:\/\/hudo.com\/si\/author\/mana\/"}]}},"amp_enabled":true,"_links":{"self":[{"href":"https:\/\/hudo.com\/si\/wp-json\/wp\/v2\/posts\/433312"}],"collection":[{"href":"https:\/\/hudo.com\/si\/wp-json\/wp\/v2\/posts"}],"about":[{"href":"https:\/\/hudo.com\/si\/wp-json\/wp\/v2\/types\/post"}],"author":[{"embeddable":true,"href":"https:\/\/hudo.com\/si\/wp-json\/wp\/v2\/users\/8"}],"replies":[{"embeddable":true,"href":"https:\/\/hudo.com\/si\/wp-json\/wp\/v2\/comments?post=433312"}],"version-history":[{"count":7,"href":"https:\/\/hudo.com\/si\/wp-json\/wp\/v2\/posts\/433312\/revisions"}],"predecessor-version":[{"id":433320,"href":"https:\/\/hudo.com\/si\/wp-json\/wp\/v2\/posts\/433312\/revisions\/433320"}],"wp:featuredmedia":[{"embeddable":true,"href":"https:\/\/hudo.com\/si\/wp-json\/wp\/v2\/media\/433313"}],"wp:attachment":[{"href":"https:\/\/hudo.com\/si\/wp-json\/wp\/v2\/media?parent=433312"}],"wp:term":[{"taxonomy":"category","embeddable":true,"href":"https:\/\/hudo.com\/si\/wp-json\/wp\/v2\/categories?post=433312"},{"taxonomy":"post_tag","embeddable":true,"href":"https:\/\/hudo.com\/si\/wp-json\/wp\/v2\/tags?post=433312"},{"taxonomy":"source","embeddable":true,"href":"https:\/\/hudo.com\/si\/wp-json\/wp\/v2\/source?post=433312"},{"taxonomy":"supertag","embeddable":true,"href":"https:\/\/hudo.com\/si\/wp-json\/wp\/v2\/supertag?post=433312"}],"curies":[{"name":"wp","href":"https:\/\/api.w.org\/{rel}","templated":true}]}}