{"id":433446,"date":"2020-09-21T13:18:12","date_gmt":"2020-09-21T11:18:12","guid":{"rendered":"http:\/\/hudo.com\/si\/?p=433446"},"modified":"2020-09-21T13:18:12","modified_gmt":"2020-09-21T11:18:12","slug":"v-avstriji-po-podatkih-tamkajsnjega-notranjega-ministrstva-v-minulih-24-urah-potrdili-563-okuzb-z-novim-koronavirusom","status":"publish","type":"post","link":"https:\/\/hudo.com\/si\/aktualno\/v-avstriji-po-podatkih-tamkajsnjega-notranjega-ministrstva-v-minulih-24-urah-potrdili-563-okuzb-z-novim-koronavirusom\/","title":{"rendered":"V Avstriji so po podatkih tamkaj\u0161njega notranjega ministrstva v minulih 24 urah potrdili 563 oku\u017eb z novim koronavirusom"},"content":{"rendered":"<p>Iz Spodnje Avstrije namre\u010d danes poro\u010dajo, da so ob 1552 opravljenih testih potrdili 181 oku\u017eb, medtem ko so jih na Dunaju potrdili 172, opravili pa so kar 4369 testiranj, poro\u010da avstrijska tiskovna agencija APA. Na \u0160tajerskem so potrdili 32, na Koro\u0161kem pa 15 oku\u017eb.<\/p>\n<p>V povpre\u010dju so sicer v Avstriji v minulem tednu potrdili po 731 novih oku\u017eb dnevno. V dr\u017eavi je aktivno oku\u017eenih 8375 ljudi, 767 bolnikov je doslej umrlo, 29.516 pa ozdravelo. Skupno so izvedli skoraj milijon in pol testiranj, slabih 39.000 oziroma 2,65 odstotka jih je bilo pozitivnih.<\/p>\n<p>Avstrijski minister za zdravje Rudolf Anschober je sicer na dana\u0161nji novinarski konferenci izrazil upanje, da se bo \u0161tevilo dnevnih novih oku\u017eb po zaslugi stro\u017ejih zajezitvenih ukrepov &#8211; nekateri od njih, med drugim za no\u010dne lokale in zasebna zbiranja, so v veljavo stopili ravno danes &#8211; kmalu znova za\u010delo zmanj\u0161evati.<\/p>\n<p>Anschober je sicer danes tudi sporo\u010dil, da bo za otroke, mlaj\u0161e od 10 let, cepljenje proti gripi letos prvi\u010d brezpla\u010dno. Gre za starostno skupino, ki tako z vidika \u0161irjenja novega koronavirusa kot tudi z vidika poteka bolezni sicer naj ne bi bila zelo problemati\u010dna, je pa po drugi strani &#8220;motor&#8221; \u0161irjenja klasi\u010dne gripe. Poleg tega lahko gripa mlaj\u0161e otroke hudo prizadene, v minulih letih so zabele\u017eili tudi ve\u010d smrtnih primerov.<\/p>\n<p>Kot so danes opozorili pristojni, bo \u0161ir\u0161e cepljenje otrok proti gripi bistveno prispevalo tudi k za\u0161\u010diti starej\u0161ih. &#8220;\u010ce cepimo le 20 odstotkov otrok in mladostnikov, ima to z vidika prepre\u010devanja umrljivosti med starostniki bolj\u0161i u\u010dinek, kot pa \u010de cepimo 90 odstotkov ljudi, starej\u0161ih od 65 let,&#8221; je poudarila priznana imunologinja in strokovnjakinja za cepljenja Ursula Wiedermann-Schmidt.<\/p>\n<p>Za gripo vsako leto zboli nekje med 450.000 in 1,3 milijona Avstrijcev, umre jih nekje med 500 in 1000. Cepljenje proti gripi priporo\u010dajo \u017ee otrokom od dopolnjenega pol leta naprej.<\/p>\n","protected":false},"excerpt":{"rendered":"<p>V bolni\u0161nicah se zaradi covida-19 trenutno zdravi 364 bolnikov, od tega jih 67 potrebuje intenzivno nego. V Avstriji bo sicer letos cepljenje proti gripi brezpla\u010dno za otroke, mlaj\u0161e od 10 let.<\/p>\n","protected":false},"author":8,"featured_media":432555,"comment_status":"closed","ping_status":"closed","sticky":false,"template":"","format":"standard","meta":{"footnotes":""},"categories":[1179],"tags":[1934,15632],"source":[4511],"supertag":[],"acf":[],"yoast_head":"<!-- This site is optimized with the Yoast SEO plugin v21.3 - https:\/\/yoast.com\/wordpress\/plugins\/seo\/ -->\n<title>V Avstriji so po podatkih tamkaj\u0161njega notranjega ministrstva v minulih 24 urah potrdili 563 oku\u017eb z novim koronavirusom - Hudo Slovenija<\/title>\n<meta name=\"robots\" content=\"index, follow, max-snippet:-1, max-image-preview:large, max-video-preview:-1\" \/>\n<link rel=\"canonical\" href=\"https:\/\/hudo.com\/si\/aktualno\/v-avstriji-po-podatkih-tamkajsnjega-notranjega-ministrstva-v-minulih-24-urah-potrdili-563-okuzb-z-novim-koronavirusom\/\" \/>\n<meta property=\"og:locale\" content=\"sl_SI\" \/>\n<meta property=\"og:type\" content=\"article\" \/>\n<meta property=\"og:title\" content=\"V Avstriji so po podatkih tamkaj\u0161njega notranjega ministrstva v minulih 24 urah potrdili 563 oku\u017eb z novim koronavirusom - Hudo Slovenija\" \/>\n<meta property=\"og:description\" content=\"V bolni\u0161nicah se zaradi covida-19 trenutno zdravi 364 bolnikov, od tega jih 67 potrebuje intenzivno nego. V Avstriji bo sicer letos cepljenje proti gripi brezpla\u010dno za otroke, mlaj\u0161e od 10 let.\" \/>\n<meta property=\"og:url\" content=\"https:\/\/hudo.com\/si\/aktualno\/v-avstriji-po-podatkih-tamkajsnjega-notranjega-ministrstva-v-minulih-24-urah-potrdili-563-okuzb-z-novim-koronavirusom\/\" \/>\n<meta property=\"og:site_name\" content=\"Hudo Slovenija\" \/>\n<meta property=\"article:publisher\" content=\"https:\/\/www.facebook.com\/hudo.si\" \/>\n<meta property=\"article:published_time\" content=\"2020-09-21T11:18:12+00:00\" \/>\n<meta property=\"og:image\" content=\"https:\/\/hudo.com\/si\/wp-content\/uploads\/sites\/2\/2020\/09\/profimedia-0553293566.jpg\" \/>\n\t<meta property=\"og:image:width\" content=\"1250\" \/>\n\t<meta property=\"og:image:height\" content=\"833\" \/>\n\t<meta property=\"og:image:type\" content=\"image\/jpeg\" \/>\n<meta name=\"author\" content=\"M. N., STA\" \/>\n<meta name=\"twitter:card\" content=\"summary_large_image\" \/>\n<meta name=\"twitter:creator\" content=\"@hudo_si\" \/>\n<meta name=\"twitter:site\" content=\"@hudo_si\" \/>\n<meta name=\"twitter:label1\" content=\"Written by\" \/>\n\t<meta name=\"twitter:data1\" content=\"M. N., STA\" \/>\n\t<meta name=\"twitter:label2\" content=\"Est. reading time\" \/>\n\t<meta name=\"twitter:data2\" content=\"2 minuti\" \/>\n<script type=\"application\/ld+json\" class=\"yoast-schema-graph\">{\"@context\":\"https:\/\/schema.org\",\"@graph\":[{\"@type\":\"Article\",\"@id\":\"https:\/\/hudo.com\/si\/aktualno\/v-avstriji-po-podatkih-tamkajsnjega-notranjega-ministrstva-v-minulih-24-urah-potrdili-563-okuzb-z-novim-koronavirusom\/#article\",\"isPartOf\":{\"@id\":\"https:\/\/hudo.com\/si\/aktualno\/v-avstriji-po-podatkih-tamkajsnjega-notranjega-ministrstva-v-minulih-24-urah-potrdili-563-okuzb-z-novim-koronavirusom\/\"},\"author\":{\"name\":\"M. N., STA\",\"@id\":\"https:\/\/hudo.com\/si\/#\/schema\/person\/c2f10ce65d2e6ede2aeda5be2a0611fa\"},\"headline\":\"V Avstriji so po podatkih tamkaj\u0161njega notranjega ministrstva v minulih 24 urah potrdili 563 oku\u017eb z novim koronavirusom\",\"datePublished\":\"2020-09-21T11:18:12+00:00\",\"dateModified\":\"2020-09-21T11:18:12+00:00\",\"mainEntityOfPage\":{\"@id\":\"https:\/\/hudo.com\/si\/aktualno\/v-avstriji-po-podatkih-tamkajsnjega-notranjega-ministrstva-v-minulih-24-urah-potrdili-563-okuzb-z-novim-koronavirusom\/\"},\"wordCount\":324,\"publisher\":{\"@id\":\"https:\/\/hudo.com\/si\/#organization\"},\"keywords\":[\"Avstrija\",\"koronavirus\"],\"articleSection\":[\"Aktualno\"],\"inLanguage\":\"sl-SI\"},{\"@type\":\"WebPage\",\"@id\":\"https:\/\/hudo.com\/si\/aktualno\/v-avstriji-po-podatkih-tamkajsnjega-notranjega-ministrstva-v-minulih-24-urah-potrdili-563-okuzb-z-novim-koronavirusom\/\",\"url\":\"https:\/\/hudo.com\/si\/aktualno\/v-avstriji-po-podatkih-tamkajsnjega-notranjega-ministrstva-v-minulih-24-urah-potrdili-563-okuzb-z-novim-koronavirusom\/\",\"name\":\"V Avstriji so po podatkih tamkaj\u0161njega notranjega ministrstva v minulih 24 urah potrdili 563 oku\u017eb z novim koronavirusom - Hudo Slovenija\",\"isPartOf\":{\"@id\":\"https:\/\/hudo.com\/si\/#website\"},\"datePublished\":\"2020-09-21T11:18:12+00:00\",\"dateModified\":\"2020-09-21T11:18:12+00:00\",\"breadcrumb\":{\"@id\":\"https:\/\/hudo.com\/si\/aktualno\/v-avstriji-po-podatkih-tamkajsnjega-notranjega-ministrstva-v-minulih-24-urah-potrdili-563-okuzb-z-novim-koronavirusom\/#breadcrumb\"},\"inLanguage\":\"sl-SI\",\"potentialAction\":[{\"@type\":\"ReadAction\",\"target\":[\"https:\/\/hudo.com\/si\/aktualno\/v-avstriji-po-podatkih-tamkajsnjega-notranjega-ministrstva-v-minulih-24-urah-potrdili-563-okuzb-z-novim-koronavirusom\/\"]}]},{\"@type\":\"BreadcrumbList\",\"@id\":\"https:\/\/hudo.com\/si\/aktualno\/v-avstriji-po-podatkih-tamkajsnjega-notranjega-ministrstva-v-minulih-24-urah-potrdili-563-okuzb-z-novim-koronavirusom\/#breadcrumb\",\"itemListElement\":[{\"@type\":\"ListItem\",\"position\":1,\"name\":\"Home\",\"item\":\"https:\/\/hudo.com\/si\/\"},{\"@type\":\"ListItem\",\"position\":2,\"name\":\"V Avstriji so po podatkih tamkaj\u0161njega notranjega ministrstva v minulih 24 urah potrdili 563 oku\u017eb z novim koronavirusom\"}]},{\"@type\":\"WebSite\",\"@id\":\"https:\/\/hudo.com\/si\/#website\",\"url\":\"https:\/\/hudo.com\/si\/\",\"name\":\"Hudo Slovenija\",\"description\":\"Vse novice iz Slovenije in sveta\",\"publisher\":{\"@id\":\"https:\/\/hudo.com\/si\/#organization\"},\"potentialAction\":[{\"@type\":\"SearchAction\",\"target\":{\"@type\":\"EntryPoint\",\"urlTemplate\":\"https:\/\/hudo.com\/si\/?s={search_term_string}\"},\"query-input\":\"required name=search_term_string\"}],\"inLanguage\":\"sl-SI\"},{\"@type\":\"Organization\",\"@id\":\"https:\/\/hudo.com\/si\/#organization\",\"name\":\"VSN Media\",\"url\":\"https:\/\/hudo.com\/si\/\",\"logo\":{\"@type\":\"ImageObject\",\"inLanguage\":\"sl-SI\",\"@id\":\"https:\/\/hudo.com\/si\/#\/schema\/logo\/image\/\",\"url\":\"https:\/\/hudo.com\/si\/wp-content\/uploads\/sites\/2\/2021\/03\/hudo-app-2.png\",\"contentUrl\":\"https:\/\/hudo.com\/si\/wp-content\/uploads\/sites\/2\/2021\/03\/hudo-app-2.png\",\"width\":2185,\"height\":2167,\"caption\":\"VSN Media\"},\"image\":{\"@id\":\"https:\/\/hudo.com\/si\/#\/schema\/logo\/image\/\"},\"sameAs\":[\"https:\/\/www.facebook.com\/hudo.si\",\"https:\/\/twitter.com\/hudo_si\"]},{\"@type\":\"Person\",\"@id\":\"https:\/\/hudo.com\/si\/#\/schema\/person\/c2f10ce65d2e6ede2aeda5be2a0611fa\",\"name\":\"M. N., STA\",\"image\":{\"@type\":\"ImageObject\",\"inLanguage\":\"sl-SI\",\"@id\":\"https:\/\/hudo.com\/si\/#\/schema\/person\/image\/\",\"url\":\"https:\/\/secure.gravatar.com\/avatar\/f370d38daa10467f755c5c766a4cac20?s=96&d=mm&r=g\",\"contentUrl\":\"https:\/\/secure.gravatar.com\/avatar\/f370d38daa10467f755c5c766a4cac20?s=96&d=mm&r=g\",\"caption\":\"M. N., STA\"},\"url\":\"https:\/\/hudo.com\/si\/author\/mana\/\"}]}<\/script>\n<!-- \/ Yoast SEO plugin. -->","yoast_head_json":{"title":"V Avstriji so po podatkih tamkaj\u0161njega notranjega ministrstva v minulih 24 urah potrdili 563 oku\u017eb z novim koronavirusom - Hudo Slovenija","robots":{"index":"index","follow":"follow","max-snippet":"max-snippet:-1","max-image-preview":"max-image-preview:large","max-video-preview":"max-video-preview:-1"},"canonical":"https:\/\/hudo.com\/si\/aktualno\/v-avstriji-po-podatkih-tamkajsnjega-notranjega-ministrstva-v-minulih-24-urah-potrdili-563-okuzb-z-novim-koronavirusom\/","og_locale":"sl_SI","og_type":"article","og_title":"V Avstriji so po podatkih tamkaj\u0161njega notranjega ministrstva v minulih 24 urah potrdili 563 oku\u017eb z novim koronavirusom - Hudo Slovenija","og_description":"V bolni\u0161nicah se zaradi covida-19 trenutno zdravi 364 bolnikov, od tega jih 67 potrebuje intenzivno nego. V Avstriji bo sicer letos cepljenje proti gripi brezpla\u010dno za otroke, mlaj\u0161e od 10 let.","og_url":"https:\/\/hudo.com\/si\/aktualno\/v-avstriji-po-podatkih-tamkajsnjega-notranjega-ministrstva-v-minulih-24-urah-potrdili-563-okuzb-z-novim-koronavirusom\/","og_site_name":"Hudo Slovenija","article_publisher":"https:\/\/www.facebook.com\/hudo.si","article_published_time":"2020-09-21T11:18:12+00:00","og_image":[{"width":1250,"height":833,"url":"https:\/\/hudo.com\/si\/wp-content\/uploads\/sites\/2\/2020\/09\/profimedia-0553293566.jpg","type":"image\/jpeg"}],"author":"M. N., STA","twitter_card":"summary_large_image","twitter_creator":"@hudo_si","twitter_site":"@hudo_si","twitter_misc":{"Written by":"M. N., STA","Est. reading time":"2 minuti"},"schema":{"@context":"https:\/\/schema.org","@graph":[{"@type":"Article","@id":"https:\/\/hudo.com\/si\/aktualno\/v-avstriji-po-podatkih-tamkajsnjega-notranjega-ministrstva-v-minulih-24-urah-potrdili-563-okuzb-z-novim-koronavirusom\/#article","isPartOf":{"@id":"https:\/\/hudo.com\/si\/aktualno\/v-avstriji-po-podatkih-tamkajsnjega-notranjega-ministrstva-v-minulih-24-urah-potrdili-563-okuzb-z-novim-koronavirusom\/"},"author":{"name":"M. N., STA","@id":"https:\/\/hudo.com\/si\/#\/schema\/person\/c2f10ce65d2e6ede2aeda5be2a0611fa"},"headline":"V Avstriji so po podatkih tamkaj\u0161njega notranjega ministrstva v minulih 24 urah potrdili 563 oku\u017eb z novim koronavirusom","datePublished":"2020-09-21T11:18:12+00:00","dateModified":"2020-09-21T11:18:12+00:00","mainEntityOfPage":{"@id":"https:\/\/hudo.com\/si\/aktualno\/v-avstriji-po-podatkih-tamkajsnjega-notranjega-ministrstva-v-minulih-24-urah-potrdili-563-okuzb-z-novim-koronavirusom\/"},"wordCount":324,"publisher":{"@id":"https:\/\/hudo.com\/si\/#organization"},"keywords":["Avstrija","koronavirus"],"articleSection":["Aktualno"],"inLanguage":"sl-SI"},{"@type":"WebPage","@id":"https:\/\/hudo.com\/si\/aktualno\/v-avstriji-po-podatkih-tamkajsnjega-notranjega-ministrstva-v-minulih-24-urah-potrdili-563-okuzb-z-novim-koronavirusom\/","url":"https:\/\/hudo.com\/si\/aktualno\/v-avstriji-po-podatkih-tamkajsnjega-notranjega-ministrstva-v-minulih-24-urah-potrdili-563-okuzb-z-novim-koronavirusom\/","name":"V Avstriji so po podatkih tamkaj\u0161njega notranjega ministrstva v minulih 24 urah potrdili 563 oku\u017eb z novim koronavirusom - Hudo Slovenija","isPartOf":{"@id":"https:\/\/hudo.com\/si\/#website"},"datePublished":"2020-09-21T11:18:12+00:00","dateModified":"2020-09-21T11:18:12+00:00","breadcrumb":{"@id":"https:\/\/hudo.com\/si\/aktualno\/v-avstriji-po-podatkih-tamkajsnjega-notranjega-ministrstva-v-minulih-24-urah-potrdili-563-okuzb-z-novim-koronavirusom\/#breadcrumb"},"inLanguage":"sl-SI","potentialAction":[{"@type":"ReadAction","target":["https:\/\/hudo.com\/si\/aktualno\/v-avstriji-po-podatkih-tamkajsnjega-notranjega-ministrstva-v-minulih-24-urah-potrdili-563-okuzb-z-novim-koronavirusom\/"]}]},{"@type":"BreadcrumbList","@id":"https:\/\/hudo.com\/si\/aktualno\/v-avstriji-po-podatkih-tamkajsnjega-notranjega-ministrstva-v-minulih-24-urah-potrdili-563-okuzb-z-novim-koronavirusom\/#breadcrumb","itemListElement":[{"@type":"ListItem","position":1,"name":"Home","item":"https:\/\/hudo.com\/si\/"},{"@type":"ListItem","position":2,"name":"V Avstriji so po podatkih tamkaj\u0161njega notranjega ministrstva v minulih 24 urah potrdili 563 oku\u017eb z novim koronavirusom"}]},{"@type":"WebSite","@id":"https:\/\/hudo.com\/si\/#website","url":"https:\/\/hudo.com\/si\/","name":"Hudo Slovenija","description":"Vse novice iz Slovenije in sveta","publisher":{"@id":"https:\/\/hudo.com\/si\/#organization"},"potentialAction":[{"@type":"SearchAction","target":{"@type":"EntryPoint","urlTemplate":"https:\/\/hudo.com\/si\/?s={search_term_string}"},"query-input":"required name=search_term_string"}],"inLanguage":"sl-SI"},{"@type":"Organization","@id":"https:\/\/hudo.com\/si\/#organization","name":"VSN Media","url":"https:\/\/hudo.com\/si\/","logo":{"@type":"ImageObject","inLanguage":"sl-SI","@id":"https:\/\/hudo.com\/si\/#\/schema\/logo\/image\/","url":"https:\/\/hudo.com\/si\/wp-content\/uploads\/sites\/2\/2021\/03\/hudo-app-2.png","contentUrl":"https:\/\/hudo.com\/si\/wp-content\/uploads\/sites\/2\/2021\/03\/hudo-app-2.png","width":2185,"height":2167,"caption":"VSN Media"},"image":{"@id":"https:\/\/hudo.com\/si\/#\/schema\/logo\/image\/"},"sameAs":["https:\/\/www.facebook.com\/hudo.si","https:\/\/twitter.com\/hudo_si"]},{"@type":"Person","@id":"https:\/\/hudo.com\/si\/#\/schema\/person\/c2f10ce65d2e6ede2aeda5be2a0611fa","name":"M. N., STA","image":{"@type":"ImageObject","inLanguage":"sl-SI","@id":"https:\/\/hudo.com\/si\/#\/schema\/person\/image\/","url":"https:\/\/secure.gravatar.com\/avatar\/f370d38daa10467f755c5c766a4cac20?s=96&d=mm&r=g","contentUrl":"https:\/\/secure.gravatar.com\/avatar\/f370d38daa10467f755c5c766a4cac20?s=96&d=mm&r=g","caption":"M. N., STA"},"url":"https:\/\/hudo.com\/si\/author\/mana\/"}]}},"amp_enabled":true,"_links":{"self":[{"href":"https:\/\/hudo.com\/si\/wp-json\/wp\/v2\/posts\/433446"}],"collection":[{"href":"https:\/\/hudo.com\/si\/wp-json\/wp\/v2\/posts"}],"about":[{"href":"https:\/\/hudo.com\/si\/wp-json\/wp\/v2\/types\/post"}],"author":[{"embeddable":true,"href":"https:\/\/hudo.com\/si\/wp-json\/wp\/v2\/users\/8"}],"replies":[{"embeddable":true,"href":"https:\/\/hudo.com\/si\/wp-json\/wp\/v2\/comments?post=433446"}],"version-history":[{"count":1,"href":"https:\/\/hudo.com\/si\/wp-json\/wp\/v2\/posts\/433446\/revisions"}],"predecessor-version":[{"id":433447,"href":"https:\/\/hudo.com\/si\/wp-json\/wp\/v2\/posts\/433446\/revisions\/433447"}],"wp:featuredmedia":[{"embeddable":true,"href":"https:\/\/hudo.com\/si\/wp-json\/wp\/v2\/media\/432555"}],"wp:attachment":[{"href":"https:\/\/hudo.com\/si\/wp-json\/wp\/v2\/media?parent=433446"}],"wp:term":[{"taxonomy":"category","embeddable":true,"href":"https:\/\/hudo.com\/si\/wp-json\/wp\/v2\/categories?post=433446"},{"taxonomy":"post_tag","embeddable":true,"href":"https:\/\/hudo.com\/si\/wp-json\/wp\/v2\/tags?post=433446"},{"taxonomy":"source","embeddable":true,"href":"https:\/\/hudo.com\/si\/wp-json\/wp\/v2\/source?post=433446"},{"taxonomy":"supertag","embeddable":true,"href":"https:\/\/hudo.com\/si\/wp-json\/wp\/v2\/supertag?post=433446"}],"curies":[{"name":"wp","href":"https:\/\/api.w.org\/{rel}","templated":true}]}}