{"id":433726,"date":"2020-09-24T12:18:13","date_gmt":"2020-09-24T10:18:13","guid":{"rendered":"http:\/\/hudo.com\/si\/?p=433726"},"modified":"2020-09-24T12:18:13","modified_gmt":"2020-09-24T10:18:13","slug":"avstrijski-kanzler-kurz-o-prihajajoci-smucarski-sezoni-apres-ski-kot-ga-poznamo-ne-bo-mogoc","status":"publish","type":"post","link":"https:\/\/hudo.com\/si\/aktualno\/avstrijski-kanzler-kurz-o-prihajajoci-smucarski-sezoni-apres-ski-kot-ga-poznamo-ne-bo-mogoc\/","title":{"rendered":"Avstrijski kanzler Kurz o prihajajo\u010di smu\u010darski sezoni: &#8220;Apres ski, kot ga poznamo, ne bo mogo\u010d&#8221;"},"content":{"rendered":"<p>Zimska \u0161portno-turisti\u010dna sredi\u0161\u010da v Avstriji v novi sezoni ne bodo smela prirejati zabav. S tem \u017eeli avstrijska vlada prepre\u010diti \u0161irjenje covida-19 in re\u0161iti pomembno turisti\u010dno panogo, povzema nem\u0161ka tiskovna agencija dpa.<\/p>\n<p>Avstrijski podjetniki in politiki so v zadnjih dneh zelo zaskrbljeni, saj so zaradi rasti \u0161tevila oku\u017eb z novim koronavirusom \u0161tevilne evropske dr\u017eave svojim dr\u017eavljanom odsvetovale potovanja ne le na Dunaj, ampak tudi v gorska sredi\u0161\u010da.<\/p>\n<p>Kot je danes pojasnil Kurz, bodo turisti v Avstriji pozimi lahko smu\u010dali, jedli v restavracijah in se udele\u017eevali kulturnih prireditev. Klasi\u010dnih zabav pa ne bo. Bari bodo lahko stregli hrano in pija\u010do le gostom, ki bodo sedeli za njihovo mizo, ob tem pa bodo morali, enako kot restavracije, v gorskih sredi\u0161\u010dih vrata zapreti ob 22. uri.<\/p>\n<p>Turizem in prosto\u010dasne dejavnosti ustvarijo okoli 15 odstotkov avstrijskega bruto doma\u010dega proizvoda.<\/p>\n<p>Avstrijska vlada se je pod plazom obto\u017eb zna\u0161la \u017ee zaradi neodzivnosti ob zaklju\u010dku prej\u0161nje turisti\u010dne sezone, ko se je na stotine turistov iz vse Evrope s covidom-19 oku\u017eilo v priljubljenem smu\u010darskem sredi\u0161\u010du Ischgl, znanem po \u017eivahnem no\u010dnem \u017eivljenju. Proti vladi so trije oku\u017eeni obiskovalci Iscghla in ena dru\u017eina pacienta, ki je zaradi covida-19 umrl, vlo\u017eili to\u017ebe.<\/p>\n","protected":false},"excerpt":{"rendered":"<p>V Avstriji bo v leto\u0161nji zimski sezoni smu\u010danje dovoljeno, a brez spremljevalnih zabav, je danes sporo\u010dil avstrijski kancler Sebastian Kurz. &#8220;Apres ski, kot ga poznamo, ne bo mogo\u010d,&#8221; je pod\u010drtal. Pri tem je mislil na zabave, ki so se v preteklih sezonah v \u0161tevilnih smu\u010darskih centrih za\u010denjale, takoj ko so se za tisti dan zaprla smu\u010di\u0161\u010da.<\/p>\n","protected":false},"author":8,"featured_media":388284,"comment_status":"closed","ping_status":"closed","sticky":false,"template":"","format":"standard","meta":{"footnotes":""},"categories":[1179],"tags":[17250,1934,15632,6982,1895,1897],"source":[4511],"supertag":[],"acf":[],"yoast_head":"<!-- This site is optimized with the Yoast SEO plugin v21.3 - https:\/\/yoast.com\/wordpress\/plugins\/seo\/ -->\n<title>Avstrijski kanzler Kurz o prihajajo\u010di smu\u010darski sezoni: &quot;Apres ski, kot ga poznamo, ne bo mogo\u010d&quot; - Hudo Slovenija<\/title>\n<meta name=\"robots\" content=\"index, follow, max-snippet:-1, max-image-preview:large, max-video-preview:-1\" \/>\n<link rel=\"canonical\" href=\"https:\/\/hudo.com\/si\/aktualno\/avstrijski-kanzler-kurz-o-prihajajoci-smucarski-sezoni-apres-ski-kot-ga-poznamo-ne-bo-mogoc\/\" \/>\n<meta property=\"og:locale\" content=\"sl_SI\" \/>\n<meta property=\"og:type\" content=\"article\" \/>\n<meta property=\"og:title\" content=\"Avstrijski kanzler Kurz o prihajajo\u010di smu\u010darski sezoni: &quot;Apres ski, kot ga poznamo, ne bo mogo\u010d&quot; - Hudo Slovenija\" \/>\n<meta property=\"og:description\" content=\"V Avstriji bo v leto\u0161nji zimski sezoni smu\u010danje dovoljeno, a brez spremljevalnih zabav, je danes sporo\u010dil avstrijski kancler Sebastian Kurz. &quot;Apres ski, kot ga poznamo, ne bo mogo\u010d,&quot; je pod\u010drtal. Pri tem je mislil na zabave, ki so se v preteklih sezonah v \u0161tevilnih smu\u010darskih centrih za\u010denjale, takoj ko so se za tisti dan zaprla smu\u010di\u0161\u010da.\" \/>\n<meta property=\"og:url\" content=\"https:\/\/hudo.com\/si\/aktualno\/avstrijski-kanzler-kurz-o-prihajajoci-smucarski-sezoni-apres-ski-kot-ga-poznamo-ne-bo-mogoc\/\" \/>\n<meta property=\"og:site_name\" content=\"Hudo Slovenija\" \/>\n<meta property=\"article:publisher\" content=\"https:\/\/www.facebook.com\/hudo.si\" \/>\n<meta property=\"article:published_time\" content=\"2020-09-24T10:18:13+00:00\" \/>\n<meta property=\"og:image\" content=\"https:\/\/hudo.com\/si\/wp-content\/uploads\/sites\/2\/2019\/01\/profimedia-0208324277.jpg\" \/>\n\t<meta property=\"og:image:width\" content=\"1250\" \/>\n\t<meta property=\"og:image:height\" content=\"835\" \/>\n\t<meta property=\"og:image:type\" content=\"image\/jpeg\" \/>\n<meta name=\"author\" content=\"M. N., STA\" \/>\n<meta name=\"twitter:card\" content=\"summary_large_image\" \/>\n<meta name=\"twitter:creator\" content=\"@hudo_si\" \/>\n<meta name=\"twitter:site\" content=\"@hudo_si\" \/>\n<meta name=\"twitter:label1\" content=\"Written by\" \/>\n\t<meta name=\"twitter:data1\" content=\"M. N., STA\" \/>\n\t<meta name=\"twitter:label2\" content=\"Est. reading time\" \/>\n\t<meta name=\"twitter:data2\" content=\"1 minuta\" \/>\n<script type=\"application\/ld+json\" class=\"yoast-schema-graph\">{\"@context\":\"https:\/\/schema.org\",\"@graph\":[{\"@type\":\"Article\",\"@id\":\"https:\/\/hudo.com\/si\/aktualno\/avstrijski-kanzler-kurz-o-prihajajoci-smucarski-sezoni-apres-ski-kot-ga-poznamo-ne-bo-mogoc\/#article\",\"isPartOf\":{\"@id\":\"https:\/\/hudo.com\/si\/aktualno\/avstrijski-kanzler-kurz-o-prihajajoci-smucarski-sezoni-apres-ski-kot-ga-poznamo-ne-bo-mogoc\/\"},\"author\":{\"name\":\"M. N., STA\",\"@id\":\"https:\/\/hudo.com\/si\/#\/schema\/person\/c2f10ce65d2e6ede2aeda5be2a0611fa\"},\"headline\":\"Avstrijski kanzler Kurz o prihajajo\u010di smu\u010darski sezoni: &#8220;Apres ski, kot ga poznamo, ne bo mogo\u010d&#8221;\",\"datePublished\":\"2020-09-24T10:18:13+00:00\",\"dateModified\":\"2020-09-24T10:18:13+00:00\",\"mainEntityOfPage\":{\"@id\":\"https:\/\/hudo.com\/si\/aktualno\/avstrijski-kanzler-kurz-o-prihajajoci-smucarski-sezoni-apres-ski-kot-ga-poznamo-ne-bo-mogoc\/\"},\"wordCount\":235,\"publisher\":{\"@id\":\"https:\/\/hudo.com\/si\/#organization\"},\"keywords\":[\"Apres ski\",\"Avstrija\",\"koronavirus\",\"Sebastian Kurz\",\"Smu\u010danje\",\"smu\u010di\u0161\u010da\"],\"articleSection\":[\"Aktualno\"],\"inLanguage\":\"sl-SI\"},{\"@type\":\"WebPage\",\"@id\":\"https:\/\/hudo.com\/si\/aktualno\/avstrijski-kanzler-kurz-o-prihajajoci-smucarski-sezoni-apres-ski-kot-ga-poznamo-ne-bo-mogoc\/\",\"url\":\"https:\/\/hudo.com\/si\/aktualno\/avstrijski-kanzler-kurz-o-prihajajoci-smucarski-sezoni-apres-ski-kot-ga-poznamo-ne-bo-mogoc\/\",\"name\":\"Avstrijski kanzler Kurz o prihajajo\u010di smu\u010darski sezoni: \\\"Apres ski, kot ga poznamo, ne bo mogo\u010d\\\" - Hudo Slovenija\",\"isPartOf\":{\"@id\":\"https:\/\/hudo.com\/si\/#website\"},\"datePublished\":\"2020-09-24T10:18:13+00:00\",\"dateModified\":\"2020-09-24T10:18:13+00:00\",\"breadcrumb\":{\"@id\":\"https:\/\/hudo.com\/si\/aktualno\/avstrijski-kanzler-kurz-o-prihajajoci-smucarski-sezoni-apres-ski-kot-ga-poznamo-ne-bo-mogoc\/#breadcrumb\"},\"inLanguage\":\"sl-SI\",\"potentialAction\":[{\"@type\":\"ReadAction\",\"target\":[\"https:\/\/hudo.com\/si\/aktualno\/avstrijski-kanzler-kurz-o-prihajajoci-smucarski-sezoni-apres-ski-kot-ga-poznamo-ne-bo-mogoc\/\"]}]},{\"@type\":\"BreadcrumbList\",\"@id\":\"https:\/\/hudo.com\/si\/aktualno\/avstrijski-kanzler-kurz-o-prihajajoci-smucarski-sezoni-apres-ski-kot-ga-poznamo-ne-bo-mogoc\/#breadcrumb\",\"itemListElement\":[{\"@type\":\"ListItem\",\"position\":1,\"name\":\"Home\",\"item\":\"https:\/\/hudo.com\/si\/\"},{\"@type\":\"ListItem\",\"position\":2,\"name\":\"Avstrijski kanzler Kurz o prihajajo\u010di smu\u010darski sezoni: &#8220;Apres ski, kot ga poznamo, ne bo mogo\u010d&#8221;\"}]},{\"@type\":\"WebSite\",\"@id\":\"https:\/\/hudo.com\/si\/#website\",\"url\":\"https:\/\/hudo.com\/si\/\",\"name\":\"Hudo Slovenija\",\"description\":\"Vse novice iz Slovenije in sveta\",\"publisher\":{\"@id\":\"https:\/\/hudo.com\/si\/#organization\"},\"potentialAction\":[{\"@type\":\"SearchAction\",\"target\":{\"@type\":\"EntryPoint\",\"urlTemplate\":\"https:\/\/hudo.com\/si\/?s={search_term_string}\"},\"query-input\":\"required name=search_term_string\"}],\"inLanguage\":\"sl-SI\"},{\"@type\":\"Organization\",\"@id\":\"https:\/\/hudo.com\/si\/#organization\",\"name\":\"VSN Media\",\"url\":\"https:\/\/hudo.com\/si\/\",\"logo\":{\"@type\":\"ImageObject\",\"inLanguage\":\"sl-SI\",\"@id\":\"https:\/\/hudo.com\/si\/#\/schema\/logo\/image\/\",\"url\":\"https:\/\/hudo.com\/si\/wp-content\/uploads\/sites\/2\/2021\/03\/hudo-app-2.png\",\"contentUrl\":\"https:\/\/hudo.com\/si\/wp-content\/uploads\/sites\/2\/2021\/03\/hudo-app-2.png\",\"width\":2185,\"height\":2167,\"caption\":\"VSN Media\"},\"image\":{\"@id\":\"https:\/\/hudo.com\/si\/#\/schema\/logo\/image\/\"},\"sameAs\":[\"https:\/\/www.facebook.com\/hudo.si\",\"https:\/\/twitter.com\/hudo_si\"]},{\"@type\":\"Person\",\"@id\":\"https:\/\/hudo.com\/si\/#\/schema\/person\/c2f10ce65d2e6ede2aeda5be2a0611fa\",\"name\":\"M. N., STA\",\"image\":{\"@type\":\"ImageObject\",\"inLanguage\":\"sl-SI\",\"@id\":\"https:\/\/hudo.com\/si\/#\/schema\/person\/image\/\",\"url\":\"https:\/\/secure.gravatar.com\/avatar\/f370d38daa10467f755c5c766a4cac20?s=96&d=mm&r=g\",\"contentUrl\":\"https:\/\/secure.gravatar.com\/avatar\/f370d38daa10467f755c5c766a4cac20?s=96&d=mm&r=g\",\"caption\":\"M. N., STA\"},\"url\":\"https:\/\/hudo.com\/si\/author\/mana\/\"}]}<\/script>\n<!-- \/ Yoast SEO plugin. -->","yoast_head_json":{"title":"Avstrijski kanzler Kurz o prihajajo\u010di smu\u010darski sezoni: \"Apres ski, kot ga poznamo, ne bo mogo\u010d\" - Hudo Slovenija","robots":{"index":"index","follow":"follow","max-snippet":"max-snippet:-1","max-image-preview":"max-image-preview:large","max-video-preview":"max-video-preview:-1"},"canonical":"https:\/\/hudo.com\/si\/aktualno\/avstrijski-kanzler-kurz-o-prihajajoci-smucarski-sezoni-apres-ski-kot-ga-poznamo-ne-bo-mogoc\/","og_locale":"sl_SI","og_type":"article","og_title":"Avstrijski kanzler Kurz o prihajajo\u010di smu\u010darski sezoni: \"Apres ski, kot ga poznamo, ne bo mogo\u010d\" - Hudo Slovenija","og_description":"V Avstriji bo v leto\u0161nji zimski sezoni smu\u010danje dovoljeno, a brez spremljevalnih zabav, je danes sporo\u010dil avstrijski kancler Sebastian Kurz. \"Apres ski, kot ga poznamo, ne bo mogo\u010d,\" je pod\u010drtal. Pri tem je mislil na zabave, ki so se v preteklih sezonah v \u0161tevilnih smu\u010darskih centrih za\u010denjale, takoj ko so se za tisti dan zaprla smu\u010di\u0161\u010da.","og_url":"https:\/\/hudo.com\/si\/aktualno\/avstrijski-kanzler-kurz-o-prihajajoci-smucarski-sezoni-apres-ski-kot-ga-poznamo-ne-bo-mogoc\/","og_site_name":"Hudo Slovenija","article_publisher":"https:\/\/www.facebook.com\/hudo.si","article_published_time":"2020-09-24T10:18:13+00:00","og_image":[{"width":1250,"height":835,"url":"https:\/\/hudo.com\/si\/wp-content\/uploads\/sites\/2\/2019\/01\/profimedia-0208324277.jpg","type":"image\/jpeg"}],"author":"M. N., STA","twitter_card":"summary_large_image","twitter_creator":"@hudo_si","twitter_site":"@hudo_si","twitter_misc":{"Written by":"M. N., STA","Est. reading time":"1 minuta"},"schema":{"@context":"https:\/\/schema.org","@graph":[{"@type":"Article","@id":"https:\/\/hudo.com\/si\/aktualno\/avstrijski-kanzler-kurz-o-prihajajoci-smucarski-sezoni-apres-ski-kot-ga-poznamo-ne-bo-mogoc\/#article","isPartOf":{"@id":"https:\/\/hudo.com\/si\/aktualno\/avstrijski-kanzler-kurz-o-prihajajoci-smucarski-sezoni-apres-ski-kot-ga-poznamo-ne-bo-mogoc\/"},"author":{"name":"M. N., STA","@id":"https:\/\/hudo.com\/si\/#\/schema\/person\/c2f10ce65d2e6ede2aeda5be2a0611fa"},"headline":"Avstrijski kanzler Kurz o prihajajo\u010di smu\u010darski sezoni: &#8220;Apres ski, kot ga poznamo, ne bo mogo\u010d&#8221;","datePublished":"2020-09-24T10:18:13+00:00","dateModified":"2020-09-24T10:18:13+00:00","mainEntityOfPage":{"@id":"https:\/\/hudo.com\/si\/aktualno\/avstrijski-kanzler-kurz-o-prihajajoci-smucarski-sezoni-apres-ski-kot-ga-poznamo-ne-bo-mogoc\/"},"wordCount":235,"publisher":{"@id":"https:\/\/hudo.com\/si\/#organization"},"keywords":["Apres ski","Avstrija","koronavirus","Sebastian Kurz","Smu\u010danje","smu\u010di\u0161\u010da"],"articleSection":["Aktualno"],"inLanguage":"sl-SI"},{"@type":"WebPage","@id":"https:\/\/hudo.com\/si\/aktualno\/avstrijski-kanzler-kurz-o-prihajajoci-smucarski-sezoni-apres-ski-kot-ga-poznamo-ne-bo-mogoc\/","url":"https:\/\/hudo.com\/si\/aktualno\/avstrijski-kanzler-kurz-o-prihajajoci-smucarski-sezoni-apres-ski-kot-ga-poznamo-ne-bo-mogoc\/","name":"Avstrijski kanzler Kurz o prihajajo\u010di smu\u010darski sezoni: \"Apres ski, kot ga poznamo, ne bo mogo\u010d\" - Hudo Slovenija","isPartOf":{"@id":"https:\/\/hudo.com\/si\/#website"},"datePublished":"2020-09-24T10:18:13+00:00","dateModified":"2020-09-24T10:18:13+00:00","breadcrumb":{"@id":"https:\/\/hudo.com\/si\/aktualno\/avstrijski-kanzler-kurz-o-prihajajoci-smucarski-sezoni-apres-ski-kot-ga-poznamo-ne-bo-mogoc\/#breadcrumb"},"inLanguage":"sl-SI","potentialAction":[{"@type":"ReadAction","target":["https:\/\/hudo.com\/si\/aktualno\/avstrijski-kanzler-kurz-o-prihajajoci-smucarski-sezoni-apres-ski-kot-ga-poznamo-ne-bo-mogoc\/"]}]},{"@type":"BreadcrumbList","@id":"https:\/\/hudo.com\/si\/aktualno\/avstrijski-kanzler-kurz-o-prihajajoci-smucarski-sezoni-apres-ski-kot-ga-poznamo-ne-bo-mogoc\/#breadcrumb","itemListElement":[{"@type":"ListItem","position":1,"name":"Home","item":"https:\/\/hudo.com\/si\/"},{"@type":"ListItem","position":2,"name":"Avstrijski kanzler Kurz o prihajajo\u010di smu\u010darski sezoni: &#8220;Apres ski, kot ga poznamo, ne bo mogo\u010d&#8221;"}]},{"@type":"WebSite","@id":"https:\/\/hudo.com\/si\/#website","url":"https:\/\/hudo.com\/si\/","name":"Hudo Slovenija","description":"Vse novice iz Slovenije in sveta","publisher":{"@id":"https:\/\/hudo.com\/si\/#organization"},"potentialAction":[{"@type":"SearchAction","target":{"@type":"EntryPoint","urlTemplate":"https:\/\/hudo.com\/si\/?s={search_term_string}"},"query-input":"required name=search_term_string"}],"inLanguage":"sl-SI"},{"@type":"Organization","@id":"https:\/\/hudo.com\/si\/#organization","name":"VSN Media","url":"https:\/\/hudo.com\/si\/","logo":{"@type":"ImageObject","inLanguage":"sl-SI","@id":"https:\/\/hudo.com\/si\/#\/schema\/logo\/image\/","url":"https:\/\/hudo.com\/si\/wp-content\/uploads\/sites\/2\/2021\/03\/hudo-app-2.png","contentUrl":"https:\/\/hudo.com\/si\/wp-content\/uploads\/sites\/2\/2021\/03\/hudo-app-2.png","width":2185,"height":2167,"caption":"VSN Media"},"image":{"@id":"https:\/\/hudo.com\/si\/#\/schema\/logo\/image\/"},"sameAs":["https:\/\/www.facebook.com\/hudo.si","https:\/\/twitter.com\/hudo_si"]},{"@type":"Person","@id":"https:\/\/hudo.com\/si\/#\/schema\/person\/c2f10ce65d2e6ede2aeda5be2a0611fa","name":"M. N., STA","image":{"@type":"ImageObject","inLanguage":"sl-SI","@id":"https:\/\/hudo.com\/si\/#\/schema\/person\/image\/","url":"https:\/\/secure.gravatar.com\/avatar\/f370d38daa10467f755c5c766a4cac20?s=96&d=mm&r=g","contentUrl":"https:\/\/secure.gravatar.com\/avatar\/f370d38daa10467f755c5c766a4cac20?s=96&d=mm&r=g","caption":"M. N., STA"},"url":"https:\/\/hudo.com\/si\/author\/mana\/"}]}},"amp_enabled":true,"_links":{"self":[{"href":"https:\/\/hudo.com\/si\/wp-json\/wp\/v2\/posts\/433726"}],"collection":[{"href":"https:\/\/hudo.com\/si\/wp-json\/wp\/v2\/posts"}],"about":[{"href":"https:\/\/hudo.com\/si\/wp-json\/wp\/v2\/types\/post"}],"author":[{"embeddable":true,"href":"https:\/\/hudo.com\/si\/wp-json\/wp\/v2\/users\/8"}],"replies":[{"embeddable":true,"href":"https:\/\/hudo.com\/si\/wp-json\/wp\/v2\/comments?post=433726"}],"version-history":[{"count":1,"href":"https:\/\/hudo.com\/si\/wp-json\/wp\/v2\/posts\/433726\/revisions"}],"predecessor-version":[{"id":433727,"href":"https:\/\/hudo.com\/si\/wp-json\/wp\/v2\/posts\/433726\/revisions\/433727"}],"wp:featuredmedia":[{"embeddable":true,"href":"https:\/\/hudo.com\/si\/wp-json\/wp\/v2\/media\/388284"}],"wp:attachment":[{"href":"https:\/\/hudo.com\/si\/wp-json\/wp\/v2\/media?parent=433726"}],"wp:term":[{"taxonomy":"category","embeddable":true,"href":"https:\/\/hudo.com\/si\/wp-json\/wp\/v2\/categories?post=433726"},{"taxonomy":"post_tag","embeddable":true,"href":"https:\/\/hudo.com\/si\/wp-json\/wp\/v2\/tags?post=433726"},{"taxonomy":"source","embeddable":true,"href":"https:\/\/hudo.com\/si\/wp-json\/wp\/v2\/source?post=433726"},{"taxonomy":"supertag","embeddable":true,"href":"https:\/\/hudo.com\/si\/wp-json\/wp\/v2\/supertag?post=433726"}],"curies":[{"name":"wp","href":"https:\/\/api.w.org\/{rel}","templated":true}]}}