{"id":433842,"date":"2020-09-25T13:27:41","date_gmt":"2020-09-25T11:27:41","guid":{"rendered":"http:\/\/hudo.com\/si\/?p=433842"},"modified":"2020-09-25T13:27:41","modified_gmt":"2020-09-25T11:27:41","slug":"v-napadu-z-nozem-v-srediscu-pariza-vec-ranjenih","status":"publish","type":"post","link":"https:\/\/hudo.com\/si\/aktualno\/v-napadu-z-nozem-v-srediscu-pariza-vec-ranjenih\/","title":{"rendered":"V napadu z no\u017eem v sredi\u0161\u010du Pariza ve\u010d ranjenih"},"content":{"rendered":"<p>Napad se je zgodil v \u010dasu, ko v Parizu poteka sodni proces proti domnevnim pomaga\u010dem napadalcev na Charlie Hebdo. V tem napadu januarja 2015 je umrlo 12 ljudi. Satiri\u010dni tednik je nedavno znova objavil karikature preroka Mohameda in je znova prejel gro\u017enje z napadi.<\/p>\n","protected":false},"excerpt":{"rendered":"<p>V sredi\u0161\u010du Pariza se je danes zgodil napad z no\u017eem, v katerem so bili ranjeni \u0161tirje ljudje, je sporo\u010dil francoski premier Jean Castex. Stanje dveh ranjenih je po navedbah policije kriti\u010dno. Dva osumljenca za napad blizu nekdanjih prostorov francoskega satiri\u010dnega tednika Charlie Hebdo sta na begu, poro\u010da francoska tiskovna agencija AFP.<\/p>\n","protected":false},"author":5,"featured_media":372229,"comment_status":"closed","ping_status":"closed","sticky":false,"template":"","format":"standard","meta":{"footnotes":""},"categories":[1179],"tags":[10697,3073],"source":[4511],"supertag":[],"acf":[],"yoast_head":"<!-- This site is optimized with the Yoast SEO plugin v21.3 - https:\/\/yoast.com\/wordpress\/plugins\/seo\/ -->\n<title>V napadu z no\u017eem v sredi\u0161\u010du Pariza ve\u010d ranjenih - Hudo Slovenija<\/title>\n<meta name=\"robots\" content=\"index, follow, max-snippet:-1, max-image-preview:large, max-video-preview:-1\" \/>\n<link rel=\"canonical\" href=\"https:\/\/hudo.com\/si\/aktualno\/v-napadu-z-nozem-v-srediscu-pariza-vec-ranjenih\/\" \/>\n<meta property=\"og:locale\" content=\"sl_SI\" \/>\n<meta property=\"og:type\" content=\"article\" \/>\n<meta property=\"og:title\" content=\"V napadu z no\u017eem v sredi\u0161\u010du Pariza ve\u010d ranjenih - Hudo Slovenija\" \/>\n<meta property=\"og:description\" content=\"V sredi\u0161\u010du Pariza se je danes zgodil napad z no\u017eem, v katerem so bili ranjeni \u0161tirje ljudje, je sporo\u010dil francoski premier Jean Castex. Stanje dveh ranjenih je po navedbah policije kriti\u010dno. Dva osumljenca za napad blizu nekdanjih prostorov francoskega satiri\u010dnega tednika Charlie Hebdo sta na begu, poro\u010da francoska tiskovna agencija AFP.\" \/>\n<meta property=\"og:url\" content=\"https:\/\/hudo.com\/si\/aktualno\/v-napadu-z-nozem-v-srediscu-pariza-vec-ranjenih\/\" \/>\n<meta property=\"og:site_name\" content=\"Hudo Slovenija\" \/>\n<meta property=\"article:publisher\" content=\"https:\/\/www.facebook.com\/hudo.si\" \/>\n<meta property=\"article:published_time\" content=\"2020-09-25T11:27:41+00:00\" \/>\n<meta property=\"og:image\" content=\"https:\/\/hudo.com\/si\/wp-content\/uploads\/sites\/2\/2018\/06\/profimedia-0147637075.jpg\" \/>\n\t<meta property=\"og:image:width\" content=\"1250\" \/>\n\t<meta property=\"og:image:height\" content=\"834\" \/>\n\t<meta property=\"og:image:type\" content=\"image\/jpeg\" \/>\n<meta name=\"author\" content=\"A. G., STA\" \/>\n<meta name=\"twitter:card\" content=\"summary_large_image\" \/>\n<meta name=\"twitter:creator\" content=\"@hudo_si\" \/>\n<meta name=\"twitter:site\" content=\"@hudo_si\" \/>\n<meta name=\"twitter:label1\" content=\"Written by\" \/>\n\t<meta name=\"twitter:data1\" content=\"A. G., STA\" \/>\n<script type=\"application\/ld+json\" class=\"yoast-schema-graph\">{\"@context\":\"https:\/\/schema.org\",\"@graph\":[{\"@type\":\"Article\",\"@id\":\"https:\/\/hudo.com\/si\/aktualno\/v-napadu-z-nozem-v-srediscu-pariza-vec-ranjenih\/#article\",\"isPartOf\":{\"@id\":\"https:\/\/hudo.com\/si\/aktualno\/v-napadu-z-nozem-v-srediscu-pariza-vec-ranjenih\/\"},\"author\":{\"name\":\"A. G., STA\",\"@id\":\"https:\/\/hudo.com\/si\/#\/schema\/person\/2391667a63ea075ba94f2f2dc6b77537\"},\"headline\":\"V napadu z no\u017eem v sredi\u0161\u010du Pariza ve\u010d ranjenih\",\"datePublished\":\"2020-09-25T11:27:41+00:00\",\"dateModified\":\"2020-09-25T11:27:41+00:00\",\"mainEntityOfPage\":{\"@id\":\"https:\/\/hudo.com\/si\/aktualno\/v-napadu-z-nozem-v-srediscu-pariza-vec-ranjenih\/\"},\"wordCount\":56,\"publisher\":{\"@id\":\"https:\/\/hudo.com\/si\/#organization\"},\"keywords\":[\"napad z no\u017eem\",\"pariz\"],\"articleSection\":[\"Aktualno\"],\"inLanguage\":\"sl-SI\"},{\"@type\":\"WebPage\",\"@id\":\"https:\/\/hudo.com\/si\/aktualno\/v-napadu-z-nozem-v-srediscu-pariza-vec-ranjenih\/\",\"url\":\"https:\/\/hudo.com\/si\/aktualno\/v-napadu-z-nozem-v-srediscu-pariza-vec-ranjenih\/\",\"name\":\"V napadu z no\u017eem v sredi\u0161\u010du Pariza ve\u010d ranjenih - Hudo Slovenija\",\"isPartOf\":{\"@id\":\"https:\/\/hudo.com\/si\/#website\"},\"datePublished\":\"2020-09-25T11:27:41+00:00\",\"dateModified\":\"2020-09-25T11:27:41+00:00\",\"breadcrumb\":{\"@id\":\"https:\/\/hudo.com\/si\/aktualno\/v-napadu-z-nozem-v-srediscu-pariza-vec-ranjenih\/#breadcrumb\"},\"inLanguage\":\"sl-SI\",\"potentialAction\":[{\"@type\":\"ReadAction\",\"target\":[\"https:\/\/hudo.com\/si\/aktualno\/v-napadu-z-nozem-v-srediscu-pariza-vec-ranjenih\/\"]}]},{\"@type\":\"BreadcrumbList\",\"@id\":\"https:\/\/hudo.com\/si\/aktualno\/v-napadu-z-nozem-v-srediscu-pariza-vec-ranjenih\/#breadcrumb\",\"itemListElement\":[{\"@type\":\"ListItem\",\"position\":1,\"name\":\"Home\",\"item\":\"https:\/\/hudo.com\/si\/\"},{\"@type\":\"ListItem\",\"position\":2,\"name\":\"V napadu z no\u017eem v sredi\u0161\u010du Pariza ve\u010d ranjenih\"}]},{\"@type\":\"WebSite\",\"@id\":\"https:\/\/hudo.com\/si\/#website\",\"url\":\"https:\/\/hudo.com\/si\/\",\"name\":\"Hudo Slovenija\",\"description\":\"Vse novice iz Slovenije in sveta\",\"publisher\":{\"@id\":\"https:\/\/hudo.com\/si\/#organization\"},\"potentialAction\":[{\"@type\":\"SearchAction\",\"target\":{\"@type\":\"EntryPoint\",\"urlTemplate\":\"https:\/\/hudo.com\/si\/?s={search_term_string}\"},\"query-input\":\"required name=search_term_string\"}],\"inLanguage\":\"sl-SI\"},{\"@type\":\"Organization\",\"@id\":\"https:\/\/hudo.com\/si\/#organization\",\"name\":\"VSN Media\",\"url\":\"https:\/\/hudo.com\/si\/\",\"logo\":{\"@type\":\"ImageObject\",\"inLanguage\":\"sl-SI\",\"@id\":\"https:\/\/hudo.com\/si\/#\/schema\/logo\/image\/\",\"url\":\"https:\/\/hudo.com\/si\/wp-content\/uploads\/sites\/2\/2021\/03\/hudo-app-2.png\",\"contentUrl\":\"https:\/\/hudo.com\/si\/wp-content\/uploads\/sites\/2\/2021\/03\/hudo-app-2.png\",\"width\":2185,\"height\":2167,\"caption\":\"VSN Media\"},\"image\":{\"@id\":\"https:\/\/hudo.com\/si\/#\/schema\/logo\/image\/\"},\"sameAs\":[\"https:\/\/www.facebook.com\/hudo.si\",\"https:\/\/twitter.com\/hudo_si\"]},{\"@type\":\"Person\",\"@id\":\"https:\/\/hudo.com\/si\/#\/schema\/person\/2391667a63ea075ba94f2f2dc6b77537\",\"name\":\"A. G., STA\",\"image\":{\"@type\":\"ImageObject\",\"inLanguage\":\"sl-SI\",\"@id\":\"https:\/\/hudo.com\/si\/#\/schema\/person\/image\/\",\"url\":\"https:\/\/secure.gravatar.com\/avatar\/e13d22ac3e442658d5025fbbe6238a79?s=96&d=mm&r=g\",\"contentUrl\":\"https:\/\/secure.gravatar.com\/avatar\/e13d22ac3e442658d5025fbbe6238a79?s=96&d=mm&r=g\",\"caption\":\"A. G., STA\"},\"url\":\"https:\/\/hudo.com\/si\/author\/alenka\/\"}]}<\/script>\n<!-- \/ Yoast SEO plugin. -->","yoast_head_json":{"title":"V napadu z no\u017eem v sredi\u0161\u010du Pariza ve\u010d ranjenih - Hudo Slovenija","robots":{"index":"index","follow":"follow","max-snippet":"max-snippet:-1","max-image-preview":"max-image-preview:large","max-video-preview":"max-video-preview:-1"},"canonical":"https:\/\/hudo.com\/si\/aktualno\/v-napadu-z-nozem-v-srediscu-pariza-vec-ranjenih\/","og_locale":"sl_SI","og_type":"article","og_title":"V napadu z no\u017eem v sredi\u0161\u010du Pariza ve\u010d ranjenih - Hudo Slovenija","og_description":"V sredi\u0161\u010du Pariza se je danes zgodil napad z no\u017eem, v katerem so bili ranjeni \u0161tirje ljudje, je sporo\u010dil francoski premier Jean Castex. Stanje dveh ranjenih je po navedbah policije kriti\u010dno. Dva osumljenca za napad blizu nekdanjih prostorov francoskega satiri\u010dnega tednika Charlie Hebdo sta na begu, poro\u010da francoska tiskovna agencija AFP.","og_url":"https:\/\/hudo.com\/si\/aktualno\/v-napadu-z-nozem-v-srediscu-pariza-vec-ranjenih\/","og_site_name":"Hudo Slovenija","article_publisher":"https:\/\/www.facebook.com\/hudo.si","article_published_time":"2020-09-25T11:27:41+00:00","og_image":[{"width":1250,"height":834,"url":"https:\/\/hudo.com\/si\/wp-content\/uploads\/sites\/2\/2018\/06\/profimedia-0147637075.jpg","type":"image\/jpeg"}],"author":"A. G., STA","twitter_card":"summary_large_image","twitter_creator":"@hudo_si","twitter_site":"@hudo_si","twitter_misc":{"Written by":"A. G., STA"},"schema":{"@context":"https:\/\/schema.org","@graph":[{"@type":"Article","@id":"https:\/\/hudo.com\/si\/aktualno\/v-napadu-z-nozem-v-srediscu-pariza-vec-ranjenih\/#article","isPartOf":{"@id":"https:\/\/hudo.com\/si\/aktualno\/v-napadu-z-nozem-v-srediscu-pariza-vec-ranjenih\/"},"author":{"name":"A. G., STA","@id":"https:\/\/hudo.com\/si\/#\/schema\/person\/2391667a63ea075ba94f2f2dc6b77537"},"headline":"V napadu z no\u017eem v sredi\u0161\u010du Pariza ve\u010d ranjenih","datePublished":"2020-09-25T11:27:41+00:00","dateModified":"2020-09-25T11:27:41+00:00","mainEntityOfPage":{"@id":"https:\/\/hudo.com\/si\/aktualno\/v-napadu-z-nozem-v-srediscu-pariza-vec-ranjenih\/"},"wordCount":56,"publisher":{"@id":"https:\/\/hudo.com\/si\/#organization"},"keywords":["napad z no\u017eem","pariz"],"articleSection":["Aktualno"],"inLanguage":"sl-SI"},{"@type":"WebPage","@id":"https:\/\/hudo.com\/si\/aktualno\/v-napadu-z-nozem-v-srediscu-pariza-vec-ranjenih\/","url":"https:\/\/hudo.com\/si\/aktualno\/v-napadu-z-nozem-v-srediscu-pariza-vec-ranjenih\/","name":"V napadu z no\u017eem v sredi\u0161\u010du Pariza ve\u010d ranjenih - Hudo Slovenija","isPartOf":{"@id":"https:\/\/hudo.com\/si\/#website"},"datePublished":"2020-09-25T11:27:41+00:00","dateModified":"2020-09-25T11:27:41+00:00","breadcrumb":{"@id":"https:\/\/hudo.com\/si\/aktualno\/v-napadu-z-nozem-v-srediscu-pariza-vec-ranjenih\/#breadcrumb"},"inLanguage":"sl-SI","potentialAction":[{"@type":"ReadAction","target":["https:\/\/hudo.com\/si\/aktualno\/v-napadu-z-nozem-v-srediscu-pariza-vec-ranjenih\/"]}]},{"@type":"BreadcrumbList","@id":"https:\/\/hudo.com\/si\/aktualno\/v-napadu-z-nozem-v-srediscu-pariza-vec-ranjenih\/#breadcrumb","itemListElement":[{"@type":"ListItem","position":1,"name":"Home","item":"https:\/\/hudo.com\/si\/"},{"@type":"ListItem","position":2,"name":"V napadu z no\u017eem v sredi\u0161\u010du Pariza ve\u010d ranjenih"}]},{"@type":"WebSite","@id":"https:\/\/hudo.com\/si\/#website","url":"https:\/\/hudo.com\/si\/","name":"Hudo Slovenija","description":"Vse novice iz Slovenije in sveta","publisher":{"@id":"https:\/\/hudo.com\/si\/#organization"},"potentialAction":[{"@type":"SearchAction","target":{"@type":"EntryPoint","urlTemplate":"https:\/\/hudo.com\/si\/?s={search_term_string}"},"query-input":"required name=search_term_string"}],"inLanguage":"sl-SI"},{"@type":"Organization","@id":"https:\/\/hudo.com\/si\/#organization","name":"VSN Media","url":"https:\/\/hudo.com\/si\/","logo":{"@type":"ImageObject","inLanguage":"sl-SI","@id":"https:\/\/hudo.com\/si\/#\/schema\/logo\/image\/","url":"https:\/\/hudo.com\/si\/wp-content\/uploads\/sites\/2\/2021\/03\/hudo-app-2.png","contentUrl":"https:\/\/hudo.com\/si\/wp-content\/uploads\/sites\/2\/2021\/03\/hudo-app-2.png","width":2185,"height":2167,"caption":"VSN Media"},"image":{"@id":"https:\/\/hudo.com\/si\/#\/schema\/logo\/image\/"},"sameAs":["https:\/\/www.facebook.com\/hudo.si","https:\/\/twitter.com\/hudo_si"]},{"@type":"Person","@id":"https:\/\/hudo.com\/si\/#\/schema\/person\/2391667a63ea075ba94f2f2dc6b77537","name":"A. G., STA","image":{"@type":"ImageObject","inLanguage":"sl-SI","@id":"https:\/\/hudo.com\/si\/#\/schema\/person\/image\/","url":"https:\/\/secure.gravatar.com\/avatar\/e13d22ac3e442658d5025fbbe6238a79?s=96&d=mm&r=g","contentUrl":"https:\/\/secure.gravatar.com\/avatar\/e13d22ac3e442658d5025fbbe6238a79?s=96&d=mm&r=g","caption":"A. G., STA"},"url":"https:\/\/hudo.com\/si\/author\/alenka\/"}]}},"amp_enabled":true,"_links":{"self":[{"href":"https:\/\/hudo.com\/si\/wp-json\/wp\/v2\/posts\/433842"}],"collection":[{"href":"https:\/\/hudo.com\/si\/wp-json\/wp\/v2\/posts"}],"about":[{"href":"https:\/\/hudo.com\/si\/wp-json\/wp\/v2\/types\/post"}],"author":[{"embeddable":true,"href":"https:\/\/hudo.com\/si\/wp-json\/wp\/v2\/users\/5"}],"replies":[{"embeddable":true,"href":"https:\/\/hudo.com\/si\/wp-json\/wp\/v2\/comments?post=433842"}],"version-history":[{"count":1,"href":"https:\/\/hudo.com\/si\/wp-json\/wp\/v2\/posts\/433842\/revisions"}],"predecessor-version":[{"id":433843,"href":"https:\/\/hudo.com\/si\/wp-json\/wp\/v2\/posts\/433842\/revisions\/433843"}],"wp:featuredmedia":[{"embeddable":true,"href":"https:\/\/hudo.com\/si\/wp-json\/wp\/v2\/media\/372229"}],"wp:attachment":[{"href":"https:\/\/hudo.com\/si\/wp-json\/wp\/v2\/media?parent=433842"}],"wp:term":[{"taxonomy":"category","embeddable":true,"href":"https:\/\/hudo.com\/si\/wp-json\/wp\/v2\/categories?post=433842"},{"taxonomy":"post_tag","embeddable":true,"href":"https:\/\/hudo.com\/si\/wp-json\/wp\/v2\/tags?post=433842"},{"taxonomy":"source","embeddable":true,"href":"https:\/\/hudo.com\/si\/wp-json\/wp\/v2\/source?post=433842"},{"taxonomy":"supertag","embeddable":true,"href":"https:\/\/hudo.com\/si\/wp-json\/wp\/v2\/supertag?post=433842"}],"curies":[{"name":"wp","href":"https:\/\/api.w.org\/{rel}","templated":true}]}}