{"id":433956,"date":"2020-09-27T17:57:29","date_gmt":"2020-09-27T15:57:29","guid":{"rendered":"http:\/\/hudo.com\/si\/?p=433956"},"modified":"2020-09-27T17:57:29","modified_gmt":"2020-09-27T15:57:29","slug":"belorusi-po-zaprisegi-lukasenka-znova-na-ulicah","status":"publish","type":"post","link":"https:\/\/hudo.com\/si\/aktualno\/belorusi-po-zaprisegi-lukasenka-znova-na-ulicah\/","title":{"rendered":"Belorusi po zaprisegi Luka\u0161enka znova na ulicah"},"content":{"rendered":"<p>V prestolnici Minsk se je danes zbralo pribli\u017eno 50.000 protestnikov, ki so se kljub de\u017eju podali na protestni shod po mestu, vendar pa je bila mno\u017eica tokrat vidno manj\u0161a kot prej\u0161nji konec tedna, poro\u010da nem\u0161ka tiskovna agencija dpa. Policija je v Minsku aretirala ve\u010d kot 40 ljudi, je sporo\u010dila beloruska organizacija za \u010dlovekove pravice Vjasna (Pomlad).<\/p>\n<p>V mestu Gomel je policija protestnike razgnala s solzivcem, v mestu Mogilev pa je proti njim uporabila tudi gumijaste naboje. O aretacijah poro\u010dajo tudi iz Bresta in Grodnoga.<\/p>\n<p>Policija je \u017ee pred dana\u0161njim zborovanjem v podporo opozicijski voditeljici Svetlani Tihanovski, ki v o\u010deh opozicije velja za pravo zmagovalko predsedni\u0161kih volitev 9. avgusta, sporo\u010dila, da je aretirala &#8220;ve\u010d ljudi&#8221;, poro\u010da francoska tiskovna agencija AFP.<\/p>\n<p>Dolgoletni predsednik Belorusije Luka\u0161enko je v sredo na slovesnosti, ki ni bila vnaprej napovedana, v Minsku prisegel za \u0161esti mandat.<\/p>\n<p>Opozicija je zato Beloruse za danes pozvala k shodu podpore Tihanovski, ki naj bi jo na t. i. prisegi naroda simboli\u010dno imenovali za predsednico dr\u017eave.<\/p>\n<p>Pred za\u010detkom zborovanja so v sredi\u0161\u010du Minska zaprli ve\u010d postaj podzemne \u017eeleznice. Pred Pala\u010do neodvisnosti, kjer je Luka\u0161enkova rezidenca, so postavili ograjo, poslopje pa varuje ve\u010dje \u0161tevilo policistov, s kraja dogajanja poro\u010da dopisnik AFP.<\/p>\n<p>Na videoposnetkih, objavljenih na dru\u017ebenih omre\u017ejih, je videti oklepna vozila in vodne topove, ki so name\u0161\u010deni na ulicah glavnega mesta.<\/p>\n<p>Osrednji trgi v Minsku in nakupovalna sredi\u0161\u010da, kamor so se protestniki pred nasiljem policije zatekli med minulimi protesti, so prav tako zaprti. Protesti v dr\u017eavi sicer potekajo \u017ee vse od predsedni\u0161kih volitev 9. avgusta, na katerih je Luka\u0161enko po navedbah volilne komisije prejel ve\u010d kot 80 odstotkov odstotkov glasov, Tihanovska, ki se je medtem zatekla v Litvo, pa 10 odstotkov. Opozicija volilnih izidov sicer ne priznava.<\/p>\n<p>Na sobotnem protestnem shodu v Minsku, na katerem \u017ee tradicionalno protestirajo \u017eenske, je policija po podatkih notranjega ministrstva prijela okoli 150 ljudi, poro\u010da nem\u0161ka tiskovna agencija dpa.<\/p>\n","protected":false},"excerpt":{"rendered":"<p>Na ulicah beloruskih mest se je danes znova zbralo na desettiso\u010de protestnikov, ki ne priznavajo zmage predsednika Aleksandra Luka\u0161enka na avgustovskih volitvah in zahtevajo njegov odstop. Policija je aretirala ve\u010d deset protestnikov, v mestu Gomel pa je proti njim uporabila solzivec, poro\u010dajo tuje tiskovne agencije.<\/p>\n","protected":false},"author":7,"featured_media":431025,"comment_status":"closed","ping_status":"closed","sticky":false,"template":"","format":"standard","meta":{"footnotes":""},"categories":[1179],"tags":[8706,8707],"source":[4511],"supertag":[],"acf":[],"yoast_head":"<!-- This site is optimized with the Yoast SEO plugin v21.3 - https:\/\/yoast.com\/wordpress\/plugins\/seo\/ -->\n<title>Belorusi po zaprisegi Luka\u0161enka znova na ulicah - Hudo Slovenija<\/title>\n<meta name=\"robots\" content=\"index, follow, max-snippet:-1, max-image-preview:large, max-video-preview:-1\" \/>\n<link rel=\"canonical\" href=\"https:\/\/hudo.com\/si\/aktualno\/belorusi-po-zaprisegi-lukasenka-znova-na-ulicah\/\" \/>\n<meta property=\"og:locale\" content=\"sl_SI\" \/>\n<meta property=\"og:type\" content=\"article\" \/>\n<meta property=\"og:title\" content=\"Belorusi po zaprisegi Luka\u0161enka znova na ulicah - Hudo Slovenija\" \/>\n<meta property=\"og:description\" content=\"Na ulicah beloruskih mest se je danes znova zbralo na desettiso\u010de protestnikov, ki ne priznavajo zmage predsednika Aleksandra Luka\u0161enka na avgustovskih volitvah in zahtevajo njegov odstop. Policija je aretirala ve\u010d deset protestnikov, v mestu Gomel pa je proti njim uporabila solzivec, poro\u010dajo tuje tiskovne agencije.\" \/>\n<meta property=\"og:url\" content=\"https:\/\/hudo.com\/si\/aktualno\/belorusi-po-zaprisegi-lukasenka-znova-na-ulicah\/\" \/>\n<meta property=\"og:site_name\" content=\"Hudo Slovenija\" \/>\n<meta property=\"article:publisher\" content=\"https:\/\/www.facebook.com\/hudo.si\" \/>\n<meta property=\"article:published_time\" content=\"2020-09-27T15:57:29+00:00\" \/>\n<meta property=\"og:image\" content=\"https:\/\/hudo.com\/si\/wp-content\/uploads\/sites\/2\/2020\/08\/profimedia-0554658968.jpg\" \/>\n\t<meta property=\"og:image:width\" content=\"1250\" \/>\n\t<meta property=\"og:image:height\" content=\"790\" \/>\n\t<meta property=\"og:image:type\" content=\"image\/jpeg\" \/>\n<meta name=\"author\" content=\"A. P., STA\" \/>\n<meta name=\"twitter:card\" content=\"summary_large_image\" \/>\n<meta name=\"twitter:creator\" content=\"@hudo_si\" \/>\n<meta name=\"twitter:site\" content=\"@hudo_si\" \/>\n<meta name=\"twitter:label1\" content=\"Written by\" \/>\n\t<meta name=\"twitter:data1\" content=\"A. P., STA\" \/>\n\t<meta name=\"twitter:label2\" content=\"Est. reading time\" \/>\n\t<meta name=\"twitter:data2\" content=\"2 minuti\" \/>\n<script type=\"application\/ld+json\" class=\"yoast-schema-graph\">{\"@context\":\"https:\/\/schema.org\",\"@graph\":[{\"@type\":\"Article\",\"@id\":\"https:\/\/hudo.com\/si\/aktualno\/belorusi-po-zaprisegi-lukasenka-znova-na-ulicah\/#article\",\"isPartOf\":{\"@id\":\"https:\/\/hudo.com\/si\/aktualno\/belorusi-po-zaprisegi-lukasenka-znova-na-ulicah\/\"},\"author\":{\"name\":\"A. P., STA\",\"@id\":\"https:\/\/hudo.com\/si\/#\/schema\/person\/18f09c02475ba9e606e941a565b80cff\"},\"headline\":\"Belorusi po zaprisegi Luka\u0161enka znova na ulicah\",\"datePublished\":\"2020-09-27T15:57:29+00:00\",\"dateModified\":\"2020-09-27T15:57:29+00:00\",\"mainEntityOfPage\":{\"@id\":\"https:\/\/hudo.com\/si\/aktualno\/belorusi-po-zaprisegi-lukasenka-znova-na-ulicah\/\"},\"wordCount\":344,\"publisher\":{\"@id\":\"https:\/\/hudo.com\/si\/#organization\"},\"keywords\":[\"Aleksander Luka\u0161enko\",\"Belorusija\"],\"articleSection\":[\"Aktualno\"],\"inLanguage\":\"sl-SI\"},{\"@type\":\"WebPage\",\"@id\":\"https:\/\/hudo.com\/si\/aktualno\/belorusi-po-zaprisegi-lukasenka-znova-na-ulicah\/\",\"url\":\"https:\/\/hudo.com\/si\/aktualno\/belorusi-po-zaprisegi-lukasenka-znova-na-ulicah\/\",\"name\":\"Belorusi po zaprisegi Luka\u0161enka znova na ulicah - Hudo Slovenija\",\"isPartOf\":{\"@id\":\"https:\/\/hudo.com\/si\/#website\"},\"datePublished\":\"2020-09-27T15:57:29+00:00\",\"dateModified\":\"2020-09-27T15:57:29+00:00\",\"breadcrumb\":{\"@id\":\"https:\/\/hudo.com\/si\/aktualno\/belorusi-po-zaprisegi-lukasenka-znova-na-ulicah\/#breadcrumb\"},\"inLanguage\":\"sl-SI\",\"potentialAction\":[{\"@type\":\"ReadAction\",\"target\":[\"https:\/\/hudo.com\/si\/aktualno\/belorusi-po-zaprisegi-lukasenka-znova-na-ulicah\/\"]}]},{\"@type\":\"BreadcrumbList\",\"@id\":\"https:\/\/hudo.com\/si\/aktualno\/belorusi-po-zaprisegi-lukasenka-znova-na-ulicah\/#breadcrumb\",\"itemListElement\":[{\"@type\":\"ListItem\",\"position\":1,\"name\":\"Home\",\"item\":\"https:\/\/hudo.com\/si\/\"},{\"@type\":\"ListItem\",\"position\":2,\"name\":\"Belorusi po zaprisegi Luka\u0161enka znova na ulicah\"}]},{\"@type\":\"WebSite\",\"@id\":\"https:\/\/hudo.com\/si\/#website\",\"url\":\"https:\/\/hudo.com\/si\/\",\"name\":\"Hudo Slovenija\",\"description\":\"Vse novice iz Slovenije in sveta\",\"publisher\":{\"@id\":\"https:\/\/hudo.com\/si\/#organization\"},\"potentialAction\":[{\"@type\":\"SearchAction\",\"target\":{\"@type\":\"EntryPoint\",\"urlTemplate\":\"https:\/\/hudo.com\/si\/?s={search_term_string}\"},\"query-input\":\"required name=search_term_string\"}],\"inLanguage\":\"sl-SI\"},{\"@type\":\"Organization\",\"@id\":\"https:\/\/hudo.com\/si\/#organization\",\"name\":\"VSN Media\",\"url\":\"https:\/\/hudo.com\/si\/\",\"logo\":{\"@type\":\"ImageObject\",\"inLanguage\":\"sl-SI\",\"@id\":\"https:\/\/hudo.com\/si\/#\/schema\/logo\/image\/\",\"url\":\"https:\/\/hudo.com\/si\/wp-content\/uploads\/sites\/2\/2021\/03\/hudo-app-2.png\",\"contentUrl\":\"https:\/\/hudo.com\/si\/wp-content\/uploads\/sites\/2\/2021\/03\/hudo-app-2.png\",\"width\":2185,\"height\":2167,\"caption\":\"VSN Media\"},\"image\":{\"@id\":\"https:\/\/hudo.com\/si\/#\/schema\/logo\/image\/\"},\"sameAs\":[\"https:\/\/www.facebook.com\/hudo.si\",\"https:\/\/twitter.com\/hudo_si\"]},{\"@type\":\"Person\",\"@id\":\"https:\/\/hudo.com\/si\/#\/schema\/person\/18f09c02475ba9e606e941a565b80cff\",\"name\":\"A. P., STA\",\"image\":{\"@type\":\"ImageObject\",\"inLanguage\":\"sl-SI\",\"@id\":\"https:\/\/hudo.com\/si\/#\/schema\/person\/image\/\",\"url\":\"https:\/\/secure.gravatar.com\/avatar\/03eac8e609f5f04383125d80eaeaaf3e?s=96&d=mm&r=g\",\"contentUrl\":\"https:\/\/secure.gravatar.com\/avatar\/03eac8e609f5f04383125d80eaeaaf3e?s=96&d=mm&r=g\",\"caption\":\"A. P., STA\"},\"url\":\"https:\/\/hudo.com\/si\/author\/lubu\/\"}]}<\/script>\n<!-- \/ Yoast SEO plugin. -->","yoast_head_json":{"title":"Belorusi po zaprisegi Luka\u0161enka znova na ulicah - Hudo Slovenija","robots":{"index":"index","follow":"follow","max-snippet":"max-snippet:-1","max-image-preview":"max-image-preview:large","max-video-preview":"max-video-preview:-1"},"canonical":"https:\/\/hudo.com\/si\/aktualno\/belorusi-po-zaprisegi-lukasenka-znova-na-ulicah\/","og_locale":"sl_SI","og_type":"article","og_title":"Belorusi po zaprisegi Luka\u0161enka znova na ulicah - Hudo Slovenija","og_description":"Na ulicah beloruskih mest se je danes znova zbralo na desettiso\u010de protestnikov, ki ne priznavajo zmage predsednika Aleksandra Luka\u0161enka na avgustovskih volitvah in zahtevajo njegov odstop. Policija je aretirala ve\u010d deset protestnikov, v mestu Gomel pa je proti njim uporabila solzivec, poro\u010dajo tuje tiskovne agencije.","og_url":"https:\/\/hudo.com\/si\/aktualno\/belorusi-po-zaprisegi-lukasenka-znova-na-ulicah\/","og_site_name":"Hudo Slovenija","article_publisher":"https:\/\/www.facebook.com\/hudo.si","article_published_time":"2020-09-27T15:57:29+00:00","og_image":[{"width":1250,"height":790,"url":"https:\/\/hudo.com\/si\/wp-content\/uploads\/sites\/2\/2020\/08\/profimedia-0554658968.jpg","type":"image\/jpeg"}],"author":"A. P., STA","twitter_card":"summary_large_image","twitter_creator":"@hudo_si","twitter_site":"@hudo_si","twitter_misc":{"Written by":"A. P., STA","Est. reading time":"2 minuti"},"schema":{"@context":"https:\/\/schema.org","@graph":[{"@type":"Article","@id":"https:\/\/hudo.com\/si\/aktualno\/belorusi-po-zaprisegi-lukasenka-znova-na-ulicah\/#article","isPartOf":{"@id":"https:\/\/hudo.com\/si\/aktualno\/belorusi-po-zaprisegi-lukasenka-znova-na-ulicah\/"},"author":{"name":"A. P., STA","@id":"https:\/\/hudo.com\/si\/#\/schema\/person\/18f09c02475ba9e606e941a565b80cff"},"headline":"Belorusi po zaprisegi Luka\u0161enka znova na ulicah","datePublished":"2020-09-27T15:57:29+00:00","dateModified":"2020-09-27T15:57:29+00:00","mainEntityOfPage":{"@id":"https:\/\/hudo.com\/si\/aktualno\/belorusi-po-zaprisegi-lukasenka-znova-na-ulicah\/"},"wordCount":344,"publisher":{"@id":"https:\/\/hudo.com\/si\/#organization"},"keywords":["Aleksander Luka\u0161enko","Belorusija"],"articleSection":["Aktualno"],"inLanguage":"sl-SI"},{"@type":"WebPage","@id":"https:\/\/hudo.com\/si\/aktualno\/belorusi-po-zaprisegi-lukasenka-znova-na-ulicah\/","url":"https:\/\/hudo.com\/si\/aktualno\/belorusi-po-zaprisegi-lukasenka-znova-na-ulicah\/","name":"Belorusi po zaprisegi Luka\u0161enka znova na ulicah - Hudo Slovenija","isPartOf":{"@id":"https:\/\/hudo.com\/si\/#website"},"datePublished":"2020-09-27T15:57:29+00:00","dateModified":"2020-09-27T15:57:29+00:00","breadcrumb":{"@id":"https:\/\/hudo.com\/si\/aktualno\/belorusi-po-zaprisegi-lukasenka-znova-na-ulicah\/#breadcrumb"},"inLanguage":"sl-SI","potentialAction":[{"@type":"ReadAction","target":["https:\/\/hudo.com\/si\/aktualno\/belorusi-po-zaprisegi-lukasenka-znova-na-ulicah\/"]}]},{"@type":"BreadcrumbList","@id":"https:\/\/hudo.com\/si\/aktualno\/belorusi-po-zaprisegi-lukasenka-znova-na-ulicah\/#breadcrumb","itemListElement":[{"@type":"ListItem","position":1,"name":"Home","item":"https:\/\/hudo.com\/si\/"},{"@type":"ListItem","position":2,"name":"Belorusi po zaprisegi Luka\u0161enka znova na ulicah"}]},{"@type":"WebSite","@id":"https:\/\/hudo.com\/si\/#website","url":"https:\/\/hudo.com\/si\/","name":"Hudo Slovenija","description":"Vse novice iz Slovenije in sveta","publisher":{"@id":"https:\/\/hudo.com\/si\/#organization"},"potentialAction":[{"@type":"SearchAction","target":{"@type":"EntryPoint","urlTemplate":"https:\/\/hudo.com\/si\/?s={search_term_string}"},"query-input":"required name=search_term_string"}],"inLanguage":"sl-SI"},{"@type":"Organization","@id":"https:\/\/hudo.com\/si\/#organization","name":"VSN Media","url":"https:\/\/hudo.com\/si\/","logo":{"@type":"ImageObject","inLanguage":"sl-SI","@id":"https:\/\/hudo.com\/si\/#\/schema\/logo\/image\/","url":"https:\/\/hudo.com\/si\/wp-content\/uploads\/sites\/2\/2021\/03\/hudo-app-2.png","contentUrl":"https:\/\/hudo.com\/si\/wp-content\/uploads\/sites\/2\/2021\/03\/hudo-app-2.png","width":2185,"height":2167,"caption":"VSN Media"},"image":{"@id":"https:\/\/hudo.com\/si\/#\/schema\/logo\/image\/"},"sameAs":["https:\/\/www.facebook.com\/hudo.si","https:\/\/twitter.com\/hudo_si"]},{"@type":"Person","@id":"https:\/\/hudo.com\/si\/#\/schema\/person\/18f09c02475ba9e606e941a565b80cff","name":"A. P., STA","image":{"@type":"ImageObject","inLanguage":"sl-SI","@id":"https:\/\/hudo.com\/si\/#\/schema\/person\/image\/","url":"https:\/\/secure.gravatar.com\/avatar\/03eac8e609f5f04383125d80eaeaaf3e?s=96&d=mm&r=g","contentUrl":"https:\/\/secure.gravatar.com\/avatar\/03eac8e609f5f04383125d80eaeaaf3e?s=96&d=mm&r=g","caption":"A. P., STA"},"url":"https:\/\/hudo.com\/si\/author\/lubu\/"}]}},"amp_enabled":true,"_links":{"self":[{"href":"https:\/\/hudo.com\/si\/wp-json\/wp\/v2\/posts\/433956"}],"collection":[{"href":"https:\/\/hudo.com\/si\/wp-json\/wp\/v2\/posts"}],"about":[{"href":"https:\/\/hudo.com\/si\/wp-json\/wp\/v2\/types\/post"}],"author":[{"embeddable":true,"href":"https:\/\/hudo.com\/si\/wp-json\/wp\/v2\/users\/7"}],"replies":[{"embeddable":true,"href":"https:\/\/hudo.com\/si\/wp-json\/wp\/v2\/comments?post=433956"}],"version-history":[{"count":1,"href":"https:\/\/hudo.com\/si\/wp-json\/wp\/v2\/posts\/433956\/revisions"}],"predecessor-version":[{"id":433957,"href":"https:\/\/hudo.com\/si\/wp-json\/wp\/v2\/posts\/433956\/revisions\/433957"}],"wp:featuredmedia":[{"embeddable":true,"href":"https:\/\/hudo.com\/si\/wp-json\/wp\/v2\/media\/431025"}],"wp:attachment":[{"href":"https:\/\/hudo.com\/si\/wp-json\/wp\/v2\/media?parent=433956"}],"wp:term":[{"taxonomy":"category","embeddable":true,"href":"https:\/\/hudo.com\/si\/wp-json\/wp\/v2\/categories?post=433956"},{"taxonomy":"post_tag","embeddable":true,"href":"https:\/\/hudo.com\/si\/wp-json\/wp\/v2\/tags?post=433956"},{"taxonomy":"source","embeddable":true,"href":"https:\/\/hudo.com\/si\/wp-json\/wp\/v2\/source?post=433956"},{"taxonomy":"supertag","embeddable":true,"href":"https:\/\/hudo.com\/si\/wp-json\/wp\/v2\/supertag?post=433956"}],"curies":[{"name":"wp","href":"https:\/\/api.w.org\/{rel}","templated":true}]}}