{"id":434056,"date":"2020-09-28T18:11:25","date_gmt":"2020-09-28T16:11:25","guid":{"rendered":"http:\/\/hudo.com\/si\/?p=434056"},"modified":"2020-09-28T18:11:25","modified_gmt":"2020-09-28T16:11:25","slug":"tudi-ponovljeni-test-na-okuzbo-z-novim-koronavirusom-pri-kustecevi-ki-na-prireditvi-oks-ni-nosila-zascitne-maske-negativen","status":"publish","type":"post","link":"https:\/\/hudo.com\/si\/aktualno\/tudi-ponovljeni-test-na-okuzbo-z-novim-koronavirusom-pri-kustecevi-ki-na-prireditvi-oks-ni-nosila-zascitne-maske-negativen\/","title":{"rendered":"Tudi ponovljeni test na oku\u017ebo z novim koronavirusom pri Kuste\u010devi, ki na prireditvi OKS ni nosila za\u0161\u010ditne maske, negativen"},"content":{"rendered":"<p>Kuste\u010deva se je namre\u010d udele\u017eila javne prireditve, ki jo je organiziral Olimpijski komite Slovenije (OKS) ob obisku predsednika Mednarodnega olimpijskega komiteja Thomasa Bacha v Sloveniji. Na prireditvi je bilo 140 ljudi, ki niso nosili mask.<\/p>\n<p>Zaradi tega se je ministrica zna\u0161la pod plazom kritik, \u010de\u0161 da v \u0161olah zapoveduje no\u0161enje mask, medtem ko se sama tega ne dr\u017ei. V opoziciji so ocenili, da bi ministrica morala zaradi tega odstopiti.<\/p>\n<p>Kuste\u010deva pa je na svoji Facebook strani izrazila ob\u017ealovanje, ker na dogodku ni nosila za\u0161\u010ditne maske. Vendar je organizator po njenih besedah zagotovil, da so upo\u0161tevali priporo\u010dila in navodila Nacionalnega in\u0161tituta za javno zdravje (NIJZ), je dodala. Iz previdnostnih razlogov pa je ostala doma in se v \u010detrtek samopla\u010dni\u0161ko testirala na oku\u017ebo. Tudi takrat je bil test negativen.<\/p>\n","protected":false},"excerpt":{"rendered":"<p>Tudi ponovljeni test na oku\u017ebo z novim koronavirusom, ki ga je opravila in tudi pla\u010dala ministrica za izobra\u017eevanje, znanost in \u0161port Simona Kustec, je negativen, so za STA pojasnili na ministrstvu. Ministrica je bila od prej\u0161njega tedna na dopustu, test pa je opravila po udele\u017ebi na prireditve OKS, na kateri ni nosila za\u0161\u010ditne maske.<\/p>\n","protected":false},"author":8,"featured_media":417085,"comment_status":"closed","ping_status":"closed","sticky":false,"template":"","format":"standard","meta":{"footnotes":""},"categories":[1179],"tags":[15632,15952,1595,16029],"source":[4511],"supertag":[5675],"acf":[],"yoast_head":"<!-- This site is optimized with the Yoast SEO plugin v21.3 - https:\/\/yoast.com\/wordpress\/plugins\/seo\/ -->\n<title>Tudi ponovljeni test na oku\u017ebo z novim koronavirusom pri Kuste\u010devi, ki na prireditvi OKS ni nosila za\u0161\u010ditne maske, negativen - Hudo Slovenija<\/title>\n<meta name=\"robots\" content=\"index, follow, max-snippet:-1, max-image-preview:large, max-video-preview:-1\" \/>\n<link rel=\"canonical\" href=\"https:\/\/hudo.com\/si\/aktualno\/tudi-ponovljeni-test-na-okuzbo-z-novim-koronavirusom-pri-kustecevi-ki-na-prireditvi-oks-ni-nosila-zascitne-maske-negativen\/\" \/>\n<meta property=\"og:locale\" content=\"sl_SI\" \/>\n<meta property=\"og:type\" content=\"article\" \/>\n<meta property=\"og:title\" content=\"Tudi ponovljeni test na oku\u017ebo z novim koronavirusom pri Kuste\u010devi, ki na prireditvi OKS ni nosila za\u0161\u010ditne maske, negativen - Hudo Slovenija\" \/>\n<meta property=\"og:description\" content=\"Tudi ponovljeni test na oku\u017ebo z novim koronavirusom, ki ga je opravila in tudi pla\u010dala ministrica za izobra\u017eevanje, znanost in \u0161port Simona Kustec, je negativen, so za STA pojasnili na ministrstvu. Ministrica je bila od prej\u0161njega tedna na dopustu, test pa je opravila po udele\u017ebi na prireditve OKS, na kateri ni nosila za\u0161\u010ditne maske.\" \/>\n<meta property=\"og:url\" content=\"https:\/\/hudo.com\/si\/aktualno\/tudi-ponovljeni-test-na-okuzbo-z-novim-koronavirusom-pri-kustecevi-ki-na-prireditvi-oks-ni-nosila-zascitne-maske-negativen\/\" \/>\n<meta property=\"og:site_name\" content=\"Hudo Slovenija\" \/>\n<meta property=\"article:publisher\" content=\"https:\/\/www.facebook.com\/hudo.si\" \/>\n<meta property=\"article:published_time\" content=\"2020-09-28T16:11:25+00:00\" \/>\n<meta property=\"og:image\" content=\"https:\/\/hudo.com\/si\/wp-content\/uploads\/sites\/2\/2020\/02\/20200126-00985738.jpg\" \/>\n\t<meta property=\"og:image:width\" content=\"640\" \/>\n\t<meta property=\"og:image:height\" content=\"426\" \/>\n\t<meta property=\"og:image:type\" content=\"image\/jpeg\" \/>\n<meta name=\"author\" content=\"M. N., STA\" \/>\n<meta name=\"twitter:card\" content=\"summary_large_image\" \/>\n<meta name=\"twitter:creator\" content=\"@hudo_si\" \/>\n<meta name=\"twitter:site\" content=\"@hudo_si\" \/>\n<meta name=\"twitter:label1\" content=\"Written by\" \/>\n\t<meta name=\"twitter:data1\" content=\"M. N., STA\" \/>\n\t<meta name=\"twitter:label2\" content=\"Est. reading time\" \/>\n\t<meta name=\"twitter:data2\" content=\"1 minuta\" \/>\n<script type=\"application\/ld+json\" class=\"yoast-schema-graph\">{\"@context\":\"https:\/\/schema.org\",\"@graph\":[{\"@type\":\"Article\",\"@id\":\"https:\/\/hudo.com\/si\/aktualno\/tudi-ponovljeni-test-na-okuzbo-z-novim-koronavirusom-pri-kustecevi-ki-na-prireditvi-oks-ni-nosila-zascitne-maske-negativen\/#article\",\"isPartOf\":{\"@id\":\"https:\/\/hudo.com\/si\/aktualno\/tudi-ponovljeni-test-na-okuzbo-z-novim-koronavirusom-pri-kustecevi-ki-na-prireditvi-oks-ni-nosila-zascitne-maske-negativen\/\"},\"author\":{\"name\":\"M. N., STA\",\"@id\":\"https:\/\/hudo.com\/si\/#\/schema\/person\/c2f10ce65d2e6ede2aeda5be2a0611fa\"},\"headline\":\"Tudi ponovljeni test na oku\u017ebo z novim koronavirusom pri Kuste\u010devi, ki na prireditvi OKS ni nosila za\u0161\u010ditne maske, negativen\",\"datePublished\":\"2020-09-28T16:11:25+00:00\",\"dateModified\":\"2020-09-28T16:11:25+00:00\",\"mainEntityOfPage\":{\"@id\":\"https:\/\/hudo.com\/si\/aktualno\/tudi-ponovljeni-test-na-okuzbo-z-novim-koronavirusom-pri-kustecevi-ki-na-prireditvi-oks-ni-nosila-zascitne-maske-negativen\/\"},\"wordCount\":162,\"publisher\":{\"@id\":\"https:\/\/hudo.com\/si\/#organization\"},\"keywords\":[\"koronavirus\",\"simona kustec\",\"Slovenija\",\"za\u0161\u010ditna maska\"],\"articleSection\":[\"Aktualno\"],\"inLanguage\":\"sl-SI\"},{\"@type\":\"WebPage\",\"@id\":\"https:\/\/hudo.com\/si\/aktualno\/tudi-ponovljeni-test-na-okuzbo-z-novim-koronavirusom-pri-kustecevi-ki-na-prireditvi-oks-ni-nosila-zascitne-maske-negativen\/\",\"url\":\"https:\/\/hudo.com\/si\/aktualno\/tudi-ponovljeni-test-na-okuzbo-z-novim-koronavirusom-pri-kustecevi-ki-na-prireditvi-oks-ni-nosila-zascitne-maske-negativen\/\",\"name\":\"Tudi ponovljeni test na oku\u017ebo z novim koronavirusom pri Kuste\u010devi, ki na prireditvi OKS ni nosila za\u0161\u010ditne maske, negativen - Hudo Slovenija\",\"isPartOf\":{\"@id\":\"https:\/\/hudo.com\/si\/#website\"},\"datePublished\":\"2020-09-28T16:11:25+00:00\",\"dateModified\":\"2020-09-28T16:11:25+00:00\",\"breadcrumb\":{\"@id\":\"https:\/\/hudo.com\/si\/aktualno\/tudi-ponovljeni-test-na-okuzbo-z-novim-koronavirusom-pri-kustecevi-ki-na-prireditvi-oks-ni-nosila-zascitne-maske-negativen\/#breadcrumb\"},\"inLanguage\":\"sl-SI\",\"potentialAction\":[{\"@type\":\"ReadAction\",\"target\":[\"https:\/\/hudo.com\/si\/aktualno\/tudi-ponovljeni-test-na-okuzbo-z-novim-koronavirusom-pri-kustecevi-ki-na-prireditvi-oks-ni-nosila-zascitne-maske-negativen\/\"]}]},{\"@type\":\"BreadcrumbList\",\"@id\":\"https:\/\/hudo.com\/si\/aktualno\/tudi-ponovljeni-test-na-okuzbo-z-novim-koronavirusom-pri-kustecevi-ki-na-prireditvi-oks-ni-nosila-zascitne-maske-negativen\/#breadcrumb\",\"itemListElement\":[{\"@type\":\"ListItem\",\"position\":1,\"name\":\"Home\",\"item\":\"https:\/\/hudo.com\/si\/\"},{\"@type\":\"ListItem\",\"position\":2,\"name\":\"Tudi ponovljeni test na oku\u017ebo z novim koronavirusom pri Kuste\u010devi, ki na prireditvi OKS ni nosila za\u0161\u010ditne maske, negativen\"}]},{\"@type\":\"WebSite\",\"@id\":\"https:\/\/hudo.com\/si\/#website\",\"url\":\"https:\/\/hudo.com\/si\/\",\"name\":\"Hudo Slovenija\",\"description\":\"Vse novice iz Slovenije in sveta\",\"publisher\":{\"@id\":\"https:\/\/hudo.com\/si\/#organization\"},\"potentialAction\":[{\"@type\":\"SearchAction\",\"target\":{\"@type\":\"EntryPoint\",\"urlTemplate\":\"https:\/\/hudo.com\/si\/?s={search_term_string}\"},\"query-input\":\"required name=search_term_string\"}],\"inLanguage\":\"sl-SI\"},{\"@type\":\"Organization\",\"@id\":\"https:\/\/hudo.com\/si\/#organization\",\"name\":\"VSN Media\",\"url\":\"https:\/\/hudo.com\/si\/\",\"logo\":{\"@type\":\"ImageObject\",\"inLanguage\":\"sl-SI\",\"@id\":\"https:\/\/hudo.com\/si\/#\/schema\/logo\/image\/\",\"url\":\"https:\/\/hudo.com\/si\/wp-content\/uploads\/sites\/2\/2021\/03\/hudo-app-2.png\",\"contentUrl\":\"https:\/\/hudo.com\/si\/wp-content\/uploads\/sites\/2\/2021\/03\/hudo-app-2.png\",\"width\":2185,\"height\":2167,\"caption\":\"VSN Media\"},\"image\":{\"@id\":\"https:\/\/hudo.com\/si\/#\/schema\/logo\/image\/\"},\"sameAs\":[\"https:\/\/www.facebook.com\/hudo.si\",\"https:\/\/twitter.com\/hudo_si\"]},{\"@type\":\"Person\",\"@id\":\"https:\/\/hudo.com\/si\/#\/schema\/person\/c2f10ce65d2e6ede2aeda5be2a0611fa\",\"name\":\"M. N., STA\",\"image\":{\"@type\":\"ImageObject\",\"inLanguage\":\"sl-SI\",\"@id\":\"https:\/\/hudo.com\/si\/#\/schema\/person\/image\/\",\"url\":\"https:\/\/secure.gravatar.com\/avatar\/f370d38daa10467f755c5c766a4cac20?s=96&d=mm&r=g\",\"contentUrl\":\"https:\/\/secure.gravatar.com\/avatar\/f370d38daa10467f755c5c766a4cac20?s=96&d=mm&r=g\",\"caption\":\"M. N., STA\"},\"url\":\"https:\/\/hudo.com\/si\/author\/mana\/\"}]}<\/script>\n<!-- \/ Yoast SEO plugin. -->","yoast_head_json":{"title":"Tudi ponovljeni test na oku\u017ebo z novim koronavirusom pri Kuste\u010devi, ki na prireditvi OKS ni nosila za\u0161\u010ditne maske, negativen - Hudo Slovenija","robots":{"index":"index","follow":"follow","max-snippet":"max-snippet:-1","max-image-preview":"max-image-preview:large","max-video-preview":"max-video-preview:-1"},"canonical":"https:\/\/hudo.com\/si\/aktualno\/tudi-ponovljeni-test-na-okuzbo-z-novim-koronavirusom-pri-kustecevi-ki-na-prireditvi-oks-ni-nosila-zascitne-maske-negativen\/","og_locale":"sl_SI","og_type":"article","og_title":"Tudi ponovljeni test na oku\u017ebo z novim koronavirusom pri Kuste\u010devi, ki na prireditvi OKS ni nosila za\u0161\u010ditne maske, negativen - Hudo Slovenija","og_description":"Tudi ponovljeni test na oku\u017ebo z novim koronavirusom, ki ga je opravila in tudi pla\u010dala ministrica za izobra\u017eevanje, znanost in \u0161port Simona Kustec, je negativen, so za STA pojasnili na ministrstvu. Ministrica je bila od prej\u0161njega tedna na dopustu, test pa je opravila po udele\u017ebi na prireditve OKS, na kateri ni nosila za\u0161\u010ditne maske.","og_url":"https:\/\/hudo.com\/si\/aktualno\/tudi-ponovljeni-test-na-okuzbo-z-novim-koronavirusom-pri-kustecevi-ki-na-prireditvi-oks-ni-nosila-zascitne-maske-negativen\/","og_site_name":"Hudo Slovenija","article_publisher":"https:\/\/www.facebook.com\/hudo.si","article_published_time":"2020-09-28T16:11:25+00:00","og_image":[{"width":640,"height":426,"url":"https:\/\/hudo.com\/si\/wp-content\/uploads\/sites\/2\/2020\/02\/20200126-00985738.jpg","type":"image\/jpeg"}],"author":"M. N., STA","twitter_card":"summary_large_image","twitter_creator":"@hudo_si","twitter_site":"@hudo_si","twitter_misc":{"Written by":"M. N., STA","Est. reading time":"1 minuta"},"schema":{"@context":"https:\/\/schema.org","@graph":[{"@type":"Article","@id":"https:\/\/hudo.com\/si\/aktualno\/tudi-ponovljeni-test-na-okuzbo-z-novim-koronavirusom-pri-kustecevi-ki-na-prireditvi-oks-ni-nosila-zascitne-maske-negativen\/#article","isPartOf":{"@id":"https:\/\/hudo.com\/si\/aktualno\/tudi-ponovljeni-test-na-okuzbo-z-novim-koronavirusom-pri-kustecevi-ki-na-prireditvi-oks-ni-nosila-zascitne-maske-negativen\/"},"author":{"name":"M. N., STA","@id":"https:\/\/hudo.com\/si\/#\/schema\/person\/c2f10ce65d2e6ede2aeda5be2a0611fa"},"headline":"Tudi ponovljeni test na oku\u017ebo z novim koronavirusom pri Kuste\u010devi, ki na prireditvi OKS ni nosila za\u0161\u010ditne maske, negativen","datePublished":"2020-09-28T16:11:25+00:00","dateModified":"2020-09-28T16:11:25+00:00","mainEntityOfPage":{"@id":"https:\/\/hudo.com\/si\/aktualno\/tudi-ponovljeni-test-na-okuzbo-z-novim-koronavirusom-pri-kustecevi-ki-na-prireditvi-oks-ni-nosila-zascitne-maske-negativen\/"},"wordCount":162,"publisher":{"@id":"https:\/\/hudo.com\/si\/#organization"},"keywords":["koronavirus","simona kustec","Slovenija","za\u0161\u010ditna maska"],"articleSection":["Aktualno"],"inLanguage":"sl-SI"},{"@type":"WebPage","@id":"https:\/\/hudo.com\/si\/aktualno\/tudi-ponovljeni-test-na-okuzbo-z-novim-koronavirusom-pri-kustecevi-ki-na-prireditvi-oks-ni-nosila-zascitne-maske-negativen\/","url":"https:\/\/hudo.com\/si\/aktualno\/tudi-ponovljeni-test-na-okuzbo-z-novim-koronavirusom-pri-kustecevi-ki-na-prireditvi-oks-ni-nosila-zascitne-maske-negativen\/","name":"Tudi ponovljeni test na oku\u017ebo z novim koronavirusom pri Kuste\u010devi, ki na prireditvi OKS ni nosila za\u0161\u010ditne maske, negativen - Hudo Slovenija","isPartOf":{"@id":"https:\/\/hudo.com\/si\/#website"},"datePublished":"2020-09-28T16:11:25+00:00","dateModified":"2020-09-28T16:11:25+00:00","breadcrumb":{"@id":"https:\/\/hudo.com\/si\/aktualno\/tudi-ponovljeni-test-na-okuzbo-z-novim-koronavirusom-pri-kustecevi-ki-na-prireditvi-oks-ni-nosila-zascitne-maske-negativen\/#breadcrumb"},"inLanguage":"sl-SI","potentialAction":[{"@type":"ReadAction","target":["https:\/\/hudo.com\/si\/aktualno\/tudi-ponovljeni-test-na-okuzbo-z-novim-koronavirusom-pri-kustecevi-ki-na-prireditvi-oks-ni-nosila-zascitne-maske-negativen\/"]}]},{"@type":"BreadcrumbList","@id":"https:\/\/hudo.com\/si\/aktualno\/tudi-ponovljeni-test-na-okuzbo-z-novim-koronavirusom-pri-kustecevi-ki-na-prireditvi-oks-ni-nosila-zascitne-maske-negativen\/#breadcrumb","itemListElement":[{"@type":"ListItem","position":1,"name":"Home","item":"https:\/\/hudo.com\/si\/"},{"@type":"ListItem","position":2,"name":"Tudi ponovljeni test na oku\u017ebo z novim koronavirusom pri Kuste\u010devi, ki na prireditvi OKS ni nosila za\u0161\u010ditne maske, negativen"}]},{"@type":"WebSite","@id":"https:\/\/hudo.com\/si\/#website","url":"https:\/\/hudo.com\/si\/","name":"Hudo Slovenija","description":"Vse novice iz Slovenije in sveta","publisher":{"@id":"https:\/\/hudo.com\/si\/#organization"},"potentialAction":[{"@type":"SearchAction","target":{"@type":"EntryPoint","urlTemplate":"https:\/\/hudo.com\/si\/?s={search_term_string}"},"query-input":"required name=search_term_string"}],"inLanguage":"sl-SI"},{"@type":"Organization","@id":"https:\/\/hudo.com\/si\/#organization","name":"VSN Media","url":"https:\/\/hudo.com\/si\/","logo":{"@type":"ImageObject","inLanguage":"sl-SI","@id":"https:\/\/hudo.com\/si\/#\/schema\/logo\/image\/","url":"https:\/\/hudo.com\/si\/wp-content\/uploads\/sites\/2\/2021\/03\/hudo-app-2.png","contentUrl":"https:\/\/hudo.com\/si\/wp-content\/uploads\/sites\/2\/2021\/03\/hudo-app-2.png","width":2185,"height":2167,"caption":"VSN Media"},"image":{"@id":"https:\/\/hudo.com\/si\/#\/schema\/logo\/image\/"},"sameAs":["https:\/\/www.facebook.com\/hudo.si","https:\/\/twitter.com\/hudo_si"]},{"@type":"Person","@id":"https:\/\/hudo.com\/si\/#\/schema\/person\/c2f10ce65d2e6ede2aeda5be2a0611fa","name":"M. N., STA","image":{"@type":"ImageObject","inLanguage":"sl-SI","@id":"https:\/\/hudo.com\/si\/#\/schema\/person\/image\/","url":"https:\/\/secure.gravatar.com\/avatar\/f370d38daa10467f755c5c766a4cac20?s=96&d=mm&r=g","contentUrl":"https:\/\/secure.gravatar.com\/avatar\/f370d38daa10467f755c5c766a4cac20?s=96&d=mm&r=g","caption":"M. N., STA"},"url":"https:\/\/hudo.com\/si\/author\/mana\/"}]}},"amp_enabled":true,"_links":{"self":[{"href":"https:\/\/hudo.com\/si\/wp-json\/wp\/v2\/posts\/434056"}],"collection":[{"href":"https:\/\/hudo.com\/si\/wp-json\/wp\/v2\/posts"}],"about":[{"href":"https:\/\/hudo.com\/si\/wp-json\/wp\/v2\/types\/post"}],"author":[{"embeddable":true,"href":"https:\/\/hudo.com\/si\/wp-json\/wp\/v2\/users\/8"}],"replies":[{"embeddable":true,"href":"https:\/\/hudo.com\/si\/wp-json\/wp\/v2\/comments?post=434056"}],"version-history":[{"count":1,"href":"https:\/\/hudo.com\/si\/wp-json\/wp\/v2\/posts\/434056\/revisions"}],"predecessor-version":[{"id":434057,"href":"https:\/\/hudo.com\/si\/wp-json\/wp\/v2\/posts\/434056\/revisions\/434057"}],"wp:featuredmedia":[{"embeddable":true,"href":"https:\/\/hudo.com\/si\/wp-json\/wp\/v2\/media\/417085"}],"wp:attachment":[{"href":"https:\/\/hudo.com\/si\/wp-json\/wp\/v2\/media?parent=434056"}],"wp:term":[{"taxonomy":"category","embeddable":true,"href":"https:\/\/hudo.com\/si\/wp-json\/wp\/v2\/categories?post=434056"},{"taxonomy":"post_tag","embeddable":true,"href":"https:\/\/hudo.com\/si\/wp-json\/wp\/v2\/tags?post=434056"},{"taxonomy":"source","embeddable":true,"href":"https:\/\/hudo.com\/si\/wp-json\/wp\/v2\/source?post=434056"},{"taxonomy":"supertag","embeddable":true,"href":"https:\/\/hudo.com\/si\/wp-json\/wp\/v2\/supertag?post=434056"}],"curies":[{"name":"wp","href":"https:\/\/api.w.org\/{rel}","templated":true}]}}