{"id":434334,"date":"2020-10-01T17:09:05","date_gmt":"2020-10-01T15:09:05","guid":{"rendered":"http:\/\/hudo.com\/si\/?p=434334"},"modified":"2020-10-01T17:09:05","modified_gmt":"2020-10-01T15:09:05","slug":"zazivela-spletna-stran-slovenske-predstavitve-na-expu-v-dubaju-ki-bo-cez-natanko-leto-dni","status":"publish","type":"post","link":"https:\/\/hudo.com\/si\/aktualno\/zazivela-spletna-stran-slovenske-predstavitve-na-expu-v-dubaju-ki-bo-cez-natanko-leto-dni\/","title":{"rendered":"Za\u017eivela spletna stran slovenske predstavitve na Expu v Dubaju, ki bo \u010dez natanko leto dni"},"content":{"rendered":"<p>Potem ko je organizatorjem Expa v Dubaju letos na\u010drte prekri\u017eala globalna pandemija covida-19, so odlo\u010deni, da bodo med 1. oktobrom 2021 in 31. marcem 2022 zdru\u017eil svet v duhu solidarnosti in optimizma. Danes so za\u010deli s serijo virtualnih dogodkov, s katerimi \u017eelijo izkoristiti \u010das za uvajanje v tematike razstave in dr\u017eavam ponuditi mo\u017enost, da predstavijo svoje delovanje na razli\u010dnih podro\u010djih.<\/p>\n<p>Prav na dana\u0161nji dan je lu\u010d sveta ugledala tudi spletna stran slovenske predstavitve na svetovni razstavi Expo Dubaj 2020, in sicer na naslovu\u00a0<a href=\"http:\/\/www.expo2020slovenia.si\/\" target=\"_blank\" rel=\"noopener noreferrer\">www.expo2020slovenia.si<\/a>. Na spletni strani bo zainteresirana doma\u010da in tuja javnost redno obve\u0161\u010dena o aktivnostih, dogajanju in prilo\u017enostih za slovenska podjetja pred svetovno razstavo, v \u010dasu njenega trajanja in po njej, so pojasnili na Spiritu.<\/p>\n<p>Slovenija bo na Expu nastopila kot trajnostna, sodobna in ustvarjalna ter v prihodnost usmerjena dr\u017eava. Predstavljala se bo kot dr\u017eava, v kateri se prepletajo zeleno okolje, znanje, prebojne ideje in inovacije ter gospodarstvo z dodano vrednostjo.<\/p>\n<p>&#8220;Veseli nas, da se bo svet na tem dogodku spet zdru\u017eil in pri\u010del ustvarjati nove poslovne in osebne povezave,&#8221; je dejala dr\u017eavna sekretarka na ministrstvu za gospodarski razvoj in tehnologijo Ajda Cuderman. &#8220;\u010ce je bilo leto 2020 leto, ko se je svet skoraj ustavil, mora biti leto 2021 leto izjemnega, vsesplo\u0161nega pospe\u0161evanja k doseganju nujnih globalnih ciljev,&#8221; je menila.<\/p>\n<p>&#8220;Svetovna razstava v Dubaju je odli\u010dna prilo\u017enost, da kot dr\u017eava poka\u017eemo, kako lahko na\u0161e vrhunske pametne in zelene tehnologije skupaj s slovenskimi ustvarjalnimi talenti prispevajo k bolj\u0161emu in bolj trajnostnemu svetu,&#8221; je nadaljevala Cudermanova. Prav tako Expo daje prilo\u017enost, da se Slovenijo umesti na globalni zemljevid kot ustrezen in zanesljiv poslovni partner ter privla\u010dna destinacija za obisk in raziskovanje.<\/p>\n<p>Slovenija namerava izkoristiti tudi virtualne dogodke oz. t. i. pre-Expo program. Vanj \u017eeli vklju\u010diti vsebine, pomembne za promocijo slovenskega gospodarstva, zlasti tovarne prihodnosti, razvoj materialov, e-mobilnost, les in pametne zgradbe. Prilo\u017enosti in mo\u017enosti sodelovanja za slovenska podjetja bodo v kratkem objavljene na spletni strani in v medijih, so napovedali na Spiritu.<\/p>\n<p>Slovenski paviljon bo sicer v Dubaju stal v tematskem sklopu Trajnost. Izbrano re\u0161itev je zasnovala dru\u017eba Magnet Design, predvideva pa objekt v treh eta\u017eah, ki naj bi predstavljali Slovenijo kot zeleno oazo v Evropi in simbolno tudi v pu\u0161\u010davi, ki obdaja Dubaj.<\/p>\n","protected":false},"excerpt":{"rendered":"<p>\u010cez natanko leto dni se bo v Dubaju v Zdru\u017eenih arabskih emiratih vendarle za\u010dela svetovna razstava Expo. Med 192 dr\u017eavami udele\u017eenkami se bo s svojim nacionalnim paviljonom svetu na Expu predstavljala tudi Slovenija, \u017ee danes pa je dr\u017eava zagnala spletno stran svoje predstavitve, so v sporo\u010dilu za javnost izpostavili v javni agenciji Spirit.<\/p>\n","protected":false},"author":8,"featured_media":434335,"comment_status":"closed","ping_status":"closed","sticky":false,"template":"","format":"standard","meta":{"footnotes":""},"categories":[1179],"tags":[2151,17305,1595],"source":[4511],"supertag":[5675],"acf":[],"yoast_head":"<!-- This site is optimized with the Yoast SEO plugin v21.3 - https:\/\/yoast.com\/wordpress\/plugins\/seo\/ -->\n<title>Za\u017eivela spletna stran slovenske predstavitve na Expu v Dubaju, ki bo \u010dez natanko leto dni - Hudo Slovenija<\/title>\n<meta name=\"robots\" content=\"index, follow, max-snippet:-1, max-image-preview:large, max-video-preview:-1\" \/>\n<link rel=\"canonical\" href=\"https:\/\/hudo.com\/si\/aktualno\/zazivela-spletna-stran-slovenske-predstavitve-na-expu-v-dubaju-ki-bo-cez-natanko-leto-dni\/\" \/>\n<meta property=\"og:locale\" content=\"sl_SI\" \/>\n<meta property=\"og:type\" content=\"article\" \/>\n<meta property=\"og:title\" content=\"Za\u017eivela spletna stran slovenske predstavitve na Expu v Dubaju, ki bo \u010dez natanko leto dni - Hudo Slovenija\" \/>\n<meta property=\"og:description\" content=\"\u010cez natanko leto dni se bo v Dubaju v Zdru\u017eenih arabskih emiratih vendarle za\u010dela svetovna razstava Expo. Med 192 dr\u017eavami udele\u017eenkami se bo s svojim nacionalnim paviljonom svetu na Expu predstavljala tudi Slovenija, \u017ee danes pa je dr\u017eava zagnala spletno stran svoje predstavitve, so v sporo\u010dilu za javnost izpostavili v javni agenciji Spirit.\" \/>\n<meta property=\"og:url\" content=\"https:\/\/hudo.com\/si\/aktualno\/zazivela-spletna-stran-slovenske-predstavitve-na-expu-v-dubaju-ki-bo-cez-natanko-leto-dni\/\" \/>\n<meta property=\"og:site_name\" content=\"Hudo Slovenija\" \/>\n<meta property=\"article:publisher\" content=\"https:\/\/www.facebook.com\/hudo.si\" \/>\n<meta property=\"article:published_time\" content=\"2020-10-01T15:09:05+00:00\" \/>\n<meta property=\"og:image\" content=\"https:\/\/hudo.com\/si\/wp-content\/uploads\/sites\/2\/2020\/10\/profimedia-0318812529.jpg\" \/>\n\t<meta property=\"og:image:width\" content=\"1250\" \/>\n\t<meta property=\"og:image:height\" content=\"833\" \/>\n\t<meta property=\"og:image:type\" content=\"image\/jpeg\" \/>\n<meta name=\"author\" content=\"M. N., STA\" \/>\n<meta name=\"twitter:card\" content=\"summary_large_image\" \/>\n<meta name=\"twitter:creator\" content=\"@hudo_si\" \/>\n<meta name=\"twitter:site\" content=\"@hudo_si\" \/>\n<meta name=\"twitter:label1\" content=\"Written by\" \/>\n\t<meta name=\"twitter:data1\" content=\"M. N., STA\" \/>\n\t<meta name=\"twitter:label2\" content=\"Est. reading time\" \/>\n\t<meta name=\"twitter:data2\" content=\"2 minuti\" \/>\n<script type=\"application\/ld+json\" class=\"yoast-schema-graph\">{\"@context\":\"https:\/\/schema.org\",\"@graph\":[{\"@type\":\"Article\",\"@id\":\"https:\/\/hudo.com\/si\/aktualno\/zazivela-spletna-stran-slovenske-predstavitve-na-expu-v-dubaju-ki-bo-cez-natanko-leto-dni\/#article\",\"isPartOf\":{\"@id\":\"https:\/\/hudo.com\/si\/aktualno\/zazivela-spletna-stran-slovenske-predstavitve-na-expu-v-dubaju-ki-bo-cez-natanko-leto-dni\/\"},\"author\":{\"name\":\"M. N., STA\",\"@id\":\"https:\/\/hudo.com\/si\/#\/schema\/person\/c2f10ce65d2e6ede2aeda5be2a0611fa\"},\"headline\":\"Za\u017eivela spletna stran slovenske predstavitve na Expu v Dubaju, ki bo \u010dez natanko leto dni\",\"datePublished\":\"2020-10-01T15:09:05+00:00\",\"dateModified\":\"2020-10-01T15:09:05+00:00\",\"mainEntityOfPage\":{\"@id\":\"https:\/\/hudo.com\/si\/aktualno\/zazivela-spletna-stran-slovenske-predstavitve-na-expu-v-dubaju-ki-bo-cez-natanko-leto-dni\/\"},\"wordCount\":411,\"publisher\":{\"@id\":\"https:\/\/hudo.com\/si\/#organization\"},\"keywords\":[\"Dubaj\",\"dubaj expo\",\"Slovenija\"],\"articleSection\":[\"Aktualno\"],\"inLanguage\":\"sl-SI\"},{\"@type\":\"WebPage\",\"@id\":\"https:\/\/hudo.com\/si\/aktualno\/zazivela-spletna-stran-slovenske-predstavitve-na-expu-v-dubaju-ki-bo-cez-natanko-leto-dni\/\",\"url\":\"https:\/\/hudo.com\/si\/aktualno\/zazivela-spletna-stran-slovenske-predstavitve-na-expu-v-dubaju-ki-bo-cez-natanko-leto-dni\/\",\"name\":\"Za\u017eivela spletna stran slovenske predstavitve na Expu v Dubaju, ki bo \u010dez natanko leto dni - Hudo Slovenija\",\"isPartOf\":{\"@id\":\"https:\/\/hudo.com\/si\/#website\"},\"datePublished\":\"2020-10-01T15:09:05+00:00\",\"dateModified\":\"2020-10-01T15:09:05+00:00\",\"breadcrumb\":{\"@id\":\"https:\/\/hudo.com\/si\/aktualno\/zazivela-spletna-stran-slovenske-predstavitve-na-expu-v-dubaju-ki-bo-cez-natanko-leto-dni\/#breadcrumb\"},\"inLanguage\":\"sl-SI\",\"potentialAction\":[{\"@type\":\"ReadAction\",\"target\":[\"https:\/\/hudo.com\/si\/aktualno\/zazivela-spletna-stran-slovenske-predstavitve-na-expu-v-dubaju-ki-bo-cez-natanko-leto-dni\/\"]}]},{\"@type\":\"BreadcrumbList\",\"@id\":\"https:\/\/hudo.com\/si\/aktualno\/zazivela-spletna-stran-slovenske-predstavitve-na-expu-v-dubaju-ki-bo-cez-natanko-leto-dni\/#breadcrumb\",\"itemListElement\":[{\"@type\":\"ListItem\",\"position\":1,\"name\":\"Home\",\"item\":\"https:\/\/hudo.com\/si\/\"},{\"@type\":\"ListItem\",\"position\":2,\"name\":\"Za\u017eivela spletna stran slovenske predstavitve na Expu v Dubaju, ki bo \u010dez natanko leto dni\"}]},{\"@type\":\"WebSite\",\"@id\":\"https:\/\/hudo.com\/si\/#website\",\"url\":\"https:\/\/hudo.com\/si\/\",\"name\":\"Hudo Slovenija\",\"description\":\"Vse novice iz Slovenije in sveta\",\"publisher\":{\"@id\":\"https:\/\/hudo.com\/si\/#organization\"},\"potentialAction\":[{\"@type\":\"SearchAction\",\"target\":{\"@type\":\"EntryPoint\",\"urlTemplate\":\"https:\/\/hudo.com\/si\/?s={search_term_string}\"},\"query-input\":\"required name=search_term_string\"}],\"inLanguage\":\"sl-SI\"},{\"@type\":\"Organization\",\"@id\":\"https:\/\/hudo.com\/si\/#organization\",\"name\":\"VSN Media\",\"url\":\"https:\/\/hudo.com\/si\/\",\"logo\":{\"@type\":\"ImageObject\",\"inLanguage\":\"sl-SI\",\"@id\":\"https:\/\/hudo.com\/si\/#\/schema\/logo\/image\/\",\"url\":\"https:\/\/hudo.com\/si\/wp-content\/uploads\/sites\/2\/2021\/03\/hudo-app-2.png\",\"contentUrl\":\"https:\/\/hudo.com\/si\/wp-content\/uploads\/sites\/2\/2021\/03\/hudo-app-2.png\",\"width\":2185,\"height\":2167,\"caption\":\"VSN Media\"},\"image\":{\"@id\":\"https:\/\/hudo.com\/si\/#\/schema\/logo\/image\/\"},\"sameAs\":[\"https:\/\/www.facebook.com\/hudo.si\",\"https:\/\/twitter.com\/hudo_si\"]},{\"@type\":\"Person\",\"@id\":\"https:\/\/hudo.com\/si\/#\/schema\/person\/c2f10ce65d2e6ede2aeda5be2a0611fa\",\"name\":\"M. N., STA\",\"image\":{\"@type\":\"ImageObject\",\"inLanguage\":\"sl-SI\",\"@id\":\"https:\/\/hudo.com\/si\/#\/schema\/person\/image\/\",\"url\":\"https:\/\/secure.gravatar.com\/avatar\/f370d38daa10467f755c5c766a4cac20?s=96&d=mm&r=g\",\"contentUrl\":\"https:\/\/secure.gravatar.com\/avatar\/f370d38daa10467f755c5c766a4cac20?s=96&d=mm&r=g\",\"caption\":\"M. N., STA\"},\"url\":\"https:\/\/hudo.com\/si\/author\/mana\/\"}]}<\/script>\n<!-- \/ Yoast SEO plugin. -->","yoast_head_json":{"title":"Za\u017eivela spletna stran slovenske predstavitve na Expu v Dubaju, ki bo \u010dez natanko leto dni - Hudo Slovenija","robots":{"index":"index","follow":"follow","max-snippet":"max-snippet:-1","max-image-preview":"max-image-preview:large","max-video-preview":"max-video-preview:-1"},"canonical":"https:\/\/hudo.com\/si\/aktualno\/zazivela-spletna-stran-slovenske-predstavitve-na-expu-v-dubaju-ki-bo-cez-natanko-leto-dni\/","og_locale":"sl_SI","og_type":"article","og_title":"Za\u017eivela spletna stran slovenske predstavitve na Expu v Dubaju, ki bo \u010dez natanko leto dni - Hudo Slovenija","og_description":"\u010cez natanko leto dni se bo v Dubaju v Zdru\u017eenih arabskih emiratih vendarle za\u010dela svetovna razstava Expo. Med 192 dr\u017eavami udele\u017eenkami se bo s svojim nacionalnim paviljonom svetu na Expu predstavljala tudi Slovenija, \u017ee danes pa je dr\u017eava zagnala spletno stran svoje predstavitve, so v sporo\u010dilu za javnost izpostavili v javni agenciji Spirit.","og_url":"https:\/\/hudo.com\/si\/aktualno\/zazivela-spletna-stran-slovenske-predstavitve-na-expu-v-dubaju-ki-bo-cez-natanko-leto-dni\/","og_site_name":"Hudo Slovenija","article_publisher":"https:\/\/www.facebook.com\/hudo.si","article_published_time":"2020-10-01T15:09:05+00:00","og_image":[{"width":1250,"height":833,"url":"https:\/\/hudo.com\/si\/wp-content\/uploads\/sites\/2\/2020\/10\/profimedia-0318812529.jpg","type":"image\/jpeg"}],"author":"M. N., STA","twitter_card":"summary_large_image","twitter_creator":"@hudo_si","twitter_site":"@hudo_si","twitter_misc":{"Written by":"M. N., STA","Est. reading time":"2 minuti"},"schema":{"@context":"https:\/\/schema.org","@graph":[{"@type":"Article","@id":"https:\/\/hudo.com\/si\/aktualno\/zazivela-spletna-stran-slovenske-predstavitve-na-expu-v-dubaju-ki-bo-cez-natanko-leto-dni\/#article","isPartOf":{"@id":"https:\/\/hudo.com\/si\/aktualno\/zazivela-spletna-stran-slovenske-predstavitve-na-expu-v-dubaju-ki-bo-cez-natanko-leto-dni\/"},"author":{"name":"M. N., STA","@id":"https:\/\/hudo.com\/si\/#\/schema\/person\/c2f10ce65d2e6ede2aeda5be2a0611fa"},"headline":"Za\u017eivela spletna stran slovenske predstavitve na Expu v Dubaju, ki bo \u010dez natanko leto dni","datePublished":"2020-10-01T15:09:05+00:00","dateModified":"2020-10-01T15:09:05+00:00","mainEntityOfPage":{"@id":"https:\/\/hudo.com\/si\/aktualno\/zazivela-spletna-stran-slovenske-predstavitve-na-expu-v-dubaju-ki-bo-cez-natanko-leto-dni\/"},"wordCount":411,"publisher":{"@id":"https:\/\/hudo.com\/si\/#organization"},"keywords":["Dubaj","dubaj expo","Slovenija"],"articleSection":["Aktualno"],"inLanguage":"sl-SI"},{"@type":"WebPage","@id":"https:\/\/hudo.com\/si\/aktualno\/zazivela-spletna-stran-slovenske-predstavitve-na-expu-v-dubaju-ki-bo-cez-natanko-leto-dni\/","url":"https:\/\/hudo.com\/si\/aktualno\/zazivela-spletna-stran-slovenske-predstavitve-na-expu-v-dubaju-ki-bo-cez-natanko-leto-dni\/","name":"Za\u017eivela spletna stran slovenske predstavitve na Expu v Dubaju, ki bo \u010dez natanko leto dni - Hudo Slovenija","isPartOf":{"@id":"https:\/\/hudo.com\/si\/#website"},"datePublished":"2020-10-01T15:09:05+00:00","dateModified":"2020-10-01T15:09:05+00:00","breadcrumb":{"@id":"https:\/\/hudo.com\/si\/aktualno\/zazivela-spletna-stran-slovenske-predstavitve-na-expu-v-dubaju-ki-bo-cez-natanko-leto-dni\/#breadcrumb"},"inLanguage":"sl-SI","potentialAction":[{"@type":"ReadAction","target":["https:\/\/hudo.com\/si\/aktualno\/zazivela-spletna-stran-slovenske-predstavitve-na-expu-v-dubaju-ki-bo-cez-natanko-leto-dni\/"]}]},{"@type":"BreadcrumbList","@id":"https:\/\/hudo.com\/si\/aktualno\/zazivela-spletna-stran-slovenske-predstavitve-na-expu-v-dubaju-ki-bo-cez-natanko-leto-dni\/#breadcrumb","itemListElement":[{"@type":"ListItem","position":1,"name":"Home","item":"https:\/\/hudo.com\/si\/"},{"@type":"ListItem","position":2,"name":"Za\u017eivela spletna stran slovenske predstavitve na Expu v Dubaju, ki bo \u010dez natanko leto dni"}]},{"@type":"WebSite","@id":"https:\/\/hudo.com\/si\/#website","url":"https:\/\/hudo.com\/si\/","name":"Hudo Slovenija","description":"Vse novice iz Slovenije in sveta","publisher":{"@id":"https:\/\/hudo.com\/si\/#organization"},"potentialAction":[{"@type":"SearchAction","target":{"@type":"EntryPoint","urlTemplate":"https:\/\/hudo.com\/si\/?s={search_term_string}"},"query-input":"required name=search_term_string"}],"inLanguage":"sl-SI"},{"@type":"Organization","@id":"https:\/\/hudo.com\/si\/#organization","name":"VSN Media","url":"https:\/\/hudo.com\/si\/","logo":{"@type":"ImageObject","inLanguage":"sl-SI","@id":"https:\/\/hudo.com\/si\/#\/schema\/logo\/image\/","url":"https:\/\/hudo.com\/si\/wp-content\/uploads\/sites\/2\/2021\/03\/hudo-app-2.png","contentUrl":"https:\/\/hudo.com\/si\/wp-content\/uploads\/sites\/2\/2021\/03\/hudo-app-2.png","width":2185,"height":2167,"caption":"VSN Media"},"image":{"@id":"https:\/\/hudo.com\/si\/#\/schema\/logo\/image\/"},"sameAs":["https:\/\/www.facebook.com\/hudo.si","https:\/\/twitter.com\/hudo_si"]},{"@type":"Person","@id":"https:\/\/hudo.com\/si\/#\/schema\/person\/c2f10ce65d2e6ede2aeda5be2a0611fa","name":"M. N., STA","image":{"@type":"ImageObject","inLanguage":"sl-SI","@id":"https:\/\/hudo.com\/si\/#\/schema\/person\/image\/","url":"https:\/\/secure.gravatar.com\/avatar\/f370d38daa10467f755c5c766a4cac20?s=96&d=mm&r=g","contentUrl":"https:\/\/secure.gravatar.com\/avatar\/f370d38daa10467f755c5c766a4cac20?s=96&d=mm&r=g","caption":"M. N., STA"},"url":"https:\/\/hudo.com\/si\/author\/mana\/"}]}},"amp_enabled":true,"_links":{"self":[{"href":"https:\/\/hudo.com\/si\/wp-json\/wp\/v2\/posts\/434334"}],"collection":[{"href":"https:\/\/hudo.com\/si\/wp-json\/wp\/v2\/posts"}],"about":[{"href":"https:\/\/hudo.com\/si\/wp-json\/wp\/v2\/types\/post"}],"author":[{"embeddable":true,"href":"https:\/\/hudo.com\/si\/wp-json\/wp\/v2\/users\/8"}],"replies":[{"embeddable":true,"href":"https:\/\/hudo.com\/si\/wp-json\/wp\/v2\/comments?post=434334"}],"version-history":[{"count":1,"href":"https:\/\/hudo.com\/si\/wp-json\/wp\/v2\/posts\/434334\/revisions"}],"predecessor-version":[{"id":434336,"href":"https:\/\/hudo.com\/si\/wp-json\/wp\/v2\/posts\/434334\/revisions\/434336"}],"wp:featuredmedia":[{"embeddable":true,"href":"https:\/\/hudo.com\/si\/wp-json\/wp\/v2\/media\/434335"}],"wp:attachment":[{"href":"https:\/\/hudo.com\/si\/wp-json\/wp\/v2\/media?parent=434334"}],"wp:term":[{"taxonomy":"category","embeddable":true,"href":"https:\/\/hudo.com\/si\/wp-json\/wp\/v2\/categories?post=434334"},{"taxonomy":"post_tag","embeddable":true,"href":"https:\/\/hudo.com\/si\/wp-json\/wp\/v2\/tags?post=434334"},{"taxonomy":"source","embeddable":true,"href":"https:\/\/hudo.com\/si\/wp-json\/wp\/v2\/source?post=434334"},{"taxonomy":"supertag","embeddable":true,"href":"https:\/\/hudo.com\/si\/wp-json\/wp\/v2\/supertag?post=434334"}],"curies":[{"name":"wp","href":"https:\/\/api.w.org\/{rel}","templated":true}]}}