{"id":434788,"date":"2020-10-08T08:43:19","date_gmt":"2020-10-08T06:43:19","guid":{"rendered":"http:\/\/hudo.com\/si\/?p=434788"},"modified":"2020-10-08T08:43:19","modified_gmt":"2020-10-08T06:43:19","slug":"svojci-pogresajo-29-letnega-gasperja-oblaka-iz-grosuplja-ki-naj-bi-konec-avgusta-odsel-v-italijo","status":"publish","type":"post","link":"https:\/\/hudo.com\/si\/aktualno\/svojci-pogresajo-29-letnega-gasperja-oblaka-iz-grosuplja-ki-naj-bi-konec-avgusta-odsel-v-italijo\/","title":{"rendered":"Svojci pogre\u0161ajo 29-letnega Ga\u0161perja Oblaka iz Grosuplja, ki naj bi konec avgusta od\u0161el v Italijo"},"content":{"rendered":"<p>Pogre\u0161ani je bil nazadnje viden oble\u010den v jeans hla\u010de, \u0161portno jakno s kapuco modro-bele barve, obut pa je bil v \u0161portne copate Nike.<\/p>\n<p>Policija napro\u0161a vse, ki bi karkoli vedeli o pogre\u0161anem, da to sporo\u010dijo na najbli\u017ejo policijsko postajo ali policijsko postajo Grosuplje na 01 781 83 80, ali pokli\u010dejo na interventno \u0161tevilko 113, ali anonimni telefon 080 1200, so sporo\u010dili iz ljubljanske policijske uprave.<\/p>\n","protected":false},"excerpt":{"rendered":"<p>Svojci pogre\u0161ajo 29-letnega Ga\u0161perja Oblaka iz Grosuplja. Pogre\u0161ani naj bi konec avgusta od\u0161el na obmo\u010dje Italije, nato pa so svojci z njim zgubili stik, so sporo\u010dili s Policijske uprave Ljubljana. Visok je okoli 176 centimetrov, normalne postave, rjavih kratkih las in svetlo modrih o\u010di.<\/p>\n","protected":false},"author":8,"featured_media":434790,"comment_status":"closed","ping_status":"closed","sticky":false,"template":"","format":"standard","meta":{"footnotes":""},"categories":[1179],"tags":[12180,1595],"source":[4511],"supertag":[5675],"acf":[],"yoast_head":"<!-- This site is optimized with the Yoast SEO plugin v21.3 - https:\/\/yoast.com\/wordpress\/plugins\/seo\/ -->\n<title>Svojci pogre\u0161ajo 29-letnega Ga\u0161perja Oblaka iz Grosuplja, ki naj bi konec avgusta od\u0161el v Italijo - Hudo Slovenija<\/title>\n<meta name=\"robots\" content=\"index, follow, max-snippet:-1, max-image-preview:large, max-video-preview:-1\" \/>\n<link rel=\"canonical\" href=\"https:\/\/hudo.com\/si\/aktualno\/svojci-pogresajo-29-letnega-gasperja-oblaka-iz-grosuplja-ki-naj-bi-konec-avgusta-odsel-v-italijo\/\" \/>\n<meta property=\"og:locale\" content=\"sl_SI\" \/>\n<meta property=\"og:type\" content=\"article\" \/>\n<meta property=\"og:title\" content=\"Svojci pogre\u0161ajo 29-letnega Ga\u0161perja Oblaka iz Grosuplja, ki naj bi konec avgusta od\u0161el v Italijo - Hudo Slovenija\" \/>\n<meta property=\"og:description\" content=\"Svojci pogre\u0161ajo 29-letnega Ga\u0161perja Oblaka iz Grosuplja. Pogre\u0161ani naj bi konec avgusta od\u0161el na obmo\u010dje Italije, nato pa so svojci z njim zgubili stik, so sporo\u010dili s Policijske uprave Ljubljana. Visok je okoli 176 centimetrov, normalne postave, rjavih kratkih las in svetlo modrih o\u010di.\" \/>\n<meta property=\"og:url\" content=\"https:\/\/hudo.com\/si\/aktualno\/svojci-pogresajo-29-letnega-gasperja-oblaka-iz-grosuplja-ki-naj-bi-konec-avgusta-odsel-v-italijo\/\" \/>\n<meta property=\"og:site_name\" content=\"Hudo Slovenija\" \/>\n<meta property=\"article:publisher\" content=\"https:\/\/www.facebook.com\/hudo.si\" \/>\n<meta property=\"article:published_time\" content=\"2020-10-08T06:43:19+00:00\" \/>\n<meta property=\"og:image\" content=\"https:\/\/hudo.com\/si\/wp-content\/uploads\/sites\/2\/2020\/10\/20201008-01030050.jpg\" \/>\n\t<meta property=\"og:image:width\" content=\"497\" \/>\n\t<meta property=\"og:image:height\" content=\"640\" \/>\n\t<meta property=\"og:image:type\" content=\"image\/jpeg\" \/>\n<meta name=\"author\" content=\"M. N., STA\" \/>\n<meta name=\"twitter:card\" content=\"summary_large_image\" \/>\n<meta name=\"twitter:creator\" content=\"@hudo_si\" \/>\n<meta name=\"twitter:site\" content=\"@hudo_si\" \/>\n<meta name=\"twitter:label1\" content=\"Written by\" \/>\n\t<meta name=\"twitter:data1\" content=\"M. N., STA\" \/>\n<script type=\"application\/ld+json\" class=\"yoast-schema-graph\">{\"@context\":\"https:\/\/schema.org\",\"@graph\":[{\"@type\":\"Article\",\"@id\":\"https:\/\/hudo.com\/si\/aktualno\/svojci-pogresajo-29-letnega-gasperja-oblaka-iz-grosuplja-ki-naj-bi-konec-avgusta-odsel-v-italijo\/#article\",\"isPartOf\":{\"@id\":\"https:\/\/hudo.com\/si\/aktualno\/svojci-pogresajo-29-letnega-gasperja-oblaka-iz-grosuplja-ki-naj-bi-konec-avgusta-odsel-v-italijo\/\"},\"author\":{\"name\":\"M. N., STA\",\"@id\":\"https:\/\/hudo.com\/si\/#\/schema\/person\/c2f10ce65d2e6ede2aeda5be2a0611fa\"},\"headline\":\"Svojci pogre\u0161ajo 29-letnega Ga\u0161perja Oblaka iz Grosuplja, ki naj bi konec avgusta od\u0161el v Italijo\",\"datePublished\":\"2020-10-08T06:43:19+00:00\",\"dateModified\":\"2020-10-08T06:43:19+00:00\",\"mainEntityOfPage\":{\"@id\":\"https:\/\/hudo.com\/si\/aktualno\/svojci-pogresajo-29-letnega-gasperja-oblaka-iz-grosuplja-ki-naj-bi-konec-avgusta-odsel-v-italijo\/\"},\"wordCount\":85,\"publisher\":{\"@id\":\"https:\/\/hudo.com\/si\/#organization\"},\"keywords\":[\"pogre\u0161ana oseba\",\"Slovenija\"],\"articleSection\":[\"Aktualno\"],\"inLanguage\":\"sl-SI\"},{\"@type\":\"WebPage\",\"@id\":\"https:\/\/hudo.com\/si\/aktualno\/svojci-pogresajo-29-letnega-gasperja-oblaka-iz-grosuplja-ki-naj-bi-konec-avgusta-odsel-v-italijo\/\",\"url\":\"https:\/\/hudo.com\/si\/aktualno\/svojci-pogresajo-29-letnega-gasperja-oblaka-iz-grosuplja-ki-naj-bi-konec-avgusta-odsel-v-italijo\/\",\"name\":\"Svojci pogre\u0161ajo 29-letnega Ga\u0161perja Oblaka iz Grosuplja, ki naj bi konec avgusta od\u0161el v Italijo - Hudo Slovenija\",\"isPartOf\":{\"@id\":\"https:\/\/hudo.com\/si\/#website\"},\"datePublished\":\"2020-10-08T06:43:19+00:00\",\"dateModified\":\"2020-10-08T06:43:19+00:00\",\"breadcrumb\":{\"@id\":\"https:\/\/hudo.com\/si\/aktualno\/svojci-pogresajo-29-letnega-gasperja-oblaka-iz-grosuplja-ki-naj-bi-konec-avgusta-odsel-v-italijo\/#breadcrumb\"},\"inLanguage\":\"sl-SI\",\"potentialAction\":[{\"@type\":\"ReadAction\",\"target\":[\"https:\/\/hudo.com\/si\/aktualno\/svojci-pogresajo-29-letnega-gasperja-oblaka-iz-grosuplja-ki-naj-bi-konec-avgusta-odsel-v-italijo\/\"]}]},{\"@type\":\"BreadcrumbList\",\"@id\":\"https:\/\/hudo.com\/si\/aktualno\/svojci-pogresajo-29-letnega-gasperja-oblaka-iz-grosuplja-ki-naj-bi-konec-avgusta-odsel-v-italijo\/#breadcrumb\",\"itemListElement\":[{\"@type\":\"ListItem\",\"position\":1,\"name\":\"Home\",\"item\":\"https:\/\/hudo.com\/si\/\"},{\"@type\":\"ListItem\",\"position\":2,\"name\":\"Svojci pogre\u0161ajo 29-letnega Ga\u0161perja Oblaka iz Grosuplja, ki naj bi konec avgusta od\u0161el v Italijo\"}]},{\"@type\":\"WebSite\",\"@id\":\"https:\/\/hudo.com\/si\/#website\",\"url\":\"https:\/\/hudo.com\/si\/\",\"name\":\"Hudo Slovenija\",\"description\":\"Vse novice iz Slovenije in sveta\",\"publisher\":{\"@id\":\"https:\/\/hudo.com\/si\/#organization\"},\"potentialAction\":[{\"@type\":\"SearchAction\",\"target\":{\"@type\":\"EntryPoint\",\"urlTemplate\":\"https:\/\/hudo.com\/si\/?s={search_term_string}\"},\"query-input\":\"required name=search_term_string\"}],\"inLanguage\":\"sl-SI\"},{\"@type\":\"Organization\",\"@id\":\"https:\/\/hudo.com\/si\/#organization\",\"name\":\"VSN Media\",\"url\":\"https:\/\/hudo.com\/si\/\",\"logo\":{\"@type\":\"ImageObject\",\"inLanguage\":\"sl-SI\",\"@id\":\"https:\/\/hudo.com\/si\/#\/schema\/logo\/image\/\",\"url\":\"https:\/\/hudo.com\/si\/wp-content\/uploads\/sites\/2\/2021\/03\/hudo-app-2.png\",\"contentUrl\":\"https:\/\/hudo.com\/si\/wp-content\/uploads\/sites\/2\/2021\/03\/hudo-app-2.png\",\"width\":2185,\"height\":2167,\"caption\":\"VSN Media\"},\"image\":{\"@id\":\"https:\/\/hudo.com\/si\/#\/schema\/logo\/image\/\"},\"sameAs\":[\"https:\/\/www.facebook.com\/hudo.si\",\"https:\/\/twitter.com\/hudo_si\"]},{\"@type\":\"Person\",\"@id\":\"https:\/\/hudo.com\/si\/#\/schema\/person\/c2f10ce65d2e6ede2aeda5be2a0611fa\",\"name\":\"M. N., STA\",\"image\":{\"@type\":\"ImageObject\",\"inLanguage\":\"sl-SI\",\"@id\":\"https:\/\/hudo.com\/si\/#\/schema\/person\/image\/\",\"url\":\"https:\/\/secure.gravatar.com\/avatar\/f370d38daa10467f755c5c766a4cac20?s=96&d=mm&r=g\",\"contentUrl\":\"https:\/\/secure.gravatar.com\/avatar\/f370d38daa10467f755c5c766a4cac20?s=96&d=mm&r=g\",\"caption\":\"M. N., STA\"},\"url\":\"https:\/\/hudo.com\/si\/author\/mana\/\"}]}<\/script>\n<!-- \/ Yoast SEO plugin. -->","yoast_head_json":{"title":"Svojci pogre\u0161ajo 29-letnega Ga\u0161perja Oblaka iz Grosuplja, ki naj bi konec avgusta od\u0161el v Italijo - Hudo Slovenija","robots":{"index":"index","follow":"follow","max-snippet":"max-snippet:-1","max-image-preview":"max-image-preview:large","max-video-preview":"max-video-preview:-1"},"canonical":"https:\/\/hudo.com\/si\/aktualno\/svojci-pogresajo-29-letnega-gasperja-oblaka-iz-grosuplja-ki-naj-bi-konec-avgusta-odsel-v-italijo\/","og_locale":"sl_SI","og_type":"article","og_title":"Svojci pogre\u0161ajo 29-letnega Ga\u0161perja Oblaka iz Grosuplja, ki naj bi konec avgusta od\u0161el v Italijo - Hudo Slovenija","og_description":"Svojci pogre\u0161ajo 29-letnega Ga\u0161perja Oblaka iz Grosuplja. Pogre\u0161ani naj bi konec avgusta od\u0161el na obmo\u010dje Italije, nato pa so svojci z njim zgubili stik, so sporo\u010dili s Policijske uprave Ljubljana. Visok je okoli 176 centimetrov, normalne postave, rjavih kratkih las in svetlo modrih o\u010di.","og_url":"https:\/\/hudo.com\/si\/aktualno\/svojci-pogresajo-29-letnega-gasperja-oblaka-iz-grosuplja-ki-naj-bi-konec-avgusta-odsel-v-italijo\/","og_site_name":"Hudo Slovenija","article_publisher":"https:\/\/www.facebook.com\/hudo.si","article_published_time":"2020-10-08T06:43:19+00:00","og_image":[{"width":497,"height":640,"url":"https:\/\/hudo.com\/si\/wp-content\/uploads\/sites\/2\/2020\/10\/20201008-01030050.jpg","type":"image\/jpeg"}],"author":"M. N., STA","twitter_card":"summary_large_image","twitter_creator":"@hudo_si","twitter_site":"@hudo_si","twitter_misc":{"Written by":"M. N., STA"},"schema":{"@context":"https:\/\/schema.org","@graph":[{"@type":"Article","@id":"https:\/\/hudo.com\/si\/aktualno\/svojci-pogresajo-29-letnega-gasperja-oblaka-iz-grosuplja-ki-naj-bi-konec-avgusta-odsel-v-italijo\/#article","isPartOf":{"@id":"https:\/\/hudo.com\/si\/aktualno\/svojci-pogresajo-29-letnega-gasperja-oblaka-iz-grosuplja-ki-naj-bi-konec-avgusta-odsel-v-italijo\/"},"author":{"name":"M. N., STA","@id":"https:\/\/hudo.com\/si\/#\/schema\/person\/c2f10ce65d2e6ede2aeda5be2a0611fa"},"headline":"Svojci pogre\u0161ajo 29-letnega Ga\u0161perja Oblaka iz Grosuplja, ki naj bi konec avgusta od\u0161el v Italijo","datePublished":"2020-10-08T06:43:19+00:00","dateModified":"2020-10-08T06:43:19+00:00","mainEntityOfPage":{"@id":"https:\/\/hudo.com\/si\/aktualno\/svojci-pogresajo-29-letnega-gasperja-oblaka-iz-grosuplja-ki-naj-bi-konec-avgusta-odsel-v-italijo\/"},"wordCount":85,"publisher":{"@id":"https:\/\/hudo.com\/si\/#organization"},"keywords":["pogre\u0161ana oseba","Slovenija"],"articleSection":["Aktualno"],"inLanguage":"sl-SI"},{"@type":"WebPage","@id":"https:\/\/hudo.com\/si\/aktualno\/svojci-pogresajo-29-letnega-gasperja-oblaka-iz-grosuplja-ki-naj-bi-konec-avgusta-odsel-v-italijo\/","url":"https:\/\/hudo.com\/si\/aktualno\/svojci-pogresajo-29-letnega-gasperja-oblaka-iz-grosuplja-ki-naj-bi-konec-avgusta-odsel-v-italijo\/","name":"Svojci pogre\u0161ajo 29-letnega Ga\u0161perja Oblaka iz Grosuplja, ki naj bi konec avgusta od\u0161el v Italijo - Hudo Slovenija","isPartOf":{"@id":"https:\/\/hudo.com\/si\/#website"},"datePublished":"2020-10-08T06:43:19+00:00","dateModified":"2020-10-08T06:43:19+00:00","breadcrumb":{"@id":"https:\/\/hudo.com\/si\/aktualno\/svojci-pogresajo-29-letnega-gasperja-oblaka-iz-grosuplja-ki-naj-bi-konec-avgusta-odsel-v-italijo\/#breadcrumb"},"inLanguage":"sl-SI","potentialAction":[{"@type":"ReadAction","target":["https:\/\/hudo.com\/si\/aktualno\/svojci-pogresajo-29-letnega-gasperja-oblaka-iz-grosuplja-ki-naj-bi-konec-avgusta-odsel-v-italijo\/"]}]},{"@type":"BreadcrumbList","@id":"https:\/\/hudo.com\/si\/aktualno\/svojci-pogresajo-29-letnega-gasperja-oblaka-iz-grosuplja-ki-naj-bi-konec-avgusta-odsel-v-italijo\/#breadcrumb","itemListElement":[{"@type":"ListItem","position":1,"name":"Home","item":"https:\/\/hudo.com\/si\/"},{"@type":"ListItem","position":2,"name":"Svojci pogre\u0161ajo 29-letnega Ga\u0161perja Oblaka iz Grosuplja, ki naj bi konec avgusta od\u0161el v Italijo"}]},{"@type":"WebSite","@id":"https:\/\/hudo.com\/si\/#website","url":"https:\/\/hudo.com\/si\/","name":"Hudo Slovenija","description":"Vse novice iz Slovenije in sveta","publisher":{"@id":"https:\/\/hudo.com\/si\/#organization"},"potentialAction":[{"@type":"SearchAction","target":{"@type":"EntryPoint","urlTemplate":"https:\/\/hudo.com\/si\/?s={search_term_string}"},"query-input":"required name=search_term_string"}],"inLanguage":"sl-SI"},{"@type":"Organization","@id":"https:\/\/hudo.com\/si\/#organization","name":"VSN Media","url":"https:\/\/hudo.com\/si\/","logo":{"@type":"ImageObject","inLanguage":"sl-SI","@id":"https:\/\/hudo.com\/si\/#\/schema\/logo\/image\/","url":"https:\/\/hudo.com\/si\/wp-content\/uploads\/sites\/2\/2021\/03\/hudo-app-2.png","contentUrl":"https:\/\/hudo.com\/si\/wp-content\/uploads\/sites\/2\/2021\/03\/hudo-app-2.png","width":2185,"height":2167,"caption":"VSN Media"},"image":{"@id":"https:\/\/hudo.com\/si\/#\/schema\/logo\/image\/"},"sameAs":["https:\/\/www.facebook.com\/hudo.si","https:\/\/twitter.com\/hudo_si"]},{"@type":"Person","@id":"https:\/\/hudo.com\/si\/#\/schema\/person\/c2f10ce65d2e6ede2aeda5be2a0611fa","name":"M. N., STA","image":{"@type":"ImageObject","inLanguage":"sl-SI","@id":"https:\/\/hudo.com\/si\/#\/schema\/person\/image\/","url":"https:\/\/secure.gravatar.com\/avatar\/f370d38daa10467f755c5c766a4cac20?s=96&d=mm&r=g","contentUrl":"https:\/\/secure.gravatar.com\/avatar\/f370d38daa10467f755c5c766a4cac20?s=96&d=mm&r=g","caption":"M. N., STA"},"url":"https:\/\/hudo.com\/si\/author\/mana\/"}]}},"amp_enabled":true,"_links":{"self":[{"href":"https:\/\/hudo.com\/si\/wp-json\/wp\/v2\/posts\/434788"}],"collection":[{"href":"https:\/\/hudo.com\/si\/wp-json\/wp\/v2\/posts"}],"about":[{"href":"https:\/\/hudo.com\/si\/wp-json\/wp\/v2\/types\/post"}],"author":[{"embeddable":true,"href":"https:\/\/hudo.com\/si\/wp-json\/wp\/v2\/users\/8"}],"replies":[{"embeddable":true,"href":"https:\/\/hudo.com\/si\/wp-json\/wp\/v2\/comments?post=434788"}],"version-history":[{"count":1,"href":"https:\/\/hudo.com\/si\/wp-json\/wp\/v2\/posts\/434788\/revisions"}],"predecessor-version":[{"id":434791,"href":"https:\/\/hudo.com\/si\/wp-json\/wp\/v2\/posts\/434788\/revisions\/434791"}],"wp:featuredmedia":[{"embeddable":true,"href":"https:\/\/hudo.com\/si\/wp-json\/wp\/v2\/media\/434790"}],"wp:attachment":[{"href":"https:\/\/hudo.com\/si\/wp-json\/wp\/v2\/media?parent=434788"}],"wp:term":[{"taxonomy":"category","embeddable":true,"href":"https:\/\/hudo.com\/si\/wp-json\/wp\/v2\/categories?post=434788"},{"taxonomy":"post_tag","embeddable":true,"href":"https:\/\/hudo.com\/si\/wp-json\/wp\/v2\/tags?post=434788"},{"taxonomy":"source","embeddable":true,"href":"https:\/\/hudo.com\/si\/wp-json\/wp\/v2\/source?post=434788"},{"taxonomy":"supertag","embeddable":true,"href":"https:\/\/hudo.com\/si\/wp-json\/wp\/v2\/supertag?post=434788"}],"curies":[{"name":"wp","href":"https:\/\/api.w.org\/{rel}","templated":true}]}}