{"id":434878,"date":"2020-10-08T19:31:01","date_gmt":"2020-10-08T17:31:01","guid":{"rendered":"http:\/\/hudo.com\/si\/?p=434878"},"modified":"2020-10-08T19:31:01","modified_gmt":"2020-10-08T17:31:01","slug":"cerkev-pricakuje-da-zanje-omejitev-zbiranja-ne-bo-veljala","status":"publish","type":"post","link":"https:\/\/hudo.com\/si\/aktualno\/cerkev-pricakuje-da-zanje-omejitev-zbiranja-ne-bo-veljala\/","title":{"rendered":"Cerkev pri\u010dakuje, da zanje omejitev zbiranja ne bo veljala"},"content":{"rendered":"<p>Kot so \u0161e sporo\u010dili s S\u0160K, so se slovenski \u0161kofje seznanili z novim vladnim odlokom, po katerem bo zbiranje od petka omejeno na najve\u010d deset oseb. Zbiranja oziroma prireditve z udele\u017ebo do 500 ljudi pa bodo mo\u017ene v primeru pozitivnega mnenja Nacionalnega in\u0161tituta za javno zdravje (NIJZ), a bo na teh dogodkih prepovedana stre\u017eba pija\u010de in hrane.<\/p>\n<h2>Zaenkrat izjeme niso predvidene<\/h2>\n<p>Minister za notranje zadeve Ale\u0161 Hojs je sicer na dana\u0161nji novinarski konferenci pojasnil, da odlok velja za zbiranje na javnih krajih in vseh drugih prostorih, vklju\u010dno z zasebnimi. Po njegovih besedah odlok ne predvideva nobenih izjem, kar pomeni, da bodo tudi verske organizacije morale dobiti pozitivno mnenje NIJZ za obrede z udele\u017ebo nad deset oseb.<\/p>\n<p>S tem odlokom vlada ne ureja zbiranja in dejavnosti v \u0161olah, opredeljujejo pa popoldanske dejavnosti, ki jih ne organizirajo \u0161ole, denimo \u0161portne dejavnosti.<\/p>\n","protected":false},"excerpt":{"rendered":"<p>Slovenska \u0161kofovska konferenca (S\u0160K) je zaradi vladnega odloka o omejevanju zbiranja v imenu vseh \u0161kofij in \u017eupnij \u017ee oddala vlogo na NIJZ za pridobitev pozitivnega mnenja za opravljanje bogoslu\u017eja, ob upo\u0161tevanju doslej veljavnih smernic in navodil. Na S\u0160K pri\u010dakujejo pravo\u010dasno izdajo mnenje, da bodo nedeljska bogoslu\u017eja lahko potekala nemoteno.<\/p>\n","protected":false},"author":7,"featured_media":434879,"comment_status":"closed","ping_status":"closed","sticky":false,"template":"","format":"standard","meta":{"footnotes":""},"categories":[1179],"tags":[15877,16407,6625,1595],"source":[4511],"supertag":[5675],"acf":[],"yoast_head":"<!-- This site is optimized with the Yoast SEO plugin v21.3 - https:\/\/yoast.com\/wordpress\/plugins\/seo\/ -->\n<title>Cerkev pri\u010dakuje, da zanje omejitev zbiranja ne bo veljala - Hudo Slovenija<\/title>\n<meta name=\"robots\" content=\"index, follow, max-snippet:-1, max-image-preview:large, max-video-preview:-1\" \/>\n<link rel=\"canonical\" href=\"https:\/\/hudo.com\/si\/aktualno\/cerkev-pricakuje-da-zanje-omejitev-zbiranja-ne-bo-veljala\/\" \/>\n<meta property=\"og:locale\" content=\"sl_SI\" \/>\n<meta property=\"og:type\" content=\"article\" \/>\n<meta property=\"og:title\" content=\"Cerkev pri\u010dakuje, da zanje omejitev zbiranja ne bo veljala - Hudo Slovenija\" \/>\n<meta property=\"og:description\" content=\"Slovenska \u0161kofovska konferenca (S\u0160K) je zaradi vladnega odloka o omejevanju zbiranja v imenu vseh \u0161kofij in \u017eupnij \u017ee oddala vlogo na NIJZ za pridobitev pozitivnega mnenja za opravljanje bogoslu\u017eja, ob upo\u0161tevanju doslej veljavnih smernic in navodil. Na S\u0160K pri\u010dakujejo pravo\u010dasno izdajo mnenje, da bodo nedeljska bogoslu\u017eja lahko potekala nemoteno.\" \/>\n<meta property=\"og:url\" content=\"https:\/\/hudo.com\/si\/aktualno\/cerkev-pricakuje-da-zanje-omejitev-zbiranja-ne-bo-veljala\/\" \/>\n<meta property=\"og:site_name\" content=\"Hudo Slovenija\" \/>\n<meta property=\"article:publisher\" content=\"https:\/\/www.facebook.com\/hudo.si\" \/>\n<meta property=\"article:published_time\" content=\"2020-10-08T17:31:01+00:00\" \/>\n<meta property=\"og:image\" content=\"https:\/\/hudo.com\/si\/wp-content\/uploads\/sites\/2\/2020\/10\/profimedia-0340563243.jpg\" \/>\n\t<meta property=\"og:image:width\" content=\"1250\" \/>\n\t<meta property=\"og:image:height\" content=\"833\" \/>\n\t<meta property=\"og:image:type\" content=\"image\/jpeg\" \/>\n<meta name=\"author\" content=\"A. P., STA\" \/>\n<meta name=\"twitter:card\" content=\"summary_large_image\" \/>\n<meta name=\"twitter:creator\" content=\"@hudo_si\" \/>\n<meta name=\"twitter:site\" content=\"@hudo_si\" \/>\n<meta name=\"twitter:label1\" content=\"Written by\" \/>\n\t<meta name=\"twitter:data1\" content=\"A. P., STA\" \/>\n\t<meta name=\"twitter:label2\" content=\"Est. reading time\" \/>\n\t<meta name=\"twitter:data2\" content=\"1 minuta\" \/>\n<script type=\"application\/ld+json\" class=\"yoast-schema-graph\">{\"@context\":\"https:\/\/schema.org\",\"@graph\":[{\"@type\":\"Article\",\"@id\":\"https:\/\/hudo.com\/si\/aktualno\/cerkev-pricakuje-da-zanje-omejitev-zbiranja-ne-bo-veljala\/#article\",\"isPartOf\":{\"@id\":\"https:\/\/hudo.com\/si\/aktualno\/cerkev-pricakuje-da-zanje-omejitev-zbiranja-ne-bo-veljala\/\"},\"author\":{\"name\":\"A. P., STA\",\"@id\":\"https:\/\/hudo.com\/si\/#\/schema\/person\/18f09c02475ba9e606e941a565b80cff\"},\"headline\":\"Cerkev pri\u010dakuje, da zanje omejitev zbiranja ne bo veljala\",\"datePublished\":\"2020-10-08T17:31:01+00:00\",\"dateModified\":\"2020-10-08T17:31:01+00:00\",\"mainEntityOfPage\":{\"@id\":\"https:\/\/hudo.com\/si\/aktualno\/cerkev-pricakuje-da-zanje-omejitev-zbiranja-ne-bo-veljala\/\"},\"wordCount\":158,\"publisher\":{\"@id\":\"https:\/\/hudo.com\/si\/#organization\"},\"keywords\":[\"koronavirus v sloveniji\",\"omejitev zbiranja\",\"RKC\",\"Slovenija\"],\"articleSection\":[\"Aktualno\"],\"inLanguage\":\"sl-SI\"},{\"@type\":\"WebPage\",\"@id\":\"https:\/\/hudo.com\/si\/aktualno\/cerkev-pricakuje-da-zanje-omejitev-zbiranja-ne-bo-veljala\/\",\"url\":\"https:\/\/hudo.com\/si\/aktualno\/cerkev-pricakuje-da-zanje-omejitev-zbiranja-ne-bo-veljala\/\",\"name\":\"Cerkev pri\u010dakuje, da zanje omejitev zbiranja ne bo veljala - Hudo Slovenija\",\"isPartOf\":{\"@id\":\"https:\/\/hudo.com\/si\/#website\"},\"datePublished\":\"2020-10-08T17:31:01+00:00\",\"dateModified\":\"2020-10-08T17:31:01+00:00\",\"breadcrumb\":{\"@id\":\"https:\/\/hudo.com\/si\/aktualno\/cerkev-pricakuje-da-zanje-omejitev-zbiranja-ne-bo-veljala\/#breadcrumb\"},\"inLanguage\":\"sl-SI\",\"potentialAction\":[{\"@type\":\"ReadAction\",\"target\":[\"https:\/\/hudo.com\/si\/aktualno\/cerkev-pricakuje-da-zanje-omejitev-zbiranja-ne-bo-veljala\/\"]}]},{\"@type\":\"BreadcrumbList\",\"@id\":\"https:\/\/hudo.com\/si\/aktualno\/cerkev-pricakuje-da-zanje-omejitev-zbiranja-ne-bo-veljala\/#breadcrumb\",\"itemListElement\":[{\"@type\":\"ListItem\",\"position\":1,\"name\":\"Home\",\"item\":\"https:\/\/hudo.com\/si\/\"},{\"@type\":\"ListItem\",\"position\":2,\"name\":\"Cerkev pri\u010dakuje, da zanje omejitev zbiranja ne bo veljala\"}]},{\"@type\":\"WebSite\",\"@id\":\"https:\/\/hudo.com\/si\/#website\",\"url\":\"https:\/\/hudo.com\/si\/\",\"name\":\"Hudo Slovenija\",\"description\":\"Vse novice iz Slovenije in sveta\",\"publisher\":{\"@id\":\"https:\/\/hudo.com\/si\/#organization\"},\"potentialAction\":[{\"@type\":\"SearchAction\",\"target\":{\"@type\":\"EntryPoint\",\"urlTemplate\":\"https:\/\/hudo.com\/si\/?s={search_term_string}\"},\"query-input\":\"required name=search_term_string\"}],\"inLanguage\":\"sl-SI\"},{\"@type\":\"Organization\",\"@id\":\"https:\/\/hudo.com\/si\/#organization\",\"name\":\"VSN Media\",\"url\":\"https:\/\/hudo.com\/si\/\",\"logo\":{\"@type\":\"ImageObject\",\"inLanguage\":\"sl-SI\",\"@id\":\"https:\/\/hudo.com\/si\/#\/schema\/logo\/image\/\",\"url\":\"https:\/\/hudo.com\/si\/wp-content\/uploads\/sites\/2\/2021\/03\/hudo-app-2.png\",\"contentUrl\":\"https:\/\/hudo.com\/si\/wp-content\/uploads\/sites\/2\/2021\/03\/hudo-app-2.png\",\"width\":2185,\"height\":2167,\"caption\":\"VSN Media\"},\"image\":{\"@id\":\"https:\/\/hudo.com\/si\/#\/schema\/logo\/image\/\"},\"sameAs\":[\"https:\/\/www.facebook.com\/hudo.si\",\"https:\/\/twitter.com\/hudo_si\"]},{\"@type\":\"Person\",\"@id\":\"https:\/\/hudo.com\/si\/#\/schema\/person\/18f09c02475ba9e606e941a565b80cff\",\"name\":\"A. P., STA\",\"image\":{\"@type\":\"ImageObject\",\"inLanguage\":\"sl-SI\",\"@id\":\"https:\/\/hudo.com\/si\/#\/schema\/person\/image\/\",\"url\":\"https:\/\/secure.gravatar.com\/avatar\/03eac8e609f5f04383125d80eaeaaf3e?s=96&d=mm&r=g\",\"contentUrl\":\"https:\/\/secure.gravatar.com\/avatar\/03eac8e609f5f04383125d80eaeaaf3e?s=96&d=mm&r=g\",\"caption\":\"A. P., STA\"},\"url\":\"https:\/\/hudo.com\/si\/author\/lubu\/\"}]}<\/script>\n<!-- \/ Yoast SEO plugin. -->","yoast_head_json":{"title":"Cerkev pri\u010dakuje, da zanje omejitev zbiranja ne bo veljala - Hudo Slovenija","robots":{"index":"index","follow":"follow","max-snippet":"max-snippet:-1","max-image-preview":"max-image-preview:large","max-video-preview":"max-video-preview:-1"},"canonical":"https:\/\/hudo.com\/si\/aktualno\/cerkev-pricakuje-da-zanje-omejitev-zbiranja-ne-bo-veljala\/","og_locale":"sl_SI","og_type":"article","og_title":"Cerkev pri\u010dakuje, da zanje omejitev zbiranja ne bo veljala - Hudo Slovenija","og_description":"Slovenska \u0161kofovska konferenca (S\u0160K) je zaradi vladnega odloka o omejevanju zbiranja v imenu vseh \u0161kofij in \u017eupnij \u017ee oddala vlogo na NIJZ za pridobitev pozitivnega mnenja za opravljanje bogoslu\u017eja, ob upo\u0161tevanju doslej veljavnih smernic in navodil. Na S\u0160K pri\u010dakujejo pravo\u010dasno izdajo mnenje, da bodo nedeljska bogoslu\u017eja lahko potekala nemoteno.","og_url":"https:\/\/hudo.com\/si\/aktualno\/cerkev-pricakuje-da-zanje-omejitev-zbiranja-ne-bo-veljala\/","og_site_name":"Hudo Slovenija","article_publisher":"https:\/\/www.facebook.com\/hudo.si","article_published_time":"2020-10-08T17:31:01+00:00","og_image":[{"width":1250,"height":833,"url":"https:\/\/hudo.com\/si\/wp-content\/uploads\/sites\/2\/2020\/10\/profimedia-0340563243.jpg","type":"image\/jpeg"}],"author":"A. P., STA","twitter_card":"summary_large_image","twitter_creator":"@hudo_si","twitter_site":"@hudo_si","twitter_misc":{"Written by":"A. P., STA","Est. reading time":"1 minuta"},"schema":{"@context":"https:\/\/schema.org","@graph":[{"@type":"Article","@id":"https:\/\/hudo.com\/si\/aktualno\/cerkev-pricakuje-da-zanje-omejitev-zbiranja-ne-bo-veljala\/#article","isPartOf":{"@id":"https:\/\/hudo.com\/si\/aktualno\/cerkev-pricakuje-da-zanje-omejitev-zbiranja-ne-bo-veljala\/"},"author":{"name":"A. P., STA","@id":"https:\/\/hudo.com\/si\/#\/schema\/person\/18f09c02475ba9e606e941a565b80cff"},"headline":"Cerkev pri\u010dakuje, da zanje omejitev zbiranja ne bo veljala","datePublished":"2020-10-08T17:31:01+00:00","dateModified":"2020-10-08T17:31:01+00:00","mainEntityOfPage":{"@id":"https:\/\/hudo.com\/si\/aktualno\/cerkev-pricakuje-da-zanje-omejitev-zbiranja-ne-bo-veljala\/"},"wordCount":158,"publisher":{"@id":"https:\/\/hudo.com\/si\/#organization"},"keywords":["koronavirus v sloveniji","omejitev zbiranja","RKC","Slovenija"],"articleSection":["Aktualno"],"inLanguage":"sl-SI"},{"@type":"WebPage","@id":"https:\/\/hudo.com\/si\/aktualno\/cerkev-pricakuje-da-zanje-omejitev-zbiranja-ne-bo-veljala\/","url":"https:\/\/hudo.com\/si\/aktualno\/cerkev-pricakuje-da-zanje-omejitev-zbiranja-ne-bo-veljala\/","name":"Cerkev pri\u010dakuje, da zanje omejitev zbiranja ne bo veljala - Hudo Slovenija","isPartOf":{"@id":"https:\/\/hudo.com\/si\/#website"},"datePublished":"2020-10-08T17:31:01+00:00","dateModified":"2020-10-08T17:31:01+00:00","breadcrumb":{"@id":"https:\/\/hudo.com\/si\/aktualno\/cerkev-pricakuje-da-zanje-omejitev-zbiranja-ne-bo-veljala\/#breadcrumb"},"inLanguage":"sl-SI","potentialAction":[{"@type":"ReadAction","target":["https:\/\/hudo.com\/si\/aktualno\/cerkev-pricakuje-da-zanje-omejitev-zbiranja-ne-bo-veljala\/"]}]},{"@type":"BreadcrumbList","@id":"https:\/\/hudo.com\/si\/aktualno\/cerkev-pricakuje-da-zanje-omejitev-zbiranja-ne-bo-veljala\/#breadcrumb","itemListElement":[{"@type":"ListItem","position":1,"name":"Home","item":"https:\/\/hudo.com\/si\/"},{"@type":"ListItem","position":2,"name":"Cerkev pri\u010dakuje, da zanje omejitev zbiranja ne bo veljala"}]},{"@type":"WebSite","@id":"https:\/\/hudo.com\/si\/#website","url":"https:\/\/hudo.com\/si\/","name":"Hudo Slovenija","description":"Vse novice iz Slovenije in sveta","publisher":{"@id":"https:\/\/hudo.com\/si\/#organization"},"potentialAction":[{"@type":"SearchAction","target":{"@type":"EntryPoint","urlTemplate":"https:\/\/hudo.com\/si\/?s={search_term_string}"},"query-input":"required name=search_term_string"}],"inLanguage":"sl-SI"},{"@type":"Organization","@id":"https:\/\/hudo.com\/si\/#organization","name":"VSN Media","url":"https:\/\/hudo.com\/si\/","logo":{"@type":"ImageObject","inLanguage":"sl-SI","@id":"https:\/\/hudo.com\/si\/#\/schema\/logo\/image\/","url":"https:\/\/hudo.com\/si\/wp-content\/uploads\/sites\/2\/2021\/03\/hudo-app-2.png","contentUrl":"https:\/\/hudo.com\/si\/wp-content\/uploads\/sites\/2\/2021\/03\/hudo-app-2.png","width":2185,"height":2167,"caption":"VSN Media"},"image":{"@id":"https:\/\/hudo.com\/si\/#\/schema\/logo\/image\/"},"sameAs":["https:\/\/www.facebook.com\/hudo.si","https:\/\/twitter.com\/hudo_si"]},{"@type":"Person","@id":"https:\/\/hudo.com\/si\/#\/schema\/person\/18f09c02475ba9e606e941a565b80cff","name":"A. P., STA","image":{"@type":"ImageObject","inLanguage":"sl-SI","@id":"https:\/\/hudo.com\/si\/#\/schema\/person\/image\/","url":"https:\/\/secure.gravatar.com\/avatar\/03eac8e609f5f04383125d80eaeaaf3e?s=96&d=mm&r=g","contentUrl":"https:\/\/secure.gravatar.com\/avatar\/03eac8e609f5f04383125d80eaeaaf3e?s=96&d=mm&r=g","caption":"A. P., STA"},"url":"https:\/\/hudo.com\/si\/author\/lubu\/"}]}},"amp_enabled":true,"_links":{"self":[{"href":"https:\/\/hudo.com\/si\/wp-json\/wp\/v2\/posts\/434878"}],"collection":[{"href":"https:\/\/hudo.com\/si\/wp-json\/wp\/v2\/posts"}],"about":[{"href":"https:\/\/hudo.com\/si\/wp-json\/wp\/v2\/types\/post"}],"author":[{"embeddable":true,"href":"https:\/\/hudo.com\/si\/wp-json\/wp\/v2\/users\/7"}],"replies":[{"embeddable":true,"href":"https:\/\/hudo.com\/si\/wp-json\/wp\/v2\/comments?post=434878"}],"version-history":[{"count":1,"href":"https:\/\/hudo.com\/si\/wp-json\/wp\/v2\/posts\/434878\/revisions"}],"predecessor-version":[{"id":434880,"href":"https:\/\/hudo.com\/si\/wp-json\/wp\/v2\/posts\/434878\/revisions\/434880"}],"wp:featuredmedia":[{"embeddable":true,"href":"https:\/\/hudo.com\/si\/wp-json\/wp\/v2\/media\/434879"}],"wp:attachment":[{"href":"https:\/\/hudo.com\/si\/wp-json\/wp\/v2\/media?parent=434878"}],"wp:term":[{"taxonomy":"category","embeddable":true,"href":"https:\/\/hudo.com\/si\/wp-json\/wp\/v2\/categories?post=434878"},{"taxonomy":"post_tag","embeddable":true,"href":"https:\/\/hudo.com\/si\/wp-json\/wp\/v2\/tags?post=434878"},{"taxonomy":"source","embeddable":true,"href":"https:\/\/hudo.com\/si\/wp-json\/wp\/v2\/source?post=434878"},{"taxonomy":"supertag","embeddable":true,"href":"https:\/\/hudo.com\/si\/wp-json\/wp\/v2\/supertag?post=434878"}],"curies":[{"name":"wp","href":"https:\/\/api.w.org\/{rel}","templated":true}]}}