{"id":435291,"date":"2020-10-14T15:29:32","date_gmt":"2020-10-14T13:29:32","guid":{"rendered":"http:\/\/hudo.com\/si\/?p=435291"},"modified":"2020-10-14T15:29:32","modified_gmt":"2020-10-14T13:29:32","slug":"javni-potniski-promet-zaenkrat-ne-bo-obstal","status":"publish","type":"post","link":"https:\/\/hudo.com\/si\/aktualno\/javni-potniski-promet-zaenkrat-ne-bo-obstal\/","title":{"rendered":"Javni potni\u0161ki promet zaenkrat ne bo obstal"},"content":{"rendered":"<p>Kot je pojasnil, vozniki javnih prevoznih sredstev poro\u010dajo, da nekateri potniki ne spo\u0161tujejo njihovih opozoril glede upo\u0161tevanja preventivnih ukrepov, kot je uporaba maske. Vozniki, ki so odgovorni za upo\u0161tevanje navodil na prevoznih sredstvih, lahko zaenkrat le opozarjajo potnike. V kolikor pa kljub opozorilom pride do nespo\u0161tovanja pravil, lahko vozniki zgolj pokli\u010dejo policijo, ki lahko ukrepa.<\/p>\n<p>O pomenu upo\u0161tevanja preventivnih ukrepov in o smiselnosti uporabe aplikacije #OstaniZdrav je govoril tudi minister za javno upravo Bo\u0161tjan Koritnik. Poudaril je, da lahko aplikacija dose\u017ee svoj namen samo, \u010de si jo prebivalci nalo\u017eijo \u0161e pred oku\u017ebo, in \u010de ob potrjeni oku\u017ebi, ob \u010demer od epidemiologa prejmejo posebno kodo, to kodo tudi vnesejo v aplikacijo. Samo v tem primeru, bodo namre\u010d stiki uporabnika obve\u0161\u010deni, da so bili v stiku z oku\u017eeno osebo.<\/p>\n<p>Po podatkih ministrstva za javno upravo je bilo med 22. septembrom in 12. oktobrom v aplikacijo vnesenih 282 kod, od skupno izdanih 455 kod v istem obdobju. To pomeni, da je kodo v aplikacijo vneslo le 60 odstotkov potrjeno oku\u017eenih uporabnikov, je dejal Koritnik. Ob tem je opozoril, da lahko epidemiolog oku\u017eenemu, \u010de ta v roku ene ure ne vnese dobljene kode, dodeli novo kodo. Zaradi tega lahko pride do podvajanja izdanih kod, je opozoril Koritnik.<\/p>\n<p>Direktorica potni\u0161kega prometa slovenskih \u017eeleznic Darja Kocjan je povedala, da so vlaki ob \u010dasovnih konicah &#8220;bolj polni, kot bi si \u017eeleli&#8221;, a imajo v obtoku vsa razpolo\u017eljiva prevozna sredstva. Potnike je pozvala k dosledni uporabi za\u0161\u010ditnih mask, razku\u017eevanju rok, upo\u0161tevanju drugih navodil in uporabi aplikacije #OstaniZdrav. Upokojencem je svetovala, naj vlake uporabljajo izven \u010dasovnih konic. Dodala je \u0161e, da sicer potniki na vlakih slovenskih \u017eeleznic po njenih izku\u0161njah in poro\u010danju sprevodnikov zdaj bolj upo\u0161tevajo navodila, kot so jih pred \u010dasom.<\/p>\n","protected":false},"excerpt":{"rendered":"<p>Dr\u017eavni sekretar na ministrstvu za infrastrukturo Ale\u0161 Miheli\u010d je na dana\u0161nji novinarski konferenci o ukrepih za zajezitev covida-19 v javnem prometu poudaril, da zaenkrat ne nameravajo ustavljati javnega potni\u0161kega prometa. Da to ne bo potrebno, je potnike pozval k upo\u0161tevanju ukrepov in uporabi aplikacije #OstaniZdrav.<\/p>\n","protected":false},"author":5,"featured_media":420329,"comment_status":"closed","ping_status":"closed","sticky":false,"template":"","format":"standard","meta":{"footnotes":""},"categories":[1179],"tags":[10830,15632,1595,4780],"source":[4511],"supertag":[5675],"acf":[],"yoast_head":"<!-- This site is optimized with the Yoast SEO plugin v21.3 - https:\/\/yoast.com\/wordpress\/plugins\/seo\/ -->\n<title>Javni potni\u0161ki promet zaenkrat ne bo obstal - Hudo Slovenija<\/title>\n<meta name=\"robots\" content=\"index, follow, max-snippet:-1, max-image-preview:large, max-video-preview:-1\" \/>\n<link rel=\"canonical\" href=\"https:\/\/hudo.com\/si\/aktualno\/javni-potniski-promet-zaenkrat-ne-bo-obstal\/\" \/>\n<meta property=\"og:locale\" content=\"sl_SI\" \/>\n<meta property=\"og:type\" content=\"article\" \/>\n<meta property=\"og:title\" content=\"Javni potni\u0161ki promet zaenkrat ne bo obstal - Hudo Slovenija\" \/>\n<meta property=\"og:description\" content=\"Dr\u017eavni sekretar na ministrstvu za infrastrukturo Ale\u0161 Miheli\u010d je na dana\u0161nji novinarski konferenci o ukrepih za zajezitev covida-19 v javnem prometu poudaril, da zaenkrat ne nameravajo ustavljati javnega potni\u0161kega prometa. Da to ne bo potrebno, je potnike pozval k upo\u0161tevanju ukrepov in uporabi aplikacije #OstaniZdrav.\" \/>\n<meta property=\"og:url\" content=\"https:\/\/hudo.com\/si\/aktualno\/javni-potniski-promet-zaenkrat-ne-bo-obstal\/\" \/>\n<meta property=\"og:site_name\" content=\"Hudo Slovenija\" \/>\n<meta property=\"article:publisher\" content=\"https:\/\/www.facebook.com\/hudo.si\" \/>\n<meta property=\"article:published_time\" content=\"2020-10-14T13:29:32+00:00\" \/>\n<meta property=\"og:image\" content=\"https:\/\/hudo.com\/si\/wp-content\/uploads\/sites\/2\/2020\/04\/profimedia-0511645188.jpg\" \/>\n\t<meta property=\"og:image:width\" content=\"1250\" \/>\n\t<meta property=\"og:image:height\" content=\"937\" \/>\n\t<meta property=\"og:image:type\" content=\"image\/jpeg\" \/>\n<meta name=\"author\" content=\"A. G., STA\" \/>\n<meta name=\"twitter:card\" content=\"summary_large_image\" \/>\n<meta name=\"twitter:creator\" content=\"@hudo_si\" \/>\n<meta name=\"twitter:site\" content=\"@hudo_si\" \/>\n<meta name=\"twitter:label1\" content=\"Written by\" \/>\n\t<meta name=\"twitter:data1\" content=\"A. G., STA\" \/>\n\t<meta name=\"twitter:label2\" content=\"Est. reading time\" \/>\n\t<meta name=\"twitter:data2\" content=\"2 minuti\" \/>\n<script type=\"application\/ld+json\" class=\"yoast-schema-graph\">{\"@context\":\"https:\/\/schema.org\",\"@graph\":[{\"@type\":\"Article\",\"@id\":\"https:\/\/hudo.com\/si\/aktualno\/javni-potniski-promet-zaenkrat-ne-bo-obstal\/#article\",\"isPartOf\":{\"@id\":\"https:\/\/hudo.com\/si\/aktualno\/javni-potniski-promet-zaenkrat-ne-bo-obstal\/\"},\"author\":{\"name\":\"A. G., STA\",\"@id\":\"https:\/\/hudo.com\/si\/#\/schema\/person\/2391667a63ea075ba94f2f2dc6b77537\"},\"headline\":\"Javni potni\u0161ki promet zaenkrat ne bo obstal\",\"datePublished\":\"2020-10-14T13:29:32+00:00\",\"dateModified\":\"2020-10-14T13:29:32+00:00\",\"mainEntityOfPage\":{\"@id\":\"https:\/\/hudo.com\/si\/aktualno\/javni-potniski-promet-zaenkrat-ne-bo-obstal\/\"},\"wordCount\":310,\"publisher\":{\"@id\":\"https:\/\/hudo.com\/si\/#organization\"},\"keywords\":[\"javni potni\u0161ki promet\",\"koronavirus\",\"Slovenija\",\"ukrepi\"],\"articleSection\":[\"Aktualno\"],\"inLanguage\":\"sl-SI\"},{\"@type\":\"WebPage\",\"@id\":\"https:\/\/hudo.com\/si\/aktualno\/javni-potniski-promet-zaenkrat-ne-bo-obstal\/\",\"url\":\"https:\/\/hudo.com\/si\/aktualno\/javni-potniski-promet-zaenkrat-ne-bo-obstal\/\",\"name\":\"Javni potni\u0161ki promet zaenkrat ne bo obstal - Hudo Slovenija\",\"isPartOf\":{\"@id\":\"https:\/\/hudo.com\/si\/#website\"},\"datePublished\":\"2020-10-14T13:29:32+00:00\",\"dateModified\":\"2020-10-14T13:29:32+00:00\",\"breadcrumb\":{\"@id\":\"https:\/\/hudo.com\/si\/aktualno\/javni-potniski-promet-zaenkrat-ne-bo-obstal\/#breadcrumb\"},\"inLanguage\":\"sl-SI\",\"potentialAction\":[{\"@type\":\"ReadAction\",\"target\":[\"https:\/\/hudo.com\/si\/aktualno\/javni-potniski-promet-zaenkrat-ne-bo-obstal\/\"]}]},{\"@type\":\"BreadcrumbList\",\"@id\":\"https:\/\/hudo.com\/si\/aktualno\/javni-potniski-promet-zaenkrat-ne-bo-obstal\/#breadcrumb\",\"itemListElement\":[{\"@type\":\"ListItem\",\"position\":1,\"name\":\"Home\",\"item\":\"https:\/\/hudo.com\/si\/\"},{\"@type\":\"ListItem\",\"position\":2,\"name\":\"Javni potni\u0161ki promet zaenkrat ne bo obstal\"}]},{\"@type\":\"WebSite\",\"@id\":\"https:\/\/hudo.com\/si\/#website\",\"url\":\"https:\/\/hudo.com\/si\/\",\"name\":\"Hudo Slovenija\",\"description\":\"Vse novice iz Slovenije in sveta\",\"publisher\":{\"@id\":\"https:\/\/hudo.com\/si\/#organization\"},\"potentialAction\":[{\"@type\":\"SearchAction\",\"target\":{\"@type\":\"EntryPoint\",\"urlTemplate\":\"https:\/\/hudo.com\/si\/?s={search_term_string}\"},\"query-input\":\"required name=search_term_string\"}],\"inLanguage\":\"sl-SI\"},{\"@type\":\"Organization\",\"@id\":\"https:\/\/hudo.com\/si\/#organization\",\"name\":\"VSN Media\",\"url\":\"https:\/\/hudo.com\/si\/\",\"logo\":{\"@type\":\"ImageObject\",\"inLanguage\":\"sl-SI\",\"@id\":\"https:\/\/hudo.com\/si\/#\/schema\/logo\/image\/\",\"url\":\"https:\/\/hudo.com\/si\/wp-content\/uploads\/sites\/2\/2021\/03\/hudo-app-2.png\",\"contentUrl\":\"https:\/\/hudo.com\/si\/wp-content\/uploads\/sites\/2\/2021\/03\/hudo-app-2.png\",\"width\":2185,\"height\":2167,\"caption\":\"VSN Media\"},\"image\":{\"@id\":\"https:\/\/hudo.com\/si\/#\/schema\/logo\/image\/\"},\"sameAs\":[\"https:\/\/www.facebook.com\/hudo.si\",\"https:\/\/twitter.com\/hudo_si\"]},{\"@type\":\"Person\",\"@id\":\"https:\/\/hudo.com\/si\/#\/schema\/person\/2391667a63ea075ba94f2f2dc6b77537\",\"name\":\"A. G., STA\",\"image\":{\"@type\":\"ImageObject\",\"inLanguage\":\"sl-SI\",\"@id\":\"https:\/\/hudo.com\/si\/#\/schema\/person\/image\/\",\"url\":\"https:\/\/secure.gravatar.com\/avatar\/e13d22ac3e442658d5025fbbe6238a79?s=96&d=mm&r=g\",\"contentUrl\":\"https:\/\/secure.gravatar.com\/avatar\/e13d22ac3e442658d5025fbbe6238a79?s=96&d=mm&r=g\",\"caption\":\"A. G., STA\"},\"url\":\"https:\/\/hudo.com\/si\/author\/alenka\/\"}]}<\/script>\n<!-- \/ Yoast SEO plugin. -->","yoast_head_json":{"title":"Javni potni\u0161ki promet zaenkrat ne bo obstal - Hudo Slovenija","robots":{"index":"index","follow":"follow","max-snippet":"max-snippet:-1","max-image-preview":"max-image-preview:large","max-video-preview":"max-video-preview:-1"},"canonical":"https:\/\/hudo.com\/si\/aktualno\/javni-potniski-promet-zaenkrat-ne-bo-obstal\/","og_locale":"sl_SI","og_type":"article","og_title":"Javni potni\u0161ki promet zaenkrat ne bo obstal - Hudo Slovenija","og_description":"Dr\u017eavni sekretar na ministrstvu za infrastrukturo Ale\u0161 Miheli\u010d je na dana\u0161nji novinarski konferenci o ukrepih za zajezitev covida-19 v javnem prometu poudaril, da zaenkrat ne nameravajo ustavljati javnega potni\u0161kega prometa. Da to ne bo potrebno, je potnike pozval k upo\u0161tevanju ukrepov in uporabi aplikacije #OstaniZdrav.","og_url":"https:\/\/hudo.com\/si\/aktualno\/javni-potniski-promet-zaenkrat-ne-bo-obstal\/","og_site_name":"Hudo Slovenija","article_publisher":"https:\/\/www.facebook.com\/hudo.si","article_published_time":"2020-10-14T13:29:32+00:00","og_image":[{"width":1250,"height":937,"url":"https:\/\/hudo.com\/si\/wp-content\/uploads\/sites\/2\/2020\/04\/profimedia-0511645188.jpg","type":"image\/jpeg"}],"author":"A. G., STA","twitter_card":"summary_large_image","twitter_creator":"@hudo_si","twitter_site":"@hudo_si","twitter_misc":{"Written by":"A. G., STA","Est. reading time":"2 minuti"},"schema":{"@context":"https:\/\/schema.org","@graph":[{"@type":"Article","@id":"https:\/\/hudo.com\/si\/aktualno\/javni-potniski-promet-zaenkrat-ne-bo-obstal\/#article","isPartOf":{"@id":"https:\/\/hudo.com\/si\/aktualno\/javni-potniski-promet-zaenkrat-ne-bo-obstal\/"},"author":{"name":"A. G., STA","@id":"https:\/\/hudo.com\/si\/#\/schema\/person\/2391667a63ea075ba94f2f2dc6b77537"},"headline":"Javni potni\u0161ki promet zaenkrat ne bo obstal","datePublished":"2020-10-14T13:29:32+00:00","dateModified":"2020-10-14T13:29:32+00:00","mainEntityOfPage":{"@id":"https:\/\/hudo.com\/si\/aktualno\/javni-potniski-promet-zaenkrat-ne-bo-obstal\/"},"wordCount":310,"publisher":{"@id":"https:\/\/hudo.com\/si\/#organization"},"keywords":["javni potni\u0161ki promet","koronavirus","Slovenija","ukrepi"],"articleSection":["Aktualno"],"inLanguage":"sl-SI"},{"@type":"WebPage","@id":"https:\/\/hudo.com\/si\/aktualno\/javni-potniski-promet-zaenkrat-ne-bo-obstal\/","url":"https:\/\/hudo.com\/si\/aktualno\/javni-potniski-promet-zaenkrat-ne-bo-obstal\/","name":"Javni potni\u0161ki promet zaenkrat ne bo obstal - Hudo Slovenija","isPartOf":{"@id":"https:\/\/hudo.com\/si\/#website"},"datePublished":"2020-10-14T13:29:32+00:00","dateModified":"2020-10-14T13:29:32+00:00","breadcrumb":{"@id":"https:\/\/hudo.com\/si\/aktualno\/javni-potniski-promet-zaenkrat-ne-bo-obstal\/#breadcrumb"},"inLanguage":"sl-SI","potentialAction":[{"@type":"ReadAction","target":["https:\/\/hudo.com\/si\/aktualno\/javni-potniski-promet-zaenkrat-ne-bo-obstal\/"]}]},{"@type":"BreadcrumbList","@id":"https:\/\/hudo.com\/si\/aktualno\/javni-potniski-promet-zaenkrat-ne-bo-obstal\/#breadcrumb","itemListElement":[{"@type":"ListItem","position":1,"name":"Home","item":"https:\/\/hudo.com\/si\/"},{"@type":"ListItem","position":2,"name":"Javni potni\u0161ki promet zaenkrat ne bo obstal"}]},{"@type":"WebSite","@id":"https:\/\/hudo.com\/si\/#website","url":"https:\/\/hudo.com\/si\/","name":"Hudo Slovenija","description":"Vse novice iz Slovenije in sveta","publisher":{"@id":"https:\/\/hudo.com\/si\/#organization"},"potentialAction":[{"@type":"SearchAction","target":{"@type":"EntryPoint","urlTemplate":"https:\/\/hudo.com\/si\/?s={search_term_string}"},"query-input":"required name=search_term_string"}],"inLanguage":"sl-SI"},{"@type":"Organization","@id":"https:\/\/hudo.com\/si\/#organization","name":"VSN Media","url":"https:\/\/hudo.com\/si\/","logo":{"@type":"ImageObject","inLanguage":"sl-SI","@id":"https:\/\/hudo.com\/si\/#\/schema\/logo\/image\/","url":"https:\/\/hudo.com\/si\/wp-content\/uploads\/sites\/2\/2021\/03\/hudo-app-2.png","contentUrl":"https:\/\/hudo.com\/si\/wp-content\/uploads\/sites\/2\/2021\/03\/hudo-app-2.png","width":2185,"height":2167,"caption":"VSN Media"},"image":{"@id":"https:\/\/hudo.com\/si\/#\/schema\/logo\/image\/"},"sameAs":["https:\/\/www.facebook.com\/hudo.si","https:\/\/twitter.com\/hudo_si"]},{"@type":"Person","@id":"https:\/\/hudo.com\/si\/#\/schema\/person\/2391667a63ea075ba94f2f2dc6b77537","name":"A. G., STA","image":{"@type":"ImageObject","inLanguage":"sl-SI","@id":"https:\/\/hudo.com\/si\/#\/schema\/person\/image\/","url":"https:\/\/secure.gravatar.com\/avatar\/e13d22ac3e442658d5025fbbe6238a79?s=96&d=mm&r=g","contentUrl":"https:\/\/secure.gravatar.com\/avatar\/e13d22ac3e442658d5025fbbe6238a79?s=96&d=mm&r=g","caption":"A. G., STA"},"url":"https:\/\/hudo.com\/si\/author\/alenka\/"}]}},"amp_enabled":true,"_links":{"self":[{"href":"https:\/\/hudo.com\/si\/wp-json\/wp\/v2\/posts\/435291"}],"collection":[{"href":"https:\/\/hudo.com\/si\/wp-json\/wp\/v2\/posts"}],"about":[{"href":"https:\/\/hudo.com\/si\/wp-json\/wp\/v2\/types\/post"}],"author":[{"embeddable":true,"href":"https:\/\/hudo.com\/si\/wp-json\/wp\/v2\/users\/5"}],"replies":[{"embeddable":true,"href":"https:\/\/hudo.com\/si\/wp-json\/wp\/v2\/comments?post=435291"}],"version-history":[{"count":1,"href":"https:\/\/hudo.com\/si\/wp-json\/wp\/v2\/posts\/435291\/revisions"}],"predecessor-version":[{"id":435292,"href":"https:\/\/hudo.com\/si\/wp-json\/wp\/v2\/posts\/435291\/revisions\/435292"}],"wp:featuredmedia":[{"embeddable":true,"href":"https:\/\/hudo.com\/si\/wp-json\/wp\/v2\/media\/420329"}],"wp:attachment":[{"href":"https:\/\/hudo.com\/si\/wp-json\/wp\/v2\/media?parent=435291"}],"wp:term":[{"taxonomy":"category","embeddable":true,"href":"https:\/\/hudo.com\/si\/wp-json\/wp\/v2\/categories?post=435291"},{"taxonomy":"post_tag","embeddable":true,"href":"https:\/\/hudo.com\/si\/wp-json\/wp\/v2\/tags?post=435291"},{"taxonomy":"source","embeddable":true,"href":"https:\/\/hudo.com\/si\/wp-json\/wp\/v2\/source?post=435291"},{"taxonomy":"supertag","embeddable":true,"href":"https:\/\/hudo.com\/si\/wp-json\/wp\/v2\/supertag?post=435291"}],"curies":[{"name":"wp","href":"https:\/\/api.w.org\/{rel}","templated":true}]}}