{"id":435299,"date":"2020-10-14T17:51:03","date_gmt":"2020-10-14T15:51:03","guid":{"rendered":"http:\/\/hudo.com\/si\/?p=435299"},"modified":"2020-10-14T19:55:45","modified_gmt":"2020-10-14T17:55:45","slug":"mariborski-zupan-arsenovic-okuzen-z-novim-koronavirusom","status":"publish","type":"post","link":"https:\/\/hudo.com\/si\/aktualno\/mariborski-zupan-arsenovic-okuzen-z-novim-koronavirusom\/","title":{"rendered":"Mariborski \u017eupan Arsenovi\u010d oku\u017een z novim koronavirusom"},"content":{"rendered":"<p>Arsenovi\u010d se po\u010duti dobro, vse Maribor\u010danke in Maribor\u010dane pa poziva k odgovornemu ravnanju in upo\u0161tevanju za\u0161\u010ditnih ukrepov, so dodali.<\/p>\n<p>Vsi sodelavci v kabinetu \u017eupana in mestni upravi, ki so bili z njim v neposrednem stiku, bodo od \u010detrtka v karanteni na domu in si bodo po najbolj\u0161ih mo\u010deh prizadevali za nemoteno delo Mestne ob\u010dine Maribor.<\/p>\n<p>Pod\u017eupan Samo Peter Medved, ki je koronavirus \u017ee prebolel, je danes opravil test na protitelesa. \u010ce bo ta pokazal, da jih ima, je pod\u017eupan za\u0161\u010diten, in bo v \u010detrtek prevzel nadome\u0161\u010danje \u017eupana.<\/p>\n<p>Mariborska ob\u010dina bo od ponedeljka delo od doma uvedla tudi za nekatere druge zaposlene. S tem \u017eelijo zagotoviti normalno poslovanje in tudi ustrezno lo\u010denost sodelavcev po pisarnah, so \u0161e zapisali v \u017eupanovem kabinetu.<\/p>\n<p>V samoizolaciji so od \u010detrtka tudi \u0161tirje mariborski poslanci, ki so bili v ponedeljek na delovnem sestanku v stiku z \u017eupanom Arsenovi\u010dem. To so Andrej Rajh (SAB), Franc Tr\u010dek (SD), Lidija Divjak Mirnik (LM\u0160) in Dejan Kaloh (SDS), so v DZ za STA potrdili poro\u010danje portala Politikis.<\/p>\n","protected":false},"excerpt":{"rendered":"<p>Mariborski \u017eupan Sa\u0161a Arsenovi\u010d je danes opravil hitri test na koronavirus, ki je pri njem potrdil oku\u017ebo. \u017dupan se je najverjetneje oku\u017eil na kosilu v o\u017ejem dru\u017einskem krogu, saj je s koronavirusom oku\u017een tudi njegov o\u010de. Po\u010duti se dobro in ostaja v karanteni na domu, so sporo\u010dili iz \u017eupanovega kabineta.<\/p>\n","protected":false},"author":5,"featured_media":435300,"comment_status":"closed","ping_status":"closed","sticky":false,"template":"","format":"standard","meta":{"footnotes":""},"categories":[1179],"tags":[15632,12495,1595],"source":[4511],"supertag":[5675],"acf":[],"yoast_head":"<!-- This site is optimized with the Yoast SEO plugin v21.3 - https:\/\/yoast.com\/wordpress\/plugins\/seo\/ -->\n<title>Mariborski \u017eupan Arsenovi\u010d oku\u017een z novim koronavirusom - Hudo Slovenija<\/title>\n<meta name=\"robots\" content=\"index, follow, max-snippet:-1, max-image-preview:large, max-video-preview:-1\" \/>\n<link rel=\"canonical\" href=\"https:\/\/hudo.com\/si\/aktualno\/mariborski-zupan-arsenovic-okuzen-z-novim-koronavirusom\/\" \/>\n<meta property=\"og:locale\" content=\"sl_SI\" \/>\n<meta property=\"og:type\" content=\"article\" \/>\n<meta property=\"og:title\" content=\"Mariborski \u017eupan Arsenovi\u010d oku\u017een z novim koronavirusom - Hudo Slovenija\" \/>\n<meta property=\"og:description\" content=\"Mariborski \u017eupan Sa\u0161a Arsenovi\u010d je danes opravil hitri test na koronavirus, ki je pri njem potrdil oku\u017ebo. \u017dupan se je najverjetneje oku\u017eil na kosilu v o\u017ejem dru\u017einskem krogu, saj je s koronavirusom oku\u017een tudi njegov o\u010de. Po\u010duti se dobro in ostaja v karanteni na domu, so sporo\u010dili iz \u017eupanovega kabineta.\" \/>\n<meta property=\"og:url\" content=\"https:\/\/hudo.com\/si\/aktualno\/mariborski-zupan-arsenovic-okuzen-z-novim-koronavirusom\/\" \/>\n<meta property=\"og:site_name\" content=\"Hudo Slovenija\" \/>\n<meta property=\"article:publisher\" content=\"https:\/\/www.facebook.com\/hudo.si\" \/>\n<meta property=\"article:published_time\" content=\"2020-10-14T15:51:03+00:00\" \/>\n<meta property=\"article:modified_time\" content=\"2020-10-14T17:55:45+00:00\" \/>\n<meta property=\"og:image\" content=\"https:\/\/hudo.com\/si\/wp-content\/uploads\/sites\/2\/2020\/10\/Screenshot-from-2020-10-14-17-50-26.png\" \/>\n\t<meta property=\"og:image:width\" content=\"635\" \/>\n\t<meta property=\"og:image:height\" content=\"422\" \/>\n\t<meta property=\"og:image:type\" content=\"image\/png\" \/>\n<meta name=\"author\" content=\"A. G., STA\" \/>\n<meta name=\"twitter:card\" content=\"summary_large_image\" \/>\n<meta name=\"twitter:creator\" content=\"@hudo_si\" \/>\n<meta name=\"twitter:site\" content=\"@hudo_si\" \/>\n<meta name=\"twitter:label1\" content=\"Written by\" \/>\n\t<meta name=\"twitter:data1\" content=\"A. G., STA\" \/>\n\t<meta name=\"twitter:label2\" content=\"Est. reading time\" \/>\n\t<meta name=\"twitter:data2\" content=\"1 minuta\" \/>\n<script type=\"application\/ld+json\" class=\"yoast-schema-graph\">{\"@context\":\"https:\/\/schema.org\",\"@graph\":[{\"@type\":\"Article\",\"@id\":\"https:\/\/hudo.com\/si\/aktualno\/mariborski-zupan-arsenovic-okuzen-z-novim-koronavirusom\/#article\",\"isPartOf\":{\"@id\":\"https:\/\/hudo.com\/si\/aktualno\/mariborski-zupan-arsenovic-okuzen-z-novim-koronavirusom\/\"},\"author\":{\"name\":\"A. G., STA\",\"@id\":\"https:\/\/hudo.com\/si\/#\/schema\/person\/2391667a63ea075ba94f2f2dc6b77537\"},\"headline\":\"Mariborski \u017eupan Arsenovi\u010d oku\u017een z novim koronavirusom\",\"datePublished\":\"2020-10-14T15:51:03+00:00\",\"dateModified\":\"2020-10-14T17:55:45+00:00\",\"mainEntityOfPage\":{\"@id\":\"https:\/\/hudo.com\/si\/aktualno\/mariborski-zupan-arsenovic-okuzen-z-novim-koronavirusom\/\"},\"wordCount\":192,\"publisher\":{\"@id\":\"https:\/\/hudo.com\/si\/#organization\"},\"keywords\":[\"koronavirus\",\"Sa\u0161a Arsenovi\u010d\",\"Slovenija\"],\"articleSection\":[\"Aktualno\"],\"inLanguage\":\"sl-SI\"},{\"@type\":\"WebPage\",\"@id\":\"https:\/\/hudo.com\/si\/aktualno\/mariborski-zupan-arsenovic-okuzen-z-novim-koronavirusom\/\",\"url\":\"https:\/\/hudo.com\/si\/aktualno\/mariborski-zupan-arsenovic-okuzen-z-novim-koronavirusom\/\",\"name\":\"Mariborski \u017eupan Arsenovi\u010d oku\u017een z novim koronavirusom - Hudo Slovenija\",\"isPartOf\":{\"@id\":\"https:\/\/hudo.com\/si\/#website\"},\"datePublished\":\"2020-10-14T15:51:03+00:00\",\"dateModified\":\"2020-10-14T17:55:45+00:00\",\"breadcrumb\":{\"@id\":\"https:\/\/hudo.com\/si\/aktualno\/mariborski-zupan-arsenovic-okuzen-z-novim-koronavirusom\/#breadcrumb\"},\"inLanguage\":\"sl-SI\",\"potentialAction\":[{\"@type\":\"ReadAction\",\"target\":[\"https:\/\/hudo.com\/si\/aktualno\/mariborski-zupan-arsenovic-okuzen-z-novim-koronavirusom\/\"]}]},{\"@type\":\"BreadcrumbList\",\"@id\":\"https:\/\/hudo.com\/si\/aktualno\/mariborski-zupan-arsenovic-okuzen-z-novim-koronavirusom\/#breadcrumb\",\"itemListElement\":[{\"@type\":\"ListItem\",\"position\":1,\"name\":\"Home\",\"item\":\"https:\/\/hudo.com\/si\/\"},{\"@type\":\"ListItem\",\"position\":2,\"name\":\"Mariborski \u017eupan Arsenovi\u010d oku\u017een z novim koronavirusom\"}]},{\"@type\":\"WebSite\",\"@id\":\"https:\/\/hudo.com\/si\/#website\",\"url\":\"https:\/\/hudo.com\/si\/\",\"name\":\"Hudo Slovenija\",\"description\":\"Vse novice iz Slovenije in sveta\",\"publisher\":{\"@id\":\"https:\/\/hudo.com\/si\/#organization\"},\"potentialAction\":[{\"@type\":\"SearchAction\",\"target\":{\"@type\":\"EntryPoint\",\"urlTemplate\":\"https:\/\/hudo.com\/si\/?s={search_term_string}\"},\"query-input\":\"required name=search_term_string\"}],\"inLanguage\":\"sl-SI\"},{\"@type\":\"Organization\",\"@id\":\"https:\/\/hudo.com\/si\/#organization\",\"name\":\"VSN Media\",\"url\":\"https:\/\/hudo.com\/si\/\",\"logo\":{\"@type\":\"ImageObject\",\"inLanguage\":\"sl-SI\",\"@id\":\"https:\/\/hudo.com\/si\/#\/schema\/logo\/image\/\",\"url\":\"https:\/\/hudo.com\/si\/wp-content\/uploads\/sites\/2\/2021\/03\/hudo-app-2.png\",\"contentUrl\":\"https:\/\/hudo.com\/si\/wp-content\/uploads\/sites\/2\/2021\/03\/hudo-app-2.png\",\"width\":2185,\"height\":2167,\"caption\":\"VSN Media\"},\"image\":{\"@id\":\"https:\/\/hudo.com\/si\/#\/schema\/logo\/image\/\"},\"sameAs\":[\"https:\/\/www.facebook.com\/hudo.si\",\"https:\/\/twitter.com\/hudo_si\"]},{\"@type\":\"Person\",\"@id\":\"https:\/\/hudo.com\/si\/#\/schema\/person\/2391667a63ea075ba94f2f2dc6b77537\",\"name\":\"A. G., STA\",\"image\":{\"@type\":\"ImageObject\",\"inLanguage\":\"sl-SI\",\"@id\":\"https:\/\/hudo.com\/si\/#\/schema\/person\/image\/\",\"url\":\"https:\/\/secure.gravatar.com\/avatar\/e13d22ac3e442658d5025fbbe6238a79?s=96&d=mm&r=g\",\"contentUrl\":\"https:\/\/secure.gravatar.com\/avatar\/e13d22ac3e442658d5025fbbe6238a79?s=96&d=mm&r=g\",\"caption\":\"A. G., STA\"},\"url\":\"https:\/\/hudo.com\/si\/author\/alenka\/\"}]}<\/script>\n<!-- \/ Yoast SEO plugin. -->","yoast_head_json":{"title":"Mariborski \u017eupan Arsenovi\u010d oku\u017een z novim koronavirusom - Hudo Slovenija","robots":{"index":"index","follow":"follow","max-snippet":"max-snippet:-1","max-image-preview":"max-image-preview:large","max-video-preview":"max-video-preview:-1"},"canonical":"https:\/\/hudo.com\/si\/aktualno\/mariborski-zupan-arsenovic-okuzen-z-novim-koronavirusom\/","og_locale":"sl_SI","og_type":"article","og_title":"Mariborski \u017eupan Arsenovi\u010d oku\u017een z novim koronavirusom - Hudo Slovenija","og_description":"Mariborski \u017eupan Sa\u0161a Arsenovi\u010d je danes opravil hitri test na koronavirus, ki je pri njem potrdil oku\u017ebo. \u017dupan se je najverjetneje oku\u017eil na kosilu v o\u017ejem dru\u017einskem krogu, saj je s koronavirusom oku\u017een tudi njegov o\u010de. Po\u010duti se dobro in ostaja v karanteni na domu, so sporo\u010dili iz \u017eupanovega kabineta.","og_url":"https:\/\/hudo.com\/si\/aktualno\/mariborski-zupan-arsenovic-okuzen-z-novim-koronavirusom\/","og_site_name":"Hudo Slovenija","article_publisher":"https:\/\/www.facebook.com\/hudo.si","article_published_time":"2020-10-14T15:51:03+00:00","article_modified_time":"2020-10-14T17:55:45+00:00","og_image":[{"width":635,"height":422,"url":"https:\/\/hudo.com\/si\/wp-content\/uploads\/sites\/2\/2020\/10\/Screenshot-from-2020-10-14-17-50-26.png","type":"image\/png"}],"author":"A. G., STA","twitter_card":"summary_large_image","twitter_creator":"@hudo_si","twitter_site":"@hudo_si","twitter_misc":{"Written by":"A. G., STA","Est. reading time":"1 minuta"},"schema":{"@context":"https:\/\/schema.org","@graph":[{"@type":"Article","@id":"https:\/\/hudo.com\/si\/aktualno\/mariborski-zupan-arsenovic-okuzen-z-novim-koronavirusom\/#article","isPartOf":{"@id":"https:\/\/hudo.com\/si\/aktualno\/mariborski-zupan-arsenovic-okuzen-z-novim-koronavirusom\/"},"author":{"name":"A. G., STA","@id":"https:\/\/hudo.com\/si\/#\/schema\/person\/2391667a63ea075ba94f2f2dc6b77537"},"headline":"Mariborski \u017eupan Arsenovi\u010d oku\u017een z novim koronavirusom","datePublished":"2020-10-14T15:51:03+00:00","dateModified":"2020-10-14T17:55:45+00:00","mainEntityOfPage":{"@id":"https:\/\/hudo.com\/si\/aktualno\/mariborski-zupan-arsenovic-okuzen-z-novim-koronavirusom\/"},"wordCount":192,"publisher":{"@id":"https:\/\/hudo.com\/si\/#organization"},"keywords":["koronavirus","Sa\u0161a Arsenovi\u010d","Slovenija"],"articleSection":["Aktualno"],"inLanguage":"sl-SI"},{"@type":"WebPage","@id":"https:\/\/hudo.com\/si\/aktualno\/mariborski-zupan-arsenovic-okuzen-z-novim-koronavirusom\/","url":"https:\/\/hudo.com\/si\/aktualno\/mariborski-zupan-arsenovic-okuzen-z-novim-koronavirusom\/","name":"Mariborski \u017eupan Arsenovi\u010d oku\u017een z novim koronavirusom - Hudo Slovenija","isPartOf":{"@id":"https:\/\/hudo.com\/si\/#website"},"datePublished":"2020-10-14T15:51:03+00:00","dateModified":"2020-10-14T17:55:45+00:00","breadcrumb":{"@id":"https:\/\/hudo.com\/si\/aktualno\/mariborski-zupan-arsenovic-okuzen-z-novim-koronavirusom\/#breadcrumb"},"inLanguage":"sl-SI","potentialAction":[{"@type":"ReadAction","target":["https:\/\/hudo.com\/si\/aktualno\/mariborski-zupan-arsenovic-okuzen-z-novim-koronavirusom\/"]}]},{"@type":"BreadcrumbList","@id":"https:\/\/hudo.com\/si\/aktualno\/mariborski-zupan-arsenovic-okuzen-z-novim-koronavirusom\/#breadcrumb","itemListElement":[{"@type":"ListItem","position":1,"name":"Home","item":"https:\/\/hudo.com\/si\/"},{"@type":"ListItem","position":2,"name":"Mariborski \u017eupan Arsenovi\u010d oku\u017een z novim koronavirusom"}]},{"@type":"WebSite","@id":"https:\/\/hudo.com\/si\/#website","url":"https:\/\/hudo.com\/si\/","name":"Hudo Slovenija","description":"Vse novice iz Slovenije in sveta","publisher":{"@id":"https:\/\/hudo.com\/si\/#organization"},"potentialAction":[{"@type":"SearchAction","target":{"@type":"EntryPoint","urlTemplate":"https:\/\/hudo.com\/si\/?s={search_term_string}"},"query-input":"required name=search_term_string"}],"inLanguage":"sl-SI"},{"@type":"Organization","@id":"https:\/\/hudo.com\/si\/#organization","name":"VSN Media","url":"https:\/\/hudo.com\/si\/","logo":{"@type":"ImageObject","inLanguage":"sl-SI","@id":"https:\/\/hudo.com\/si\/#\/schema\/logo\/image\/","url":"https:\/\/hudo.com\/si\/wp-content\/uploads\/sites\/2\/2021\/03\/hudo-app-2.png","contentUrl":"https:\/\/hudo.com\/si\/wp-content\/uploads\/sites\/2\/2021\/03\/hudo-app-2.png","width":2185,"height":2167,"caption":"VSN Media"},"image":{"@id":"https:\/\/hudo.com\/si\/#\/schema\/logo\/image\/"},"sameAs":["https:\/\/www.facebook.com\/hudo.si","https:\/\/twitter.com\/hudo_si"]},{"@type":"Person","@id":"https:\/\/hudo.com\/si\/#\/schema\/person\/2391667a63ea075ba94f2f2dc6b77537","name":"A. G., STA","image":{"@type":"ImageObject","inLanguage":"sl-SI","@id":"https:\/\/hudo.com\/si\/#\/schema\/person\/image\/","url":"https:\/\/secure.gravatar.com\/avatar\/e13d22ac3e442658d5025fbbe6238a79?s=96&d=mm&r=g","contentUrl":"https:\/\/secure.gravatar.com\/avatar\/e13d22ac3e442658d5025fbbe6238a79?s=96&d=mm&r=g","caption":"A. G., STA"},"url":"https:\/\/hudo.com\/si\/author\/alenka\/"}]}},"amp_enabled":true,"_links":{"self":[{"href":"https:\/\/hudo.com\/si\/wp-json\/wp\/v2\/posts\/435299"}],"collection":[{"href":"https:\/\/hudo.com\/si\/wp-json\/wp\/v2\/posts"}],"about":[{"href":"https:\/\/hudo.com\/si\/wp-json\/wp\/v2\/types\/post"}],"author":[{"embeddable":true,"href":"https:\/\/hudo.com\/si\/wp-json\/wp\/v2\/users\/5"}],"replies":[{"embeddable":true,"href":"https:\/\/hudo.com\/si\/wp-json\/wp\/v2\/comments?post=435299"}],"version-history":[{"count":2,"href":"https:\/\/hudo.com\/si\/wp-json\/wp\/v2\/posts\/435299\/revisions"}],"predecessor-version":[{"id":435311,"href":"https:\/\/hudo.com\/si\/wp-json\/wp\/v2\/posts\/435299\/revisions\/435311"}],"wp:featuredmedia":[{"embeddable":true,"href":"https:\/\/hudo.com\/si\/wp-json\/wp\/v2\/media\/435300"}],"wp:attachment":[{"href":"https:\/\/hudo.com\/si\/wp-json\/wp\/v2\/media?parent=435299"}],"wp:term":[{"taxonomy":"category","embeddable":true,"href":"https:\/\/hudo.com\/si\/wp-json\/wp\/v2\/categories?post=435299"},{"taxonomy":"post_tag","embeddable":true,"href":"https:\/\/hudo.com\/si\/wp-json\/wp\/v2\/tags?post=435299"},{"taxonomy":"source","embeddable":true,"href":"https:\/\/hudo.com\/si\/wp-json\/wp\/v2\/source?post=435299"},{"taxonomy":"supertag","embeddable":true,"href":"https:\/\/hudo.com\/si\/wp-json\/wp\/v2\/supertag?post=435299"}],"curies":[{"name":"wp","href":"https:\/\/api.w.org\/{rel}","templated":true}]}}