{"id":435579,"date":"2020-10-18T06:25:34","date_gmt":"2020-10-18T04:25:34","guid":{"rendered":"https:\/\/hudo.com\/si\/2020\/10\/18\/jean-claude-van-damme-praznuje-60-rojstni-dan\/"},"modified":"2020-10-18T06:25:34","modified_gmt":"2020-10-18T04:25:34","slug":"jean-claude-van-damme-praznuje-60-rojstni-dan","status":"publish","type":"post","link":"https:\/\/hudo.com\/si\/vip\/jean-claude-van-damme-praznuje-60-rojstni-dan\/","title":{"rendered":"Jean-Claude Van Damme praznuje 60. rojstni dan"},"content":{"rendered":"<figure>\n\t\t\t\t\t<img loading=\"lazy\" decoding=\"async\" width=\"660\" height=\"320\" src=\"image\/gif;base64,R0lGODlhAQABAAAAACH5BAEKAAEALAAAAAABAAEAAAICTAEAOw==\" class=\"lazyload\" \/><figcaption>Jean-Claude Van Damme z \u017eeno Gladys Portugues na kosilu v Mel&#8217;s Diner v Hollywoodu.<\/figcaption><\/figure>\n<p>Zvezdnik se je rodil na dana\u0161nji dan leta 1960 kot Jean-Claude Camille Francois Van Varenberg belgijskega star\u0161ema v Bruslju. Po o\u010detovi strani ima judovske korenine. Pot v slavo sta mu tlakovala u\u010denje baleta in dvigovanja ute\u017ei. Tako je v 70. letih minulega stoletja postal \u0161ampion v karateju in kikboksu, desetletje pozneje pa \u0161e eden glavnih zvezdnikov priljubljenih akcijskih filmov, kjer so glavni junaki obvladali borilne ve\u0161\u010dine.<\/p>\n<h2>Legenda akcijskih filmov<\/h2>\n<figure>\n\t\t\t\t\t<img loading=\"lazy\" decoding=\"async\" width=\"660\" height=\"320\" src=\"image\/gif;base64,R0lGODlhAQABAAAAACH5BAEKAAEALAAAAAABAAEAAAICTAEAOw==\" class=\"lazyload\" \/><figcaption>Jean-Claude Van Damme v filmu We die young iz leta 2019 <\/figcaption><\/figure>\n<p>Videti ga je mogo\u010de v filmih, kot so Krvavi \u0161port (1988), Kickbokser (1989), Levjesr\u010dni (1990), Ma\u0161\u010devanje dvoj\u010dkov (1991), Univerzalni vojak (1992), Te\u017eak cilj (1993) in Varuh \u010dasa (1994). Kmalu je postal milijonar in se pridru\u017eil zvezdni\u0161kim kolegom tistega \u010dasa, kot so Sylvestr Stallone, Arnold Schwarzenegger in Steven Seagal.<\/p>\n<p>Pozneje se je ve\u010dina njegovih projektov namesto na filmskih platnih zna\u0161la zgolj na DVD-jih. Leta 2008 je posnel delno avtobiografski film &#8211; kriminalno komi\u010dno dramo JCVD, v kateri se je zazrl v svoje \u017eivljenje. Leta 2010 je zavrnil vlogo v filmu Pla\u010danci, v katerem je Sylvester Stallone zbral velika imena akcijskih filmov, kot so Arnold Schwarzenegger, Bruce Willis, Dolph Lundgren, Jet Li in Mickey Rourke. Van Damme se projektu ni \u017eelel pridru\u017eiti, ker se mu je njegova vloga zdela brez vsebine.<\/p>\n<p>Igralec je imel tudi precej burno \u017eivljenje, bil je petkrat poro\u010den, ljubezensko razmerje naj bi imel celo s pevko Kylie Minogue. Nekateri menijo, da bi lahko dosegel ve\u010dji uspeh, \u010de ne bi imel te\u017eav z drogami, kar sam opravi\u010duje z diagnosticirano bipolarno motnjo.<\/p>\n","protected":false},"excerpt":{"rendered":"<p>Igralec, ki je v 80. in 90. letih blestel v akcijskih filmih, Jean-Claude Van Damme, danes praznuje 60. rojstni dan. Belgijca, ki je nase opozoril z borilnimi ve\u0161\u010dinami in se uveljavil kot \u0161ampion v karateju in kikboksu, se je kmalu prijel vzdevek Mi\u0161ice iz Bruslja. V filmskem svetu je uspel ravno zaradi omenjenih adutov.<\/p>\n","protected":false},"author":1,"featured_media":435580,"comment_status":"closed","ping_status":"closed","sticky":false,"template":"","format":"standard","meta":{"footnotes":""},"categories":[1093],"tags":[2775,4419],"source":[1518,1572,1588],"supertag":[],"acf":[],"yoast_head":"<!-- This site is optimized with the Yoast SEO plugin v21.3 - https:\/\/yoast.com\/wordpress\/plugins\/seo\/ -->\n<title>Jean-Claude Van Damme praznuje 60. rojstni dan - Hudo Slovenija<\/title>\n<meta name=\"robots\" content=\"index, follow, max-snippet:-1, max-image-preview:large, max-video-preview:-1\" \/>\n<link rel=\"canonical\" href=\"https:\/\/hudo.com\/si\/vip\/jean-claude-van-damme-praznuje-60-rojstni-dan\/\" \/>\n<meta property=\"og:locale\" content=\"sl_SI\" \/>\n<meta property=\"og:type\" content=\"article\" \/>\n<meta property=\"og:title\" content=\"Jean-Claude Van Damme praznuje 60. rojstni dan - Hudo Slovenija\" \/>\n<meta property=\"og:description\" content=\"Igralec, ki je v 80. in 90. letih blestel v akcijskih filmih, Jean-Claude Van Damme, danes praznuje 60. rojstni dan. Belgijca, ki je nase opozoril z borilnimi ve\u0161\u010dinami in se uveljavil kot \u0161ampion v karateju in kikboksu, se je kmalu prijel vzdevek Mi\u0161ice iz Bruslja. V filmskem svetu je uspel ravno zaradi omenjenih adutov.\" \/>\n<meta property=\"og:url\" content=\"https:\/\/hudo.com\/si\/vip\/jean-claude-van-damme-praznuje-60-rojstni-dan\/\" \/>\n<meta property=\"og:site_name\" content=\"Hudo Slovenija\" \/>\n<meta property=\"article:publisher\" content=\"https:\/\/www.facebook.com\/hudo.si\" \/>\n<meta property=\"article:published_time\" content=\"2020-10-18T04:25:34+00:00\" \/>\n<meta property=\"og:image\" content=\"https:\/\/hudo.com\/si\/wp-content\/uploads\/sites\/2\/2020\/10\/profimedia-0417241953.jpg\" \/>\n\t<meta property=\"og:image:width\" content=\"1250\" \/>\n\t<meta property=\"og:image:height\" content=\"934\" \/>\n\t<meta property=\"og:image:type\" content=\"image\/jpeg\" \/>\n<meta name=\"author\" content=\"hudo\" \/>\n<meta name=\"twitter:card\" content=\"summary_large_image\" \/>\n<meta name=\"twitter:creator\" content=\"@hudo_si\" \/>\n<meta name=\"twitter:site\" content=\"@hudo_si\" \/>\n<meta name=\"twitter:label1\" content=\"Written by\" \/>\n\t<meta name=\"twitter:data1\" content=\"hudo\" \/>\n\t<meta name=\"twitter:label2\" content=\"Est. reading time\" \/>\n\t<meta name=\"twitter:data2\" content=\"1 minuta\" \/>\n<script type=\"application\/ld+json\" class=\"yoast-schema-graph\">{\"@context\":\"https:\/\/schema.org\",\"@graph\":[{\"@type\":\"Article\",\"@id\":\"https:\/\/hudo.com\/si\/vip\/jean-claude-van-damme-praznuje-60-rojstni-dan\/#article\",\"isPartOf\":{\"@id\":\"https:\/\/hudo.com\/si\/vip\/jean-claude-van-damme-praznuje-60-rojstni-dan\/\"},\"author\":{\"name\":\"hudo\",\"@id\":\"https:\/\/hudo.com\/si\/#\/schema\/person\/601cf3379633985b20f7e50f2bb47707\"},\"headline\":\"Jean-Claude Van Damme praznuje 60. rojstni dan\",\"datePublished\":\"2020-10-18T04:25:34+00:00\",\"dateModified\":\"2020-10-18T04:25:34+00:00\",\"mainEntityOfPage\":{\"@id\":\"https:\/\/hudo.com\/si\/vip\/jean-claude-van-damme-praznuje-60-rojstni-dan\/\"},\"wordCount\":281,\"publisher\":{\"@id\":\"https:\/\/hudo.com\/si\/#organization\"},\"keywords\":[\"Hollywood\",\"Jean-Claude Van Damme\"],\"articleSection\":[\"VIP\"],\"inLanguage\":\"sl-SI\"},{\"@type\":\"WebPage\",\"@id\":\"https:\/\/hudo.com\/si\/vip\/jean-claude-van-damme-praznuje-60-rojstni-dan\/\",\"url\":\"https:\/\/hudo.com\/si\/vip\/jean-claude-van-damme-praznuje-60-rojstni-dan\/\",\"name\":\"Jean-Claude Van Damme praznuje 60. rojstni dan - Hudo Slovenija\",\"isPartOf\":{\"@id\":\"https:\/\/hudo.com\/si\/#website\"},\"datePublished\":\"2020-10-18T04:25:34+00:00\",\"dateModified\":\"2020-10-18T04:25:34+00:00\",\"breadcrumb\":{\"@id\":\"https:\/\/hudo.com\/si\/vip\/jean-claude-van-damme-praznuje-60-rojstni-dan\/#breadcrumb\"},\"inLanguage\":\"sl-SI\",\"potentialAction\":[{\"@type\":\"ReadAction\",\"target\":[\"https:\/\/hudo.com\/si\/vip\/jean-claude-van-damme-praznuje-60-rojstni-dan\/\"]}]},{\"@type\":\"BreadcrumbList\",\"@id\":\"https:\/\/hudo.com\/si\/vip\/jean-claude-van-damme-praznuje-60-rojstni-dan\/#breadcrumb\",\"itemListElement\":[{\"@type\":\"ListItem\",\"position\":1,\"name\":\"Home\",\"item\":\"https:\/\/hudo.com\/si\/\"},{\"@type\":\"ListItem\",\"position\":2,\"name\":\"Jean-Claude Van Damme praznuje 60. rojstni dan\"}]},{\"@type\":\"WebSite\",\"@id\":\"https:\/\/hudo.com\/si\/#website\",\"url\":\"https:\/\/hudo.com\/si\/\",\"name\":\"Hudo Slovenija\",\"description\":\"Vse novice iz Slovenije in sveta\",\"publisher\":{\"@id\":\"https:\/\/hudo.com\/si\/#organization\"},\"potentialAction\":[{\"@type\":\"SearchAction\",\"target\":{\"@type\":\"EntryPoint\",\"urlTemplate\":\"https:\/\/hudo.com\/si\/?s={search_term_string}\"},\"query-input\":\"required name=search_term_string\"}],\"inLanguage\":\"sl-SI\"},{\"@type\":\"Organization\",\"@id\":\"https:\/\/hudo.com\/si\/#organization\",\"name\":\"VSN Media\",\"url\":\"https:\/\/hudo.com\/si\/\",\"logo\":{\"@type\":\"ImageObject\",\"inLanguage\":\"sl-SI\",\"@id\":\"https:\/\/hudo.com\/si\/#\/schema\/logo\/image\/\",\"url\":\"https:\/\/hudo.com\/si\/wp-content\/uploads\/sites\/2\/2021\/03\/hudo-app-2.png\",\"contentUrl\":\"https:\/\/hudo.com\/si\/wp-content\/uploads\/sites\/2\/2021\/03\/hudo-app-2.png\",\"width\":2185,\"height\":2167,\"caption\":\"VSN Media\"},\"image\":{\"@id\":\"https:\/\/hudo.com\/si\/#\/schema\/logo\/image\/\"},\"sameAs\":[\"https:\/\/www.facebook.com\/hudo.si\",\"https:\/\/twitter.com\/hudo_si\"]},{\"@type\":\"Person\",\"@id\":\"https:\/\/hudo.com\/si\/#\/schema\/person\/601cf3379633985b20f7e50f2bb47707\",\"name\":\"hudo\",\"image\":{\"@type\":\"ImageObject\",\"inLanguage\":\"sl-SI\",\"@id\":\"https:\/\/hudo.com\/si\/#\/schema\/person\/image\/\",\"url\":\"https:\/\/secure.gravatar.com\/avatar\/c4ca25fa72cace7a696b52ff5db9e095?s=96&d=mm&r=g\",\"contentUrl\":\"https:\/\/secure.gravatar.com\/avatar\/c4ca25fa72cace7a696b52ff5db9e095?s=96&d=mm&r=g\",\"caption\":\"hudo\"},\"url\":\"https:\/\/hudo.com\/si\/author\/hudo\/\"}]}<\/script>\n<!-- \/ Yoast SEO plugin. -->","yoast_head_json":{"title":"Jean-Claude Van Damme praznuje 60. rojstni dan - Hudo Slovenija","robots":{"index":"index","follow":"follow","max-snippet":"max-snippet:-1","max-image-preview":"max-image-preview:large","max-video-preview":"max-video-preview:-1"},"canonical":"https:\/\/hudo.com\/si\/vip\/jean-claude-van-damme-praznuje-60-rojstni-dan\/","og_locale":"sl_SI","og_type":"article","og_title":"Jean-Claude Van Damme praznuje 60. rojstni dan - Hudo Slovenija","og_description":"Igralec, ki je v 80. in 90. letih blestel v akcijskih filmih, Jean-Claude Van Damme, danes praznuje 60. rojstni dan. Belgijca, ki je nase opozoril z borilnimi ve\u0161\u010dinami in se uveljavil kot \u0161ampion v karateju in kikboksu, se je kmalu prijel vzdevek Mi\u0161ice iz Bruslja. V filmskem svetu je uspel ravno zaradi omenjenih adutov.","og_url":"https:\/\/hudo.com\/si\/vip\/jean-claude-van-damme-praznuje-60-rojstni-dan\/","og_site_name":"Hudo Slovenija","article_publisher":"https:\/\/www.facebook.com\/hudo.si","article_published_time":"2020-10-18T04:25:34+00:00","og_image":[{"width":1250,"height":934,"url":"https:\/\/hudo.com\/si\/wp-content\/uploads\/sites\/2\/2020\/10\/profimedia-0417241953.jpg","type":"image\/jpeg"}],"author":"hudo","twitter_card":"summary_large_image","twitter_creator":"@hudo_si","twitter_site":"@hudo_si","twitter_misc":{"Written by":"hudo","Est. reading time":"1 minuta"},"schema":{"@context":"https:\/\/schema.org","@graph":[{"@type":"Article","@id":"https:\/\/hudo.com\/si\/vip\/jean-claude-van-damme-praznuje-60-rojstni-dan\/#article","isPartOf":{"@id":"https:\/\/hudo.com\/si\/vip\/jean-claude-van-damme-praznuje-60-rojstni-dan\/"},"author":{"name":"hudo","@id":"https:\/\/hudo.com\/si\/#\/schema\/person\/601cf3379633985b20f7e50f2bb47707"},"headline":"Jean-Claude Van Damme praznuje 60. rojstni dan","datePublished":"2020-10-18T04:25:34+00:00","dateModified":"2020-10-18T04:25:34+00:00","mainEntityOfPage":{"@id":"https:\/\/hudo.com\/si\/vip\/jean-claude-van-damme-praznuje-60-rojstni-dan\/"},"wordCount":281,"publisher":{"@id":"https:\/\/hudo.com\/si\/#organization"},"keywords":["Hollywood","Jean-Claude Van Damme"],"articleSection":["VIP"],"inLanguage":"sl-SI"},{"@type":"WebPage","@id":"https:\/\/hudo.com\/si\/vip\/jean-claude-van-damme-praznuje-60-rojstni-dan\/","url":"https:\/\/hudo.com\/si\/vip\/jean-claude-van-damme-praznuje-60-rojstni-dan\/","name":"Jean-Claude Van Damme praznuje 60. rojstni dan - Hudo Slovenija","isPartOf":{"@id":"https:\/\/hudo.com\/si\/#website"},"datePublished":"2020-10-18T04:25:34+00:00","dateModified":"2020-10-18T04:25:34+00:00","breadcrumb":{"@id":"https:\/\/hudo.com\/si\/vip\/jean-claude-van-damme-praznuje-60-rojstni-dan\/#breadcrumb"},"inLanguage":"sl-SI","potentialAction":[{"@type":"ReadAction","target":["https:\/\/hudo.com\/si\/vip\/jean-claude-van-damme-praznuje-60-rojstni-dan\/"]}]},{"@type":"BreadcrumbList","@id":"https:\/\/hudo.com\/si\/vip\/jean-claude-van-damme-praznuje-60-rojstni-dan\/#breadcrumb","itemListElement":[{"@type":"ListItem","position":1,"name":"Home","item":"https:\/\/hudo.com\/si\/"},{"@type":"ListItem","position":2,"name":"Jean-Claude Van Damme praznuje 60. rojstni dan"}]},{"@type":"WebSite","@id":"https:\/\/hudo.com\/si\/#website","url":"https:\/\/hudo.com\/si\/","name":"Hudo Slovenija","description":"Vse novice iz Slovenije in sveta","publisher":{"@id":"https:\/\/hudo.com\/si\/#organization"},"potentialAction":[{"@type":"SearchAction","target":{"@type":"EntryPoint","urlTemplate":"https:\/\/hudo.com\/si\/?s={search_term_string}"},"query-input":"required name=search_term_string"}],"inLanguage":"sl-SI"},{"@type":"Organization","@id":"https:\/\/hudo.com\/si\/#organization","name":"VSN Media","url":"https:\/\/hudo.com\/si\/","logo":{"@type":"ImageObject","inLanguage":"sl-SI","@id":"https:\/\/hudo.com\/si\/#\/schema\/logo\/image\/","url":"https:\/\/hudo.com\/si\/wp-content\/uploads\/sites\/2\/2021\/03\/hudo-app-2.png","contentUrl":"https:\/\/hudo.com\/si\/wp-content\/uploads\/sites\/2\/2021\/03\/hudo-app-2.png","width":2185,"height":2167,"caption":"VSN Media"},"image":{"@id":"https:\/\/hudo.com\/si\/#\/schema\/logo\/image\/"},"sameAs":["https:\/\/www.facebook.com\/hudo.si","https:\/\/twitter.com\/hudo_si"]},{"@type":"Person","@id":"https:\/\/hudo.com\/si\/#\/schema\/person\/601cf3379633985b20f7e50f2bb47707","name":"hudo","image":{"@type":"ImageObject","inLanguage":"sl-SI","@id":"https:\/\/hudo.com\/si\/#\/schema\/person\/image\/","url":"https:\/\/secure.gravatar.com\/avatar\/c4ca25fa72cace7a696b52ff5db9e095?s=96&d=mm&r=g","contentUrl":"https:\/\/secure.gravatar.com\/avatar\/c4ca25fa72cace7a696b52ff5db9e095?s=96&d=mm&r=g","caption":"hudo"},"url":"https:\/\/hudo.com\/si\/author\/hudo\/"}]}},"amp_enabled":true,"_links":{"self":[{"href":"https:\/\/hudo.com\/si\/wp-json\/wp\/v2\/posts\/435579"}],"collection":[{"href":"https:\/\/hudo.com\/si\/wp-json\/wp\/v2\/posts"}],"about":[{"href":"https:\/\/hudo.com\/si\/wp-json\/wp\/v2\/types\/post"}],"author":[{"embeddable":true,"href":"https:\/\/hudo.com\/si\/wp-json\/wp\/v2\/users\/1"}],"replies":[{"embeddable":true,"href":"https:\/\/hudo.com\/si\/wp-json\/wp\/v2\/comments?post=435579"}],"version-history":[{"count":0,"href":"https:\/\/hudo.com\/si\/wp-json\/wp\/v2\/posts\/435579\/revisions"}],"wp:featuredmedia":[{"embeddable":true,"href":"https:\/\/hudo.com\/si\/wp-json\/wp\/v2\/media\/435580"}],"wp:attachment":[{"href":"https:\/\/hudo.com\/si\/wp-json\/wp\/v2\/media?parent=435579"}],"wp:term":[{"taxonomy":"category","embeddable":true,"href":"https:\/\/hudo.com\/si\/wp-json\/wp\/v2\/categories?post=435579"},{"taxonomy":"post_tag","embeddable":true,"href":"https:\/\/hudo.com\/si\/wp-json\/wp\/v2\/tags?post=435579"},{"taxonomy":"source","embeddable":true,"href":"https:\/\/hudo.com\/si\/wp-json\/wp\/v2\/source?post=435579"},{"taxonomy":"supertag","embeddable":true,"href":"https:\/\/hudo.com\/si\/wp-json\/wp\/v2\/supertag?post=435579"}],"curies":[{"name":"wp","href":"https:\/\/api.w.org\/{rel}","templated":true}]}}