{"id":435623,"date":"2020-10-19T08:16:12","date_gmt":"2020-10-19T06:16:12","guid":{"rendered":"http:\/\/hudo.com\/si\/?p=435623"},"modified":"2020-10-19T08:16:12","modified_gmt":"2020-10-19T06:16:12","slug":"pouk-za-ucence-od-vkljucno-6-razreda-naprej-dijake-bo-od-danes-naprej-potekal-na-daljavo","status":"publish","type":"post","link":"https:\/\/hudo.com\/si\/aktualno\/pouk-za-ucence-od-vkljucno-6-razreda-naprej-dijake-bo-od-danes-naprej-potekal-na-daljavo\/","title":{"rendered":"Pouk za u\u010dence od vklju\u010dno 6. razreda naprej in dijake bo od danes naprej potekal na daljavo"},"content":{"rendered":"<p>Pouk bo na daljavo ta teden potekal tudi v glasbenih \u0161olah, do konca oktobra pa tudi na vi\u0161jih strokovnih \u0161olah. Univerzam in visoko\u0161olskim zavodom ministrstvo za izobra\u017eevanje priporo\u010da, naj do konca novembra v \u017eivo izvajajo le nujne dejavnosti, predavanja pa naj v tem obdobju v najve\u010dji mo\u017eni meri prenesejo v virtualno okolje.<\/p>\n<p>Vrtci, dija\u0161ki in \u0161tudentski domovi delujejo normalno. Ob tem ministrstvo domove poziva, naj spodbudijo kar najve\u010dje \u0161tevilo dijakov in \u0161tudentov k odhodu domov in na ta na\u010din zagotovijo varno okolje tistim dijakom, ki doma nimajo ustreznih pogojev za delo in u\u010denje na daljavo.<\/p>\n<p>V Osnovni \u0161oli dr. Ivana Prijatelja Sodra\u017eica pa bo ta teden pouk na daljavo potekal za vse u\u010dence. Zaradi \u0161irjenja oku\u017eb v \u0161oli med u\u010denci in zaposlenimi &#8211; dele\u017e potrjeno oku\u017eenih je v petek presegal deset odstotkov vseh \u0161olajo\u010dih &#8211; je \u017eupan ob\u010dine Bla\u017e Milavec po posvetu s stroko v petek sprejel za\u010dasno odredbo, s katero omejuje vstop in gibanje na obmo\u010dju osnovne \u0161ole in vrtca od danes do vklju\u010dno 1. novembra oz. do preklica.<\/p>\n<p>Mora pa, kot izhaja iz odredbe, za vse tiste otroke, ki bi morali obiskovati pouk in ki so zdravi ter jim star\u0161i zdaj zaradi izdane odredbe ne morejo zagotoviti varstva, varstvo zagotoviti \u0161ola. Enako velja za otroke v vrtcu. Po zadnjih podatkih Sledilnika za covid-19 ima ob\u010dina Sodra\u017eica najvi\u0161ji dele\u017e aktivno oku\u017eenega prebivalstva v dr\u017eavi.<\/p>\n","protected":false},"excerpt":{"rendered":"<p>To je eden od ukrepov, s katerim \u017eeli vlada zajeziti \u0161irjenje novega koronavirusa. Za zdaj velja, da bo pouk na daljavo potekal ta teden, sledijo enotedenske po\u010ditnice, ob koncu katerih naj bi bilo znano, kako naprej. V Sodra\u017eici doma ostajajo vsi u\u010denci.<\/p>\n","protected":false},"author":8,"featured_media":421568,"comment_status":"closed","ping_status":"closed","sticky":false,"template":"","format":"standard","meta":{"footnotes":""},"categories":[1179],"tags":[15951,1595,5014],"source":[4511],"supertag":[5675],"acf":[],"yoast_head":"<!-- This site is optimized with the Yoast SEO plugin v21.3 - https:\/\/yoast.com\/wordpress\/plugins\/seo\/ -->\n<title>Pouk za u\u010dence od vklju\u010dno 6. razreda naprej in dijake bo od danes naprej potekal na daljavo - Hudo Slovenija<\/title>\n<meta name=\"robots\" content=\"index, follow, max-snippet:-1, max-image-preview:large, max-video-preview:-1\" \/>\n<link rel=\"canonical\" href=\"https:\/\/hudo.com\/si\/aktualno\/pouk-za-ucence-od-vkljucno-6-razreda-naprej-dijake-bo-od-danes-naprej-potekal-na-daljavo\/\" \/>\n<meta property=\"og:locale\" content=\"sl_SI\" \/>\n<meta property=\"og:type\" content=\"article\" \/>\n<meta property=\"og:title\" content=\"Pouk za u\u010dence od vklju\u010dno 6. razreda naprej in dijake bo od danes naprej potekal na daljavo - Hudo Slovenija\" \/>\n<meta property=\"og:description\" content=\"To je eden od ukrepov, s katerim \u017eeli vlada zajeziti \u0161irjenje novega koronavirusa. Za zdaj velja, da bo pouk na daljavo potekal ta teden, sledijo enotedenske po\u010ditnice, ob koncu katerih naj bi bilo znano, kako naprej. V Sodra\u017eici doma ostajajo vsi u\u010denci.\" \/>\n<meta property=\"og:url\" content=\"https:\/\/hudo.com\/si\/aktualno\/pouk-za-ucence-od-vkljucno-6-razreda-naprej-dijake-bo-od-danes-naprej-potekal-na-daljavo\/\" \/>\n<meta property=\"og:site_name\" content=\"Hudo Slovenija\" \/>\n<meta property=\"article:publisher\" content=\"https:\/\/www.facebook.com\/hudo.si\" \/>\n<meta property=\"article:published_time\" content=\"2020-10-19T06:16:12+00:00\" \/>\n<meta property=\"og:image\" content=\"https:\/\/hudo.com\/si\/wp-content\/uploads\/sites\/2\/2020\/04\/profimedia-0514400474.jpg\" \/>\n\t<meta property=\"og:image:width\" content=\"1250\" \/>\n\t<meta property=\"og:image:height\" content=\"833\" \/>\n\t<meta property=\"og:image:type\" content=\"image\/jpeg\" \/>\n<meta name=\"author\" content=\"M. N., STA\" \/>\n<meta name=\"twitter:card\" content=\"summary_large_image\" \/>\n<meta name=\"twitter:creator\" content=\"@hudo_si\" \/>\n<meta name=\"twitter:site\" content=\"@hudo_si\" \/>\n<meta name=\"twitter:label1\" content=\"Written by\" \/>\n\t<meta name=\"twitter:data1\" content=\"M. N., STA\" \/>\n\t<meta name=\"twitter:label2\" content=\"Est. reading time\" \/>\n\t<meta name=\"twitter:data2\" content=\"1 minuta\" \/>\n<script type=\"application\/ld+json\" class=\"yoast-schema-graph\">{\"@context\":\"https:\/\/schema.org\",\"@graph\":[{\"@type\":\"Article\",\"@id\":\"https:\/\/hudo.com\/si\/aktualno\/pouk-za-ucence-od-vkljucno-6-razreda-naprej-dijake-bo-od-danes-naprej-potekal-na-daljavo\/#article\",\"isPartOf\":{\"@id\":\"https:\/\/hudo.com\/si\/aktualno\/pouk-za-ucence-od-vkljucno-6-razreda-naprej-dijake-bo-od-danes-naprej-potekal-na-daljavo\/\"},\"author\":{\"name\":\"M. N., STA\",\"@id\":\"https:\/\/hudo.com\/si\/#\/schema\/person\/c2f10ce65d2e6ede2aeda5be2a0611fa\"},\"headline\":\"Pouk za u\u010dence od vklju\u010dno 6. razreda naprej in dijake bo od danes naprej potekal na daljavo\",\"datePublished\":\"2020-10-19T06:16:12+00:00\",\"dateModified\":\"2020-10-19T06:16:12+00:00\",\"mainEntityOfPage\":{\"@id\":\"https:\/\/hudo.com\/si\/aktualno\/pouk-za-ucence-od-vkljucno-6-razreda-naprej-dijake-bo-od-danes-naprej-potekal-na-daljavo\/\"},\"wordCount\":268,\"publisher\":{\"@id\":\"https:\/\/hudo.com\/si\/#organization\"},\"keywords\":[\"pouk na daljavo\",\"Slovenija\",\"\u0161olstvo\"],\"articleSection\":[\"Aktualno\"],\"inLanguage\":\"sl-SI\"},{\"@type\":\"WebPage\",\"@id\":\"https:\/\/hudo.com\/si\/aktualno\/pouk-za-ucence-od-vkljucno-6-razreda-naprej-dijake-bo-od-danes-naprej-potekal-na-daljavo\/\",\"url\":\"https:\/\/hudo.com\/si\/aktualno\/pouk-za-ucence-od-vkljucno-6-razreda-naprej-dijake-bo-od-danes-naprej-potekal-na-daljavo\/\",\"name\":\"Pouk za u\u010dence od vklju\u010dno 6. razreda naprej in dijake bo od danes naprej potekal na daljavo - Hudo Slovenija\",\"isPartOf\":{\"@id\":\"https:\/\/hudo.com\/si\/#website\"},\"datePublished\":\"2020-10-19T06:16:12+00:00\",\"dateModified\":\"2020-10-19T06:16:12+00:00\",\"breadcrumb\":{\"@id\":\"https:\/\/hudo.com\/si\/aktualno\/pouk-za-ucence-od-vkljucno-6-razreda-naprej-dijake-bo-od-danes-naprej-potekal-na-daljavo\/#breadcrumb\"},\"inLanguage\":\"sl-SI\",\"potentialAction\":[{\"@type\":\"ReadAction\",\"target\":[\"https:\/\/hudo.com\/si\/aktualno\/pouk-za-ucence-od-vkljucno-6-razreda-naprej-dijake-bo-od-danes-naprej-potekal-na-daljavo\/\"]}]},{\"@type\":\"BreadcrumbList\",\"@id\":\"https:\/\/hudo.com\/si\/aktualno\/pouk-za-ucence-od-vkljucno-6-razreda-naprej-dijake-bo-od-danes-naprej-potekal-na-daljavo\/#breadcrumb\",\"itemListElement\":[{\"@type\":\"ListItem\",\"position\":1,\"name\":\"Home\",\"item\":\"https:\/\/hudo.com\/si\/\"},{\"@type\":\"ListItem\",\"position\":2,\"name\":\"Pouk za u\u010dence od vklju\u010dno 6. razreda naprej in dijake bo od danes naprej potekal na daljavo\"}]},{\"@type\":\"WebSite\",\"@id\":\"https:\/\/hudo.com\/si\/#website\",\"url\":\"https:\/\/hudo.com\/si\/\",\"name\":\"Hudo Slovenija\",\"description\":\"Vse novice iz Slovenije in sveta\",\"publisher\":{\"@id\":\"https:\/\/hudo.com\/si\/#organization\"},\"potentialAction\":[{\"@type\":\"SearchAction\",\"target\":{\"@type\":\"EntryPoint\",\"urlTemplate\":\"https:\/\/hudo.com\/si\/?s={search_term_string}\"},\"query-input\":\"required name=search_term_string\"}],\"inLanguage\":\"sl-SI\"},{\"@type\":\"Organization\",\"@id\":\"https:\/\/hudo.com\/si\/#organization\",\"name\":\"VSN Media\",\"url\":\"https:\/\/hudo.com\/si\/\",\"logo\":{\"@type\":\"ImageObject\",\"inLanguage\":\"sl-SI\",\"@id\":\"https:\/\/hudo.com\/si\/#\/schema\/logo\/image\/\",\"url\":\"https:\/\/hudo.com\/si\/wp-content\/uploads\/sites\/2\/2021\/03\/hudo-app-2.png\",\"contentUrl\":\"https:\/\/hudo.com\/si\/wp-content\/uploads\/sites\/2\/2021\/03\/hudo-app-2.png\",\"width\":2185,\"height\":2167,\"caption\":\"VSN Media\"},\"image\":{\"@id\":\"https:\/\/hudo.com\/si\/#\/schema\/logo\/image\/\"},\"sameAs\":[\"https:\/\/www.facebook.com\/hudo.si\",\"https:\/\/twitter.com\/hudo_si\"]},{\"@type\":\"Person\",\"@id\":\"https:\/\/hudo.com\/si\/#\/schema\/person\/c2f10ce65d2e6ede2aeda5be2a0611fa\",\"name\":\"M. N., STA\",\"image\":{\"@type\":\"ImageObject\",\"inLanguage\":\"sl-SI\",\"@id\":\"https:\/\/hudo.com\/si\/#\/schema\/person\/image\/\",\"url\":\"https:\/\/secure.gravatar.com\/avatar\/f370d38daa10467f755c5c766a4cac20?s=96&d=mm&r=g\",\"contentUrl\":\"https:\/\/secure.gravatar.com\/avatar\/f370d38daa10467f755c5c766a4cac20?s=96&d=mm&r=g\",\"caption\":\"M. N., STA\"},\"url\":\"https:\/\/hudo.com\/si\/author\/mana\/\"}]}<\/script>\n<!-- \/ Yoast SEO plugin. -->","yoast_head_json":{"title":"Pouk za u\u010dence od vklju\u010dno 6. razreda naprej in dijake bo od danes naprej potekal na daljavo - Hudo Slovenija","robots":{"index":"index","follow":"follow","max-snippet":"max-snippet:-1","max-image-preview":"max-image-preview:large","max-video-preview":"max-video-preview:-1"},"canonical":"https:\/\/hudo.com\/si\/aktualno\/pouk-za-ucence-od-vkljucno-6-razreda-naprej-dijake-bo-od-danes-naprej-potekal-na-daljavo\/","og_locale":"sl_SI","og_type":"article","og_title":"Pouk za u\u010dence od vklju\u010dno 6. razreda naprej in dijake bo od danes naprej potekal na daljavo - Hudo Slovenija","og_description":"To je eden od ukrepov, s katerim \u017eeli vlada zajeziti \u0161irjenje novega koronavirusa. Za zdaj velja, da bo pouk na daljavo potekal ta teden, sledijo enotedenske po\u010ditnice, ob koncu katerih naj bi bilo znano, kako naprej. V Sodra\u017eici doma ostajajo vsi u\u010denci.","og_url":"https:\/\/hudo.com\/si\/aktualno\/pouk-za-ucence-od-vkljucno-6-razreda-naprej-dijake-bo-od-danes-naprej-potekal-na-daljavo\/","og_site_name":"Hudo Slovenija","article_publisher":"https:\/\/www.facebook.com\/hudo.si","article_published_time":"2020-10-19T06:16:12+00:00","og_image":[{"width":1250,"height":833,"url":"https:\/\/hudo.com\/si\/wp-content\/uploads\/sites\/2\/2020\/04\/profimedia-0514400474.jpg","type":"image\/jpeg"}],"author":"M. N., STA","twitter_card":"summary_large_image","twitter_creator":"@hudo_si","twitter_site":"@hudo_si","twitter_misc":{"Written by":"M. N., STA","Est. reading time":"1 minuta"},"schema":{"@context":"https:\/\/schema.org","@graph":[{"@type":"Article","@id":"https:\/\/hudo.com\/si\/aktualno\/pouk-za-ucence-od-vkljucno-6-razreda-naprej-dijake-bo-od-danes-naprej-potekal-na-daljavo\/#article","isPartOf":{"@id":"https:\/\/hudo.com\/si\/aktualno\/pouk-za-ucence-od-vkljucno-6-razreda-naprej-dijake-bo-od-danes-naprej-potekal-na-daljavo\/"},"author":{"name":"M. N., STA","@id":"https:\/\/hudo.com\/si\/#\/schema\/person\/c2f10ce65d2e6ede2aeda5be2a0611fa"},"headline":"Pouk za u\u010dence od vklju\u010dno 6. razreda naprej in dijake bo od danes naprej potekal na daljavo","datePublished":"2020-10-19T06:16:12+00:00","dateModified":"2020-10-19T06:16:12+00:00","mainEntityOfPage":{"@id":"https:\/\/hudo.com\/si\/aktualno\/pouk-za-ucence-od-vkljucno-6-razreda-naprej-dijake-bo-od-danes-naprej-potekal-na-daljavo\/"},"wordCount":268,"publisher":{"@id":"https:\/\/hudo.com\/si\/#organization"},"keywords":["pouk na daljavo","Slovenija","\u0161olstvo"],"articleSection":["Aktualno"],"inLanguage":"sl-SI"},{"@type":"WebPage","@id":"https:\/\/hudo.com\/si\/aktualno\/pouk-za-ucence-od-vkljucno-6-razreda-naprej-dijake-bo-od-danes-naprej-potekal-na-daljavo\/","url":"https:\/\/hudo.com\/si\/aktualno\/pouk-za-ucence-od-vkljucno-6-razreda-naprej-dijake-bo-od-danes-naprej-potekal-na-daljavo\/","name":"Pouk za u\u010dence od vklju\u010dno 6. razreda naprej in dijake bo od danes naprej potekal na daljavo - Hudo Slovenija","isPartOf":{"@id":"https:\/\/hudo.com\/si\/#website"},"datePublished":"2020-10-19T06:16:12+00:00","dateModified":"2020-10-19T06:16:12+00:00","breadcrumb":{"@id":"https:\/\/hudo.com\/si\/aktualno\/pouk-za-ucence-od-vkljucno-6-razreda-naprej-dijake-bo-od-danes-naprej-potekal-na-daljavo\/#breadcrumb"},"inLanguage":"sl-SI","potentialAction":[{"@type":"ReadAction","target":["https:\/\/hudo.com\/si\/aktualno\/pouk-za-ucence-od-vkljucno-6-razreda-naprej-dijake-bo-od-danes-naprej-potekal-na-daljavo\/"]}]},{"@type":"BreadcrumbList","@id":"https:\/\/hudo.com\/si\/aktualno\/pouk-za-ucence-od-vkljucno-6-razreda-naprej-dijake-bo-od-danes-naprej-potekal-na-daljavo\/#breadcrumb","itemListElement":[{"@type":"ListItem","position":1,"name":"Home","item":"https:\/\/hudo.com\/si\/"},{"@type":"ListItem","position":2,"name":"Pouk za u\u010dence od vklju\u010dno 6. razreda naprej in dijake bo od danes naprej potekal na daljavo"}]},{"@type":"WebSite","@id":"https:\/\/hudo.com\/si\/#website","url":"https:\/\/hudo.com\/si\/","name":"Hudo Slovenija","description":"Vse novice iz Slovenije in sveta","publisher":{"@id":"https:\/\/hudo.com\/si\/#organization"},"potentialAction":[{"@type":"SearchAction","target":{"@type":"EntryPoint","urlTemplate":"https:\/\/hudo.com\/si\/?s={search_term_string}"},"query-input":"required name=search_term_string"}],"inLanguage":"sl-SI"},{"@type":"Organization","@id":"https:\/\/hudo.com\/si\/#organization","name":"VSN Media","url":"https:\/\/hudo.com\/si\/","logo":{"@type":"ImageObject","inLanguage":"sl-SI","@id":"https:\/\/hudo.com\/si\/#\/schema\/logo\/image\/","url":"https:\/\/hudo.com\/si\/wp-content\/uploads\/sites\/2\/2021\/03\/hudo-app-2.png","contentUrl":"https:\/\/hudo.com\/si\/wp-content\/uploads\/sites\/2\/2021\/03\/hudo-app-2.png","width":2185,"height":2167,"caption":"VSN Media"},"image":{"@id":"https:\/\/hudo.com\/si\/#\/schema\/logo\/image\/"},"sameAs":["https:\/\/www.facebook.com\/hudo.si","https:\/\/twitter.com\/hudo_si"]},{"@type":"Person","@id":"https:\/\/hudo.com\/si\/#\/schema\/person\/c2f10ce65d2e6ede2aeda5be2a0611fa","name":"M. N., STA","image":{"@type":"ImageObject","inLanguage":"sl-SI","@id":"https:\/\/hudo.com\/si\/#\/schema\/person\/image\/","url":"https:\/\/secure.gravatar.com\/avatar\/f370d38daa10467f755c5c766a4cac20?s=96&d=mm&r=g","contentUrl":"https:\/\/secure.gravatar.com\/avatar\/f370d38daa10467f755c5c766a4cac20?s=96&d=mm&r=g","caption":"M. N., STA"},"url":"https:\/\/hudo.com\/si\/author\/mana\/"}]}},"amp_enabled":true,"_links":{"self":[{"href":"https:\/\/hudo.com\/si\/wp-json\/wp\/v2\/posts\/435623"}],"collection":[{"href":"https:\/\/hudo.com\/si\/wp-json\/wp\/v2\/posts"}],"about":[{"href":"https:\/\/hudo.com\/si\/wp-json\/wp\/v2\/types\/post"}],"author":[{"embeddable":true,"href":"https:\/\/hudo.com\/si\/wp-json\/wp\/v2\/users\/8"}],"replies":[{"embeddable":true,"href":"https:\/\/hudo.com\/si\/wp-json\/wp\/v2\/comments?post=435623"}],"version-history":[{"count":1,"href":"https:\/\/hudo.com\/si\/wp-json\/wp\/v2\/posts\/435623\/revisions"}],"predecessor-version":[{"id":435624,"href":"https:\/\/hudo.com\/si\/wp-json\/wp\/v2\/posts\/435623\/revisions\/435624"}],"wp:featuredmedia":[{"embeddable":true,"href":"https:\/\/hudo.com\/si\/wp-json\/wp\/v2\/media\/421568"}],"wp:attachment":[{"href":"https:\/\/hudo.com\/si\/wp-json\/wp\/v2\/media?parent=435623"}],"wp:term":[{"taxonomy":"category","embeddable":true,"href":"https:\/\/hudo.com\/si\/wp-json\/wp\/v2\/categories?post=435623"},{"taxonomy":"post_tag","embeddable":true,"href":"https:\/\/hudo.com\/si\/wp-json\/wp\/v2\/tags?post=435623"},{"taxonomy":"source","embeddable":true,"href":"https:\/\/hudo.com\/si\/wp-json\/wp\/v2\/source?post=435623"},{"taxonomy":"supertag","embeddable":true,"href":"https:\/\/hudo.com\/si\/wp-json\/wp\/v2\/supertag?post=435623"}],"curies":[{"name":"wp","href":"https:\/\/api.w.org\/{rel}","templated":true}]}}