{"id":435911,"date":"2020-10-22T08:18:35","date_gmt":"2020-10-22T06:18:35","guid":{"rendered":"http:\/\/hudo.com\/si\/?p=435911"},"modified":"2020-10-22T08:18:35","modified_gmt":"2020-10-22T06:18:35","slug":"jankovica-moti-pretiran-pesimizem-pri-komuniciranju-stanja-v-zvezi-z-epidemijo-da-ti-nekdo-rece-da-nikoli-ni-tako-slabo-da-ne-bi-moglo-biti-se-slabse-je-slabo-sporocilo","status":"publish","type":"post","link":"https:\/\/hudo.com\/si\/aktualno\/jankovica-moti-pretiran-pesimizem-pri-komuniciranju-stanja-v-zvezi-z-epidemijo-da-ti-nekdo-rece-da-nikoli-ni-tako-slabo-da-ne-bi-moglo-biti-se-slabse-je-slabo-sporocilo\/","title":{"rendered":"Jankovi\u0107a moti pretiran pesimizem pri komuniciranju stanja v zvezi z epidemijo:  &#8220;Da ti nekdo re\u010de, da nikoli ni tako slabo, da ne bi moglo biti \u0161e slab\u0161e, je slabo sporo\u010dilo&#8221;"},"content":{"rendered":"<p>Jankovi\u0107 se zavzema za enotno spopadanje z novim koronavirusom na ravni EU. Po njegovem mnenju bi morala EU z direktivo dolo\u010diti, kako bi se morale dr\u017eave obna\u0161ati v \u010dasu epidemije, &#8220;kajti virus z mejo ne zaspi oz. se ne zbudi&#8221;.<\/p>\n<p>To, da so odlo\u010ditve prepu\u0161\u010dene posami\u010dnim vladam, po Jankovi\u0107evih besedah povzro\u010da mnogo nev\u0161e\u010dnosti. Hkrati pa omogo\u010da vladam, da podatke interpretirajo po svoje, v prid odlo\u010ditvam, ki jih sprejemajo.<\/p>\n<p>V prestolnici je aktivno oku\u017eenih trenutno najve\u010d, \u010dez 1100, ampak ko se \u0161tevilke prera\u010dunajo na \u0161tevilo prebivalcev, ki jih je okoli 290.000, in ob dejstvu, da v Ljubljano vsak dan pride 120.000 dnevnih migrantov, oktobra pa so jo napolnili tudi \u0161tudenti iz vse Slovenije, Ljubljana ni na vrhu, ampak na repu lestvice \u0161irjenja oku\u017eb, meni \u017eupan.<\/p>\n<p>Vladne ukrepe, razglasitev epidemije za 30 dni in no\u010dno omejitev gibanja od 21. do 6. ure sprejema. Tudi nedeljski govor predsednika vlade Janeza Jan\u0161e, v katerem je predstavil hierarhijo vrednot med epidemijo &#8211; najprej \u017eivljenja, nato zdravje in nato gospodarstvo &#8211; je ozna\u010dil za korekten. &#8220;Se mi pa zdi popolnoma zgre\u0161eno, da \u0161e isti ve\u010der objavi tvit o razglasitvi epidemije,&#8221; je dejal.<\/p>\n<p>Dodatno ga je pri komuniciranju vlade o ukrepih in stanju glede novega koronavirusa zmotil po njegovem mnenju pretiran pesimizem. &#8220;Da ti nekdo re\u010de, da nikoli ni tako slabo, da ne bi moglo biti \u0161e slab\u0161e, je slabo sporo\u010dilo,&#8221; je ocenil.<\/p>\n<p>Jankovi\u0107 nasprotuje tudi temu, da ob\u010dine sprejemajo svoje ukrepe. &#8220;To samo \u0161e dodatno razburja ljudi, ki se spra\u0161ujejo, zakaj so nekje naredili nekaj, drugje pa ne. In to je lahko podlaga za neko tekmovanje v v\u0161e\u010dnosti ali pa za zaostrovanje ukrepov v strahu, da se kaj ne zgodi. To ne prinese ni\u010d dobrega,&#8221; je ocenil. Po njegovih besedah ljubljanska ob\u010dina zaenkrat ne namerava uvajati posebnih ukrepov.<\/p>\n<p>Je pa pripravljena pomagati. Pri tem je izpostavil zelo dobro komunikacijo med ob\u010dino, njenim Zdravstvenim domom Ljubljana in Univerzitetnim klini\u010dnim centrom (UKC) Ljubljana. Pohvalil je ravnanje generalnega direktorja UKC Janeza Poklukarja, ki je po Jankovi\u0107evih besedah naredil tisto, kar je re\u0161itev tako za dr\u017eavo kot prestolnico &#8211; zagotovil je dodatne postelje za bolnike s covidom-19. &#8220;Z razporeditvami drugih bolnikov v Bolni\u0161nico Petra Der\u017eaja ter pridobitvijo dodatnih postelj v negovalni bolni\u0161nici na Vrazovem trgu in ortopedski kliniki je dobil pribli\u017eno 250 postelj, od tega skoraj 80 na intenzivni negi. To je tisto, kar bi moral narediti direktor vsake bolni\u0161nice,&#8221; je prepri\u010dan Jankovi\u0107.<\/p>\n<p>Ob tem pa poudarja, da \u010de bi se zadeve zaostrovale in bi potrebovali dodatne namestitve, lahko Ljubljana za to nameni Gospodarsko razstavi\u0161\u010de, lahko pa tudi dvorano Sto\u017eice. &#8220;Imamo tudi postelje, \u010de bodo ustrezale. Tako da lahko v koordinaciji s \u0161tabom civilne za\u0161\u010dite v enem dnevu vzpostavimo te namestitve,&#8221; je dejal \u017eupan.<\/p>\n<p>Prostor tako po njegovih besedah ne bo te\u017eava, &#8220;bo pa problem, \u010de ne bomo imeli dovolj kadra&#8221;, je izpostavil. Najve\u010djo zahvalo po njegovem mnenju dolgujemo zdravnikom, medicinskim sestram, re\u0161evalcem in drugemu osebju v zdravstvu. Poudarja tudi, da je treba ljudi za njihovo veliko odrekanje v \u010dasu epidemije dobro pla\u010dati.<\/p>\n<p>Mesto se je na razmere v epidemiji prilagodilo tako da zagotavlja vse potrebne javne slu\u017ebe. &#8220;Mesto mora funkcionirati. Ne moremo ostati brez snage, brez vode, brez ogrevanja,&#8221; je dejal. Ob tem pa je izpostavil, da je \u017ee marca direktorjem ob\u010dinskih podjetij dal navodilo, da odpu\u0161\u010danja zaposlenih ne bo. &#8220;In tega smo se dr\u017eali,&#8221; je dejal.<\/p>\n<p>&#8220;Veste kako hudo je bilo, ko je 900 zaposlenih v LPP, od tega 500 voznikov spomladi sedelo doma. Ampak ko smo potrebovali 20 \u0161oferjev za razvoz hrane, se je pa v eni uri javilo 200 prostovoljcev. &#8220;Spet je v ospredje pri\u0161el ta \u010dut pripadnosti, skrbi za me\u0161\u010dane,&#8221; je dejal.<\/p>\n<p>Nasploh pri spopadanju z epidemijo Jankovi\u0107 pogre\u0161a socialni \u010dut in empatijo. &#8220;\u017de vsa leta govorim, da je Ljubljana najlep\u0161e mesto na svetu, a brez ljudi na ulicah ni tako lepo,&#8221; je dejal.<\/p>\n<p>V drugem valu epidemije brezpla\u010dnih kosil ne bodo razdeljevali, saj po Jankovi\u0107evih besedah za to ni potrebe, dokler \u0161olske kuhinje obratujejo. &#8220;Vsak na\u0161 u\u010denec lahko gre po kosilo,&#8221; je dejal.<\/p>\n<p>So pa na ob\u010dini \u010das manj\u0161ega prometa na cesti izkoristili za pospe\u0161itev nekaterih infrastrukturnih projektov.<\/p>\n","protected":false},"excerpt":{"rendered":"<p>\u017dupan Mestne ob\u010dine Ljubljana Zoran Jankovi\u0107 vladne ukrepe za omejitev \u0161irjenja novega koronavirusa sprejema. Nasprotuje lo\u010denemu ukrepanju ob\u010din, je pa Ljubljana pripravljena pomagati z nastanitvenimi objekti. Moti ga pretiran pesimizem pri komuniciranju stanja, v pogovoru za STA pa je opozoril \u0161e, da pozabljamo na socialni \u010dut in empatijo.<\/p>\n","protected":false},"author":8,"featured_media":435912,"comment_status":"closed","ping_status":"closed","sticky":false,"template":"","format":"standard","meta":{"footnotes":""},"categories":[1179],"tags":[6026,15632,1633,1595,4441],"source":[4511],"supertag":[5675],"acf":[],"yoast_head":"<!-- This site is optimized with the Yoast SEO plugin v21.3 - https:\/\/yoast.com\/wordpress\/plugins\/seo\/ -->\n<title>Jankovi\u0107a moti pretiran pesimizem pri komuniciranju stanja v zvezi z epidemijo: &quot;Da ti nekdo re\u010de, da nikoli ni tako slabo, da ne bi moglo biti \u0161e slab\u0161e, je slabo sporo\u010dilo&quot; - Hudo Slovenija<\/title>\n<meta name=\"robots\" content=\"index, follow, max-snippet:-1, max-image-preview:large, max-video-preview:-1\" \/>\n<link rel=\"canonical\" href=\"https:\/\/hudo.com\/si\/aktualno\/jankovica-moti-pretiran-pesimizem-pri-komuniciranju-stanja-v-zvezi-z-epidemijo-da-ti-nekdo-rece-da-nikoli-ni-tako-slabo-da-ne-bi-moglo-biti-se-slabse-je-slabo-sporocilo\/\" \/>\n<meta property=\"og:locale\" content=\"sl_SI\" \/>\n<meta property=\"og:type\" content=\"article\" \/>\n<meta property=\"og:title\" content=\"Jankovi\u0107a moti pretiran pesimizem pri komuniciranju stanja v zvezi z epidemijo: &quot;Da ti nekdo re\u010de, da nikoli ni tako slabo, da ne bi moglo biti \u0161e slab\u0161e, je slabo sporo\u010dilo&quot; - Hudo Slovenija\" \/>\n<meta property=\"og:description\" content=\"\u017dupan Mestne ob\u010dine Ljubljana Zoran Jankovi\u0107 vladne ukrepe za omejitev \u0161irjenja novega koronavirusa sprejema. Nasprotuje lo\u010denemu ukrepanju ob\u010din, je pa Ljubljana pripravljena pomagati z nastanitvenimi objekti. Moti ga pretiran pesimizem pri komuniciranju stanja, v pogovoru za STA pa je opozoril \u0161e, da pozabljamo na socialni \u010dut in empatijo.\" \/>\n<meta property=\"og:url\" content=\"https:\/\/hudo.com\/si\/aktualno\/jankovica-moti-pretiran-pesimizem-pri-komuniciranju-stanja-v-zvezi-z-epidemijo-da-ti-nekdo-rece-da-nikoli-ni-tako-slabo-da-ne-bi-moglo-biti-se-slabse-je-slabo-sporocilo\/\" \/>\n<meta property=\"og:site_name\" content=\"Hudo Slovenija\" \/>\n<meta property=\"article:publisher\" content=\"https:\/\/www.facebook.com\/hudo.si\" \/>\n<meta property=\"article:published_time\" content=\"2020-10-22T06:18:35+00:00\" \/>\n<meta property=\"og:image\" content=\"https:\/\/hudo.com\/si\/wp-content\/uploads\/sites\/2\/2020\/10\/20201022-01032249.jpg\" \/>\n\t<meta property=\"og:image:width\" content=\"640\" \/>\n\t<meta property=\"og:image:height\" content=\"426\" \/>\n\t<meta property=\"og:image:type\" content=\"image\/jpeg\" \/>\n<meta name=\"author\" content=\"M. N., STA\" \/>\n<meta name=\"twitter:card\" content=\"summary_large_image\" \/>\n<meta name=\"twitter:creator\" content=\"@hudo_si\" \/>\n<meta name=\"twitter:site\" content=\"@hudo_si\" \/>\n<meta name=\"twitter:label1\" content=\"Written by\" \/>\n\t<meta name=\"twitter:data1\" content=\"M. N., STA\" \/>\n\t<meta name=\"twitter:label2\" content=\"Est. reading time\" \/>\n\t<meta name=\"twitter:data2\" content=\"4 minute\" \/>\n<script type=\"application\/ld+json\" class=\"yoast-schema-graph\">{\"@context\":\"https:\/\/schema.org\",\"@graph\":[{\"@type\":\"Article\",\"@id\":\"https:\/\/hudo.com\/si\/aktualno\/jankovica-moti-pretiran-pesimizem-pri-komuniciranju-stanja-v-zvezi-z-epidemijo-da-ti-nekdo-rece-da-nikoli-ni-tako-slabo-da-ne-bi-moglo-biti-se-slabse-je-slabo-sporocilo\/#article\",\"isPartOf\":{\"@id\":\"https:\/\/hudo.com\/si\/aktualno\/jankovica-moti-pretiran-pesimizem-pri-komuniciranju-stanja-v-zvezi-z-epidemijo-da-ti-nekdo-rece-da-nikoli-ni-tako-slabo-da-ne-bi-moglo-biti-se-slabse-je-slabo-sporocilo\/\"},\"author\":{\"name\":\"M. N., STA\",\"@id\":\"https:\/\/hudo.com\/si\/#\/schema\/person\/c2f10ce65d2e6ede2aeda5be2a0611fa\"},\"headline\":\"Jankovi\u0107a moti pretiran pesimizem pri komuniciranju stanja v zvezi z epidemijo: &#8220;Da ti nekdo re\u010de, da nikoli ni tako slabo, da ne bi moglo biti \u0161e slab\u0161e, je slabo sporo\u010dilo&#8221;\",\"datePublished\":\"2020-10-22T06:18:35+00:00\",\"dateModified\":\"2020-10-22T06:18:35+00:00\",\"mainEntityOfPage\":{\"@id\":\"https:\/\/hudo.com\/si\/aktualno\/jankovica-moti-pretiran-pesimizem-pri-komuniciranju-stanja-v-zvezi-z-epidemijo-da-ti-nekdo-rece-da-nikoli-ni-tako-slabo-da-ne-bi-moglo-biti-se-slabse-je-slabo-sporocilo\/\"},\"wordCount\":756,\"publisher\":{\"@id\":\"https:\/\/hudo.com\/si\/#organization\"},\"keywords\":[\"epidemija\",\"koronavirus\",\"Ljubljana\",\"Slovenija\",\"Zoran Jankovi\u0107\"],\"articleSection\":[\"Aktualno\"],\"inLanguage\":\"sl-SI\"},{\"@type\":\"WebPage\",\"@id\":\"https:\/\/hudo.com\/si\/aktualno\/jankovica-moti-pretiran-pesimizem-pri-komuniciranju-stanja-v-zvezi-z-epidemijo-da-ti-nekdo-rece-da-nikoli-ni-tako-slabo-da-ne-bi-moglo-biti-se-slabse-je-slabo-sporocilo\/\",\"url\":\"https:\/\/hudo.com\/si\/aktualno\/jankovica-moti-pretiran-pesimizem-pri-komuniciranju-stanja-v-zvezi-z-epidemijo-da-ti-nekdo-rece-da-nikoli-ni-tako-slabo-da-ne-bi-moglo-biti-se-slabse-je-slabo-sporocilo\/\",\"name\":\"Jankovi\u0107a moti pretiran pesimizem pri komuniciranju stanja v zvezi z epidemijo: \\\"Da ti nekdo re\u010de, da nikoli ni tako slabo, da ne bi moglo biti \u0161e slab\u0161e, je slabo sporo\u010dilo\\\" - Hudo Slovenija\",\"isPartOf\":{\"@id\":\"https:\/\/hudo.com\/si\/#website\"},\"datePublished\":\"2020-10-22T06:18:35+00:00\",\"dateModified\":\"2020-10-22T06:18:35+00:00\",\"breadcrumb\":{\"@id\":\"https:\/\/hudo.com\/si\/aktualno\/jankovica-moti-pretiran-pesimizem-pri-komuniciranju-stanja-v-zvezi-z-epidemijo-da-ti-nekdo-rece-da-nikoli-ni-tako-slabo-da-ne-bi-moglo-biti-se-slabse-je-slabo-sporocilo\/#breadcrumb\"},\"inLanguage\":\"sl-SI\",\"potentialAction\":[{\"@type\":\"ReadAction\",\"target\":[\"https:\/\/hudo.com\/si\/aktualno\/jankovica-moti-pretiran-pesimizem-pri-komuniciranju-stanja-v-zvezi-z-epidemijo-da-ti-nekdo-rece-da-nikoli-ni-tako-slabo-da-ne-bi-moglo-biti-se-slabse-je-slabo-sporocilo\/\"]}]},{\"@type\":\"BreadcrumbList\",\"@id\":\"https:\/\/hudo.com\/si\/aktualno\/jankovica-moti-pretiran-pesimizem-pri-komuniciranju-stanja-v-zvezi-z-epidemijo-da-ti-nekdo-rece-da-nikoli-ni-tako-slabo-da-ne-bi-moglo-biti-se-slabse-je-slabo-sporocilo\/#breadcrumb\",\"itemListElement\":[{\"@type\":\"ListItem\",\"position\":1,\"name\":\"Home\",\"item\":\"https:\/\/hudo.com\/si\/\"},{\"@type\":\"ListItem\",\"position\":2,\"name\":\"Jankovi\u0107a moti pretiran pesimizem pri komuniciranju stanja v zvezi z epidemijo: &#8220;Da ti nekdo re\u010de, da nikoli ni tako slabo, da ne bi moglo biti \u0161e slab\u0161e, je slabo sporo\u010dilo&#8221;\"}]},{\"@type\":\"WebSite\",\"@id\":\"https:\/\/hudo.com\/si\/#website\",\"url\":\"https:\/\/hudo.com\/si\/\",\"name\":\"Hudo Slovenija\",\"description\":\"Vse novice iz Slovenije in sveta\",\"publisher\":{\"@id\":\"https:\/\/hudo.com\/si\/#organization\"},\"potentialAction\":[{\"@type\":\"SearchAction\",\"target\":{\"@type\":\"EntryPoint\",\"urlTemplate\":\"https:\/\/hudo.com\/si\/?s={search_term_string}\"},\"query-input\":\"required name=search_term_string\"}],\"inLanguage\":\"sl-SI\"},{\"@type\":\"Organization\",\"@id\":\"https:\/\/hudo.com\/si\/#organization\",\"name\":\"VSN Media\",\"url\":\"https:\/\/hudo.com\/si\/\",\"logo\":{\"@type\":\"ImageObject\",\"inLanguage\":\"sl-SI\",\"@id\":\"https:\/\/hudo.com\/si\/#\/schema\/logo\/image\/\",\"url\":\"https:\/\/hudo.com\/si\/wp-content\/uploads\/sites\/2\/2021\/03\/hudo-app-2.png\",\"contentUrl\":\"https:\/\/hudo.com\/si\/wp-content\/uploads\/sites\/2\/2021\/03\/hudo-app-2.png\",\"width\":2185,\"height\":2167,\"caption\":\"VSN Media\"},\"image\":{\"@id\":\"https:\/\/hudo.com\/si\/#\/schema\/logo\/image\/\"},\"sameAs\":[\"https:\/\/www.facebook.com\/hudo.si\",\"https:\/\/twitter.com\/hudo_si\"]},{\"@type\":\"Person\",\"@id\":\"https:\/\/hudo.com\/si\/#\/schema\/person\/c2f10ce65d2e6ede2aeda5be2a0611fa\",\"name\":\"M. N., STA\",\"image\":{\"@type\":\"ImageObject\",\"inLanguage\":\"sl-SI\",\"@id\":\"https:\/\/hudo.com\/si\/#\/schema\/person\/image\/\",\"url\":\"https:\/\/secure.gravatar.com\/avatar\/f370d38daa10467f755c5c766a4cac20?s=96&d=mm&r=g\",\"contentUrl\":\"https:\/\/secure.gravatar.com\/avatar\/f370d38daa10467f755c5c766a4cac20?s=96&d=mm&r=g\",\"caption\":\"M. N., STA\"},\"url\":\"https:\/\/hudo.com\/si\/author\/mana\/\"}]}<\/script>\n<!-- \/ Yoast SEO plugin. -->","yoast_head_json":{"title":"Jankovi\u0107a moti pretiran pesimizem pri komuniciranju stanja v zvezi z epidemijo: \"Da ti nekdo re\u010de, da nikoli ni tako slabo, da ne bi moglo biti \u0161e slab\u0161e, je slabo sporo\u010dilo\" - Hudo Slovenija","robots":{"index":"index","follow":"follow","max-snippet":"max-snippet:-1","max-image-preview":"max-image-preview:large","max-video-preview":"max-video-preview:-1"},"canonical":"https:\/\/hudo.com\/si\/aktualno\/jankovica-moti-pretiran-pesimizem-pri-komuniciranju-stanja-v-zvezi-z-epidemijo-da-ti-nekdo-rece-da-nikoli-ni-tako-slabo-da-ne-bi-moglo-biti-se-slabse-je-slabo-sporocilo\/","og_locale":"sl_SI","og_type":"article","og_title":"Jankovi\u0107a moti pretiran pesimizem pri komuniciranju stanja v zvezi z epidemijo: \"Da ti nekdo re\u010de, da nikoli ni tako slabo, da ne bi moglo biti \u0161e slab\u0161e, je slabo sporo\u010dilo\" - Hudo Slovenija","og_description":"\u017dupan Mestne ob\u010dine Ljubljana Zoran Jankovi\u0107 vladne ukrepe za omejitev \u0161irjenja novega koronavirusa sprejema. Nasprotuje lo\u010denemu ukrepanju ob\u010din, je pa Ljubljana pripravljena pomagati z nastanitvenimi objekti. Moti ga pretiran pesimizem pri komuniciranju stanja, v pogovoru za STA pa je opozoril \u0161e, da pozabljamo na socialni \u010dut in empatijo.","og_url":"https:\/\/hudo.com\/si\/aktualno\/jankovica-moti-pretiran-pesimizem-pri-komuniciranju-stanja-v-zvezi-z-epidemijo-da-ti-nekdo-rece-da-nikoli-ni-tako-slabo-da-ne-bi-moglo-biti-se-slabse-je-slabo-sporocilo\/","og_site_name":"Hudo Slovenija","article_publisher":"https:\/\/www.facebook.com\/hudo.si","article_published_time":"2020-10-22T06:18:35+00:00","og_image":[{"width":640,"height":426,"url":"https:\/\/hudo.com\/si\/wp-content\/uploads\/sites\/2\/2020\/10\/20201022-01032249.jpg","type":"image\/jpeg"}],"author":"M. N., STA","twitter_card":"summary_large_image","twitter_creator":"@hudo_si","twitter_site":"@hudo_si","twitter_misc":{"Written by":"M. N., STA","Est. reading time":"4 minute"},"schema":{"@context":"https:\/\/schema.org","@graph":[{"@type":"Article","@id":"https:\/\/hudo.com\/si\/aktualno\/jankovica-moti-pretiran-pesimizem-pri-komuniciranju-stanja-v-zvezi-z-epidemijo-da-ti-nekdo-rece-da-nikoli-ni-tako-slabo-da-ne-bi-moglo-biti-se-slabse-je-slabo-sporocilo\/#article","isPartOf":{"@id":"https:\/\/hudo.com\/si\/aktualno\/jankovica-moti-pretiran-pesimizem-pri-komuniciranju-stanja-v-zvezi-z-epidemijo-da-ti-nekdo-rece-da-nikoli-ni-tako-slabo-da-ne-bi-moglo-biti-se-slabse-je-slabo-sporocilo\/"},"author":{"name":"M. N., STA","@id":"https:\/\/hudo.com\/si\/#\/schema\/person\/c2f10ce65d2e6ede2aeda5be2a0611fa"},"headline":"Jankovi\u0107a moti pretiran pesimizem pri komuniciranju stanja v zvezi z epidemijo: &#8220;Da ti nekdo re\u010de, da nikoli ni tako slabo, da ne bi moglo biti \u0161e slab\u0161e, je slabo sporo\u010dilo&#8221;","datePublished":"2020-10-22T06:18:35+00:00","dateModified":"2020-10-22T06:18:35+00:00","mainEntityOfPage":{"@id":"https:\/\/hudo.com\/si\/aktualno\/jankovica-moti-pretiran-pesimizem-pri-komuniciranju-stanja-v-zvezi-z-epidemijo-da-ti-nekdo-rece-da-nikoli-ni-tako-slabo-da-ne-bi-moglo-biti-se-slabse-je-slabo-sporocilo\/"},"wordCount":756,"publisher":{"@id":"https:\/\/hudo.com\/si\/#organization"},"keywords":["epidemija","koronavirus","Ljubljana","Slovenija","Zoran Jankovi\u0107"],"articleSection":["Aktualno"],"inLanguage":"sl-SI"},{"@type":"WebPage","@id":"https:\/\/hudo.com\/si\/aktualno\/jankovica-moti-pretiran-pesimizem-pri-komuniciranju-stanja-v-zvezi-z-epidemijo-da-ti-nekdo-rece-da-nikoli-ni-tako-slabo-da-ne-bi-moglo-biti-se-slabse-je-slabo-sporocilo\/","url":"https:\/\/hudo.com\/si\/aktualno\/jankovica-moti-pretiran-pesimizem-pri-komuniciranju-stanja-v-zvezi-z-epidemijo-da-ti-nekdo-rece-da-nikoli-ni-tako-slabo-da-ne-bi-moglo-biti-se-slabse-je-slabo-sporocilo\/","name":"Jankovi\u0107a moti pretiran pesimizem pri komuniciranju stanja v zvezi z epidemijo: \"Da ti nekdo re\u010de, da nikoli ni tako slabo, da ne bi moglo biti \u0161e slab\u0161e, je slabo sporo\u010dilo\" - Hudo Slovenija","isPartOf":{"@id":"https:\/\/hudo.com\/si\/#website"},"datePublished":"2020-10-22T06:18:35+00:00","dateModified":"2020-10-22T06:18:35+00:00","breadcrumb":{"@id":"https:\/\/hudo.com\/si\/aktualno\/jankovica-moti-pretiran-pesimizem-pri-komuniciranju-stanja-v-zvezi-z-epidemijo-da-ti-nekdo-rece-da-nikoli-ni-tako-slabo-da-ne-bi-moglo-biti-se-slabse-je-slabo-sporocilo\/#breadcrumb"},"inLanguage":"sl-SI","potentialAction":[{"@type":"ReadAction","target":["https:\/\/hudo.com\/si\/aktualno\/jankovica-moti-pretiran-pesimizem-pri-komuniciranju-stanja-v-zvezi-z-epidemijo-da-ti-nekdo-rece-da-nikoli-ni-tako-slabo-da-ne-bi-moglo-biti-se-slabse-je-slabo-sporocilo\/"]}]},{"@type":"BreadcrumbList","@id":"https:\/\/hudo.com\/si\/aktualno\/jankovica-moti-pretiran-pesimizem-pri-komuniciranju-stanja-v-zvezi-z-epidemijo-da-ti-nekdo-rece-da-nikoli-ni-tako-slabo-da-ne-bi-moglo-biti-se-slabse-je-slabo-sporocilo\/#breadcrumb","itemListElement":[{"@type":"ListItem","position":1,"name":"Home","item":"https:\/\/hudo.com\/si\/"},{"@type":"ListItem","position":2,"name":"Jankovi\u0107a moti pretiran pesimizem pri komuniciranju stanja v zvezi z epidemijo: &#8220;Da ti nekdo re\u010de, da nikoli ni tako slabo, da ne bi moglo biti \u0161e slab\u0161e, je slabo sporo\u010dilo&#8221;"}]},{"@type":"WebSite","@id":"https:\/\/hudo.com\/si\/#website","url":"https:\/\/hudo.com\/si\/","name":"Hudo Slovenija","description":"Vse novice iz Slovenije in sveta","publisher":{"@id":"https:\/\/hudo.com\/si\/#organization"},"potentialAction":[{"@type":"SearchAction","target":{"@type":"EntryPoint","urlTemplate":"https:\/\/hudo.com\/si\/?s={search_term_string}"},"query-input":"required name=search_term_string"}],"inLanguage":"sl-SI"},{"@type":"Organization","@id":"https:\/\/hudo.com\/si\/#organization","name":"VSN Media","url":"https:\/\/hudo.com\/si\/","logo":{"@type":"ImageObject","inLanguage":"sl-SI","@id":"https:\/\/hudo.com\/si\/#\/schema\/logo\/image\/","url":"https:\/\/hudo.com\/si\/wp-content\/uploads\/sites\/2\/2021\/03\/hudo-app-2.png","contentUrl":"https:\/\/hudo.com\/si\/wp-content\/uploads\/sites\/2\/2021\/03\/hudo-app-2.png","width":2185,"height":2167,"caption":"VSN Media"},"image":{"@id":"https:\/\/hudo.com\/si\/#\/schema\/logo\/image\/"},"sameAs":["https:\/\/www.facebook.com\/hudo.si","https:\/\/twitter.com\/hudo_si"]},{"@type":"Person","@id":"https:\/\/hudo.com\/si\/#\/schema\/person\/c2f10ce65d2e6ede2aeda5be2a0611fa","name":"M. N., STA","image":{"@type":"ImageObject","inLanguage":"sl-SI","@id":"https:\/\/hudo.com\/si\/#\/schema\/person\/image\/","url":"https:\/\/secure.gravatar.com\/avatar\/f370d38daa10467f755c5c766a4cac20?s=96&d=mm&r=g","contentUrl":"https:\/\/secure.gravatar.com\/avatar\/f370d38daa10467f755c5c766a4cac20?s=96&d=mm&r=g","caption":"M. N., STA"},"url":"https:\/\/hudo.com\/si\/author\/mana\/"}]}},"amp_enabled":true,"_links":{"self":[{"href":"https:\/\/hudo.com\/si\/wp-json\/wp\/v2\/posts\/435911"}],"collection":[{"href":"https:\/\/hudo.com\/si\/wp-json\/wp\/v2\/posts"}],"about":[{"href":"https:\/\/hudo.com\/si\/wp-json\/wp\/v2\/types\/post"}],"author":[{"embeddable":true,"href":"https:\/\/hudo.com\/si\/wp-json\/wp\/v2\/users\/8"}],"replies":[{"embeddable":true,"href":"https:\/\/hudo.com\/si\/wp-json\/wp\/v2\/comments?post=435911"}],"version-history":[{"count":1,"href":"https:\/\/hudo.com\/si\/wp-json\/wp\/v2\/posts\/435911\/revisions"}],"predecessor-version":[{"id":435913,"href":"https:\/\/hudo.com\/si\/wp-json\/wp\/v2\/posts\/435911\/revisions\/435913"}],"wp:featuredmedia":[{"embeddable":true,"href":"https:\/\/hudo.com\/si\/wp-json\/wp\/v2\/media\/435912"}],"wp:attachment":[{"href":"https:\/\/hudo.com\/si\/wp-json\/wp\/v2\/media?parent=435911"}],"wp:term":[{"taxonomy":"category","embeddable":true,"href":"https:\/\/hudo.com\/si\/wp-json\/wp\/v2\/categories?post=435911"},{"taxonomy":"post_tag","embeddable":true,"href":"https:\/\/hudo.com\/si\/wp-json\/wp\/v2\/tags?post=435911"},{"taxonomy":"source","embeddable":true,"href":"https:\/\/hudo.com\/si\/wp-json\/wp\/v2\/source?post=435911"},{"taxonomy":"supertag","embeddable":true,"href":"https:\/\/hudo.com\/si\/wp-json\/wp\/v2\/supertag?post=435911"}],"curies":[{"name":"wp","href":"https:\/\/api.w.org\/{rel}","templated":true}]}}