{"id":43595,"date":"2016-05-02T10:25:26","date_gmt":"2016-05-02T08:25:26","guid":{"rendered":"http:\/\/hudo.com\/si\/2016\/05\/02\/zacelo-se-je-po-jansi-se-rtv-ju-upirajo-se-drzavljani-boste-tudi-vi-nehali-placevati\/"},"modified":"2016-05-03T12:07:49","modified_gmt":"2016-05-03T10:07:49","slug":"zacelo-se-je-po-jansi-se-rtv-ju-upirajo-se-drzavljani-boste-tudi-vi-nehali-placevati","status":"publish","type":"post","link":"https:\/\/hudo.com\/si\/aktualno\/zacelo-se-je-po-jansi-se-rtv-ju-upirajo-se-drzavljani-boste-tudi-vi-nehali-placevati\/","title":{"rendered":"Za\u010delo se je: Po Jan\u0161i se RTV-ju upirajo \u0161e dr\u017eavljani. Boste tudi vi nehali pla\u010devati?"},"content":{"rendered":"<p>Nezadovoljstvo velikega \u0161tevila dr\u017eavljanov, ki so do sedaj predvsem na dru\u017eabnih omre\u017ejih kritizirali politiko in delo javne hi\u0161e Radiotelevizija Slovenija, je zdaj naraslo \u0161e mo\u010dneje. Na spletni strani pravapeticija.com so za\u010deli z zbiranjem podpisov, s katerimi zahtevajo ukinitev prisilnega RTV prispevka v znesku 152,40 evrov letno, ki ga med drugim tudi Janez Jan\u0161a \u017ee nekaj<\/p>\n","protected":false},"excerpt":{"rendered":"<p>Nezadovoljstvo velikega \u0161tevila dr\u017eavljanov, ki so do sedaj predvsem na dru\u017eabnih omre\u017ejih kritizirali politiko in delo javne hi\u0161e Radiotelevizija Slovenija, je zdaj naraslo \u0161e mo\u010dneje. Na spletni strani pravapeticija.com so za\u010deli z zbiranjem podpisov, s katerimi zahtevajo ukinitev prisilnega RTV prispevka v znesku 152,40 evrov letno, ki ga med drugim tudi Janez Jan\u0161a \u017ee nekaj<\/p>\n","protected":false},"author":1,"featured_media":0,"comment_status":"closed","ping_status":"closed","sticky":false,"template":"","format":"standard","meta":{"footnotes":""},"categories":[1179],"tags":[],"source":[1710],"supertag":[],"acf":[],"yoast_head":"<!-- This site is optimized with the Yoast SEO plugin v21.3 - https:\/\/yoast.com\/wordpress\/plugins\/seo\/ -->\n<title>Za\u010delo se je: Po Jan\u0161i se RTV-ju upirajo \u0161e dr\u017eavljani. Boste tudi vi nehali pla\u010devati? - Hudo Slovenija<\/title>\n<meta name=\"robots\" content=\"index, follow, max-snippet:-1, max-image-preview:large, max-video-preview:-1\" \/>\n<link rel=\"canonical\" href=\"https:\/\/hudo.com\/si\/aktualno\/zacelo-se-je-po-jansi-se-rtv-ju-upirajo-se-drzavljani-boste-tudi-vi-nehali-placevati\/\" \/>\n<meta property=\"og:locale\" content=\"sl_SI\" \/>\n<meta property=\"og:type\" content=\"article\" \/>\n<meta property=\"og:title\" content=\"Za\u010delo se je: Po Jan\u0161i se RTV-ju upirajo \u0161e dr\u017eavljani. Boste tudi vi nehali pla\u010devati? - Hudo Slovenija\" \/>\n<meta property=\"og:description\" content=\"Nezadovoljstvo velikega \u0161tevila dr\u017eavljanov, ki so do sedaj predvsem na dru\u017eabnih omre\u017ejih kritizirali politiko in delo javne hi\u0161e Radiotelevizija Slovenija, je zdaj naraslo \u0161e mo\u010dneje. Na spletni strani pravapeticija.com so za\u010deli z zbiranjem podpisov, s katerimi zahtevajo ukinitev prisilnega RTV prispevka v znesku 152,40 evrov letno, ki ga med drugim tudi Janez Jan\u0161a \u017ee nekaj\" \/>\n<meta property=\"og:url\" content=\"https:\/\/hudo.com\/si\/aktualno\/zacelo-se-je-po-jansi-se-rtv-ju-upirajo-se-drzavljani-boste-tudi-vi-nehali-placevati\/\" \/>\n<meta property=\"og:site_name\" content=\"Hudo Slovenija\" \/>\n<meta property=\"article:publisher\" content=\"https:\/\/www.facebook.com\/hudo.si\" \/>\n<meta property=\"article:published_time\" content=\"2016-05-02T08:25:26+00:00\" \/>\n<meta property=\"article:modified_time\" content=\"2016-05-03T10:07:49+00:00\" \/>\n<meta property=\"og:image\" content=\"https:\/\/hudo.com\/si\/wp-content\/uploads\/sites\/2\/2016\/05\/zacelo-se-je-po-jansi-se-rtv-ju-upirajo-se-drzavljani-boste-tudi-vi-nehali-placevati-01.jpg\" \/>\n\t<meta property=\"og:image:width\" content=\"567\" \/>\n\t<meta property=\"og:image:height\" content=\"143\" \/>\n\t<meta property=\"og:image:type\" content=\"image\/jpeg\" \/>\n<meta name=\"author\" content=\"hudo\" \/>\n<meta name=\"twitter:card\" content=\"summary_large_image\" \/>\n<meta name=\"twitter:creator\" content=\"@hudo_si\" \/>\n<meta name=\"twitter:site\" content=\"@hudo_si\" \/>\n<meta name=\"twitter:label1\" content=\"Written by\" \/>\n\t<meta name=\"twitter:data1\" content=\"hudo\" \/>\n<script type=\"application\/ld+json\" class=\"yoast-schema-graph\">{\"@context\":\"https:\/\/schema.org\",\"@graph\":[{\"@type\":\"Article\",\"@id\":\"https:\/\/hudo.com\/si\/aktualno\/zacelo-se-je-po-jansi-se-rtv-ju-upirajo-se-drzavljani-boste-tudi-vi-nehali-placevati\/#article\",\"isPartOf\":{\"@id\":\"https:\/\/hudo.com\/si\/aktualno\/zacelo-se-je-po-jansi-se-rtv-ju-upirajo-se-drzavljani-boste-tudi-vi-nehali-placevati\/\"},\"author\":{\"name\":\"hudo\",\"@id\":\"https:\/\/hudo.com\/si\/#\/schema\/person\/601cf3379633985b20f7e50f2bb47707\"},\"headline\":\"Za\u010delo se je: Po Jan\u0161i se RTV-ju upirajo \u0161e dr\u017eavljani. Boste tudi vi nehali pla\u010devati?\",\"datePublished\":\"2016-05-02T08:25:26+00:00\",\"dateModified\":\"2016-05-03T10:07:49+00:00\",\"mainEntityOfPage\":{\"@id\":\"https:\/\/hudo.com\/si\/aktualno\/zacelo-se-je-po-jansi-se-rtv-ju-upirajo-se-drzavljani-boste-tudi-vi-nehali-placevati\/\"},\"wordCount\":81,\"publisher\":{\"@id\":\"https:\/\/hudo.com\/si\/#organization\"},\"articleSection\":[\"Aktualno\"],\"inLanguage\":\"sl-SI\"},{\"@type\":\"WebPage\",\"@id\":\"https:\/\/hudo.com\/si\/aktualno\/zacelo-se-je-po-jansi-se-rtv-ju-upirajo-se-drzavljani-boste-tudi-vi-nehali-placevati\/\",\"url\":\"https:\/\/hudo.com\/si\/aktualno\/zacelo-se-je-po-jansi-se-rtv-ju-upirajo-se-drzavljani-boste-tudi-vi-nehali-placevati\/\",\"name\":\"Za\u010delo se je: Po Jan\u0161i se RTV-ju upirajo \u0161e dr\u017eavljani. Boste tudi vi nehali pla\u010devati? - Hudo Slovenija\",\"isPartOf\":{\"@id\":\"https:\/\/hudo.com\/si\/#website\"},\"datePublished\":\"2016-05-02T08:25:26+00:00\",\"dateModified\":\"2016-05-03T10:07:49+00:00\",\"breadcrumb\":{\"@id\":\"https:\/\/hudo.com\/si\/aktualno\/zacelo-se-je-po-jansi-se-rtv-ju-upirajo-se-drzavljani-boste-tudi-vi-nehali-placevati\/#breadcrumb\"},\"inLanguage\":\"sl-SI\",\"potentialAction\":[{\"@type\":\"ReadAction\",\"target\":[\"https:\/\/hudo.com\/si\/aktualno\/zacelo-se-je-po-jansi-se-rtv-ju-upirajo-se-drzavljani-boste-tudi-vi-nehali-placevati\/\"]}]},{\"@type\":\"BreadcrumbList\",\"@id\":\"https:\/\/hudo.com\/si\/aktualno\/zacelo-se-je-po-jansi-se-rtv-ju-upirajo-se-drzavljani-boste-tudi-vi-nehali-placevati\/#breadcrumb\",\"itemListElement\":[{\"@type\":\"ListItem\",\"position\":1,\"name\":\"Home\",\"item\":\"https:\/\/hudo.com\/si\/\"},{\"@type\":\"ListItem\",\"position\":2,\"name\":\"Za\u010delo se je: Po Jan\u0161i se RTV-ju upirajo \u0161e dr\u017eavljani. Boste tudi vi nehali pla\u010devati?\"}]},{\"@type\":\"WebSite\",\"@id\":\"https:\/\/hudo.com\/si\/#website\",\"url\":\"https:\/\/hudo.com\/si\/\",\"name\":\"Hudo Slovenija\",\"description\":\"Vse novice iz Slovenije in sveta\",\"publisher\":{\"@id\":\"https:\/\/hudo.com\/si\/#organization\"},\"potentialAction\":[{\"@type\":\"SearchAction\",\"target\":{\"@type\":\"EntryPoint\",\"urlTemplate\":\"https:\/\/hudo.com\/si\/?s={search_term_string}\"},\"query-input\":\"required name=search_term_string\"}],\"inLanguage\":\"sl-SI\"},{\"@type\":\"Organization\",\"@id\":\"https:\/\/hudo.com\/si\/#organization\",\"name\":\"VSN Media\",\"url\":\"https:\/\/hudo.com\/si\/\",\"logo\":{\"@type\":\"ImageObject\",\"inLanguage\":\"sl-SI\",\"@id\":\"https:\/\/hudo.com\/si\/#\/schema\/logo\/image\/\",\"url\":\"https:\/\/hudo.com\/si\/wp-content\/uploads\/sites\/2\/2021\/03\/hudo-app-2.png\",\"contentUrl\":\"https:\/\/hudo.com\/si\/wp-content\/uploads\/sites\/2\/2021\/03\/hudo-app-2.png\",\"width\":2185,\"height\":2167,\"caption\":\"VSN Media\"},\"image\":{\"@id\":\"https:\/\/hudo.com\/si\/#\/schema\/logo\/image\/\"},\"sameAs\":[\"https:\/\/www.facebook.com\/hudo.si\",\"https:\/\/twitter.com\/hudo_si\"]},{\"@type\":\"Person\",\"@id\":\"https:\/\/hudo.com\/si\/#\/schema\/person\/601cf3379633985b20f7e50f2bb47707\",\"name\":\"hudo\",\"image\":{\"@type\":\"ImageObject\",\"inLanguage\":\"sl-SI\",\"@id\":\"https:\/\/hudo.com\/si\/#\/schema\/person\/image\/\",\"url\":\"https:\/\/secure.gravatar.com\/avatar\/c4ca25fa72cace7a696b52ff5db9e095?s=96&d=mm&r=g\",\"contentUrl\":\"https:\/\/secure.gravatar.com\/avatar\/c4ca25fa72cace7a696b52ff5db9e095?s=96&d=mm&r=g\",\"caption\":\"hudo\"},\"url\":\"https:\/\/hudo.com\/si\/author\/hudo\/\"}]}<\/script>\n<!-- \/ Yoast SEO plugin. -->","yoast_head_json":{"title":"Za\u010delo se je: Po Jan\u0161i se RTV-ju upirajo \u0161e dr\u017eavljani. Boste tudi vi nehali pla\u010devati? - Hudo Slovenija","robots":{"index":"index","follow":"follow","max-snippet":"max-snippet:-1","max-image-preview":"max-image-preview:large","max-video-preview":"max-video-preview:-1"},"canonical":"https:\/\/hudo.com\/si\/aktualno\/zacelo-se-je-po-jansi-se-rtv-ju-upirajo-se-drzavljani-boste-tudi-vi-nehali-placevati\/","og_locale":"sl_SI","og_type":"article","og_title":"Za\u010delo se je: Po Jan\u0161i se RTV-ju upirajo \u0161e dr\u017eavljani. Boste tudi vi nehali pla\u010devati? - Hudo Slovenija","og_description":"Nezadovoljstvo velikega \u0161tevila dr\u017eavljanov, ki so do sedaj predvsem na dru\u017eabnih omre\u017ejih kritizirali politiko in delo javne hi\u0161e Radiotelevizija Slovenija, je zdaj naraslo \u0161e mo\u010dneje. Na spletni strani pravapeticija.com so za\u010deli z zbiranjem podpisov, s katerimi zahtevajo ukinitev prisilnega RTV prispevka v znesku 152,40 evrov letno, ki ga med drugim tudi Janez Jan\u0161a \u017ee nekaj","og_url":"https:\/\/hudo.com\/si\/aktualno\/zacelo-se-je-po-jansi-se-rtv-ju-upirajo-se-drzavljani-boste-tudi-vi-nehali-placevati\/","og_site_name":"Hudo Slovenija","article_publisher":"https:\/\/www.facebook.com\/hudo.si","article_published_time":"2016-05-02T08:25:26+00:00","article_modified_time":"2016-05-03T10:07:49+00:00","og_image":[{"width":567,"height":143,"url":"https:\/\/hudo.com\/si\/wp-content\/uploads\/sites\/2\/2016\/05\/zacelo-se-je-po-jansi-se-rtv-ju-upirajo-se-drzavljani-boste-tudi-vi-nehali-placevati-01.jpg","type":"image\/jpeg"}],"author":"hudo","twitter_card":"summary_large_image","twitter_creator":"@hudo_si","twitter_site":"@hudo_si","twitter_misc":{"Written by":"hudo"},"schema":{"@context":"https:\/\/schema.org","@graph":[{"@type":"Article","@id":"https:\/\/hudo.com\/si\/aktualno\/zacelo-se-je-po-jansi-se-rtv-ju-upirajo-se-drzavljani-boste-tudi-vi-nehali-placevati\/#article","isPartOf":{"@id":"https:\/\/hudo.com\/si\/aktualno\/zacelo-se-je-po-jansi-se-rtv-ju-upirajo-se-drzavljani-boste-tudi-vi-nehali-placevati\/"},"author":{"name":"hudo","@id":"https:\/\/hudo.com\/si\/#\/schema\/person\/601cf3379633985b20f7e50f2bb47707"},"headline":"Za\u010delo se je: Po Jan\u0161i se RTV-ju upirajo \u0161e dr\u017eavljani. Boste tudi vi nehali pla\u010devati?","datePublished":"2016-05-02T08:25:26+00:00","dateModified":"2016-05-03T10:07:49+00:00","mainEntityOfPage":{"@id":"https:\/\/hudo.com\/si\/aktualno\/zacelo-se-je-po-jansi-se-rtv-ju-upirajo-se-drzavljani-boste-tudi-vi-nehali-placevati\/"},"wordCount":81,"publisher":{"@id":"https:\/\/hudo.com\/si\/#organization"},"articleSection":["Aktualno"],"inLanguage":"sl-SI"},{"@type":"WebPage","@id":"https:\/\/hudo.com\/si\/aktualno\/zacelo-se-je-po-jansi-se-rtv-ju-upirajo-se-drzavljani-boste-tudi-vi-nehali-placevati\/","url":"https:\/\/hudo.com\/si\/aktualno\/zacelo-se-je-po-jansi-se-rtv-ju-upirajo-se-drzavljani-boste-tudi-vi-nehali-placevati\/","name":"Za\u010delo se je: Po Jan\u0161i se RTV-ju upirajo \u0161e dr\u017eavljani. Boste tudi vi nehali pla\u010devati? - Hudo Slovenija","isPartOf":{"@id":"https:\/\/hudo.com\/si\/#website"},"datePublished":"2016-05-02T08:25:26+00:00","dateModified":"2016-05-03T10:07:49+00:00","breadcrumb":{"@id":"https:\/\/hudo.com\/si\/aktualno\/zacelo-se-je-po-jansi-se-rtv-ju-upirajo-se-drzavljani-boste-tudi-vi-nehali-placevati\/#breadcrumb"},"inLanguage":"sl-SI","potentialAction":[{"@type":"ReadAction","target":["https:\/\/hudo.com\/si\/aktualno\/zacelo-se-je-po-jansi-se-rtv-ju-upirajo-se-drzavljani-boste-tudi-vi-nehali-placevati\/"]}]},{"@type":"BreadcrumbList","@id":"https:\/\/hudo.com\/si\/aktualno\/zacelo-se-je-po-jansi-se-rtv-ju-upirajo-se-drzavljani-boste-tudi-vi-nehali-placevati\/#breadcrumb","itemListElement":[{"@type":"ListItem","position":1,"name":"Home","item":"https:\/\/hudo.com\/si\/"},{"@type":"ListItem","position":2,"name":"Za\u010delo se je: Po Jan\u0161i se RTV-ju upirajo \u0161e dr\u017eavljani. Boste tudi vi nehali pla\u010devati?"}]},{"@type":"WebSite","@id":"https:\/\/hudo.com\/si\/#website","url":"https:\/\/hudo.com\/si\/","name":"Hudo Slovenija","description":"Vse novice iz Slovenije in sveta","publisher":{"@id":"https:\/\/hudo.com\/si\/#organization"},"potentialAction":[{"@type":"SearchAction","target":{"@type":"EntryPoint","urlTemplate":"https:\/\/hudo.com\/si\/?s={search_term_string}"},"query-input":"required name=search_term_string"}],"inLanguage":"sl-SI"},{"@type":"Organization","@id":"https:\/\/hudo.com\/si\/#organization","name":"VSN Media","url":"https:\/\/hudo.com\/si\/","logo":{"@type":"ImageObject","inLanguage":"sl-SI","@id":"https:\/\/hudo.com\/si\/#\/schema\/logo\/image\/","url":"https:\/\/hudo.com\/si\/wp-content\/uploads\/sites\/2\/2021\/03\/hudo-app-2.png","contentUrl":"https:\/\/hudo.com\/si\/wp-content\/uploads\/sites\/2\/2021\/03\/hudo-app-2.png","width":2185,"height":2167,"caption":"VSN Media"},"image":{"@id":"https:\/\/hudo.com\/si\/#\/schema\/logo\/image\/"},"sameAs":["https:\/\/www.facebook.com\/hudo.si","https:\/\/twitter.com\/hudo_si"]},{"@type":"Person","@id":"https:\/\/hudo.com\/si\/#\/schema\/person\/601cf3379633985b20f7e50f2bb47707","name":"hudo","image":{"@type":"ImageObject","inLanguage":"sl-SI","@id":"https:\/\/hudo.com\/si\/#\/schema\/person\/image\/","url":"https:\/\/secure.gravatar.com\/avatar\/c4ca25fa72cace7a696b52ff5db9e095?s=96&d=mm&r=g","contentUrl":"https:\/\/secure.gravatar.com\/avatar\/c4ca25fa72cace7a696b52ff5db9e095?s=96&d=mm&r=g","caption":"hudo"},"url":"https:\/\/hudo.com\/si\/author\/hudo\/"}]}},"amp_enabled":true,"_links":{"self":[{"href":"https:\/\/hudo.com\/si\/wp-json\/wp\/v2\/posts\/43595"}],"collection":[{"href":"https:\/\/hudo.com\/si\/wp-json\/wp\/v2\/posts"}],"about":[{"href":"https:\/\/hudo.com\/si\/wp-json\/wp\/v2\/types\/post"}],"author":[{"embeddable":true,"href":"https:\/\/hudo.com\/si\/wp-json\/wp\/v2\/users\/1"}],"replies":[{"embeddable":true,"href":"https:\/\/hudo.com\/si\/wp-json\/wp\/v2\/comments?post=43595"}],"version-history":[{"count":1,"href":"https:\/\/hudo.com\/si\/wp-json\/wp\/v2\/posts\/43595\/revisions"}],"predecessor-version":[{"id":43654,"href":"https:\/\/hudo.com\/si\/wp-json\/wp\/v2\/posts\/43595\/revisions\/43654"}],"wp:attachment":[{"href":"https:\/\/hudo.com\/si\/wp-json\/wp\/v2\/media?parent=43595"}],"wp:term":[{"taxonomy":"category","embeddable":true,"href":"https:\/\/hudo.com\/si\/wp-json\/wp\/v2\/categories?post=43595"},{"taxonomy":"post_tag","embeddable":true,"href":"https:\/\/hudo.com\/si\/wp-json\/wp\/v2\/tags?post=43595"},{"taxonomy":"source","embeddable":true,"href":"https:\/\/hudo.com\/si\/wp-json\/wp\/v2\/source?post=43595"},{"taxonomy":"supertag","embeddable":true,"href":"https:\/\/hudo.com\/si\/wp-json\/wp\/v2\/supertag?post=43595"}],"curies":[{"name":"wp","href":"https:\/\/api.w.org\/{rel}","templated":true}]}}