{"id":43635,"date":"2016-05-02T12:47:20","date_gmt":"2016-05-02T10:47:20","guid":{"rendered":"http:\/\/hudo.com\/si\/2016\/05\/02\/vreme-kaze-zobe-dez-mocan-veter-plazovi-in-poplave\/"},"modified":"2016-05-03T14:46:56","modified_gmt":"2016-05-03T12:46:56","slug":"vreme-kaze-zobe-dez-mocan-veter-plazovi-in-poplave","status":"publish","type":"post","link":"https:\/\/hudo.com\/si\/aktualno\/vreme-kaze-zobe-dez-mocan-veter-plazovi-in-poplave\/","title":{"rendered":"Vreme ka\u017ee zobe: De\u017e, mo\u010dan veter, plazovi in poplave"},"content":{"rendered":"<p>Slovenijo po pomladni po\u0161iljki snega in pozebi zdaj pestijo \u0161e druge vremenske tegobe. Po nekaterih delih Slovenije reke poplavljajo svoje bregove, odna\u0161ajo ceste, veter in de\u017e pa lomita drevesa. Pove\u010dana je nevarnost plazov, gasilci pa so vso no\u010d imeli polne roke dela. Po podatkih Agencije RS za okolje je v severovzhodni Sloveniji v 24 urah<\/p>\n","protected":false},"excerpt":{"rendered":"<p>Slovenijo po pomladni po\u0161iljki snega in pozebi zdaj pestijo \u0161e druge vremenske tegobe. Po nekaterih delih Slovenije reke poplavljajo svoje bregove, odna\u0161ajo ceste, veter in de\u017e pa lomita drevesa. Pove\u010dana je nevarnost plazov, gasilci pa so vso no\u010d imeli polne roke dela. Po podatkih Agencije RS za okolje je v severovzhodni Sloveniji v 24 urah<\/p>\n","protected":false},"author":1,"featured_media":0,"comment_status":"closed","ping_status":"closed","sticky":false,"template":"","format":"standard","meta":{"footnotes":""},"categories":[1179],"tags":[],"source":[1710],"supertag":[],"acf":[],"yoast_head":"<!-- This site is optimized with the Yoast SEO plugin v21.3 - https:\/\/yoast.com\/wordpress\/plugins\/seo\/ -->\n<title>Vreme ka\u017ee zobe: De\u017e, mo\u010dan veter, plazovi in poplave - Hudo Slovenija<\/title>\n<meta name=\"robots\" content=\"index, follow, max-snippet:-1, max-image-preview:large, max-video-preview:-1\" \/>\n<link rel=\"canonical\" href=\"https:\/\/hudo.com\/si\/aktualno\/vreme-kaze-zobe-dez-mocan-veter-plazovi-in-poplave\/\" \/>\n<meta property=\"og:locale\" content=\"sl_SI\" \/>\n<meta property=\"og:type\" content=\"article\" \/>\n<meta property=\"og:title\" content=\"Vreme ka\u017ee zobe: De\u017e, mo\u010dan veter, plazovi in poplave - Hudo Slovenija\" \/>\n<meta property=\"og:description\" content=\"Slovenijo po pomladni po\u0161iljki snega in pozebi zdaj pestijo \u0161e druge vremenske tegobe. Po nekaterih delih Slovenije reke poplavljajo svoje bregove, odna\u0161ajo ceste, veter in de\u017e pa lomita drevesa. Pove\u010dana je nevarnost plazov, gasilci pa so vso no\u010d imeli polne roke dela. Po podatkih Agencije RS za okolje je v severovzhodni Sloveniji v 24 urah\" \/>\n<meta property=\"og:url\" content=\"https:\/\/hudo.com\/si\/aktualno\/vreme-kaze-zobe-dez-mocan-veter-plazovi-in-poplave\/\" \/>\n<meta property=\"og:site_name\" content=\"Hudo Slovenija\" \/>\n<meta property=\"article:publisher\" content=\"https:\/\/www.facebook.com\/hudo.si\" \/>\n<meta property=\"article:published_time\" content=\"2016-05-02T10:47:20+00:00\" \/>\n<meta property=\"article:modified_time\" content=\"2016-05-03T12:46:56+00:00\" \/>\n<meta property=\"og:image\" content=\"https:\/\/hudo.com\/si\/wp-content\/uploads\/sites\/2\/2016\/05\/vreme-kaze-zobe-dez-mocan-veter-plazovi-in-poplave-01.jpg\" \/>\n\t<meta property=\"og:image:width\" content=\"529\" \/>\n\t<meta property=\"og:image:height\" content=\"361\" \/>\n\t<meta property=\"og:image:type\" content=\"image\/jpeg\" \/>\n<meta name=\"author\" content=\"hudo\" \/>\n<meta name=\"twitter:card\" content=\"summary_large_image\" \/>\n<meta name=\"twitter:creator\" content=\"@hudo_si\" \/>\n<meta name=\"twitter:site\" content=\"@hudo_si\" \/>\n<meta name=\"twitter:label1\" content=\"Written by\" \/>\n\t<meta name=\"twitter:data1\" content=\"hudo\" \/>\n<script type=\"application\/ld+json\" class=\"yoast-schema-graph\">{\"@context\":\"https:\/\/schema.org\",\"@graph\":[{\"@type\":\"Article\",\"@id\":\"https:\/\/hudo.com\/si\/aktualno\/vreme-kaze-zobe-dez-mocan-veter-plazovi-in-poplave\/#article\",\"isPartOf\":{\"@id\":\"https:\/\/hudo.com\/si\/aktualno\/vreme-kaze-zobe-dez-mocan-veter-plazovi-in-poplave\/\"},\"author\":{\"name\":\"hudo\",\"@id\":\"https:\/\/hudo.com\/si\/#\/schema\/person\/601cf3379633985b20f7e50f2bb47707\"},\"headline\":\"Vreme ka\u017ee zobe: De\u017e, mo\u010dan veter, plazovi in poplave\",\"datePublished\":\"2016-05-02T10:47:20+00:00\",\"dateModified\":\"2016-05-03T12:46:56+00:00\",\"mainEntityOfPage\":{\"@id\":\"https:\/\/hudo.com\/si\/aktualno\/vreme-kaze-zobe-dez-mocan-veter-plazovi-in-poplave\/\"},\"wordCount\":68,\"publisher\":{\"@id\":\"https:\/\/hudo.com\/si\/#organization\"},\"articleSection\":[\"Aktualno\"],\"inLanguage\":\"sl-SI\"},{\"@type\":\"WebPage\",\"@id\":\"https:\/\/hudo.com\/si\/aktualno\/vreme-kaze-zobe-dez-mocan-veter-plazovi-in-poplave\/\",\"url\":\"https:\/\/hudo.com\/si\/aktualno\/vreme-kaze-zobe-dez-mocan-veter-plazovi-in-poplave\/\",\"name\":\"Vreme ka\u017ee zobe: De\u017e, mo\u010dan veter, plazovi in poplave - Hudo Slovenija\",\"isPartOf\":{\"@id\":\"https:\/\/hudo.com\/si\/#website\"},\"datePublished\":\"2016-05-02T10:47:20+00:00\",\"dateModified\":\"2016-05-03T12:46:56+00:00\",\"breadcrumb\":{\"@id\":\"https:\/\/hudo.com\/si\/aktualno\/vreme-kaze-zobe-dez-mocan-veter-plazovi-in-poplave\/#breadcrumb\"},\"inLanguage\":\"sl-SI\",\"potentialAction\":[{\"@type\":\"ReadAction\",\"target\":[\"https:\/\/hudo.com\/si\/aktualno\/vreme-kaze-zobe-dez-mocan-veter-plazovi-in-poplave\/\"]}]},{\"@type\":\"BreadcrumbList\",\"@id\":\"https:\/\/hudo.com\/si\/aktualno\/vreme-kaze-zobe-dez-mocan-veter-plazovi-in-poplave\/#breadcrumb\",\"itemListElement\":[{\"@type\":\"ListItem\",\"position\":1,\"name\":\"Home\",\"item\":\"https:\/\/hudo.com\/si\/\"},{\"@type\":\"ListItem\",\"position\":2,\"name\":\"Vreme ka\u017ee zobe: De\u017e, mo\u010dan veter, plazovi in poplave\"}]},{\"@type\":\"WebSite\",\"@id\":\"https:\/\/hudo.com\/si\/#website\",\"url\":\"https:\/\/hudo.com\/si\/\",\"name\":\"Hudo Slovenija\",\"description\":\"Vse novice iz Slovenije in sveta\",\"publisher\":{\"@id\":\"https:\/\/hudo.com\/si\/#organization\"},\"potentialAction\":[{\"@type\":\"SearchAction\",\"target\":{\"@type\":\"EntryPoint\",\"urlTemplate\":\"https:\/\/hudo.com\/si\/?s={search_term_string}\"},\"query-input\":\"required name=search_term_string\"}],\"inLanguage\":\"sl-SI\"},{\"@type\":\"Organization\",\"@id\":\"https:\/\/hudo.com\/si\/#organization\",\"name\":\"VSN Media\",\"url\":\"https:\/\/hudo.com\/si\/\",\"logo\":{\"@type\":\"ImageObject\",\"inLanguage\":\"sl-SI\",\"@id\":\"https:\/\/hudo.com\/si\/#\/schema\/logo\/image\/\",\"url\":\"https:\/\/hudo.com\/si\/wp-content\/uploads\/sites\/2\/2021\/03\/hudo-app-2.png\",\"contentUrl\":\"https:\/\/hudo.com\/si\/wp-content\/uploads\/sites\/2\/2021\/03\/hudo-app-2.png\",\"width\":2185,\"height\":2167,\"caption\":\"VSN Media\"},\"image\":{\"@id\":\"https:\/\/hudo.com\/si\/#\/schema\/logo\/image\/\"},\"sameAs\":[\"https:\/\/www.facebook.com\/hudo.si\",\"https:\/\/twitter.com\/hudo_si\"]},{\"@type\":\"Person\",\"@id\":\"https:\/\/hudo.com\/si\/#\/schema\/person\/601cf3379633985b20f7e50f2bb47707\",\"name\":\"hudo\",\"image\":{\"@type\":\"ImageObject\",\"inLanguage\":\"sl-SI\",\"@id\":\"https:\/\/hudo.com\/si\/#\/schema\/person\/image\/\",\"url\":\"https:\/\/secure.gravatar.com\/avatar\/c4ca25fa72cace7a696b52ff5db9e095?s=96&d=mm&r=g\",\"contentUrl\":\"https:\/\/secure.gravatar.com\/avatar\/c4ca25fa72cace7a696b52ff5db9e095?s=96&d=mm&r=g\",\"caption\":\"hudo\"},\"url\":\"https:\/\/hudo.com\/si\/author\/hudo\/\"}]}<\/script>\n<!-- \/ Yoast SEO plugin. -->","yoast_head_json":{"title":"Vreme ka\u017ee zobe: De\u017e, mo\u010dan veter, plazovi in poplave - Hudo Slovenija","robots":{"index":"index","follow":"follow","max-snippet":"max-snippet:-1","max-image-preview":"max-image-preview:large","max-video-preview":"max-video-preview:-1"},"canonical":"https:\/\/hudo.com\/si\/aktualno\/vreme-kaze-zobe-dez-mocan-veter-plazovi-in-poplave\/","og_locale":"sl_SI","og_type":"article","og_title":"Vreme ka\u017ee zobe: De\u017e, mo\u010dan veter, plazovi in poplave - Hudo Slovenija","og_description":"Slovenijo po pomladni po\u0161iljki snega in pozebi zdaj pestijo \u0161e druge vremenske tegobe. Po nekaterih delih Slovenije reke poplavljajo svoje bregove, odna\u0161ajo ceste, veter in de\u017e pa lomita drevesa. Pove\u010dana je nevarnost plazov, gasilci pa so vso no\u010d imeli polne roke dela. Po podatkih Agencije RS za okolje je v severovzhodni Sloveniji v 24 urah","og_url":"https:\/\/hudo.com\/si\/aktualno\/vreme-kaze-zobe-dez-mocan-veter-plazovi-in-poplave\/","og_site_name":"Hudo Slovenija","article_publisher":"https:\/\/www.facebook.com\/hudo.si","article_published_time":"2016-05-02T10:47:20+00:00","article_modified_time":"2016-05-03T12:46:56+00:00","og_image":[{"width":529,"height":361,"url":"https:\/\/hudo.com\/si\/wp-content\/uploads\/sites\/2\/2016\/05\/vreme-kaze-zobe-dez-mocan-veter-plazovi-in-poplave-01.jpg","type":"image\/jpeg"}],"author":"hudo","twitter_card":"summary_large_image","twitter_creator":"@hudo_si","twitter_site":"@hudo_si","twitter_misc":{"Written by":"hudo"},"schema":{"@context":"https:\/\/schema.org","@graph":[{"@type":"Article","@id":"https:\/\/hudo.com\/si\/aktualno\/vreme-kaze-zobe-dez-mocan-veter-plazovi-in-poplave\/#article","isPartOf":{"@id":"https:\/\/hudo.com\/si\/aktualno\/vreme-kaze-zobe-dez-mocan-veter-plazovi-in-poplave\/"},"author":{"name":"hudo","@id":"https:\/\/hudo.com\/si\/#\/schema\/person\/601cf3379633985b20f7e50f2bb47707"},"headline":"Vreme ka\u017ee zobe: De\u017e, mo\u010dan veter, plazovi in poplave","datePublished":"2016-05-02T10:47:20+00:00","dateModified":"2016-05-03T12:46:56+00:00","mainEntityOfPage":{"@id":"https:\/\/hudo.com\/si\/aktualno\/vreme-kaze-zobe-dez-mocan-veter-plazovi-in-poplave\/"},"wordCount":68,"publisher":{"@id":"https:\/\/hudo.com\/si\/#organization"},"articleSection":["Aktualno"],"inLanguage":"sl-SI"},{"@type":"WebPage","@id":"https:\/\/hudo.com\/si\/aktualno\/vreme-kaze-zobe-dez-mocan-veter-plazovi-in-poplave\/","url":"https:\/\/hudo.com\/si\/aktualno\/vreme-kaze-zobe-dez-mocan-veter-plazovi-in-poplave\/","name":"Vreme ka\u017ee zobe: De\u017e, mo\u010dan veter, plazovi in poplave - Hudo Slovenija","isPartOf":{"@id":"https:\/\/hudo.com\/si\/#website"},"datePublished":"2016-05-02T10:47:20+00:00","dateModified":"2016-05-03T12:46:56+00:00","breadcrumb":{"@id":"https:\/\/hudo.com\/si\/aktualno\/vreme-kaze-zobe-dez-mocan-veter-plazovi-in-poplave\/#breadcrumb"},"inLanguage":"sl-SI","potentialAction":[{"@type":"ReadAction","target":["https:\/\/hudo.com\/si\/aktualno\/vreme-kaze-zobe-dez-mocan-veter-plazovi-in-poplave\/"]}]},{"@type":"BreadcrumbList","@id":"https:\/\/hudo.com\/si\/aktualno\/vreme-kaze-zobe-dez-mocan-veter-plazovi-in-poplave\/#breadcrumb","itemListElement":[{"@type":"ListItem","position":1,"name":"Home","item":"https:\/\/hudo.com\/si\/"},{"@type":"ListItem","position":2,"name":"Vreme ka\u017ee zobe: De\u017e, mo\u010dan veter, plazovi in poplave"}]},{"@type":"WebSite","@id":"https:\/\/hudo.com\/si\/#website","url":"https:\/\/hudo.com\/si\/","name":"Hudo Slovenija","description":"Vse novice iz Slovenije in sveta","publisher":{"@id":"https:\/\/hudo.com\/si\/#organization"},"potentialAction":[{"@type":"SearchAction","target":{"@type":"EntryPoint","urlTemplate":"https:\/\/hudo.com\/si\/?s={search_term_string}"},"query-input":"required name=search_term_string"}],"inLanguage":"sl-SI"},{"@type":"Organization","@id":"https:\/\/hudo.com\/si\/#organization","name":"VSN Media","url":"https:\/\/hudo.com\/si\/","logo":{"@type":"ImageObject","inLanguage":"sl-SI","@id":"https:\/\/hudo.com\/si\/#\/schema\/logo\/image\/","url":"https:\/\/hudo.com\/si\/wp-content\/uploads\/sites\/2\/2021\/03\/hudo-app-2.png","contentUrl":"https:\/\/hudo.com\/si\/wp-content\/uploads\/sites\/2\/2021\/03\/hudo-app-2.png","width":2185,"height":2167,"caption":"VSN Media"},"image":{"@id":"https:\/\/hudo.com\/si\/#\/schema\/logo\/image\/"},"sameAs":["https:\/\/www.facebook.com\/hudo.si","https:\/\/twitter.com\/hudo_si"]},{"@type":"Person","@id":"https:\/\/hudo.com\/si\/#\/schema\/person\/601cf3379633985b20f7e50f2bb47707","name":"hudo","image":{"@type":"ImageObject","inLanguage":"sl-SI","@id":"https:\/\/hudo.com\/si\/#\/schema\/person\/image\/","url":"https:\/\/secure.gravatar.com\/avatar\/c4ca25fa72cace7a696b52ff5db9e095?s=96&d=mm&r=g","contentUrl":"https:\/\/secure.gravatar.com\/avatar\/c4ca25fa72cace7a696b52ff5db9e095?s=96&d=mm&r=g","caption":"hudo"},"url":"https:\/\/hudo.com\/si\/author\/hudo\/"}]}},"amp_enabled":true,"_links":{"self":[{"href":"https:\/\/hudo.com\/si\/wp-json\/wp\/v2\/posts\/43635"}],"collection":[{"href":"https:\/\/hudo.com\/si\/wp-json\/wp\/v2\/posts"}],"about":[{"href":"https:\/\/hudo.com\/si\/wp-json\/wp\/v2\/types\/post"}],"author":[{"embeddable":true,"href":"https:\/\/hudo.com\/si\/wp-json\/wp\/v2\/users\/1"}],"replies":[{"embeddable":true,"href":"https:\/\/hudo.com\/si\/wp-json\/wp\/v2\/comments?post=43635"}],"version-history":[{"count":1,"href":"https:\/\/hudo.com\/si\/wp-json\/wp\/v2\/posts\/43635\/revisions"}],"predecessor-version":[{"id":43685,"href":"https:\/\/hudo.com\/si\/wp-json\/wp\/v2\/posts\/43635\/revisions\/43685"}],"wp:attachment":[{"href":"https:\/\/hudo.com\/si\/wp-json\/wp\/v2\/media?parent=43635"}],"wp:term":[{"taxonomy":"category","embeddable":true,"href":"https:\/\/hudo.com\/si\/wp-json\/wp\/v2\/categories?post=43635"},{"taxonomy":"post_tag","embeddable":true,"href":"https:\/\/hudo.com\/si\/wp-json\/wp\/v2\/tags?post=43635"},{"taxonomy":"source","embeddable":true,"href":"https:\/\/hudo.com\/si\/wp-json\/wp\/v2\/source?post=43635"},{"taxonomy":"supertag","embeddable":true,"href":"https:\/\/hudo.com\/si\/wp-json\/wp\/v2\/supertag?post=43635"}],"curies":[{"name":"wp","href":"https:\/\/api.w.org\/{rel}","templated":true}]}}