{"id":436559,"date":"2020-10-30T08:14:07","date_gmt":"2020-10-30T07:14:07","guid":{"rendered":"http:\/\/hudo.com\/si\/?p=436559"},"modified":"2020-10-30T08:14:07","modified_gmt":"2020-10-30T07:14:07","slug":"jansa-protikoronski-ukrepi-bodo-podaljsani-za-teden-dni-ni-se-znano-ali-bodo-solarjem-podaljsali-pocitnice","status":"publish","type":"post","link":"https:\/\/hudo.com\/si\/aktualno\/jansa-protikoronski-ukrepi-bodo-podaljsani-za-teden-dni-ni-se-znano-ali-bodo-solarjem-podaljsali-pocitnice\/","title":{"rendered":"Jan\u0161a: Protikoronski ukrepi bodo podalj\u0161ani za teden dni, ni \u0161e znano ali bodo \u0161olarjem podalj\u0161ali po\u010ditnice"},"content":{"rendered":"<p>&#8220;A \u010de bomo dosledni in bomo vsi z odgovornim obna\u0161anjem podprli napore zdravstvenih delavcev, lahko \u010dez 7 do 10 dni pri\u010dakujemo postopno spro\u0161\u010danje,&#8221; je \u0161e dodal premier.<\/p>\n<p>Podrobnosti naj bi sicer po napovedih vladnega govorca za covid-19 Jelka Kacina pristojni ministri predstavili danes dopoldne na novinarski konferenci. Kot ka\u017ee, pa bodo tudi prihodnji teden veljale omejitve gibanja pono\u010di, omejitve prehajanja med ob\u010dinami ter prepoved zbiranja nad \u0161est ljudi. Kaj podalj\u0161anje ukrepov pomeni za \u0161olo, pa \u0161e ni jasno. \u0160olarji sicer, kot ka\u017ee, v \u0161olske klopi po po\u010ditnicah ne bodo sedli, vpra\u0161anje pa je, ali bodo imeli pouk na daljavo ali jim bodo podalj\u0161ali po\u010ditnice.<\/p>\n","protected":false},"excerpt":{"rendered":"<p>Premier Janez Jan\u0161a je po ve\u010dernem posvetu o\u017eje vladne ekipe in strokovne svetovalne skupine na Twitterju sporo\u010dil, da bo \u0161tevilo obolelih za covidom-19 glede na projekcije \u017eal vsaj \u0161e nekaj \u010dasa nara\u0161\u010dalo. &#8220;Ukrepi bodo zato podalj\u0161ani za teden dni,&#8221; je napovedal.<\/p>\n","protected":false},"author":8,"featured_media":434678,"comment_status":"closed","ping_status":"closed","sticky":false,"template":"","format":"standard","meta":{"footnotes":""},"categories":[1179],"tags":[6026,5845,15632,1595],"source":[4511],"supertag":[5675],"acf":[],"yoast_head":"<!-- This site is optimized with the Yoast SEO plugin v21.3 - https:\/\/yoast.com\/wordpress\/plugins\/seo\/ -->\n<title>Jan\u0161a: Protikoronski ukrepi bodo podalj\u0161ani za teden dni, ni \u0161e znano ali bodo \u0161olarjem podalj\u0161ali po\u010ditnice - Hudo Slovenija<\/title>\n<meta name=\"robots\" content=\"index, follow, max-snippet:-1, max-image-preview:large, max-video-preview:-1\" \/>\n<link rel=\"canonical\" href=\"https:\/\/hudo.com\/si\/aktualno\/jansa-protikoronski-ukrepi-bodo-podaljsani-za-teden-dni-ni-se-znano-ali-bodo-solarjem-podaljsali-pocitnice\/\" \/>\n<meta property=\"og:locale\" content=\"sl_SI\" \/>\n<meta property=\"og:type\" content=\"article\" \/>\n<meta property=\"og:title\" content=\"Jan\u0161a: Protikoronski ukrepi bodo podalj\u0161ani za teden dni, ni \u0161e znano ali bodo \u0161olarjem podalj\u0161ali po\u010ditnice - Hudo Slovenija\" \/>\n<meta property=\"og:description\" content=\"Premier Janez Jan\u0161a je po ve\u010dernem posvetu o\u017eje vladne ekipe in strokovne svetovalne skupine na Twitterju sporo\u010dil, da bo \u0161tevilo obolelih za covidom-19 glede na projekcije \u017eal vsaj \u0161e nekaj \u010dasa nara\u0161\u010dalo. &quot;Ukrepi bodo zato podalj\u0161ani za teden dni,&quot; je napovedal.\" \/>\n<meta property=\"og:url\" content=\"https:\/\/hudo.com\/si\/aktualno\/jansa-protikoronski-ukrepi-bodo-podaljsani-za-teden-dni-ni-se-znano-ali-bodo-solarjem-podaljsali-pocitnice\/\" \/>\n<meta property=\"og:site_name\" content=\"Hudo Slovenija\" \/>\n<meta property=\"article:publisher\" content=\"https:\/\/www.facebook.com\/hudo.si\" \/>\n<meta property=\"article:published_time\" content=\"2020-10-30T07:14:07+00:00\" \/>\n<meta property=\"og:image\" content=\"https:\/\/hudo.com\/si\/wp-content\/uploads\/sites\/2\/2020\/10\/20201006-01029545-scaled.jpg\" \/>\n\t<meta property=\"og:image:width\" content=\"2560\" \/>\n\t<meta property=\"og:image:height\" content=\"1707\" \/>\n\t<meta property=\"og:image:type\" content=\"image\/jpeg\" \/>\n<meta name=\"author\" content=\"M. N., STA\" \/>\n<meta name=\"twitter:card\" content=\"summary_large_image\" \/>\n<meta name=\"twitter:creator\" content=\"@hudo_si\" \/>\n<meta name=\"twitter:site\" content=\"@hudo_si\" \/>\n<meta name=\"twitter:label1\" content=\"Written by\" \/>\n\t<meta name=\"twitter:data1\" content=\"M. N., STA\" \/>\n\t<meta name=\"twitter:label2\" content=\"Est. reading time\" \/>\n\t<meta name=\"twitter:data2\" content=\"1 minuta\" \/>\n<script type=\"application\/ld+json\" class=\"yoast-schema-graph\">{\"@context\":\"https:\/\/schema.org\",\"@graph\":[{\"@type\":\"Article\",\"@id\":\"https:\/\/hudo.com\/si\/aktualno\/jansa-protikoronski-ukrepi-bodo-podaljsani-za-teden-dni-ni-se-znano-ali-bodo-solarjem-podaljsali-pocitnice\/#article\",\"isPartOf\":{\"@id\":\"https:\/\/hudo.com\/si\/aktualno\/jansa-protikoronski-ukrepi-bodo-podaljsani-za-teden-dni-ni-se-znano-ali-bodo-solarjem-podaljsali-pocitnice\/\"},\"author\":{\"name\":\"M. N., STA\",\"@id\":\"https:\/\/hudo.com\/si\/#\/schema\/person\/c2f10ce65d2e6ede2aeda5be2a0611fa\"},\"headline\":\"Jan\u0161a: Protikoronski ukrepi bodo podalj\u0161ani za teden dni, ni \u0161e znano ali bodo \u0161olarjem podalj\u0161ali po\u010ditnice\",\"datePublished\":\"2020-10-30T07:14:07+00:00\",\"dateModified\":\"2020-10-30T07:14:07+00:00\",\"mainEntityOfPage\":{\"@id\":\"https:\/\/hudo.com\/si\/aktualno\/jansa-protikoronski-ukrepi-bodo-podaljsani-za-teden-dni-ni-se-znano-ali-bodo-solarjem-podaljsali-pocitnice\/\"},\"wordCount\":134,\"publisher\":{\"@id\":\"https:\/\/hudo.com\/si\/#organization\"},\"keywords\":[\"epidemija\",\"janez jan\u0161a\",\"koronavirus\",\"Slovenija\"],\"articleSection\":[\"Aktualno\"],\"inLanguage\":\"sl-SI\"},{\"@type\":\"WebPage\",\"@id\":\"https:\/\/hudo.com\/si\/aktualno\/jansa-protikoronski-ukrepi-bodo-podaljsani-za-teden-dni-ni-se-znano-ali-bodo-solarjem-podaljsali-pocitnice\/\",\"url\":\"https:\/\/hudo.com\/si\/aktualno\/jansa-protikoronski-ukrepi-bodo-podaljsani-za-teden-dni-ni-se-znano-ali-bodo-solarjem-podaljsali-pocitnice\/\",\"name\":\"Jan\u0161a: Protikoronski ukrepi bodo podalj\u0161ani za teden dni, ni \u0161e znano ali bodo \u0161olarjem podalj\u0161ali po\u010ditnice - Hudo Slovenija\",\"isPartOf\":{\"@id\":\"https:\/\/hudo.com\/si\/#website\"},\"datePublished\":\"2020-10-30T07:14:07+00:00\",\"dateModified\":\"2020-10-30T07:14:07+00:00\",\"breadcrumb\":{\"@id\":\"https:\/\/hudo.com\/si\/aktualno\/jansa-protikoronski-ukrepi-bodo-podaljsani-za-teden-dni-ni-se-znano-ali-bodo-solarjem-podaljsali-pocitnice\/#breadcrumb\"},\"inLanguage\":\"sl-SI\",\"potentialAction\":[{\"@type\":\"ReadAction\",\"target\":[\"https:\/\/hudo.com\/si\/aktualno\/jansa-protikoronski-ukrepi-bodo-podaljsani-za-teden-dni-ni-se-znano-ali-bodo-solarjem-podaljsali-pocitnice\/\"]}]},{\"@type\":\"BreadcrumbList\",\"@id\":\"https:\/\/hudo.com\/si\/aktualno\/jansa-protikoronski-ukrepi-bodo-podaljsani-za-teden-dni-ni-se-znano-ali-bodo-solarjem-podaljsali-pocitnice\/#breadcrumb\",\"itemListElement\":[{\"@type\":\"ListItem\",\"position\":1,\"name\":\"Home\",\"item\":\"https:\/\/hudo.com\/si\/\"},{\"@type\":\"ListItem\",\"position\":2,\"name\":\"Jan\u0161a: Protikoronski ukrepi bodo podalj\u0161ani za teden dni, ni \u0161e znano ali bodo \u0161olarjem podalj\u0161ali po\u010ditnice\"}]},{\"@type\":\"WebSite\",\"@id\":\"https:\/\/hudo.com\/si\/#website\",\"url\":\"https:\/\/hudo.com\/si\/\",\"name\":\"Hudo Slovenija\",\"description\":\"Vse novice iz Slovenije in sveta\",\"publisher\":{\"@id\":\"https:\/\/hudo.com\/si\/#organization\"},\"potentialAction\":[{\"@type\":\"SearchAction\",\"target\":{\"@type\":\"EntryPoint\",\"urlTemplate\":\"https:\/\/hudo.com\/si\/?s={search_term_string}\"},\"query-input\":\"required name=search_term_string\"}],\"inLanguage\":\"sl-SI\"},{\"@type\":\"Organization\",\"@id\":\"https:\/\/hudo.com\/si\/#organization\",\"name\":\"VSN Media\",\"url\":\"https:\/\/hudo.com\/si\/\",\"logo\":{\"@type\":\"ImageObject\",\"inLanguage\":\"sl-SI\",\"@id\":\"https:\/\/hudo.com\/si\/#\/schema\/logo\/image\/\",\"url\":\"https:\/\/hudo.com\/si\/wp-content\/uploads\/sites\/2\/2021\/03\/hudo-app-2.png\",\"contentUrl\":\"https:\/\/hudo.com\/si\/wp-content\/uploads\/sites\/2\/2021\/03\/hudo-app-2.png\",\"width\":2185,\"height\":2167,\"caption\":\"VSN Media\"},\"image\":{\"@id\":\"https:\/\/hudo.com\/si\/#\/schema\/logo\/image\/\"},\"sameAs\":[\"https:\/\/www.facebook.com\/hudo.si\",\"https:\/\/twitter.com\/hudo_si\"]},{\"@type\":\"Person\",\"@id\":\"https:\/\/hudo.com\/si\/#\/schema\/person\/c2f10ce65d2e6ede2aeda5be2a0611fa\",\"name\":\"M. N., STA\",\"image\":{\"@type\":\"ImageObject\",\"inLanguage\":\"sl-SI\",\"@id\":\"https:\/\/hudo.com\/si\/#\/schema\/person\/image\/\",\"url\":\"https:\/\/secure.gravatar.com\/avatar\/f370d38daa10467f755c5c766a4cac20?s=96&d=mm&r=g\",\"contentUrl\":\"https:\/\/secure.gravatar.com\/avatar\/f370d38daa10467f755c5c766a4cac20?s=96&d=mm&r=g\",\"caption\":\"M. N., STA\"},\"url\":\"https:\/\/hudo.com\/si\/author\/mana\/\"}]}<\/script>\n<!-- \/ Yoast SEO plugin. -->","yoast_head_json":{"title":"Jan\u0161a: Protikoronski ukrepi bodo podalj\u0161ani za teden dni, ni \u0161e znano ali bodo \u0161olarjem podalj\u0161ali po\u010ditnice - Hudo Slovenija","robots":{"index":"index","follow":"follow","max-snippet":"max-snippet:-1","max-image-preview":"max-image-preview:large","max-video-preview":"max-video-preview:-1"},"canonical":"https:\/\/hudo.com\/si\/aktualno\/jansa-protikoronski-ukrepi-bodo-podaljsani-za-teden-dni-ni-se-znano-ali-bodo-solarjem-podaljsali-pocitnice\/","og_locale":"sl_SI","og_type":"article","og_title":"Jan\u0161a: Protikoronski ukrepi bodo podalj\u0161ani za teden dni, ni \u0161e znano ali bodo \u0161olarjem podalj\u0161ali po\u010ditnice - Hudo Slovenija","og_description":"Premier Janez Jan\u0161a je po ve\u010dernem posvetu o\u017eje vladne ekipe in strokovne svetovalne skupine na Twitterju sporo\u010dil, da bo \u0161tevilo obolelih za covidom-19 glede na projekcije \u017eal vsaj \u0161e nekaj \u010dasa nara\u0161\u010dalo. \"Ukrepi bodo zato podalj\u0161ani za teden dni,\" je napovedal.","og_url":"https:\/\/hudo.com\/si\/aktualno\/jansa-protikoronski-ukrepi-bodo-podaljsani-za-teden-dni-ni-se-znano-ali-bodo-solarjem-podaljsali-pocitnice\/","og_site_name":"Hudo Slovenija","article_publisher":"https:\/\/www.facebook.com\/hudo.si","article_published_time":"2020-10-30T07:14:07+00:00","og_image":[{"width":2560,"height":1707,"url":"https:\/\/hudo.com\/si\/wp-content\/uploads\/sites\/2\/2020\/10\/20201006-01029545-scaled.jpg","type":"image\/jpeg"}],"author":"M. N., STA","twitter_card":"summary_large_image","twitter_creator":"@hudo_si","twitter_site":"@hudo_si","twitter_misc":{"Written by":"M. N., STA","Est. reading time":"1 minuta"},"schema":{"@context":"https:\/\/schema.org","@graph":[{"@type":"Article","@id":"https:\/\/hudo.com\/si\/aktualno\/jansa-protikoronski-ukrepi-bodo-podaljsani-za-teden-dni-ni-se-znano-ali-bodo-solarjem-podaljsali-pocitnice\/#article","isPartOf":{"@id":"https:\/\/hudo.com\/si\/aktualno\/jansa-protikoronski-ukrepi-bodo-podaljsani-za-teden-dni-ni-se-znano-ali-bodo-solarjem-podaljsali-pocitnice\/"},"author":{"name":"M. N., STA","@id":"https:\/\/hudo.com\/si\/#\/schema\/person\/c2f10ce65d2e6ede2aeda5be2a0611fa"},"headline":"Jan\u0161a: Protikoronski ukrepi bodo podalj\u0161ani za teden dni, ni \u0161e znano ali bodo \u0161olarjem podalj\u0161ali po\u010ditnice","datePublished":"2020-10-30T07:14:07+00:00","dateModified":"2020-10-30T07:14:07+00:00","mainEntityOfPage":{"@id":"https:\/\/hudo.com\/si\/aktualno\/jansa-protikoronski-ukrepi-bodo-podaljsani-za-teden-dni-ni-se-znano-ali-bodo-solarjem-podaljsali-pocitnice\/"},"wordCount":134,"publisher":{"@id":"https:\/\/hudo.com\/si\/#organization"},"keywords":["epidemija","janez jan\u0161a","koronavirus","Slovenija"],"articleSection":["Aktualno"],"inLanguage":"sl-SI"},{"@type":"WebPage","@id":"https:\/\/hudo.com\/si\/aktualno\/jansa-protikoronski-ukrepi-bodo-podaljsani-za-teden-dni-ni-se-znano-ali-bodo-solarjem-podaljsali-pocitnice\/","url":"https:\/\/hudo.com\/si\/aktualno\/jansa-protikoronski-ukrepi-bodo-podaljsani-za-teden-dni-ni-se-znano-ali-bodo-solarjem-podaljsali-pocitnice\/","name":"Jan\u0161a: Protikoronski ukrepi bodo podalj\u0161ani za teden dni, ni \u0161e znano ali bodo \u0161olarjem podalj\u0161ali po\u010ditnice - Hudo Slovenija","isPartOf":{"@id":"https:\/\/hudo.com\/si\/#website"},"datePublished":"2020-10-30T07:14:07+00:00","dateModified":"2020-10-30T07:14:07+00:00","breadcrumb":{"@id":"https:\/\/hudo.com\/si\/aktualno\/jansa-protikoronski-ukrepi-bodo-podaljsani-za-teden-dni-ni-se-znano-ali-bodo-solarjem-podaljsali-pocitnice\/#breadcrumb"},"inLanguage":"sl-SI","potentialAction":[{"@type":"ReadAction","target":["https:\/\/hudo.com\/si\/aktualno\/jansa-protikoronski-ukrepi-bodo-podaljsani-za-teden-dni-ni-se-znano-ali-bodo-solarjem-podaljsali-pocitnice\/"]}]},{"@type":"BreadcrumbList","@id":"https:\/\/hudo.com\/si\/aktualno\/jansa-protikoronski-ukrepi-bodo-podaljsani-za-teden-dni-ni-se-znano-ali-bodo-solarjem-podaljsali-pocitnice\/#breadcrumb","itemListElement":[{"@type":"ListItem","position":1,"name":"Home","item":"https:\/\/hudo.com\/si\/"},{"@type":"ListItem","position":2,"name":"Jan\u0161a: Protikoronski ukrepi bodo podalj\u0161ani za teden dni, ni \u0161e znano ali bodo \u0161olarjem podalj\u0161ali po\u010ditnice"}]},{"@type":"WebSite","@id":"https:\/\/hudo.com\/si\/#website","url":"https:\/\/hudo.com\/si\/","name":"Hudo Slovenija","description":"Vse novice iz Slovenije in sveta","publisher":{"@id":"https:\/\/hudo.com\/si\/#organization"},"potentialAction":[{"@type":"SearchAction","target":{"@type":"EntryPoint","urlTemplate":"https:\/\/hudo.com\/si\/?s={search_term_string}"},"query-input":"required name=search_term_string"}],"inLanguage":"sl-SI"},{"@type":"Organization","@id":"https:\/\/hudo.com\/si\/#organization","name":"VSN Media","url":"https:\/\/hudo.com\/si\/","logo":{"@type":"ImageObject","inLanguage":"sl-SI","@id":"https:\/\/hudo.com\/si\/#\/schema\/logo\/image\/","url":"https:\/\/hudo.com\/si\/wp-content\/uploads\/sites\/2\/2021\/03\/hudo-app-2.png","contentUrl":"https:\/\/hudo.com\/si\/wp-content\/uploads\/sites\/2\/2021\/03\/hudo-app-2.png","width":2185,"height":2167,"caption":"VSN Media"},"image":{"@id":"https:\/\/hudo.com\/si\/#\/schema\/logo\/image\/"},"sameAs":["https:\/\/www.facebook.com\/hudo.si","https:\/\/twitter.com\/hudo_si"]},{"@type":"Person","@id":"https:\/\/hudo.com\/si\/#\/schema\/person\/c2f10ce65d2e6ede2aeda5be2a0611fa","name":"M. N., STA","image":{"@type":"ImageObject","inLanguage":"sl-SI","@id":"https:\/\/hudo.com\/si\/#\/schema\/person\/image\/","url":"https:\/\/secure.gravatar.com\/avatar\/f370d38daa10467f755c5c766a4cac20?s=96&d=mm&r=g","contentUrl":"https:\/\/secure.gravatar.com\/avatar\/f370d38daa10467f755c5c766a4cac20?s=96&d=mm&r=g","caption":"M. N., STA"},"url":"https:\/\/hudo.com\/si\/author\/mana\/"}]}},"amp_enabled":true,"_links":{"self":[{"href":"https:\/\/hudo.com\/si\/wp-json\/wp\/v2\/posts\/436559"}],"collection":[{"href":"https:\/\/hudo.com\/si\/wp-json\/wp\/v2\/posts"}],"about":[{"href":"https:\/\/hudo.com\/si\/wp-json\/wp\/v2\/types\/post"}],"author":[{"embeddable":true,"href":"https:\/\/hudo.com\/si\/wp-json\/wp\/v2\/users\/8"}],"replies":[{"embeddable":true,"href":"https:\/\/hudo.com\/si\/wp-json\/wp\/v2\/comments?post=436559"}],"version-history":[{"count":1,"href":"https:\/\/hudo.com\/si\/wp-json\/wp\/v2\/posts\/436559\/revisions"}],"predecessor-version":[{"id":436560,"href":"https:\/\/hudo.com\/si\/wp-json\/wp\/v2\/posts\/436559\/revisions\/436560"}],"wp:featuredmedia":[{"embeddable":true,"href":"https:\/\/hudo.com\/si\/wp-json\/wp\/v2\/media\/434678"}],"wp:attachment":[{"href":"https:\/\/hudo.com\/si\/wp-json\/wp\/v2\/media?parent=436559"}],"wp:term":[{"taxonomy":"category","embeddable":true,"href":"https:\/\/hudo.com\/si\/wp-json\/wp\/v2\/categories?post=436559"},{"taxonomy":"post_tag","embeddable":true,"href":"https:\/\/hudo.com\/si\/wp-json\/wp\/v2\/tags?post=436559"},{"taxonomy":"source","embeddable":true,"href":"https:\/\/hudo.com\/si\/wp-json\/wp\/v2\/source?post=436559"},{"taxonomy":"supertag","embeddable":true,"href":"https:\/\/hudo.com\/si\/wp-json\/wp\/v2\/supertag?post=436559"}],"curies":[{"name":"wp","href":"https:\/\/api.w.org\/{rel}","templated":true}]}}