{"id":436807,"date":"2020-11-02T12:40:49","date_gmt":"2020-11-02T11:40:49","guid":{"rendered":"http:\/\/hudo.com\/si\/?p=436807"},"modified":"2020-11-02T12:41:09","modified_gmt":"2020-11-02T11:41:09","slug":"italija-bo-v-boju-proti-koronavirusu-podaljsala-policijsko-uro","status":"publish","type":"post","link":"https:\/\/hudo.com\/si\/aktualno\/italija-bo-v-boju-proti-koronavirusu-podaljsala-policijsko-uro\/","title":{"rendered":"Italija bo v boju proti koronavirusu podalj\u0161ala policijsko uro"},"content":{"rendered":"<p>Italijanski ministri sicer zdaj o novih ukrepih v boju proti \u0161irjenju novega koronavirusa razpravljajo s predstavniki 20 italijanskih de\u017eel. Po poro\u010danju medijev naj bi v posameznih \u017eari\u0161\u010dih, kot je na primer Milano, znova uvedli popolno zaporo javnega \u017eivljenja.<\/p>\n<p>Razpravljajo sicer \u0161e, ali bi ustavili tudi \u0161olanje otrok v \u0161olah ali bi znova uvedli \u0161olanje na daljavo, poro\u010da avstrijska tiskovna agencija APA.<\/p>\n<p>Ve\u010d naj bi \u0161e danes sporo\u010dil italijanski premier Giuseppe Conte. Odlo\u010ditev in nove ukrepe naj bi predstavil pred parlamentom v Rimu, napoveduje APA.<\/p>\n<p>Levosredinska vlada pod vodstvom Conteja je ukrepe za zajezitev \u0161irjenja koronavirusa zaostrila \u017ee prej\u0161nji teden. Gledali\u0161\u010da in kinematografi so zaprti. Bari in restavracije lahko stre\u017eejo le do 18. ure. Pouk na srednjih \u0161olah poteka deloma na daljavo.<\/p>\n<p>Novi ukrepi za zajezitev covida-19 so spro\u017eili tudi mno\u017ei\u010dne proteste v ve\u010d italijanskih mestih. Izbruhnilo je tudi nasilje.<\/p>\n<p>Italija, ki je bila spomladi med najhuje prizadetimi dr\u017eavami na svetu s covidom-19, se zdaj soo\u010da z novim valom \u0161irjenja virusa. V nedeljo so v dr\u017eavi znova zabele\u017eili okoli 30.000 novih primerov oku\u017ebe v enem dnevu.<\/p>\n","protected":false},"excerpt":{"rendered":"<p>Italijanska vlada bo spri\u010do hitrega \u0161irjenja novega koronavirusa podalj\u0161ala t. i. policijsko uro z omejitvijo gibanja izven stanovanj na od 21. do 5. ure, napovedujejo italijanski mediji ob sklicevanju na vire v vladi. Doslej je bila ta prepoved v veljavi od 24. do 5. ure.<\/p>\n","protected":false},"author":5,"featured_media":422613,"comment_status":"closed","ping_status":"closed","sticky":false,"template":"","format":"standard","meta":{"footnotes":""},"categories":[1179],"tags":[1760,15632,16176],"source":[4511],"supertag":[],"acf":[],"yoast_head":"<!-- This site is optimized with the Yoast SEO plugin v21.3 - https:\/\/yoast.com\/wordpress\/plugins\/seo\/ -->\n<title>Italija bo v boju proti koronavirusu podalj\u0161ala policijsko uro - Hudo Slovenija<\/title>\n<meta name=\"robots\" content=\"index, follow, max-snippet:-1, max-image-preview:large, max-video-preview:-1\" \/>\n<link rel=\"canonical\" href=\"https:\/\/hudo.com\/si\/aktualno\/italija-bo-v-boju-proti-koronavirusu-podaljsala-policijsko-uro\/\" \/>\n<meta property=\"og:locale\" content=\"sl_SI\" \/>\n<meta property=\"og:type\" content=\"article\" \/>\n<meta property=\"og:title\" content=\"Italija bo v boju proti koronavirusu podalj\u0161ala policijsko uro - Hudo Slovenija\" \/>\n<meta property=\"og:description\" content=\"Italijanska vlada bo spri\u010do hitrega \u0161irjenja novega koronavirusa podalj\u0161ala t. i. policijsko uro z omejitvijo gibanja izven stanovanj na od 21. do 5. ure, napovedujejo italijanski mediji ob sklicevanju na vire v vladi. Doslej je bila ta prepoved v veljavi od 24. do 5. ure.\" \/>\n<meta property=\"og:url\" content=\"https:\/\/hudo.com\/si\/aktualno\/italija-bo-v-boju-proti-koronavirusu-podaljsala-policijsko-uro\/\" \/>\n<meta property=\"og:site_name\" content=\"Hudo Slovenija\" \/>\n<meta property=\"article:publisher\" content=\"https:\/\/www.facebook.com\/hudo.si\" \/>\n<meta property=\"article:published_time\" content=\"2020-11-02T11:40:49+00:00\" \/>\n<meta property=\"article:modified_time\" content=\"2020-11-02T11:41:09+00:00\" \/>\n<meta property=\"og:image\" content=\"https:\/\/hudo.com\/si\/wp-content\/uploads\/sites\/2\/2020\/05\/profimedia-0517788719.jpg\" \/>\n\t<meta property=\"og:image:width\" content=\"1250\" \/>\n\t<meta property=\"og:image:height\" content=\"833\" \/>\n\t<meta property=\"og:image:type\" content=\"image\/jpeg\" \/>\n<meta name=\"author\" content=\"A. G., STA\" \/>\n<meta name=\"twitter:card\" content=\"summary_large_image\" \/>\n<meta name=\"twitter:creator\" content=\"@hudo_si\" \/>\n<meta name=\"twitter:site\" content=\"@hudo_si\" \/>\n<meta name=\"twitter:label1\" content=\"Written by\" \/>\n\t<meta name=\"twitter:data1\" content=\"A. G., STA\" \/>\n\t<meta name=\"twitter:label2\" content=\"Est. reading time\" \/>\n\t<meta name=\"twitter:data2\" content=\"1 minuta\" \/>\n<script type=\"application\/ld+json\" class=\"yoast-schema-graph\">{\"@context\":\"https:\/\/schema.org\",\"@graph\":[{\"@type\":\"Article\",\"@id\":\"https:\/\/hudo.com\/si\/aktualno\/italija-bo-v-boju-proti-koronavirusu-podaljsala-policijsko-uro\/#article\",\"isPartOf\":{\"@id\":\"https:\/\/hudo.com\/si\/aktualno\/italija-bo-v-boju-proti-koronavirusu-podaljsala-policijsko-uro\/\"},\"author\":{\"name\":\"A. G., STA\",\"@id\":\"https:\/\/hudo.com\/si\/#\/schema\/person\/2391667a63ea075ba94f2f2dc6b77537\"},\"headline\":\"Italija bo v boju proti koronavirusu podalj\u0161ala policijsko uro\",\"datePublished\":\"2020-11-02T11:40:49+00:00\",\"dateModified\":\"2020-11-02T11:41:09+00:00\",\"mainEntityOfPage\":{\"@id\":\"https:\/\/hudo.com\/si\/aktualno\/italija-bo-v-boju-proti-koronavirusu-podaljsala-policijsko-uro\/\"},\"wordCount\":199,\"publisher\":{\"@id\":\"https:\/\/hudo.com\/si\/#organization\"},\"keywords\":[\"italija\",\"koronavirus\",\"policijska ura\"],\"articleSection\":[\"Aktualno\"],\"inLanguage\":\"sl-SI\"},{\"@type\":\"WebPage\",\"@id\":\"https:\/\/hudo.com\/si\/aktualno\/italija-bo-v-boju-proti-koronavirusu-podaljsala-policijsko-uro\/\",\"url\":\"https:\/\/hudo.com\/si\/aktualno\/italija-bo-v-boju-proti-koronavirusu-podaljsala-policijsko-uro\/\",\"name\":\"Italija bo v boju proti koronavirusu podalj\u0161ala policijsko uro - Hudo Slovenija\",\"isPartOf\":{\"@id\":\"https:\/\/hudo.com\/si\/#website\"},\"datePublished\":\"2020-11-02T11:40:49+00:00\",\"dateModified\":\"2020-11-02T11:41:09+00:00\",\"breadcrumb\":{\"@id\":\"https:\/\/hudo.com\/si\/aktualno\/italija-bo-v-boju-proti-koronavirusu-podaljsala-policijsko-uro\/#breadcrumb\"},\"inLanguage\":\"sl-SI\",\"potentialAction\":[{\"@type\":\"ReadAction\",\"target\":[\"https:\/\/hudo.com\/si\/aktualno\/italija-bo-v-boju-proti-koronavirusu-podaljsala-policijsko-uro\/\"]}]},{\"@type\":\"BreadcrumbList\",\"@id\":\"https:\/\/hudo.com\/si\/aktualno\/italija-bo-v-boju-proti-koronavirusu-podaljsala-policijsko-uro\/#breadcrumb\",\"itemListElement\":[{\"@type\":\"ListItem\",\"position\":1,\"name\":\"Home\",\"item\":\"https:\/\/hudo.com\/si\/\"},{\"@type\":\"ListItem\",\"position\":2,\"name\":\"Italija bo v boju proti koronavirusu podalj\u0161ala policijsko uro\"}]},{\"@type\":\"WebSite\",\"@id\":\"https:\/\/hudo.com\/si\/#website\",\"url\":\"https:\/\/hudo.com\/si\/\",\"name\":\"Hudo Slovenija\",\"description\":\"Vse novice iz Slovenije in sveta\",\"publisher\":{\"@id\":\"https:\/\/hudo.com\/si\/#organization\"},\"potentialAction\":[{\"@type\":\"SearchAction\",\"target\":{\"@type\":\"EntryPoint\",\"urlTemplate\":\"https:\/\/hudo.com\/si\/?s={search_term_string}\"},\"query-input\":\"required name=search_term_string\"}],\"inLanguage\":\"sl-SI\"},{\"@type\":\"Organization\",\"@id\":\"https:\/\/hudo.com\/si\/#organization\",\"name\":\"VSN Media\",\"url\":\"https:\/\/hudo.com\/si\/\",\"logo\":{\"@type\":\"ImageObject\",\"inLanguage\":\"sl-SI\",\"@id\":\"https:\/\/hudo.com\/si\/#\/schema\/logo\/image\/\",\"url\":\"https:\/\/hudo.com\/si\/wp-content\/uploads\/sites\/2\/2021\/03\/hudo-app-2.png\",\"contentUrl\":\"https:\/\/hudo.com\/si\/wp-content\/uploads\/sites\/2\/2021\/03\/hudo-app-2.png\",\"width\":2185,\"height\":2167,\"caption\":\"VSN Media\"},\"image\":{\"@id\":\"https:\/\/hudo.com\/si\/#\/schema\/logo\/image\/\"},\"sameAs\":[\"https:\/\/www.facebook.com\/hudo.si\",\"https:\/\/twitter.com\/hudo_si\"]},{\"@type\":\"Person\",\"@id\":\"https:\/\/hudo.com\/si\/#\/schema\/person\/2391667a63ea075ba94f2f2dc6b77537\",\"name\":\"A. G., STA\",\"image\":{\"@type\":\"ImageObject\",\"inLanguage\":\"sl-SI\",\"@id\":\"https:\/\/hudo.com\/si\/#\/schema\/person\/image\/\",\"url\":\"https:\/\/secure.gravatar.com\/avatar\/e13d22ac3e442658d5025fbbe6238a79?s=96&d=mm&r=g\",\"contentUrl\":\"https:\/\/secure.gravatar.com\/avatar\/e13d22ac3e442658d5025fbbe6238a79?s=96&d=mm&r=g\",\"caption\":\"A. G., STA\"},\"url\":\"https:\/\/hudo.com\/si\/author\/alenka\/\"}]}<\/script>\n<!-- \/ Yoast SEO plugin. -->","yoast_head_json":{"title":"Italija bo v boju proti koronavirusu podalj\u0161ala policijsko uro - Hudo Slovenija","robots":{"index":"index","follow":"follow","max-snippet":"max-snippet:-1","max-image-preview":"max-image-preview:large","max-video-preview":"max-video-preview:-1"},"canonical":"https:\/\/hudo.com\/si\/aktualno\/italija-bo-v-boju-proti-koronavirusu-podaljsala-policijsko-uro\/","og_locale":"sl_SI","og_type":"article","og_title":"Italija bo v boju proti koronavirusu podalj\u0161ala policijsko uro - Hudo Slovenija","og_description":"Italijanska vlada bo spri\u010do hitrega \u0161irjenja novega koronavirusa podalj\u0161ala t. i. policijsko uro z omejitvijo gibanja izven stanovanj na od 21. do 5. ure, napovedujejo italijanski mediji ob sklicevanju na vire v vladi. Doslej je bila ta prepoved v veljavi od 24. do 5. ure.","og_url":"https:\/\/hudo.com\/si\/aktualno\/italija-bo-v-boju-proti-koronavirusu-podaljsala-policijsko-uro\/","og_site_name":"Hudo Slovenija","article_publisher":"https:\/\/www.facebook.com\/hudo.si","article_published_time":"2020-11-02T11:40:49+00:00","article_modified_time":"2020-11-02T11:41:09+00:00","og_image":[{"width":1250,"height":833,"url":"https:\/\/hudo.com\/si\/wp-content\/uploads\/sites\/2\/2020\/05\/profimedia-0517788719.jpg","type":"image\/jpeg"}],"author":"A. G., STA","twitter_card":"summary_large_image","twitter_creator":"@hudo_si","twitter_site":"@hudo_si","twitter_misc":{"Written by":"A. G., STA","Est. reading time":"1 minuta"},"schema":{"@context":"https:\/\/schema.org","@graph":[{"@type":"Article","@id":"https:\/\/hudo.com\/si\/aktualno\/italija-bo-v-boju-proti-koronavirusu-podaljsala-policijsko-uro\/#article","isPartOf":{"@id":"https:\/\/hudo.com\/si\/aktualno\/italija-bo-v-boju-proti-koronavirusu-podaljsala-policijsko-uro\/"},"author":{"name":"A. G., STA","@id":"https:\/\/hudo.com\/si\/#\/schema\/person\/2391667a63ea075ba94f2f2dc6b77537"},"headline":"Italija bo v boju proti koronavirusu podalj\u0161ala policijsko uro","datePublished":"2020-11-02T11:40:49+00:00","dateModified":"2020-11-02T11:41:09+00:00","mainEntityOfPage":{"@id":"https:\/\/hudo.com\/si\/aktualno\/italija-bo-v-boju-proti-koronavirusu-podaljsala-policijsko-uro\/"},"wordCount":199,"publisher":{"@id":"https:\/\/hudo.com\/si\/#organization"},"keywords":["italija","koronavirus","policijska ura"],"articleSection":["Aktualno"],"inLanguage":"sl-SI"},{"@type":"WebPage","@id":"https:\/\/hudo.com\/si\/aktualno\/italija-bo-v-boju-proti-koronavirusu-podaljsala-policijsko-uro\/","url":"https:\/\/hudo.com\/si\/aktualno\/italija-bo-v-boju-proti-koronavirusu-podaljsala-policijsko-uro\/","name":"Italija bo v boju proti koronavirusu podalj\u0161ala policijsko uro - Hudo Slovenija","isPartOf":{"@id":"https:\/\/hudo.com\/si\/#website"},"datePublished":"2020-11-02T11:40:49+00:00","dateModified":"2020-11-02T11:41:09+00:00","breadcrumb":{"@id":"https:\/\/hudo.com\/si\/aktualno\/italija-bo-v-boju-proti-koronavirusu-podaljsala-policijsko-uro\/#breadcrumb"},"inLanguage":"sl-SI","potentialAction":[{"@type":"ReadAction","target":["https:\/\/hudo.com\/si\/aktualno\/italija-bo-v-boju-proti-koronavirusu-podaljsala-policijsko-uro\/"]}]},{"@type":"BreadcrumbList","@id":"https:\/\/hudo.com\/si\/aktualno\/italija-bo-v-boju-proti-koronavirusu-podaljsala-policijsko-uro\/#breadcrumb","itemListElement":[{"@type":"ListItem","position":1,"name":"Home","item":"https:\/\/hudo.com\/si\/"},{"@type":"ListItem","position":2,"name":"Italija bo v boju proti koronavirusu podalj\u0161ala policijsko uro"}]},{"@type":"WebSite","@id":"https:\/\/hudo.com\/si\/#website","url":"https:\/\/hudo.com\/si\/","name":"Hudo Slovenija","description":"Vse novice iz Slovenije in sveta","publisher":{"@id":"https:\/\/hudo.com\/si\/#organization"},"potentialAction":[{"@type":"SearchAction","target":{"@type":"EntryPoint","urlTemplate":"https:\/\/hudo.com\/si\/?s={search_term_string}"},"query-input":"required name=search_term_string"}],"inLanguage":"sl-SI"},{"@type":"Organization","@id":"https:\/\/hudo.com\/si\/#organization","name":"VSN Media","url":"https:\/\/hudo.com\/si\/","logo":{"@type":"ImageObject","inLanguage":"sl-SI","@id":"https:\/\/hudo.com\/si\/#\/schema\/logo\/image\/","url":"https:\/\/hudo.com\/si\/wp-content\/uploads\/sites\/2\/2021\/03\/hudo-app-2.png","contentUrl":"https:\/\/hudo.com\/si\/wp-content\/uploads\/sites\/2\/2021\/03\/hudo-app-2.png","width":2185,"height":2167,"caption":"VSN Media"},"image":{"@id":"https:\/\/hudo.com\/si\/#\/schema\/logo\/image\/"},"sameAs":["https:\/\/www.facebook.com\/hudo.si","https:\/\/twitter.com\/hudo_si"]},{"@type":"Person","@id":"https:\/\/hudo.com\/si\/#\/schema\/person\/2391667a63ea075ba94f2f2dc6b77537","name":"A. G., STA","image":{"@type":"ImageObject","inLanguage":"sl-SI","@id":"https:\/\/hudo.com\/si\/#\/schema\/person\/image\/","url":"https:\/\/secure.gravatar.com\/avatar\/e13d22ac3e442658d5025fbbe6238a79?s=96&d=mm&r=g","contentUrl":"https:\/\/secure.gravatar.com\/avatar\/e13d22ac3e442658d5025fbbe6238a79?s=96&d=mm&r=g","caption":"A. G., STA"},"url":"https:\/\/hudo.com\/si\/author\/alenka\/"}]}},"amp_enabled":true,"_links":{"self":[{"href":"https:\/\/hudo.com\/si\/wp-json\/wp\/v2\/posts\/436807"}],"collection":[{"href":"https:\/\/hudo.com\/si\/wp-json\/wp\/v2\/posts"}],"about":[{"href":"https:\/\/hudo.com\/si\/wp-json\/wp\/v2\/types\/post"}],"author":[{"embeddable":true,"href":"https:\/\/hudo.com\/si\/wp-json\/wp\/v2\/users\/5"}],"replies":[{"embeddable":true,"href":"https:\/\/hudo.com\/si\/wp-json\/wp\/v2\/comments?post=436807"}],"version-history":[{"count":2,"href":"https:\/\/hudo.com\/si\/wp-json\/wp\/v2\/posts\/436807\/revisions"}],"predecessor-version":[{"id":436809,"href":"https:\/\/hudo.com\/si\/wp-json\/wp\/v2\/posts\/436807\/revisions\/436809"}],"wp:featuredmedia":[{"embeddable":true,"href":"https:\/\/hudo.com\/si\/wp-json\/wp\/v2\/media\/422613"}],"wp:attachment":[{"href":"https:\/\/hudo.com\/si\/wp-json\/wp\/v2\/media?parent=436807"}],"wp:term":[{"taxonomy":"category","embeddable":true,"href":"https:\/\/hudo.com\/si\/wp-json\/wp\/v2\/categories?post=436807"},{"taxonomy":"post_tag","embeddable":true,"href":"https:\/\/hudo.com\/si\/wp-json\/wp\/v2\/tags?post=436807"},{"taxonomy":"source","embeddable":true,"href":"https:\/\/hudo.com\/si\/wp-json\/wp\/v2\/source?post=436807"},{"taxonomy":"supertag","embeddable":true,"href":"https:\/\/hudo.com\/si\/wp-json\/wp\/v2\/supertag?post=436807"}],"curies":[{"name":"wp","href":"https:\/\/api.w.org\/{rel}","templated":true}]}}