{"id":436828,"date":"2020-11-02T14:19:18","date_gmt":"2020-11-02T13:19:18","guid":{"rendered":"http:\/\/hudo.com\/si\/?p=436828"},"modified":"2020-11-02T14:19:34","modified_gmt":"2020-11-02T13:19:34","slug":"italijanski-premier-conte-napovedal-zapiranje-javnega-zivljenja-le-v-zariscih-koronavirusa-ne-pa-po-vsej-drzavi","status":"publish","type":"post","link":"https:\/\/hudo.com\/si\/aktualno\/italijanski-premier-conte-napovedal-zapiranje-javnega-zivljenja-le-v-zariscih-koronavirusa-ne-pa-po-vsej-drzavi\/","title":{"rendered":"Italijanski premier Conte napovedal zapiranje javnega \u017eivljenja le v \u017eari\u0161\u010dih koronavirusa, ne pa po vsej dr\u017eavi"},"content":{"rendered":"<p>Vendarle bodo v boju proti \u0161irjenju virusa uvedli \u0161e dodatne omejevalne ukrepe. Tako bodo ob koncih tedna morale ostati zaprte vse trgovine in lokali v nakupovalnih centrih, razen \u017eivilskih trgovin, trafik in lekarn. Zaprli bodo muzeje in galerije. V barih in lokalih bodo \u0161e dodatno zmanj\u0161ali mesta za stre\u017ebo za polovico, povzema avstrijska tiskovna agencija APA.<\/p>\n<p>Mo\u017eno bo tudi uvesti omejitve potovanj med regijami z visoko stopnjo oku\u017eenosti prebivalstva. Prav tako nameravajo podalj\u0161ati obdobje prepovedi ve\u010dernih izhodov iz stanovanj. Conte sicer ni navedel ur, so pa mediji pred tem poro\u010dali, da namerava vlada podalj\u0161ati t. i. policijsko uro na od 21. do 5. ure. Zdaj je ta prepoved v veljavi od 24. do 5. ure.<\/p>\n<p>Ni povsem jasno, kaj je bilo sprejeto glede pouka; Conte je napovedal le, da bi se bilo treba pripraviti na \u0161olanje na daljavo. Pouk na daljavo sicer deloma \u017ee poteka v srednjih \u0161olah.<\/p>\n<p>Stanje v dr\u017eavi po besedah Conteja sicer \u0161e ni tako resno, kot je bilo spomladi, ko je bila Italija med najhuje prizadetimi dr\u017eavami s koronavirusom na svetu. Stanje v bolni\u0161nicah, \u0161e posebej na intenzivni negi, po njegovih besedah \u0161e ni zaskrbljujo\u010de, vendar pa se \u0161tevilo bolnikov s covidom-19 hitro pove\u010duje.<\/p>\n<p>Skupno intenzivno nego v italijanskih bolni\u0161nicah trenutno potrebuje 1939 ljudi. Bolni\u0161ni\u010dno oskrbo pa potrebuje pribli\u017eno pet odstotkov tistih, ki zbolijo za covidom-19. A \u0161tevilo postelj za covidne bolnike je mogo\u010de \u0161e pove\u010dati, je v parlamentu \u0161e poro\u010dal italijanski premier.<\/p>\n<p>Vlada je tudi nabavila deset milijonov hitrih testov, ki jih bodo lahko odslej uporabljali tudi splo\u0161ni zdravniki. Med drugim naj bi okoli 100.000 testov na dan izvedli tudi na \u0161olah, je \u0161e napovedal Conte.<\/p>\n<p>Premier je \u0161e dejal, da razume frustracije, jezo in utrujenost dr\u017eavljanov, ki se soo\u010dajo z novimi omejitvami svobode zaradi koronavirusa. &#8220;Vendar pa ne more biti dileme med pravicami posameznika in kolektivnim zdravjem ter potrebami gospodarstva. Bolj ko bomo ravnali krivuljo epidemije, hitreje bomo lahko odpravili ukrepe,&#8221; je dejal Conte in hkrati pohvalil dosedanje napore in disciplino sodr\u017eavljanov pri izvajanju ukrepov za zajezitev covida-19.<\/p>\n<p>Premier je podjetjem in zaposlenim obljubil tudi dodatno pomo\u010d za premagovanje te\u017eav zaradi pandemije. V teh te\u017ekih \u010dasih je \u0161e posebej pomembno, da dr\u017eava dr\u017ei skupaj. Kljub razlikam v mnenjih in stali\u0161\u010dih je pomembno, da se dr\u017eava ne razcepi, je \u0161e dejal Conte. S tem se je odzval tudi na proteste, ki so pretresali dr\u017eavo prej\u0161nji teden zaradi zaostrovanja ukrepov proti koronavirusu, \u0161e poro\u010da APA.<\/p>\n","protected":false},"excerpt":{"rendered":"<p>Italijanski premier Giuseppe Conte je danes v parlamentu v Rimu napovedal dodatne ukrepe za zajezitev \u0161irjenja novega koronavirusa, a popolno zapiranje javnega \u017eivljenja nameravajo uvesti le v \u017eari\u0161\u010dih, ne pa po vsej dr\u017eavi. Ne bi bilo pametno, da se krepijo omejitve v regijah, ki jih je epidemija manj prizadela, je dejal premier.<\/p>\n","protected":false},"author":8,"featured_media":405211,"comment_status":"closed","ping_status":"closed","sticky":false,"template":"","format":"standard","meta":{"footnotes":""},"categories":[1179],"tags":[11268,1760,15632],"source":[4511],"supertag":[],"acf":[],"yoast_head":"<!-- This site is optimized with the Yoast SEO plugin v21.3 - https:\/\/yoast.com\/wordpress\/plugins\/seo\/ -->\n<title>Italijanski premier Conte napovedal zapiranje javnega \u017eivljenja le v \u017eari\u0161\u010dih koronavirusa, ne pa po vsej dr\u017eavi - Hudo Slovenija<\/title>\n<meta name=\"robots\" content=\"index, follow, max-snippet:-1, max-image-preview:large, max-video-preview:-1\" \/>\n<link rel=\"canonical\" href=\"https:\/\/hudo.com\/si\/aktualno\/italijanski-premier-conte-napovedal-zapiranje-javnega-zivljenja-le-v-zariscih-koronavirusa-ne-pa-po-vsej-drzavi\/\" \/>\n<meta property=\"og:locale\" content=\"sl_SI\" \/>\n<meta property=\"og:type\" content=\"article\" \/>\n<meta property=\"og:title\" content=\"Italijanski premier Conte napovedal zapiranje javnega \u017eivljenja le v \u017eari\u0161\u010dih koronavirusa, ne pa po vsej dr\u017eavi - Hudo Slovenija\" \/>\n<meta property=\"og:description\" content=\"Italijanski premier Giuseppe Conte je danes v parlamentu v Rimu napovedal dodatne ukrepe za zajezitev \u0161irjenja novega koronavirusa, a popolno zapiranje javnega \u017eivljenja nameravajo uvesti le v \u017eari\u0161\u010dih, ne pa po vsej dr\u017eavi. Ne bi bilo pametno, da se krepijo omejitve v regijah, ki jih je epidemija manj prizadela, je dejal premier.\" \/>\n<meta property=\"og:url\" content=\"https:\/\/hudo.com\/si\/aktualno\/italijanski-premier-conte-napovedal-zapiranje-javnega-zivljenja-le-v-zariscih-koronavirusa-ne-pa-po-vsej-drzavi\/\" \/>\n<meta property=\"og:site_name\" content=\"Hudo Slovenija\" \/>\n<meta property=\"article:publisher\" content=\"https:\/\/www.facebook.com\/hudo.si\" \/>\n<meta property=\"article:published_time\" content=\"2020-11-02T13:19:18+00:00\" \/>\n<meta property=\"article:modified_time\" content=\"2020-11-02T13:19:34+00:00\" \/>\n<meta property=\"og:image\" content=\"https:\/\/hudo.com\/si\/wp-content\/uploads\/sites\/2\/2019\/08\/profimedia-0467559109.jpg\" \/>\n\t<meta property=\"og:image:width\" content=\"1250\" \/>\n\t<meta property=\"og:image:height\" content=\"833\" \/>\n\t<meta property=\"og:image:type\" content=\"image\/jpeg\" \/>\n<meta name=\"author\" content=\"M. N., STA\" \/>\n<meta name=\"twitter:card\" content=\"summary_large_image\" \/>\n<meta name=\"twitter:creator\" content=\"@hudo_si\" \/>\n<meta name=\"twitter:site\" content=\"@hudo_si\" \/>\n<meta name=\"twitter:label1\" content=\"Written by\" \/>\n\t<meta name=\"twitter:data1\" content=\"M. N., STA\" \/>\n\t<meta name=\"twitter:label2\" content=\"Est. reading time\" \/>\n\t<meta name=\"twitter:data2\" content=\"2 minuti\" \/>\n<script type=\"application\/ld+json\" class=\"yoast-schema-graph\">{\"@context\":\"https:\/\/schema.org\",\"@graph\":[{\"@type\":\"Article\",\"@id\":\"https:\/\/hudo.com\/si\/aktualno\/italijanski-premier-conte-napovedal-zapiranje-javnega-zivljenja-le-v-zariscih-koronavirusa-ne-pa-po-vsej-drzavi\/#article\",\"isPartOf\":{\"@id\":\"https:\/\/hudo.com\/si\/aktualno\/italijanski-premier-conte-napovedal-zapiranje-javnega-zivljenja-le-v-zariscih-koronavirusa-ne-pa-po-vsej-drzavi\/\"},\"author\":{\"name\":\"M. N., STA\",\"@id\":\"https:\/\/hudo.com\/si\/#\/schema\/person\/c2f10ce65d2e6ede2aeda5be2a0611fa\"},\"headline\":\"Italijanski premier Conte napovedal zapiranje javnega \u017eivljenja le v \u017eari\u0161\u010dih koronavirusa, ne pa po vsej dr\u017eavi\",\"datePublished\":\"2020-11-02T13:19:18+00:00\",\"dateModified\":\"2020-11-02T13:19:34+00:00\",\"mainEntityOfPage\":{\"@id\":\"https:\/\/hudo.com\/si\/aktualno\/italijanski-premier-conte-napovedal-zapiranje-javnega-zivljenja-le-v-zariscih-koronavirusa-ne-pa-po-vsej-drzavi\/\"},\"wordCount\":444,\"publisher\":{\"@id\":\"https:\/\/hudo.com\/si\/#organization\"},\"keywords\":[\"Giuseppe Conte\",\"italija\",\"koronavirus\"],\"articleSection\":[\"Aktualno\"],\"inLanguage\":\"sl-SI\"},{\"@type\":\"WebPage\",\"@id\":\"https:\/\/hudo.com\/si\/aktualno\/italijanski-premier-conte-napovedal-zapiranje-javnega-zivljenja-le-v-zariscih-koronavirusa-ne-pa-po-vsej-drzavi\/\",\"url\":\"https:\/\/hudo.com\/si\/aktualno\/italijanski-premier-conte-napovedal-zapiranje-javnega-zivljenja-le-v-zariscih-koronavirusa-ne-pa-po-vsej-drzavi\/\",\"name\":\"Italijanski premier Conte napovedal zapiranje javnega \u017eivljenja le v \u017eari\u0161\u010dih koronavirusa, ne pa po vsej dr\u017eavi - Hudo Slovenija\",\"isPartOf\":{\"@id\":\"https:\/\/hudo.com\/si\/#website\"},\"datePublished\":\"2020-11-02T13:19:18+00:00\",\"dateModified\":\"2020-11-02T13:19:34+00:00\",\"breadcrumb\":{\"@id\":\"https:\/\/hudo.com\/si\/aktualno\/italijanski-premier-conte-napovedal-zapiranje-javnega-zivljenja-le-v-zariscih-koronavirusa-ne-pa-po-vsej-drzavi\/#breadcrumb\"},\"inLanguage\":\"sl-SI\",\"potentialAction\":[{\"@type\":\"ReadAction\",\"target\":[\"https:\/\/hudo.com\/si\/aktualno\/italijanski-premier-conte-napovedal-zapiranje-javnega-zivljenja-le-v-zariscih-koronavirusa-ne-pa-po-vsej-drzavi\/\"]}]},{\"@type\":\"BreadcrumbList\",\"@id\":\"https:\/\/hudo.com\/si\/aktualno\/italijanski-premier-conte-napovedal-zapiranje-javnega-zivljenja-le-v-zariscih-koronavirusa-ne-pa-po-vsej-drzavi\/#breadcrumb\",\"itemListElement\":[{\"@type\":\"ListItem\",\"position\":1,\"name\":\"Home\",\"item\":\"https:\/\/hudo.com\/si\/\"},{\"@type\":\"ListItem\",\"position\":2,\"name\":\"Italijanski premier Conte napovedal zapiranje javnega \u017eivljenja le v \u017eari\u0161\u010dih koronavirusa, ne pa po vsej dr\u017eavi\"}]},{\"@type\":\"WebSite\",\"@id\":\"https:\/\/hudo.com\/si\/#website\",\"url\":\"https:\/\/hudo.com\/si\/\",\"name\":\"Hudo Slovenija\",\"description\":\"Vse novice iz Slovenije in sveta\",\"publisher\":{\"@id\":\"https:\/\/hudo.com\/si\/#organization\"},\"potentialAction\":[{\"@type\":\"SearchAction\",\"target\":{\"@type\":\"EntryPoint\",\"urlTemplate\":\"https:\/\/hudo.com\/si\/?s={search_term_string}\"},\"query-input\":\"required name=search_term_string\"}],\"inLanguage\":\"sl-SI\"},{\"@type\":\"Organization\",\"@id\":\"https:\/\/hudo.com\/si\/#organization\",\"name\":\"VSN Media\",\"url\":\"https:\/\/hudo.com\/si\/\",\"logo\":{\"@type\":\"ImageObject\",\"inLanguage\":\"sl-SI\",\"@id\":\"https:\/\/hudo.com\/si\/#\/schema\/logo\/image\/\",\"url\":\"https:\/\/hudo.com\/si\/wp-content\/uploads\/sites\/2\/2021\/03\/hudo-app-2.png\",\"contentUrl\":\"https:\/\/hudo.com\/si\/wp-content\/uploads\/sites\/2\/2021\/03\/hudo-app-2.png\",\"width\":2185,\"height\":2167,\"caption\":\"VSN Media\"},\"image\":{\"@id\":\"https:\/\/hudo.com\/si\/#\/schema\/logo\/image\/\"},\"sameAs\":[\"https:\/\/www.facebook.com\/hudo.si\",\"https:\/\/twitter.com\/hudo_si\"]},{\"@type\":\"Person\",\"@id\":\"https:\/\/hudo.com\/si\/#\/schema\/person\/c2f10ce65d2e6ede2aeda5be2a0611fa\",\"name\":\"M. N., STA\",\"image\":{\"@type\":\"ImageObject\",\"inLanguage\":\"sl-SI\",\"@id\":\"https:\/\/hudo.com\/si\/#\/schema\/person\/image\/\",\"url\":\"https:\/\/secure.gravatar.com\/avatar\/f370d38daa10467f755c5c766a4cac20?s=96&d=mm&r=g\",\"contentUrl\":\"https:\/\/secure.gravatar.com\/avatar\/f370d38daa10467f755c5c766a4cac20?s=96&d=mm&r=g\",\"caption\":\"M. N., STA\"},\"url\":\"https:\/\/hudo.com\/si\/author\/mana\/\"}]}<\/script>\n<!-- \/ Yoast SEO plugin. -->","yoast_head_json":{"title":"Italijanski premier Conte napovedal zapiranje javnega \u017eivljenja le v \u017eari\u0161\u010dih koronavirusa, ne pa po vsej dr\u017eavi - Hudo Slovenija","robots":{"index":"index","follow":"follow","max-snippet":"max-snippet:-1","max-image-preview":"max-image-preview:large","max-video-preview":"max-video-preview:-1"},"canonical":"https:\/\/hudo.com\/si\/aktualno\/italijanski-premier-conte-napovedal-zapiranje-javnega-zivljenja-le-v-zariscih-koronavirusa-ne-pa-po-vsej-drzavi\/","og_locale":"sl_SI","og_type":"article","og_title":"Italijanski premier Conte napovedal zapiranje javnega \u017eivljenja le v \u017eari\u0161\u010dih koronavirusa, ne pa po vsej dr\u017eavi - Hudo Slovenija","og_description":"Italijanski premier Giuseppe Conte je danes v parlamentu v Rimu napovedal dodatne ukrepe za zajezitev \u0161irjenja novega koronavirusa, a popolno zapiranje javnega \u017eivljenja nameravajo uvesti le v \u017eari\u0161\u010dih, ne pa po vsej dr\u017eavi. Ne bi bilo pametno, da se krepijo omejitve v regijah, ki jih je epidemija manj prizadela, je dejal premier.","og_url":"https:\/\/hudo.com\/si\/aktualno\/italijanski-premier-conte-napovedal-zapiranje-javnega-zivljenja-le-v-zariscih-koronavirusa-ne-pa-po-vsej-drzavi\/","og_site_name":"Hudo Slovenija","article_publisher":"https:\/\/www.facebook.com\/hudo.si","article_published_time":"2020-11-02T13:19:18+00:00","article_modified_time":"2020-11-02T13:19:34+00:00","og_image":[{"width":1250,"height":833,"url":"https:\/\/hudo.com\/si\/wp-content\/uploads\/sites\/2\/2019\/08\/profimedia-0467559109.jpg","type":"image\/jpeg"}],"author":"M. N., STA","twitter_card":"summary_large_image","twitter_creator":"@hudo_si","twitter_site":"@hudo_si","twitter_misc":{"Written by":"M. N., STA","Est. reading time":"2 minuti"},"schema":{"@context":"https:\/\/schema.org","@graph":[{"@type":"Article","@id":"https:\/\/hudo.com\/si\/aktualno\/italijanski-premier-conte-napovedal-zapiranje-javnega-zivljenja-le-v-zariscih-koronavirusa-ne-pa-po-vsej-drzavi\/#article","isPartOf":{"@id":"https:\/\/hudo.com\/si\/aktualno\/italijanski-premier-conte-napovedal-zapiranje-javnega-zivljenja-le-v-zariscih-koronavirusa-ne-pa-po-vsej-drzavi\/"},"author":{"name":"M. N., STA","@id":"https:\/\/hudo.com\/si\/#\/schema\/person\/c2f10ce65d2e6ede2aeda5be2a0611fa"},"headline":"Italijanski premier Conte napovedal zapiranje javnega \u017eivljenja le v \u017eari\u0161\u010dih koronavirusa, ne pa po vsej dr\u017eavi","datePublished":"2020-11-02T13:19:18+00:00","dateModified":"2020-11-02T13:19:34+00:00","mainEntityOfPage":{"@id":"https:\/\/hudo.com\/si\/aktualno\/italijanski-premier-conte-napovedal-zapiranje-javnega-zivljenja-le-v-zariscih-koronavirusa-ne-pa-po-vsej-drzavi\/"},"wordCount":444,"publisher":{"@id":"https:\/\/hudo.com\/si\/#organization"},"keywords":["Giuseppe Conte","italija","koronavirus"],"articleSection":["Aktualno"],"inLanguage":"sl-SI"},{"@type":"WebPage","@id":"https:\/\/hudo.com\/si\/aktualno\/italijanski-premier-conte-napovedal-zapiranje-javnega-zivljenja-le-v-zariscih-koronavirusa-ne-pa-po-vsej-drzavi\/","url":"https:\/\/hudo.com\/si\/aktualno\/italijanski-premier-conte-napovedal-zapiranje-javnega-zivljenja-le-v-zariscih-koronavirusa-ne-pa-po-vsej-drzavi\/","name":"Italijanski premier Conte napovedal zapiranje javnega \u017eivljenja le v \u017eari\u0161\u010dih koronavirusa, ne pa po vsej dr\u017eavi - Hudo Slovenija","isPartOf":{"@id":"https:\/\/hudo.com\/si\/#website"},"datePublished":"2020-11-02T13:19:18+00:00","dateModified":"2020-11-02T13:19:34+00:00","breadcrumb":{"@id":"https:\/\/hudo.com\/si\/aktualno\/italijanski-premier-conte-napovedal-zapiranje-javnega-zivljenja-le-v-zariscih-koronavirusa-ne-pa-po-vsej-drzavi\/#breadcrumb"},"inLanguage":"sl-SI","potentialAction":[{"@type":"ReadAction","target":["https:\/\/hudo.com\/si\/aktualno\/italijanski-premier-conte-napovedal-zapiranje-javnega-zivljenja-le-v-zariscih-koronavirusa-ne-pa-po-vsej-drzavi\/"]}]},{"@type":"BreadcrumbList","@id":"https:\/\/hudo.com\/si\/aktualno\/italijanski-premier-conte-napovedal-zapiranje-javnega-zivljenja-le-v-zariscih-koronavirusa-ne-pa-po-vsej-drzavi\/#breadcrumb","itemListElement":[{"@type":"ListItem","position":1,"name":"Home","item":"https:\/\/hudo.com\/si\/"},{"@type":"ListItem","position":2,"name":"Italijanski premier Conte napovedal zapiranje javnega \u017eivljenja le v \u017eari\u0161\u010dih koronavirusa, ne pa po vsej dr\u017eavi"}]},{"@type":"WebSite","@id":"https:\/\/hudo.com\/si\/#website","url":"https:\/\/hudo.com\/si\/","name":"Hudo Slovenija","description":"Vse novice iz Slovenije in sveta","publisher":{"@id":"https:\/\/hudo.com\/si\/#organization"},"potentialAction":[{"@type":"SearchAction","target":{"@type":"EntryPoint","urlTemplate":"https:\/\/hudo.com\/si\/?s={search_term_string}"},"query-input":"required name=search_term_string"}],"inLanguage":"sl-SI"},{"@type":"Organization","@id":"https:\/\/hudo.com\/si\/#organization","name":"VSN Media","url":"https:\/\/hudo.com\/si\/","logo":{"@type":"ImageObject","inLanguage":"sl-SI","@id":"https:\/\/hudo.com\/si\/#\/schema\/logo\/image\/","url":"https:\/\/hudo.com\/si\/wp-content\/uploads\/sites\/2\/2021\/03\/hudo-app-2.png","contentUrl":"https:\/\/hudo.com\/si\/wp-content\/uploads\/sites\/2\/2021\/03\/hudo-app-2.png","width":2185,"height":2167,"caption":"VSN Media"},"image":{"@id":"https:\/\/hudo.com\/si\/#\/schema\/logo\/image\/"},"sameAs":["https:\/\/www.facebook.com\/hudo.si","https:\/\/twitter.com\/hudo_si"]},{"@type":"Person","@id":"https:\/\/hudo.com\/si\/#\/schema\/person\/c2f10ce65d2e6ede2aeda5be2a0611fa","name":"M. N., STA","image":{"@type":"ImageObject","inLanguage":"sl-SI","@id":"https:\/\/hudo.com\/si\/#\/schema\/person\/image\/","url":"https:\/\/secure.gravatar.com\/avatar\/f370d38daa10467f755c5c766a4cac20?s=96&d=mm&r=g","contentUrl":"https:\/\/secure.gravatar.com\/avatar\/f370d38daa10467f755c5c766a4cac20?s=96&d=mm&r=g","caption":"M. N., STA"},"url":"https:\/\/hudo.com\/si\/author\/mana\/"}]}},"amp_enabled":true,"_links":{"self":[{"href":"https:\/\/hudo.com\/si\/wp-json\/wp\/v2\/posts\/436828"}],"collection":[{"href":"https:\/\/hudo.com\/si\/wp-json\/wp\/v2\/posts"}],"about":[{"href":"https:\/\/hudo.com\/si\/wp-json\/wp\/v2\/types\/post"}],"author":[{"embeddable":true,"href":"https:\/\/hudo.com\/si\/wp-json\/wp\/v2\/users\/8"}],"replies":[{"embeddable":true,"href":"https:\/\/hudo.com\/si\/wp-json\/wp\/v2\/comments?post=436828"}],"version-history":[{"count":2,"href":"https:\/\/hudo.com\/si\/wp-json\/wp\/v2\/posts\/436828\/revisions"}],"predecessor-version":[{"id":436830,"href":"https:\/\/hudo.com\/si\/wp-json\/wp\/v2\/posts\/436828\/revisions\/436830"}],"wp:featuredmedia":[{"embeddable":true,"href":"https:\/\/hudo.com\/si\/wp-json\/wp\/v2\/media\/405211"}],"wp:attachment":[{"href":"https:\/\/hudo.com\/si\/wp-json\/wp\/v2\/media?parent=436828"}],"wp:term":[{"taxonomy":"category","embeddable":true,"href":"https:\/\/hudo.com\/si\/wp-json\/wp\/v2\/categories?post=436828"},{"taxonomy":"post_tag","embeddable":true,"href":"https:\/\/hudo.com\/si\/wp-json\/wp\/v2\/tags?post=436828"},{"taxonomy":"source","embeddable":true,"href":"https:\/\/hudo.com\/si\/wp-json\/wp\/v2\/source?post=436828"},{"taxonomy":"supertag","embeddable":true,"href":"https:\/\/hudo.com\/si\/wp-json\/wp\/v2\/supertag?post=436828"}],"curies":[{"name":"wp","href":"https:\/\/api.w.org\/{rel}","templated":true}]}}