{"id":436835,"date":"2020-11-02T15:54:46","date_gmt":"2020-11-02T14:54:46","guid":{"rendered":"http:\/\/hudo.com\/si\/?p=436835"},"modified":"2020-11-02T15:54:46","modified_gmt":"2020-11-02T14:54:46","slug":"tretji-val-bo-zelo-zagoneten-ker-zdravniki-ne-bodo-vedeli-ali-ima-bolnik-gripo-ali-covid-19","status":"publish","type":"post","link":"https:\/\/hudo.com\/si\/aktualno\/tretji-val-bo-zelo-zagoneten-ker-zdravniki-ne-bodo-vedeli-ali-ima-bolnik-gripo-ali-covid-19\/","title":{"rendered":"&#8220;Tretji val bo zelo zagoneten, ker zdravniki ne bodo vedeli, ali ima bolnik gripo ali covid-19&#8221;"},"content":{"rendered":"<div id=\"center\">\n<article class=\"articleui\">\n<div class=\"text\">\n<p>&#8220;Tretji val bo zelo zagoneten, ker zdravniki ne bodo vedeli, ali ima bolnik gripo ali covid-19. Glede na to je zelo pomembno cepljenje proti gripi,&#8221; je Grmek Ko\u0161nikova pozvala na dana\u0161nji vladni novinarski konferenci o stanju epidemije.<\/p>\n<p>Na Gorenjskem je po njenih besedah tako slaba epidemiolo\u0161ka slika zaradi same narave bolezni, saj kar 85 odstotkov bolnikov preboleva bolezen v blagi obliki in \u017eivijo normalno, ker se po\u010dutijo dobro.<\/p>\n<p>Drugi vzrok \u0161irjenja bolezni na Gorenjskem pa je to, da od 12. oktobra do minulega tedna ni bilo urejenega nadomestila za osebe, ki so imele visoko tvegan stik. Ljudje so zato hodili na delo. Kot tretji razlog pa je navedla veliko zasebnih dru\u017eenj. Stanje pa se je izbolj\u0161alo tudi zaradi ukrepov dr\u017eave, je zagotovila.<\/p>\n<p>Ob dveh primerih na Gorenjskem, ko se je bolezen pri posameznikih po spomladanski oku\u017ebi zdaj ponovila, pa je dejala, da ju je treba najprej strokovno preu\u010diti, kar je akademska zadeva. Za\u0161\u010ditna protitelesa se po sedanjih ugotovitvah sicer ohranjajo tri mesece. A dognanja na tem podro\u010dju napredujejo.<\/p>\n<p>V povezavi z epidemijo je izpostavila, da je spregledano t. i. superprena\u0161alstvo. V prenosu oku\u017ebe so namre\u010d zelo pomembni superprena\u0161alci, kar je lahko vsakdo. Glede na to bi morala aplikacija #OstaniZdrav postati obvezna, meni. V naslednjem tednu bodo z dodatnimi hitrimi antigenskimi testi in s pomo\u010djo sledenja lahko identificirali tudi superprena\u0161alce, je ocenila epidemiologinja.<\/p>\n<\/div>\n<\/article>\n<\/div>\n<div id=\"sidebar\"><\/div>\n","protected":false},"excerpt":{"rendered":"<p>Tretji val epidemije covida-19 je pri\u010dakovati ravno v \u010dasu sezonske gripe, je na novinarski konferenci dejala epidemiologinja Irena Grmek Ko\u0161nik s kranjske obmo\u010dne enote Nacionalnega in\u0161tituta za javno zdravje. Ta se po njenih pojasnilih navadno za\u010dne konec decembra, traja v januarju in februarju, v marcu ali aprilu pa se kon\u010da.<\/p>\n","protected":false},"author":5,"featured_media":433620,"comment_status":"closed","ping_status":"closed","sticky":false,"template":"","format":"standard","meta":{"footnotes":""},"categories":[1179],"tags":[17547,15632,1595],"source":[4511],"supertag":[5675],"acf":[],"yoast_head":"<!-- This site is optimized with the Yoast SEO plugin v21.3 - https:\/\/yoast.com\/wordpress\/plugins\/seo\/ -->\n<title>&quot;Tretji val bo zelo zagoneten, ker zdravniki ne bodo vedeli, ali ima bolnik gripo ali covid-19&quot; - Hudo Slovenija<\/title>\n<meta name=\"robots\" content=\"index, follow, max-snippet:-1, max-image-preview:large, max-video-preview:-1\" \/>\n<link rel=\"canonical\" href=\"https:\/\/hudo.com\/si\/aktualno\/tretji-val-bo-zelo-zagoneten-ker-zdravniki-ne-bodo-vedeli-ali-ima-bolnik-gripo-ali-covid-19\/\" \/>\n<meta property=\"og:locale\" content=\"sl_SI\" \/>\n<meta property=\"og:type\" content=\"article\" \/>\n<meta property=\"og:title\" content=\"&quot;Tretji val bo zelo zagoneten, ker zdravniki ne bodo vedeli, ali ima bolnik gripo ali covid-19&quot; - Hudo Slovenija\" \/>\n<meta property=\"og:description\" content=\"Tretji val epidemije covida-19 je pri\u010dakovati ravno v \u010dasu sezonske gripe, je na novinarski konferenci dejala epidemiologinja Irena Grmek Ko\u0161nik s kranjske obmo\u010dne enote Nacionalnega in\u0161tituta za javno zdravje. Ta se po njenih pojasnilih navadno za\u010dne konec decembra, traja v januarju in februarju, v marcu ali aprilu pa se kon\u010da.\" \/>\n<meta property=\"og:url\" content=\"https:\/\/hudo.com\/si\/aktualno\/tretji-val-bo-zelo-zagoneten-ker-zdravniki-ne-bodo-vedeli-ali-ima-bolnik-gripo-ali-covid-19\/\" \/>\n<meta property=\"og:site_name\" content=\"Hudo Slovenija\" \/>\n<meta property=\"article:publisher\" content=\"https:\/\/www.facebook.com\/hudo.si\" \/>\n<meta property=\"article:published_time\" content=\"2020-11-02T14:54:46+00:00\" \/>\n<meta property=\"og:image\" content=\"https:\/\/hudo.com\/si\/wp-content\/uploads\/sites\/2\/2020\/09\/profimedia-0541170830.jpg\" \/>\n\t<meta property=\"og:image:width\" content=\"833\" \/>\n\t<meta property=\"og:image:height\" content=\"1250\" \/>\n\t<meta property=\"og:image:type\" content=\"image\/jpeg\" \/>\n<meta name=\"author\" content=\"A. G., STA\" \/>\n<meta name=\"twitter:card\" content=\"summary_large_image\" \/>\n<meta name=\"twitter:creator\" content=\"@hudo_si\" \/>\n<meta name=\"twitter:site\" content=\"@hudo_si\" \/>\n<meta name=\"twitter:label1\" content=\"Written by\" \/>\n\t<meta name=\"twitter:data1\" content=\"A. G., STA\" \/>\n\t<meta name=\"twitter:label2\" content=\"Est. reading time\" \/>\n\t<meta name=\"twitter:data2\" content=\"1 minuta\" \/>\n<script type=\"application\/ld+json\" class=\"yoast-schema-graph\">{\"@context\":\"https:\/\/schema.org\",\"@graph\":[{\"@type\":\"Article\",\"@id\":\"https:\/\/hudo.com\/si\/aktualno\/tretji-val-bo-zelo-zagoneten-ker-zdravniki-ne-bodo-vedeli-ali-ima-bolnik-gripo-ali-covid-19\/#article\",\"isPartOf\":{\"@id\":\"https:\/\/hudo.com\/si\/aktualno\/tretji-val-bo-zelo-zagoneten-ker-zdravniki-ne-bodo-vedeli-ali-ima-bolnik-gripo-ali-covid-19\/\"},\"author\":{\"name\":\"A. G., STA\",\"@id\":\"https:\/\/hudo.com\/si\/#\/schema\/person\/2391667a63ea075ba94f2f2dc6b77537\"},\"headline\":\"&#8220;Tretji val bo zelo zagoneten, ker zdravniki ne bodo vedeli, ali ima bolnik gripo ali covid-19&#8221;\",\"datePublished\":\"2020-11-02T14:54:46+00:00\",\"dateModified\":\"2020-11-02T14:54:46+00:00\",\"mainEntityOfPage\":{\"@id\":\"https:\/\/hudo.com\/si\/aktualno\/tretji-val-bo-zelo-zagoneten-ker-zdravniki-ne-bodo-vedeli-ali-ima-bolnik-gripo-ali-covid-19\/\"},\"wordCount\":252,\"publisher\":{\"@id\":\"https:\/\/hudo.com\/si\/#organization\"},\"keywords\":[\"Irena Grmek Ko\u0161nik\",\"koronavirus\",\"Slovenija\"],\"articleSection\":[\"Aktualno\"],\"inLanguage\":\"sl-SI\"},{\"@type\":\"WebPage\",\"@id\":\"https:\/\/hudo.com\/si\/aktualno\/tretji-val-bo-zelo-zagoneten-ker-zdravniki-ne-bodo-vedeli-ali-ima-bolnik-gripo-ali-covid-19\/\",\"url\":\"https:\/\/hudo.com\/si\/aktualno\/tretji-val-bo-zelo-zagoneten-ker-zdravniki-ne-bodo-vedeli-ali-ima-bolnik-gripo-ali-covid-19\/\",\"name\":\"\\\"Tretji val bo zelo zagoneten, ker zdravniki ne bodo vedeli, ali ima bolnik gripo ali covid-19\\\" - Hudo Slovenija\",\"isPartOf\":{\"@id\":\"https:\/\/hudo.com\/si\/#website\"},\"datePublished\":\"2020-11-02T14:54:46+00:00\",\"dateModified\":\"2020-11-02T14:54:46+00:00\",\"breadcrumb\":{\"@id\":\"https:\/\/hudo.com\/si\/aktualno\/tretji-val-bo-zelo-zagoneten-ker-zdravniki-ne-bodo-vedeli-ali-ima-bolnik-gripo-ali-covid-19\/#breadcrumb\"},\"inLanguage\":\"sl-SI\",\"potentialAction\":[{\"@type\":\"ReadAction\",\"target\":[\"https:\/\/hudo.com\/si\/aktualno\/tretji-val-bo-zelo-zagoneten-ker-zdravniki-ne-bodo-vedeli-ali-ima-bolnik-gripo-ali-covid-19\/\"]}]},{\"@type\":\"BreadcrumbList\",\"@id\":\"https:\/\/hudo.com\/si\/aktualno\/tretji-val-bo-zelo-zagoneten-ker-zdravniki-ne-bodo-vedeli-ali-ima-bolnik-gripo-ali-covid-19\/#breadcrumb\",\"itemListElement\":[{\"@type\":\"ListItem\",\"position\":1,\"name\":\"Home\",\"item\":\"https:\/\/hudo.com\/si\/\"},{\"@type\":\"ListItem\",\"position\":2,\"name\":\"&#8220;Tretji val bo zelo zagoneten, ker zdravniki ne bodo vedeli, ali ima bolnik gripo ali covid-19&#8221;\"}]},{\"@type\":\"WebSite\",\"@id\":\"https:\/\/hudo.com\/si\/#website\",\"url\":\"https:\/\/hudo.com\/si\/\",\"name\":\"Hudo Slovenija\",\"description\":\"Vse novice iz Slovenije in sveta\",\"publisher\":{\"@id\":\"https:\/\/hudo.com\/si\/#organization\"},\"potentialAction\":[{\"@type\":\"SearchAction\",\"target\":{\"@type\":\"EntryPoint\",\"urlTemplate\":\"https:\/\/hudo.com\/si\/?s={search_term_string}\"},\"query-input\":\"required name=search_term_string\"}],\"inLanguage\":\"sl-SI\"},{\"@type\":\"Organization\",\"@id\":\"https:\/\/hudo.com\/si\/#organization\",\"name\":\"VSN Media\",\"url\":\"https:\/\/hudo.com\/si\/\",\"logo\":{\"@type\":\"ImageObject\",\"inLanguage\":\"sl-SI\",\"@id\":\"https:\/\/hudo.com\/si\/#\/schema\/logo\/image\/\",\"url\":\"https:\/\/hudo.com\/si\/wp-content\/uploads\/sites\/2\/2021\/03\/hudo-app-2.png\",\"contentUrl\":\"https:\/\/hudo.com\/si\/wp-content\/uploads\/sites\/2\/2021\/03\/hudo-app-2.png\",\"width\":2185,\"height\":2167,\"caption\":\"VSN Media\"},\"image\":{\"@id\":\"https:\/\/hudo.com\/si\/#\/schema\/logo\/image\/\"},\"sameAs\":[\"https:\/\/www.facebook.com\/hudo.si\",\"https:\/\/twitter.com\/hudo_si\"]},{\"@type\":\"Person\",\"@id\":\"https:\/\/hudo.com\/si\/#\/schema\/person\/2391667a63ea075ba94f2f2dc6b77537\",\"name\":\"A. G., STA\",\"image\":{\"@type\":\"ImageObject\",\"inLanguage\":\"sl-SI\",\"@id\":\"https:\/\/hudo.com\/si\/#\/schema\/person\/image\/\",\"url\":\"https:\/\/secure.gravatar.com\/avatar\/e13d22ac3e442658d5025fbbe6238a79?s=96&d=mm&r=g\",\"contentUrl\":\"https:\/\/secure.gravatar.com\/avatar\/e13d22ac3e442658d5025fbbe6238a79?s=96&d=mm&r=g\",\"caption\":\"A. G., STA\"},\"url\":\"https:\/\/hudo.com\/si\/author\/alenka\/\"}]}<\/script>\n<!-- \/ Yoast SEO plugin. -->","yoast_head_json":{"title":"\"Tretji val bo zelo zagoneten, ker zdravniki ne bodo vedeli, ali ima bolnik gripo ali covid-19\" - Hudo Slovenija","robots":{"index":"index","follow":"follow","max-snippet":"max-snippet:-1","max-image-preview":"max-image-preview:large","max-video-preview":"max-video-preview:-1"},"canonical":"https:\/\/hudo.com\/si\/aktualno\/tretji-val-bo-zelo-zagoneten-ker-zdravniki-ne-bodo-vedeli-ali-ima-bolnik-gripo-ali-covid-19\/","og_locale":"sl_SI","og_type":"article","og_title":"\"Tretji val bo zelo zagoneten, ker zdravniki ne bodo vedeli, ali ima bolnik gripo ali covid-19\" - Hudo Slovenija","og_description":"Tretji val epidemije covida-19 je pri\u010dakovati ravno v \u010dasu sezonske gripe, je na novinarski konferenci dejala epidemiologinja Irena Grmek Ko\u0161nik s kranjske obmo\u010dne enote Nacionalnega in\u0161tituta za javno zdravje. Ta se po njenih pojasnilih navadno za\u010dne konec decembra, traja v januarju in februarju, v marcu ali aprilu pa se kon\u010da.","og_url":"https:\/\/hudo.com\/si\/aktualno\/tretji-val-bo-zelo-zagoneten-ker-zdravniki-ne-bodo-vedeli-ali-ima-bolnik-gripo-ali-covid-19\/","og_site_name":"Hudo Slovenija","article_publisher":"https:\/\/www.facebook.com\/hudo.si","article_published_time":"2020-11-02T14:54:46+00:00","og_image":[{"width":833,"height":1250,"url":"https:\/\/hudo.com\/si\/wp-content\/uploads\/sites\/2\/2020\/09\/profimedia-0541170830.jpg","type":"image\/jpeg"}],"author":"A. G., STA","twitter_card":"summary_large_image","twitter_creator":"@hudo_si","twitter_site":"@hudo_si","twitter_misc":{"Written by":"A. G., STA","Est. reading time":"1 minuta"},"schema":{"@context":"https:\/\/schema.org","@graph":[{"@type":"Article","@id":"https:\/\/hudo.com\/si\/aktualno\/tretji-val-bo-zelo-zagoneten-ker-zdravniki-ne-bodo-vedeli-ali-ima-bolnik-gripo-ali-covid-19\/#article","isPartOf":{"@id":"https:\/\/hudo.com\/si\/aktualno\/tretji-val-bo-zelo-zagoneten-ker-zdravniki-ne-bodo-vedeli-ali-ima-bolnik-gripo-ali-covid-19\/"},"author":{"name":"A. G., STA","@id":"https:\/\/hudo.com\/si\/#\/schema\/person\/2391667a63ea075ba94f2f2dc6b77537"},"headline":"&#8220;Tretji val bo zelo zagoneten, ker zdravniki ne bodo vedeli, ali ima bolnik gripo ali covid-19&#8221;","datePublished":"2020-11-02T14:54:46+00:00","dateModified":"2020-11-02T14:54:46+00:00","mainEntityOfPage":{"@id":"https:\/\/hudo.com\/si\/aktualno\/tretji-val-bo-zelo-zagoneten-ker-zdravniki-ne-bodo-vedeli-ali-ima-bolnik-gripo-ali-covid-19\/"},"wordCount":252,"publisher":{"@id":"https:\/\/hudo.com\/si\/#organization"},"keywords":["Irena Grmek Ko\u0161nik","koronavirus","Slovenija"],"articleSection":["Aktualno"],"inLanguage":"sl-SI"},{"@type":"WebPage","@id":"https:\/\/hudo.com\/si\/aktualno\/tretji-val-bo-zelo-zagoneten-ker-zdravniki-ne-bodo-vedeli-ali-ima-bolnik-gripo-ali-covid-19\/","url":"https:\/\/hudo.com\/si\/aktualno\/tretji-val-bo-zelo-zagoneten-ker-zdravniki-ne-bodo-vedeli-ali-ima-bolnik-gripo-ali-covid-19\/","name":"\"Tretji val bo zelo zagoneten, ker zdravniki ne bodo vedeli, ali ima bolnik gripo ali covid-19\" - Hudo Slovenija","isPartOf":{"@id":"https:\/\/hudo.com\/si\/#website"},"datePublished":"2020-11-02T14:54:46+00:00","dateModified":"2020-11-02T14:54:46+00:00","breadcrumb":{"@id":"https:\/\/hudo.com\/si\/aktualno\/tretji-val-bo-zelo-zagoneten-ker-zdravniki-ne-bodo-vedeli-ali-ima-bolnik-gripo-ali-covid-19\/#breadcrumb"},"inLanguage":"sl-SI","potentialAction":[{"@type":"ReadAction","target":["https:\/\/hudo.com\/si\/aktualno\/tretji-val-bo-zelo-zagoneten-ker-zdravniki-ne-bodo-vedeli-ali-ima-bolnik-gripo-ali-covid-19\/"]}]},{"@type":"BreadcrumbList","@id":"https:\/\/hudo.com\/si\/aktualno\/tretji-val-bo-zelo-zagoneten-ker-zdravniki-ne-bodo-vedeli-ali-ima-bolnik-gripo-ali-covid-19\/#breadcrumb","itemListElement":[{"@type":"ListItem","position":1,"name":"Home","item":"https:\/\/hudo.com\/si\/"},{"@type":"ListItem","position":2,"name":"&#8220;Tretji val bo zelo zagoneten, ker zdravniki ne bodo vedeli, ali ima bolnik gripo ali covid-19&#8221;"}]},{"@type":"WebSite","@id":"https:\/\/hudo.com\/si\/#website","url":"https:\/\/hudo.com\/si\/","name":"Hudo Slovenija","description":"Vse novice iz Slovenije in sveta","publisher":{"@id":"https:\/\/hudo.com\/si\/#organization"},"potentialAction":[{"@type":"SearchAction","target":{"@type":"EntryPoint","urlTemplate":"https:\/\/hudo.com\/si\/?s={search_term_string}"},"query-input":"required name=search_term_string"}],"inLanguage":"sl-SI"},{"@type":"Organization","@id":"https:\/\/hudo.com\/si\/#organization","name":"VSN Media","url":"https:\/\/hudo.com\/si\/","logo":{"@type":"ImageObject","inLanguage":"sl-SI","@id":"https:\/\/hudo.com\/si\/#\/schema\/logo\/image\/","url":"https:\/\/hudo.com\/si\/wp-content\/uploads\/sites\/2\/2021\/03\/hudo-app-2.png","contentUrl":"https:\/\/hudo.com\/si\/wp-content\/uploads\/sites\/2\/2021\/03\/hudo-app-2.png","width":2185,"height":2167,"caption":"VSN Media"},"image":{"@id":"https:\/\/hudo.com\/si\/#\/schema\/logo\/image\/"},"sameAs":["https:\/\/www.facebook.com\/hudo.si","https:\/\/twitter.com\/hudo_si"]},{"@type":"Person","@id":"https:\/\/hudo.com\/si\/#\/schema\/person\/2391667a63ea075ba94f2f2dc6b77537","name":"A. G., STA","image":{"@type":"ImageObject","inLanguage":"sl-SI","@id":"https:\/\/hudo.com\/si\/#\/schema\/person\/image\/","url":"https:\/\/secure.gravatar.com\/avatar\/e13d22ac3e442658d5025fbbe6238a79?s=96&d=mm&r=g","contentUrl":"https:\/\/secure.gravatar.com\/avatar\/e13d22ac3e442658d5025fbbe6238a79?s=96&d=mm&r=g","caption":"A. G., STA"},"url":"https:\/\/hudo.com\/si\/author\/alenka\/"}]}},"amp_enabled":true,"_links":{"self":[{"href":"https:\/\/hudo.com\/si\/wp-json\/wp\/v2\/posts\/436835"}],"collection":[{"href":"https:\/\/hudo.com\/si\/wp-json\/wp\/v2\/posts"}],"about":[{"href":"https:\/\/hudo.com\/si\/wp-json\/wp\/v2\/types\/post"}],"author":[{"embeddable":true,"href":"https:\/\/hudo.com\/si\/wp-json\/wp\/v2\/users\/5"}],"replies":[{"embeddable":true,"href":"https:\/\/hudo.com\/si\/wp-json\/wp\/v2\/comments?post=436835"}],"version-history":[{"count":1,"href":"https:\/\/hudo.com\/si\/wp-json\/wp\/v2\/posts\/436835\/revisions"}],"predecessor-version":[{"id":436836,"href":"https:\/\/hudo.com\/si\/wp-json\/wp\/v2\/posts\/436835\/revisions\/436836"}],"wp:featuredmedia":[{"embeddable":true,"href":"https:\/\/hudo.com\/si\/wp-json\/wp\/v2\/media\/433620"}],"wp:attachment":[{"href":"https:\/\/hudo.com\/si\/wp-json\/wp\/v2\/media?parent=436835"}],"wp:term":[{"taxonomy":"category","embeddable":true,"href":"https:\/\/hudo.com\/si\/wp-json\/wp\/v2\/categories?post=436835"},{"taxonomy":"post_tag","embeddable":true,"href":"https:\/\/hudo.com\/si\/wp-json\/wp\/v2\/tags?post=436835"},{"taxonomy":"source","embeddable":true,"href":"https:\/\/hudo.com\/si\/wp-json\/wp\/v2\/source?post=436835"},{"taxonomy":"supertag","embeddable":true,"href":"https:\/\/hudo.com\/si\/wp-json\/wp\/v2\/supertag?post=436835"}],"curies":[{"name":"wp","href":"https:\/\/api.w.org\/{rel}","templated":true}]}}