{"id":436887,"date":"2020-11-03T10:22:46","date_gmt":"2020-11-03T09:22:46","guid":{"rendered":"http:\/\/hudo.com\/si\/?p=436887"},"modified":"2020-11-03T10:22:46","modified_gmt":"2020-11-03T09:22:46","slug":"avstrijska-vlada-po-napadu-razglasila-tridnevno-zalovanje","status":"publish","type":"post","link":"https:\/\/hudo.com\/si\/aktualno\/avstrijska-vlada-po-napadu-razglasila-tridnevno-zalovanje\/","title":{"rendered":"Avstrijska vlada po napadu razglasila tridnevno \u017ealovanje"},"content":{"rendered":"<p>\u0160e danes bodo poleg tega vlada, avstrijski predsednik Alexander Van der Bellen, vodji obeh domov avstrijskega parlamenta in poslanskih skupin ter dunajski \u017eupan v sredi\u0161\u010du prestolnice polo\u017eili venec v spomin na \u017ertve, poro\u010da avstrijska tiskovna agencija APA.<\/p>\n<p>Napad je vlada ozna\u010dila kot &#8220;napad na svobodo in demokracijo&#8221;. &#8220;Republika Avstrija in mi kot zvezna vlada bomo svobodo, demokracijo in vrednote na\u0161ega skupnega \u017eivljenja branili odli\u010dno in z vsemi razpolo\u017eljivimi sredstvi. Poleg tega se bomo sku\u0161aj s svojimi mednarodnimi partnerji in prijatelji bojevali proti terorizmu in ekstremizmu,&#8221; so zapisali.<\/p>\n<p>Kot pojasnjuje APA, je bilo doslej v Avstriji nazadnje uradno \u017ealovanje razgla\u0161eno leta 2004, ko je umrl predsednik Thomas Klestil.<\/p>\n<p>V ponedeljkovem teroristi\u010dnem napadu so bili ubiti najmanj \u0161tirje ljudje. \u0160e 17 je bilo ranjenih, od tega se jih sedem bori za \u017eivljenje. Utrpeli so tako strelne kot tudi vbodne rane. Napadalca, ki je bil podpornik skrajne skupine Islamska dr\u017eava, je policija v posredovanju ubila, a \u0161e vedno domnevajo, da je bilo storilcev ve\u010d.<\/p>\n<p>Ljudi pozivajo, naj ostajajo doma in se izogibajo zlasti sredi\u0161\u010da Dunaja. Tam danes u\u010dencem ni treba v \u0161olo in dejansko naj bi jih v \u0161olske klopi pri\u0161lo le malo. V javnih \u0161olah se bodo \u017ertvam napada z minuto ti\u0161ine poklonili v sredo.<\/p>\n<p>V avstrijski prestolnici je danes razporejenih okoli tiso\u010d policistov, na pomo\u010d jim prihajajo tudi kolegi iz drugih zveznih de\u017eel. V okviru preiskave napada so \u017ee izvedli ve\u010d preiskav in pridr\u017eali ve\u010d ljudi.<\/p>\n","protected":false},"excerpt":{"rendered":"<p>Avstrijska vlada je po teroristi\u010dnem napadu, ki je v ponedeljek pretresel Dunaj, razglasila tridnevno \u017ealovanje, ki se za\u010denja danes in bo trajalo do vklju\u010dno \u010detrtka. Ob 12. uri se bodo \u017ertvam napada poklonili z minuto molka. Na javnih stavbah bodo zastave visele na pol droga, so danes na izrednem zasedanju sklenili ministri.<\/p>\n","protected":false},"author":8,"featured_media":436888,"comment_status":"closed","ping_status":"closed","sticky":false,"template":"","format":"standard","meta":{"footnotes":""},"categories":[1179],"tags":[1934,1949,4676,17550],"source":[4511],"supertag":[7150],"acf":[],"yoast_head":"<!-- This site is optimized with the Yoast SEO plugin v21.3 - https:\/\/yoast.com\/wordpress\/plugins\/seo\/ -->\n<title>Avstrijska vlada po napadu razglasila tridnevno \u017ealovanje - Hudo Slovenija<\/title>\n<meta name=\"robots\" content=\"index, follow, max-snippet:-1, max-image-preview:large, max-video-preview:-1\" \/>\n<link rel=\"canonical\" href=\"https:\/\/hudo.com\/si\/aktualno\/avstrijska-vlada-po-napadu-razglasila-tridnevno-zalovanje\/\" \/>\n<meta property=\"og:locale\" content=\"sl_SI\" \/>\n<meta property=\"og:type\" content=\"article\" \/>\n<meta property=\"og:title\" content=\"Avstrijska vlada po napadu razglasila tridnevno \u017ealovanje - Hudo Slovenija\" \/>\n<meta property=\"og:description\" content=\"Avstrijska vlada je po teroristi\u010dnem napadu, ki je v ponedeljek pretresel Dunaj, razglasila tridnevno \u017ealovanje, ki se za\u010denja danes in bo trajalo do vklju\u010dno \u010detrtka. Ob 12. uri se bodo \u017ertvam napada poklonili z minuto molka. Na javnih stavbah bodo zastave visele na pol droga, so danes na izrednem zasedanju sklenili ministri.\" \/>\n<meta property=\"og:url\" content=\"https:\/\/hudo.com\/si\/aktualno\/avstrijska-vlada-po-napadu-razglasila-tridnevno-zalovanje\/\" \/>\n<meta property=\"og:site_name\" content=\"Hudo Slovenija\" \/>\n<meta property=\"article:publisher\" content=\"https:\/\/www.facebook.com\/hudo.si\" \/>\n<meta property=\"article:published_time\" content=\"2020-11-03T09:22:46+00:00\" \/>\n<meta property=\"og:image\" content=\"https:\/\/hudo.com\/si\/wp-content\/uploads\/sites\/2\/2020\/11\/profimedia-0567024434.jpg\" \/>\n\t<meta property=\"og:image:width\" content=\"1250\" \/>\n\t<meta property=\"og:image:height\" content=\"833\" \/>\n\t<meta property=\"og:image:type\" content=\"image\/jpeg\" \/>\n<meta name=\"author\" content=\"M. N., STA\" \/>\n<meta name=\"twitter:card\" content=\"summary_large_image\" \/>\n<meta name=\"twitter:creator\" content=\"@hudo_si\" \/>\n<meta name=\"twitter:site\" content=\"@hudo_si\" \/>\n<meta name=\"twitter:label1\" content=\"Written by\" \/>\n\t<meta name=\"twitter:data1\" content=\"M. N., STA\" \/>\n\t<meta name=\"twitter:label2\" content=\"Est. reading time\" \/>\n\t<meta name=\"twitter:data2\" content=\"1 minuta\" \/>\n<script type=\"application\/ld+json\" class=\"yoast-schema-graph\">{\"@context\":\"https:\/\/schema.org\",\"@graph\":[{\"@type\":\"Article\",\"@id\":\"https:\/\/hudo.com\/si\/aktualno\/avstrijska-vlada-po-napadu-razglasila-tridnevno-zalovanje\/#article\",\"isPartOf\":{\"@id\":\"https:\/\/hudo.com\/si\/aktualno\/avstrijska-vlada-po-napadu-razglasila-tridnevno-zalovanje\/\"},\"author\":{\"name\":\"M. N., STA\",\"@id\":\"https:\/\/hudo.com\/si\/#\/schema\/person\/c2f10ce65d2e6ede2aeda5be2a0611fa\"},\"headline\":\"Avstrijska vlada po napadu razglasila tridnevno \u017ealovanje\",\"datePublished\":\"2020-11-03T09:22:46+00:00\",\"dateModified\":\"2020-11-03T09:22:46+00:00\",\"mainEntityOfPage\":{\"@id\":\"https:\/\/hudo.com\/si\/aktualno\/avstrijska-vlada-po-napadu-razglasila-tridnevno-zalovanje\/\"},\"wordCount\":257,\"publisher\":{\"@id\":\"https:\/\/hudo.com\/si\/#organization\"},\"keywords\":[\"Avstrija\",\"dunaj\",\"teroristi\u010dni napad\",\"teroristi\u010dni napad na Dunaju\"],\"articleSection\":[\"Aktualno\"],\"inLanguage\":\"sl-SI\"},{\"@type\":\"WebPage\",\"@id\":\"https:\/\/hudo.com\/si\/aktualno\/avstrijska-vlada-po-napadu-razglasila-tridnevno-zalovanje\/\",\"url\":\"https:\/\/hudo.com\/si\/aktualno\/avstrijska-vlada-po-napadu-razglasila-tridnevno-zalovanje\/\",\"name\":\"Avstrijska vlada po napadu razglasila tridnevno \u017ealovanje - Hudo Slovenija\",\"isPartOf\":{\"@id\":\"https:\/\/hudo.com\/si\/#website\"},\"datePublished\":\"2020-11-03T09:22:46+00:00\",\"dateModified\":\"2020-11-03T09:22:46+00:00\",\"breadcrumb\":{\"@id\":\"https:\/\/hudo.com\/si\/aktualno\/avstrijska-vlada-po-napadu-razglasila-tridnevno-zalovanje\/#breadcrumb\"},\"inLanguage\":\"sl-SI\",\"potentialAction\":[{\"@type\":\"ReadAction\",\"target\":[\"https:\/\/hudo.com\/si\/aktualno\/avstrijska-vlada-po-napadu-razglasila-tridnevno-zalovanje\/\"]}]},{\"@type\":\"BreadcrumbList\",\"@id\":\"https:\/\/hudo.com\/si\/aktualno\/avstrijska-vlada-po-napadu-razglasila-tridnevno-zalovanje\/#breadcrumb\",\"itemListElement\":[{\"@type\":\"ListItem\",\"position\":1,\"name\":\"Home\",\"item\":\"https:\/\/hudo.com\/si\/\"},{\"@type\":\"ListItem\",\"position\":2,\"name\":\"Avstrijska vlada po napadu razglasila tridnevno \u017ealovanje\"}]},{\"@type\":\"WebSite\",\"@id\":\"https:\/\/hudo.com\/si\/#website\",\"url\":\"https:\/\/hudo.com\/si\/\",\"name\":\"Hudo Slovenija\",\"description\":\"Vse novice iz Slovenije in sveta\",\"publisher\":{\"@id\":\"https:\/\/hudo.com\/si\/#organization\"},\"potentialAction\":[{\"@type\":\"SearchAction\",\"target\":{\"@type\":\"EntryPoint\",\"urlTemplate\":\"https:\/\/hudo.com\/si\/?s={search_term_string}\"},\"query-input\":\"required name=search_term_string\"}],\"inLanguage\":\"sl-SI\"},{\"@type\":\"Organization\",\"@id\":\"https:\/\/hudo.com\/si\/#organization\",\"name\":\"VSN Media\",\"url\":\"https:\/\/hudo.com\/si\/\",\"logo\":{\"@type\":\"ImageObject\",\"inLanguage\":\"sl-SI\",\"@id\":\"https:\/\/hudo.com\/si\/#\/schema\/logo\/image\/\",\"url\":\"https:\/\/hudo.com\/si\/wp-content\/uploads\/sites\/2\/2021\/03\/hudo-app-2.png\",\"contentUrl\":\"https:\/\/hudo.com\/si\/wp-content\/uploads\/sites\/2\/2021\/03\/hudo-app-2.png\",\"width\":2185,\"height\":2167,\"caption\":\"VSN Media\"},\"image\":{\"@id\":\"https:\/\/hudo.com\/si\/#\/schema\/logo\/image\/\"},\"sameAs\":[\"https:\/\/www.facebook.com\/hudo.si\",\"https:\/\/twitter.com\/hudo_si\"]},{\"@type\":\"Person\",\"@id\":\"https:\/\/hudo.com\/si\/#\/schema\/person\/c2f10ce65d2e6ede2aeda5be2a0611fa\",\"name\":\"M. N., STA\",\"image\":{\"@type\":\"ImageObject\",\"inLanguage\":\"sl-SI\",\"@id\":\"https:\/\/hudo.com\/si\/#\/schema\/person\/image\/\",\"url\":\"https:\/\/secure.gravatar.com\/avatar\/f370d38daa10467f755c5c766a4cac20?s=96&d=mm&r=g\",\"contentUrl\":\"https:\/\/secure.gravatar.com\/avatar\/f370d38daa10467f755c5c766a4cac20?s=96&d=mm&r=g\",\"caption\":\"M. N., STA\"},\"url\":\"https:\/\/hudo.com\/si\/author\/mana\/\"}]}<\/script>\n<!-- \/ Yoast SEO plugin. -->","yoast_head_json":{"title":"Avstrijska vlada po napadu razglasila tridnevno \u017ealovanje - Hudo Slovenija","robots":{"index":"index","follow":"follow","max-snippet":"max-snippet:-1","max-image-preview":"max-image-preview:large","max-video-preview":"max-video-preview:-1"},"canonical":"https:\/\/hudo.com\/si\/aktualno\/avstrijska-vlada-po-napadu-razglasila-tridnevno-zalovanje\/","og_locale":"sl_SI","og_type":"article","og_title":"Avstrijska vlada po napadu razglasila tridnevno \u017ealovanje - Hudo Slovenija","og_description":"Avstrijska vlada je po teroristi\u010dnem napadu, ki je v ponedeljek pretresel Dunaj, razglasila tridnevno \u017ealovanje, ki se za\u010denja danes in bo trajalo do vklju\u010dno \u010detrtka. Ob 12. uri se bodo \u017ertvam napada poklonili z minuto molka. Na javnih stavbah bodo zastave visele na pol droga, so danes na izrednem zasedanju sklenili ministri.","og_url":"https:\/\/hudo.com\/si\/aktualno\/avstrijska-vlada-po-napadu-razglasila-tridnevno-zalovanje\/","og_site_name":"Hudo Slovenija","article_publisher":"https:\/\/www.facebook.com\/hudo.si","article_published_time":"2020-11-03T09:22:46+00:00","og_image":[{"width":1250,"height":833,"url":"https:\/\/hudo.com\/si\/wp-content\/uploads\/sites\/2\/2020\/11\/profimedia-0567024434.jpg","type":"image\/jpeg"}],"author":"M. N., STA","twitter_card":"summary_large_image","twitter_creator":"@hudo_si","twitter_site":"@hudo_si","twitter_misc":{"Written by":"M. N., STA","Est. reading time":"1 minuta"},"schema":{"@context":"https:\/\/schema.org","@graph":[{"@type":"Article","@id":"https:\/\/hudo.com\/si\/aktualno\/avstrijska-vlada-po-napadu-razglasila-tridnevno-zalovanje\/#article","isPartOf":{"@id":"https:\/\/hudo.com\/si\/aktualno\/avstrijska-vlada-po-napadu-razglasila-tridnevno-zalovanje\/"},"author":{"name":"M. N., STA","@id":"https:\/\/hudo.com\/si\/#\/schema\/person\/c2f10ce65d2e6ede2aeda5be2a0611fa"},"headline":"Avstrijska vlada po napadu razglasila tridnevno \u017ealovanje","datePublished":"2020-11-03T09:22:46+00:00","dateModified":"2020-11-03T09:22:46+00:00","mainEntityOfPage":{"@id":"https:\/\/hudo.com\/si\/aktualno\/avstrijska-vlada-po-napadu-razglasila-tridnevno-zalovanje\/"},"wordCount":257,"publisher":{"@id":"https:\/\/hudo.com\/si\/#organization"},"keywords":["Avstrija","dunaj","teroristi\u010dni napad","teroristi\u010dni napad na Dunaju"],"articleSection":["Aktualno"],"inLanguage":"sl-SI"},{"@type":"WebPage","@id":"https:\/\/hudo.com\/si\/aktualno\/avstrijska-vlada-po-napadu-razglasila-tridnevno-zalovanje\/","url":"https:\/\/hudo.com\/si\/aktualno\/avstrijska-vlada-po-napadu-razglasila-tridnevno-zalovanje\/","name":"Avstrijska vlada po napadu razglasila tridnevno \u017ealovanje - Hudo Slovenija","isPartOf":{"@id":"https:\/\/hudo.com\/si\/#website"},"datePublished":"2020-11-03T09:22:46+00:00","dateModified":"2020-11-03T09:22:46+00:00","breadcrumb":{"@id":"https:\/\/hudo.com\/si\/aktualno\/avstrijska-vlada-po-napadu-razglasila-tridnevno-zalovanje\/#breadcrumb"},"inLanguage":"sl-SI","potentialAction":[{"@type":"ReadAction","target":["https:\/\/hudo.com\/si\/aktualno\/avstrijska-vlada-po-napadu-razglasila-tridnevno-zalovanje\/"]}]},{"@type":"BreadcrumbList","@id":"https:\/\/hudo.com\/si\/aktualno\/avstrijska-vlada-po-napadu-razglasila-tridnevno-zalovanje\/#breadcrumb","itemListElement":[{"@type":"ListItem","position":1,"name":"Home","item":"https:\/\/hudo.com\/si\/"},{"@type":"ListItem","position":2,"name":"Avstrijska vlada po napadu razglasila tridnevno \u017ealovanje"}]},{"@type":"WebSite","@id":"https:\/\/hudo.com\/si\/#website","url":"https:\/\/hudo.com\/si\/","name":"Hudo Slovenija","description":"Vse novice iz Slovenije in sveta","publisher":{"@id":"https:\/\/hudo.com\/si\/#organization"},"potentialAction":[{"@type":"SearchAction","target":{"@type":"EntryPoint","urlTemplate":"https:\/\/hudo.com\/si\/?s={search_term_string}"},"query-input":"required name=search_term_string"}],"inLanguage":"sl-SI"},{"@type":"Organization","@id":"https:\/\/hudo.com\/si\/#organization","name":"VSN Media","url":"https:\/\/hudo.com\/si\/","logo":{"@type":"ImageObject","inLanguage":"sl-SI","@id":"https:\/\/hudo.com\/si\/#\/schema\/logo\/image\/","url":"https:\/\/hudo.com\/si\/wp-content\/uploads\/sites\/2\/2021\/03\/hudo-app-2.png","contentUrl":"https:\/\/hudo.com\/si\/wp-content\/uploads\/sites\/2\/2021\/03\/hudo-app-2.png","width":2185,"height":2167,"caption":"VSN Media"},"image":{"@id":"https:\/\/hudo.com\/si\/#\/schema\/logo\/image\/"},"sameAs":["https:\/\/www.facebook.com\/hudo.si","https:\/\/twitter.com\/hudo_si"]},{"@type":"Person","@id":"https:\/\/hudo.com\/si\/#\/schema\/person\/c2f10ce65d2e6ede2aeda5be2a0611fa","name":"M. N., STA","image":{"@type":"ImageObject","inLanguage":"sl-SI","@id":"https:\/\/hudo.com\/si\/#\/schema\/person\/image\/","url":"https:\/\/secure.gravatar.com\/avatar\/f370d38daa10467f755c5c766a4cac20?s=96&d=mm&r=g","contentUrl":"https:\/\/secure.gravatar.com\/avatar\/f370d38daa10467f755c5c766a4cac20?s=96&d=mm&r=g","caption":"M. N., STA"},"url":"https:\/\/hudo.com\/si\/author\/mana\/"}]}},"amp_enabled":true,"_links":{"self":[{"href":"https:\/\/hudo.com\/si\/wp-json\/wp\/v2\/posts\/436887"}],"collection":[{"href":"https:\/\/hudo.com\/si\/wp-json\/wp\/v2\/posts"}],"about":[{"href":"https:\/\/hudo.com\/si\/wp-json\/wp\/v2\/types\/post"}],"author":[{"embeddable":true,"href":"https:\/\/hudo.com\/si\/wp-json\/wp\/v2\/users\/8"}],"replies":[{"embeddable":true,"href":"https:\/\/hudo.com\/si\/wp-json\/wp\/v2\/comments?post=436887"}],"version-history":[{"count":1,"href":"https:\/\/hudo.com\/si\/wp-json\/wp\/v2\/posts\/436887\/revisions"}],"predecessor-version":[{"id":436889,"href":"https:\/\/hudo.com\/si\/wp-json\/wp\/v2\/posts\/436887\/revisions\/436889"}],"wp:featuredmedia":[{"embeddable":true,"href":"https:\/\/hudo.com\/si\/wp-json\/wp\/v2\/media\/436888"}],"wp:attachment":[{"href":"https:\/\/hudo.com\/si\/wp-json\/wp\/v2\/media?parent=436887"}],"wp:term":[{"taxonomy":"category","embeddable":true,"href":"https:\/\/hudo.com\/si\/wp-json\/wp\/v2\/categories?post=436887"},{"taxonomy":"post_tag","embeddable":true,"href":"https:\/\/hudo.com\/si\/wp-json\/wp\/v2\/tags?post=436887"},{"taxonomy":"source","embeddable":true,"href":"https:\/\/hudo.com\/si\/wp-json\/wp\/v2\/source?post=436887"},{"taxonomy":"supertag","embeddable":true,"href":"https:\/\/hudo.com\/si\/wp-json\/wp\/v2\/supertag?post=436887"}],"curies":[{"name":"wp","href":"https:\/\/api.w.org\/{rel}","templated":true}]}}