{"id":43703,"date":"2016-05-02T14:48:00","date_gmt":"2016-05-02T12:48:00","guid":{"rendered":"http:\/\/hudo.com\/si\/2016\/05\/02\/ivan-radan-premescen-v-hisni-pripor\/"},"modified":"2016-05-03T10:12:44","modified_gmt":"2016-05-03T08:12:44","slug":"ivan-radan-premescen-v-hisni-pripor","status":"publish","type":"post","link":"https:\/\/hudo.com\/si\/aktualno\/ivan-radan-premescen-v-hisni-pripor\/","title":{"rendered":"Ivan Radan preme\u0161\u010den v hi\u0161ni pripor"},"content":{"rendered":"<p>Kategorija: Kronika Mon, 02 May 2016 16:48:00 +0200  Ljubljana &#8211; Zdravnik Ivan Radan, ki mu to\u017eilstvo o\u010dita, da je iz morilske sle ubil \u0161est svojih bolnikov, je v \u010detrtek, v poznih popoldanskih urah zapustil zapor na Pov\u0161etovi ulici v Ljubljani in se preselil nedale\u010d stran. Predsednik sodnega senata Boris Gabrijel Horvat je namre\u010d zanj odredil hi\u0161ni pripor, \u010de se je to\u017eilstvo na to odlo\u010ditev prito\u017eilo, pa bo znano v prihodnjih dneh. Zaradi praznikov namre\u010d sklepa o nadomestitvi pripora s hi\u0161nim priporom za obdol\u017eenega Radana \u0161e niso prejele vse stranke v postopku. Radana so domov pospremili pravosodni policisti, zdaj pa ga ob nenapovedanih urah obiskujejo ljubljanski policisti. Kristan Radan je za Delo povedal, da se brat \u0161e prilagaja na nov na\u010din \u017eivljenja, obiskovati pa ga smeta le on in njegova soproga, ki pa je v tujini. Preiskovalna sodnica je 18. maja lani\u00a0&#8230;<\/p>\n","protected":false},"excerpt":{"rendered":"<p>Kategorija: Kronika Mon, 02 May 2016 16:48:00 +0200  Ljubljana &#8211; Zdravnik Ivan Radan, ki mu to\u017eilstvo o\u010dita, da je iz morilske sle ubil \u0161est svojih bolnikov, je v \u010detrtek, v poznih popoldanskih urah zapustil zapor na Pov\u0161etovi ulici v Ljubljani in se preselil nedale\u010d stran. Predsednik sodnega senata Boris Gabrijel Horvat je namre\u010d zanj odredil hi\u0161ni pripor, \u010de se je to\u017eilstvo na to odlo\u010ditev prito\u017eilo, pa bo znano v prihodnjih dneh. Zaradi praznikov namre\u010d sklepa o nadomestitvi pripora s hi\u0161nim priporom za obdol\u017eenega Radana \u0161e niso prejele vse stranke v postopku. Radana so domov pospremili pravosodni policisti, zdaj pa ga ob nenapovedanih urah obiskujejo ljubljanski policisti. Kristan Radan je za Delo povedal, da se brat \u0161e prilagaja na nov na\u010din \u017eivljenja, obiskovati pa ga smeta le on in njegova soproga, ki pa je v tujini. Preiskovalna sodnica je 18. maja lani\u00a0&#8230;<\/p>\n","protected":false},"author":1,"featured_media":0,"comment_status":"closed","ping_status":"closed","sticky":false,"template":"","format":"standard","meta":{"footnotes":""},"categories":[1179],"tags":[],"source":[4511],"supertag":[],"acf":[],"yoast_head":"<!-- This site is optimized with the Yoast SEO plugin v21.3 - https:\/\/yoast.com\/wordpress\/plugins\/seo\/ -->\n<title>Ivan Radan preme\u0161\u010den v hi\u0161ni pripor - Hudo Slovenija<\/title>\n<meta name=\"robots\" content=\"index, follow, max-snippet:-1, max-image-preview:large, max-video-preview:-1\" \/>\n<link rel=\"canonical\" href=\"https:\/\/hudo.com\/si\/aktualno\/ivan-radan-premescen-v-hisni-pripor\/\" \/>\n<meta property=\"og:locale\" content=\"sl_SI\" \/>\n<meta property=\"og:type\" content=\"article\" \/>\n<meta property=\"og:title\" content=\"Ivan Radan preme\u0161\u010den v hi\u0161ni pripor - Hudo Slovenija\" \/>\n<meta property=\"og:description\" content=\"Kategorija: Kronika Mon, 02 May 2016 16:48:00 +0200 Ljubljana - Zdravnik Ivan Radan, ki mu to\u017eilstvo o\u010dita, da je iz morilske sle ubil \u0161est svojih bolnikov, je v \u010detrtek, v poznih popoldanskih urah zapustil zapor na Pov\u0161etovi ulici v Ljubljani in se preselil nedale\u010d stran. Predsednik sodnega senata Boris Gabrijel Horvat je namre\u010d zanj odredil hi\u0161ni pripor, \u010de se je to\u017eilstvo na to odlo\u010ditev prito\u017eilo, pa bo znano v prihodnjih dneh. Zaradi praznikov namre\u010d sklepa o nadomestitvi pripora s hi\u0161nim priporom za obdol\u017eenega Radana \u0161e niso prejele vse stranke v postopku. Radana so domov pospremili pravosodni policisti, zdaj pa ga ob nenapovedanih urah obiskujejo ljubljanski policisti. Kristan Radan je za Delo povedal, da se brat \u0161e prilagaja na nov na\u010din \u017eivljenja, obiskovati pa ga smeta le on in njegova soproga, ki pa je v tujini. Preiskovalna sodnica je 18. maja lani\u00a0...\" \/>\n<meta property=\"og:url\" content=\"https:\/\/hudo.com\/si\/aktualno\/ivan-radan-premescen-v-hisni-pripor\/\" \/>\n<meta property=\"og:site_name\" content=\"Hudo Slovenija\" \/>\n<meta property=\"article:publisher\" content=\"https:\/\/www.facebook.com\/hudo.si\" \/>\n<meta property=\"article:published_time\" content=\"2016-05-02T12:48:00+00:00\" \/>\n<meta property=\"article:modified_time\" content=\"2016-05-03T08:12:44+00:00\" \/>\n<meta property=\"og:image\" content=\"https:\/\/hudo.com\/si\/wp-content\/uploads\/sites\/2\/2016\/05\/480x290_Kronika__Delo_Foto_20160407_hires0.jpeg\" \/>\n\t<meta property=\"og:image:width\" content=\"480\" \/>\n\t<meta property=\"og:image:height\" content=\"290\" \/>\n\t<meta property=\"og:image:type\" content=\"image\/jpeg\" \/>\n<meta name=\"author\" content=\"hudo\" \/>\n<meta name=\"twitter:card\" content=\"summary_large_image\" \/>\n<meta name=\"twitter:creator\" content=\"@hudo_si\" \/>\n<meta name=\"twitter:site\" content=\"@hudo_si\" \/>\n<meta name=\"twitter:label1\" content=\"Written by\" \/>\n\t<meta name=\"twitter:data1\" content=\"hudo\" \/>\n\t<meta name=\"twitter:label2\" content=\"Est. reading time\" \/>\n\t<meta name=\"twitter:data2\" content=\"1 minuta\" \/>\n<script type=\"application\/ld+json\" class=\"yoast-schema-graph\">{\"@context\":\"https:\/\/schema.org\",\"@graph\":[{\"@type\":\"Article\",\"@id\":\"https:\/\/hudo.com\/si\/aktualno\/ivan-radan-premescen-v-hisni-pripor\/#article\",\"isPartOf\":{\"@id\":\"https:\/\/hudo.com\/si\/aktualno\/ivan-radan-premescen-v-hisni-pripor\/\"},\"author\":{\"name\":\"hudo\",\"@id\":\"https:\/\/hudo.com\/si\/#\/schema\/person\/601cf3379633985b20f7e50f2bb47707\"},\"headline\":\"Ivan Radan preme\u0161\u010den v hi\u0161ni pripor\",\"datePublished\":\"2016-05-02T12:48:00+00:00\",\"dateModified\":\"2016-05-03T08:12:44+00:00\",\"mainEntityOfPage\":{\"@id\":\"https:\/\/hudo.com\/si\/aktualno\/ivan-radan-premescen-v-hisni-pripor\/\"},\"wordCount\":154,\"publisher\":{\"@id\":\"https:\/\/hudo.com\/si\/#organization\"},\"articleSection\":[\"Aktualno\"],\"inLanguage\":\"sl-SI\"},{\"@type\":\"WebPage\",\"@id\":\"https:\/\/hudo.com\/si\/aktualno\/ivan-radan-premescen-v-hisni-pripor\/\",\"url\":\"https:\/\/hudo.com\/si\/aktualno\/ivan-radan-premescen-v-hisni-pripor\/\",\"name\":\"Ivan Radan preme\u0161\u010den v hi\u0161ni pripor - Hudo Slovenija\",\"isPartOf\":{\"@id\":\"https:\/\/hudo.com\/si\/#website\"},\"datePublished\":\"2016-05-02T12:48:00+00:00\",\"dateModified\":\"2016-05-03T08:12:44+00:00\",\"breadcrumb\":{\"@id\":\"https:\/\/hudo.com\/si\/aktualno\/ivan-radan-premescen-v-hisni-pripor\/#breadcrumb\"},\"inLanguage\":\"sl-SI\",\"potentialAction\":[{\"@type\":\"ReadAction\",\"target\":[\"https:\/\/hudo.com\/si\/aktualno\/ivan-radan-premescen-v-hisni-pripor\/\"]}]},{\"@type\":\"BreadcrumbList\",\"@id\":\"https:\/\/hudo.com\/si\/aktualno\/ivan-radan-premescen-v-hisni-pripor\/#breadcrumb\",\"itemListElement\":[{\"@type\":\"ListItem\",\"position\":1,\"name\":\"Home\",\"item\":\"https:\/\/hudo.com\/si\/\"},{\"@type\":\"ListItem\",\"position\":2,\"name\":\"Ivan Radan preme\u0161\u010den v hi\u0161ni pripor\"}]},{\"@type\":\"WebSite\",\"@id\":\"https:\/\/hudo.com\/si\/#website\",\"url\":\"https:\/\/hudo.com\/si\/\",\"name\":\"Hudo Slovenija\",\"description\":\"Vse novice iz Slovenije in sveta\",\"publisher\":{\"@id\":\"https:\/\/hudo.com\/si\/#organization\"},\"potentialAction\":[{\"@type\":\"SearchAction\",\"target\":{\"@type\":\"EntryPoint\",\"urlTemplate\":\"https:\/\/hudo.com\/si\/?s={search_term_string}\"},\"query-input\":\"required name=search_term_string\"}],\"inLanguage\":\"sl-SI\"},{\"@type\":\"Organization\",\"@id\":\"https:\/\/hudo.com\/si\/#organization\",\"name\":\"VSN Media\",\"url\":\"https:\/\/hudo.com\/si\/\",\"logo\":{\"@type\":\"ImageObject\",\"inLanguage\":\"sl-SI\",\"@id\":\"https:\/\/hudo.com\/si\/#\/schema\/logo\/image\/\",\"url\":\"https:\/\/hudo.com\/si\/wp-content\/uploads\/sites\/2\/2021\/03\/hudo-app-2.png\",\"contentUrl\":\"https:\/\/hudo.com\/si\/wp-content\/uploads\/sites\/2\/2021\/03\/hudo-app-2.png\",\"width\":2185,\"height\":2167,\"caption\":\"VSN Media\"},\"image\":{\"@id\":\"https:\/\/hudo.com\/si\/#\/schema\/logo\/image\/\"},\"sameAs\":[\"https:\/\/www.facebook.com\/hudo.si\",\"https:\/\/twitter.com\/hudo_si\"]},{\"@type\":\"Person\",\"@id\":\"https:\/\/hudo.com\/si\/#\/schema\/person\/601cf3379633985b20f7e50f2bb47707\",\"name\":\"hudo\",\"image\":{\"@type\":\"ImageObject\",\"inLanguage\":\"sl-SI\",\"@id\":\"https:\/\/hudo.com\/si\/#\/schema\/person\/image\/\",\"url\":\"https:\/\/secure.gravatar.com\/avatar\/c4ca25fa72cace7a696b52ff5db9e095?s=96&d=mm&r=g\",\"contentUrl\":\"https:\/\/secure.gravatar.com\/avatar\/c4ca25fa72cace7a696b52ff5db9e095?s=96&d=mm&r=g\",\"caption\":\"hudo\"},\"url\":\"https:\/\/hudo.com\/si\/author\/hudo\/\"}]}<\/script>\n<!-- \/ Yoast SEO plugin. -->","yoast_head_json":{"title":"Ivan Radan preme\u0161\u010den v hi\u0161ni pripor - Hudo Slovenija","robots":{"index":"index","follow":"follow","max-snippet":"max-snippet:-1","max-image-preview":"max-image-preview:large","max-video-preview":"max-video-preview:-1"},"canonical":"https:\/\/hudo.com\/si\/aktualno\/ivan-radan-premescen-v-hisni-pripor\/","og_locale":"sl_SI","og_type":"article","og_title":"Ivan Radan preme\u0161\u010den v hi\u0161ni pripor - Hudo Slovenija","og_description":"Kategorija: Kronika Mon, 02 May 2016 16:48:00 +0200 Ljubljana - Zdravnik Ivan Radan, ki mu to\u017eilstvo o\u010dita, da je iz morilske sle ubil \u0161est svojih bolnikov, je v \u010detrtek, v poznih popoldanskih urah zapustil zapor na Pov\u0161etovi ulici v Ljubljani in se preselil nedale\u010d stran. Predsednik sodnega senata Boris Gabrijel Horvat je namre\u010d zanj odredil hi\u0161ni pripor, \u010de se je to\u017eilstvo na to odlo\u010ditev prito\u017eilo, pa bo znano v prihodnjih dneh. Zaradi praznikov namre\u010d sklepa o nadomestitvi pripora s hi\u0161nim priporom za obdol\u017eenega Radana \u0161e niso prejele vse stranke v postopku. Radana so domov pospremili pravosodni policisti, zdaj pa ga ob nenapovedanih urah obiskujejo ljubljanski policisti. Kristan Radan je za Delo povedal, da se brat \u0161e prilagaja na nov na\u010din \u017eivljenja, obiskovati pa ga smeta le on in njegova soproga, ki pa je v tujini. Preiskovalna sodnica je 18. maja lani\u00a0...","og_url":"https:\/\/hudo.com\/si\/aktualno\/ivan-radan-premescen-v-hisni-pripor\/","og_site_name":"Hudo Slovenija","article_publisher":"https:\/\/www.facebook.com\/hudo.si","article_published_time":"2016-05-02T12:48:00+00:00","article_modified_time":"2016-05-03T08:12:44+00:00","og_image":[{"width":480,"height":290,"url":"https:\/\/hudo.com\/si\/wp-content\/uploads\/sites\/2\/2016\/05\/480x290_Kronika__Delo_Foto_20160407_hires0.jpeg","type":"image\/jpeg"}],"author":"hudo","twitter_card":"summary_large_image","twitter_creator":"@hudo_si","twitter_site":"@hudo_si","twitter_misc":{"Written by":"hudo","Est. reading time":"1 minuta"},"schema":{"@context":"https:\/\/schema.org","@graph":[{"@type":"Article","@id":"https:\/\/hudo.com\/si\/aktualno\/ivan-radan-premescen-v-hisni-pripor\/#article","isPartOf":{"@id":"https:\/\/hudo.com\/si\/aktualno\/ivan-radan-premescen-v-hisni-pripor\/"},"author":{"name":"hudo","@id":"https:\/\/hudo.com\/si\/#\/schema\/person\/601cf3379633985b20f7e50f2bb47707"},"headline":"Ivan Radan preme\u0161\u010den v hi\u0161ni pripor","datePublished":"2016-05-02T12:48:00+00:00","dateModified":"2016-05-03T08:12:44+00:00","mainEntityOfPage":{"@id":"https:\/\/hudo.com\/si\/aktualno\/ivan-radan-premescen-v-hisni-pripor\/"},"wordCount":154,"publisher":{"@id":"https:\/\/hudo.com\/si\/#organization"},"articleSection":["Aktualno"],"inLanguage":"sl-SI"},{"@type":"WebPage","@id":"https:\/\/hudo.com\/si\/aktualno\/ivan-radan-premescen-v-hisni-pripor\/","url":"https:\/\/hudo.com\/si\/aktualno\/ivan-radan-premescen-v-hisni-pripor\/","name":"Ivan Radan preme\u0161\u010den v hi\u0161ni pripor - Hudo Slovenija","isPartOf":{"@id":"https:\/\/hudo.com\/si\/#website"},"datePublished":"2016-05-02T12:48:00+00:00","dateModified":"2016-05-03T08:12:44+00:00","breadcrumb":{"@id":"https:\/\/hudo.com\/si\/aktualno\/ivan-radan-premescen-v-hisni-pripor\/#breadcrumb"},"inLanguage":"sl-SI","potentialAction":[{"@type":"ReadAction","target":["https:\/\/hudo.com\/si\/aktualno\/ivan-radan-premescen-v-hisni-pripor\/"]}]},{"@type":"BreadcrumbList","@id":"https:\/\/hudo.com\/si\/aktualno\/ivan-radan-premescen-v-hisni-pripor\/#breadcrumb","itemListElement":[{"@type":"ListItem","position":1,"name":"Home","item":"https:\/\/hudo.com\/si\/"},{"@type":"ListItem","position":2,"name":"Ivan Radan preme\u0161\u010den v hi\u0161ni pripor"}]},{"@type":"WebSite","@id":"https:\/\/hudo.com\/si\/#website","url":"https:\/\/hudo.com\/si\/","name":"Hudo Slovenija","description":"Vse novice iz Slovenije in sveta","publisher":{"@id":"https:\/\/hudo.com\/si\/#organization"},"potentialAction":[{"@type":"SearchAction","target":{"@type":"EntryPoint","urlTemplate":"https:\/\/hudo.com\/si\/?s={search_term_string}"},"query-input":"required name=search_term_string"}],"inLanguage":"sl-SI"},{"@type":"Organization","@id":"https:\/\/hudo.com\/si\/#organization","name":"VSN Media","url":"https:\/\/hudo.com\/si\/","logo":{"@type":"ImageObject","inLanguage":"sl-SI","@id":"https:\/\/hudo.com\/si\/#\/schema\/logo\/image\/","url":"https:\/\/hudo.com\/si\/wp-content\/uploads\/sites\/2\/2021\/03\/hudo-app-2.png","contentUrl":"https:\/\/hudo.com\/si\/wp-content\/uploads\/sites\/2\/2021\/03\/hudo-app-2.png","width":2185,"height":2167,"caption":"VSN Media"},"image":{"@id":"https:\/\/hudo.com\/si\/#\/schema\/logo\/image\/"},"sameAs":["https:\/\/www.facebook.com\/hudo.si","https:\/\/twitter.com\/hudo_si"]},{"@type":"Person","@id":"https:\/\/hudo.com\/si\/#\/schema\/person\/601cf3379633985b20f7e50f2bb47707","name":"hudo","image":{"@type":"ImageObject","inLanguage":"sl-SI","@id":"https:\/\/hudo.com\/si\/#\/schema\/person\/image\/","url":"https:\/\/secure.gravatar.com\/avatar\/c4ca25fa72cace7a696b52ff5db9e095?s=96&d=mm&r=g","contentUrl":"https:\/\/secure.gravatar.com\/avatar\/c4ca25fa72cace7a696b52ff5db9e095?s=96&d=mm&r=g","caption":"hudo"},"url":"https:\/\/hudo.com\/si\/author\/hudo\/"}]}},"amp_enabled":true,"_links":{"self":[{"href":"https:\/\/hudo.com\/si\/wp-json\/wp\/v2\/posts\/43703"}],"collection":[{"href":"https:\/\/hudo.com\/si\/wp-json\/wp\/v2\/posts"}],"about":[{"href":"https:\/\/hudo.com\/si\/wp-json\/wp\/v2\/types\/post"}],"author":[{"embeddable":true,"href":"https:\/\/hudo.com\/si\/wp-json\/wp\/v2\/users\/1"}],"replies":[{"embeddable":true,"href":"https:\/\/hudo.com\/si\/wp-json\/wp\/v2\/comments?post=43703"}],"version-history":[{"count":1,"href":"https:\/\/hudo.com\/si\/wp-json\/wp\/v2\/posts\/43703\/revisions"}],"predecessor-version":[{"id":43732,"href":"https:\/\/hudo.com\/si\/wp-json\/wp\/v2\/posts\/43703\/revisions\/43732"}],"wp:attachment":[{"href":"https:\/\/hudo.com\/si\/wp-json\/wp\/v2\/media?parent=43703"}],"wp:term":[{"taxonomy":"category","embeddable":true,"href":"https:\/\/hudo.com\/si\/wp-json\/wp\/v2\/categories?post=43703"},{"taxonomy":"post_tag","embeddable":true,"href":"https:\/\/hudo.com\/si\/wp-json\/wp\/v2\/tags?post=43703"},{"taxonomy":"source","embeddable":true,"href":"https:\/\/hudo.com\/si\/wp-json\/wp\/v2\/source?post=43703"},{"taxonomy":"supertag","embeddable":true,"href":"https:\/\/hudo.com\/si\/wp-json\/wp\/v2\/supertag?post=43703"}],"curies":[{"name":"wp","href":"https:\/\/api.w.org\/{rel}","templated":true}]}}