{"id":43750,"date":"2016-05-02T16:00:00","date_gmt":"2016-05-02T14:00:00","guid":{"rendered":"http:\/\/hudo.com\/si\/2016\/05\/02\/spanija-pred-prvimi-predcasnimi-volitvami\/"},"modified":"2016-05-03T00:16:29","modified_gmt":"2016-05-02T22:16:29","slug":"spanija-pred-prvimi-predcasnimi-volitvami","status":"publish","type":"post","link":"https:\/\/hudo.com\/si\/aktualno\/spanija-pred-prvimi-predcasnimi-volitvami\/","title":{"rendered":"\u0160panija pred prvimi pred\u010dasnimi volitvami"},"content":{"rendered":"<p>V \u0160paniji se danes izteka z ustavo dolo\u010deni rok za oblikovanje vlade po parlamentarnih volitvah 20. decembra lani. Nekaj ur pred iztekom roka ni opaziti nobenih prizadevanj za dosego dogovora o novi vladi, zato se \u0160pancem obetajo pred\u010dasne volitve 26. junija.  Pogovori o oblikovanju vladajo\u010de koalicije so se sicer v Madridu dejansko kon\u010dali \u017ee pred dnevi. Kralj Felipe VI. naj bi zato v torek razpustil parlament in razpisal pred\u010dasne volitve. To bodo prve pred\u010dasne volitve v zgodovini \u0160panije. Predvolilna kampanja naj bi se za\u010dela 10. junija.  Parlamentarne volitve niso prinesle jasnega zmagovalca &#8211; doslej vladajo\u010da Ljudska stranka pod vodstvom premierja Mariana Rajoya je sicer dobila najve\u010d glasov, 28,7 odstotka, a premalo za samostojno vladanje.  Stranke so se vse od volitev neuspe\u0161no pogajale o sestavi nove vlade. Ljudska stranka ni na\u0161la koalicijske partnerke, socialisti (PSOE) pa so uspeli pridobiti podporo liberalne stranke Ciudadanos, ne pa tudi levo usmerjenega Podemosa, zaradi \u010desar ni imela zadostne ve\u010dine za oblikovanje vlade.Svet<\/p>\n","protected":false},"excerpt":{"rendered":"<p>V \u0160paniji se danes izteka z ustavo dolo\u010deni rok za oblikovanje vlade po parlamentarnih volitvah 20. decembra lani. Nekaj ur pred iztekom roka ni opaziti nobenih prizadevanj za dosego dogovora o novi vladi, zato se \u0160pancem obetajo pred\u010dasne volitve 26. junija.  Pogovori o oblikovanju vladajo\u010de koalicije so se sicer v Madridu dejansko kon\u010dali \u017ee pred dnevi. Kralj Felipe VI. naj bi zato v torek razpustil parlament in razpisal pred\u010dasne volitve. To bodo prve pred\u010dasne volitve v zgodovini \u0160panije. Predvolilna kampanja naj bi se za\u010dela 10. junija.  Parlamentarne volitve niso prinesle jasnega zmagovalca &#8211; doslej vladajo\u010da Ljudska stranka pod vodstvom premierja Mariana Rajoya je sicer dobila najve\u010d glasov, 28,7 odstotka, a premalo za samostojno vladanje.  Stranke so se vse od volitev neuspe\u0161no pogajale o sestavi nove vlade. Ljudska stranka ni na\u0161la koalicijske partnerke, socialisti (PSOE) pa so uspeli pridobiti podporo liberalne stranke Ciudadanos, ne pa tudi levo usmerjenega Podemosa, zaradi \u010desar ni imela zadostne ve\u010dine za oblikovanje vlade.Svet<\/p>\n","protected":false},"author":1,"featured_media":0,"comment_status":"closed","ping_status":"closed","sticky":false,"template":"","format":"standard","meta":{"footnotes":""},"categories":[1179],"tags":[],"source":[1711],"supertag":[],"acf":[],"yoast_head":"<!-- This site is optimized with the Yoast SEO plugin v21.3 - https:\/\/yoast.com\/wordpress\/plugins\/seo\/ -->\n<title>\u0160panija pred prvimi pred\u010dasnimi volitvami - Hudo Slovenija<\/title>\n<meta name=\"robots\" content=\"index, follow, max-snippet:-1, max-image-preview:large, max-video-preview:-1\" \/>\n<link rel=\"canonical\" href=\"https:\/\/hudo.com\/si\/aktualno\/spanija-pred-prvimi-predcasnimi-volitvami\/\" \/>\n<meta property=\"og:locale\" content=\"sl_SI\" \/>\n<meta property=\"og:type\" content=\"article\" \/>\n<meta property=\"og:title\" content=\"\u0160panija pred prvimi pred\u010dasnimi volitvami - Hudo Slovenija\" \/>\n<meta property=\"og:description\" content=\"V \u0160paniji se danes izteka z ustavo dolo\u010deni rok za oblikovanje vlade po parlamentarnih volitvah 20. decembra lani. Nekaj ur pred iztekom roka ni opaziti nobenih prizadevanj za dosego dogovora o novi vladi, zato se \u0160pancem obetajo pred\u010dasne volitve 26. junija. Pogovori o oblikovanju vladajo\u010de koalicije so se sicer v Madridu dejansko kon\u010dali \u017ee pred dnevi. Kralj Felipe VI. naj bi zato v torek razpustil parlament in razpisal pred\u010dasne volitve. To bodo prve pred\u010dasne volitve v zgodovini \u0160panije. Predvolilna kampanja naj bi se za\u010dela 10. junija. Parlamentarne volitve niso prinesle jasnega zmagovalca - doslej vladajo\u010da Ljudska stranka pod vodstvom premierja Mariana Rajoya je sicer dobila najve\u010d glasov, 28,7 odstotka, a premalo za samostojno vladanje. Stranke so se vse od volitev neuspe\u0161no pogajale o sestavi nove vlade. Ljudska stranka ni na\u0161la koalicijske partnerke, socialisti (PSOE) pa so uspeli pridobiti podporo liberalne stranke Ciudadanos, ne pa tudi levo usmerjenega Podemosa, zaradi \u010desar ni imela zadostne ve\u010dine za oblikovanje vlade.Svet\" \/>\n<meta property=\"og:url\" content=\"https:\/\/hudo.com\/si\/aktualno\/spanija-pred-prvimi-predcasnimi-volitvami\/\" \/>\n<meta property=\"og:site_name\" content=\"Hudo Slovenija\" \/>\n<meta property=\"article:publisher\" content=\"https:\/\/www.facebook.com\/hudo.si\" \/>\n<meta property=\"article:published_time\" content=\"2016-05-02T14:00:00+00:00\" \/>\n<meta property=\"article:modified_time\" content=\"2016-05-02T22:16:29+00:00\" \/>\n<meta property=\"og:image\" content=\"https:\/\/hudo.com\/si\/wp-content\/uploads\/sites\/2\/2016\/05\/05278614-300.jpg\" \/>\n\t<meta property=\"og:image:width\" content=\"450\" \/>\n\t<meta property=\"og:image:height\" content=\"312\" \/>\n\t<meta property=\"og:image:type\" content=\"image\/jpeg\" \/>\n<meta name=\"author\" content=\"hudo\" \/>\n<meta name=\"twitter:card\" content=\"summary_large_image\" \/>\n<meta name=\"twitter:creator\" content=\"@hudo_si\" \/>\n<meta name=\"twitter:site\" content=\"@hudo_si\" \/>\n<meta name=\"twitter:label1\" content=\"Written by\" \/>\n\t<meta name=\"twitter:data1\" content=\"hudo\" \/>\n\t<meta name=\"twitter:label2\" content=\"Est. reading time\" \/>\n\t<meta name=\"twitter:data2\" content=\"1 minuta\" \/>\n<script type=\"application\/ld+json\" class=\"yoast-schema-graph\">{\"@context\":\"https:\/\/schema.org\",\"@graph\":[{\"@type\":\"Article\",\"@id\":\"https:\/\/hudo.com\/si\/aktualno\/spanija-pred-prvimi-predcasnimi-volitvami\/#article\",\"isPartOf\":{\"@id\":\"https:\/\/hudo.com\/si\/aktualno\/spanija-pred-prvimi-predcasnimi-volitvami\/\"},\"author\":{\"name\":\"hudo\",\"@id\":\"https:\/\/hudo.com\/si\/#\/schema\/person\/601cf3379633985b20f7e50f2bb47707\"},\"headline\":\"\u0160panija pred prvimi pred\u010dasnimi volitvami\",\"datePublished\":\"2016-05-02T14:00:00+00:00\",\"dateModified\":\"2016-05-02T22:16:29+00:00\",\"mainEntityOfPage\":{\"@id\":\"https:\/\/hudo.com\/si\/aktualno\/spanija-pred-prvimi-predcasnimi-volitvami\/\"},\"wordCount\":171,\"publisher\":{\"@id\":\"https:\/\/hudo.com\/si\/#organization\"},\"articleSection\":[\"Aktualno\"],\"inLanguage\":\"sl-SI\"},{\"@type\":\"WebPage\",\"@id\":\"https:\/\/hudo.com\/si\/aktualno\/spanija-pred-prvimi-predcasnimi-volitvami\/\",\"url\":\"https:\/\/hudo.com\/si\/aktualno\/spanija-pred-prvimi-predcasnimi-volitvami\/\",\"name\":\"\u0160panija pred prvimi pred\u010dasnimi volitvami - Hudo Slovenija\",\"isPartOf\":{\"@id\":\"https:\/\/hudo.com\/si\/#website\"},\"datePublished\":\"2016-05-02T14:00:00+00:00\",\"dateModified\":\"2016-05-02T22:16:29+00:00\",\"breadcrumb\":{\"@id\":\"https:\/\/hudo.com\/si\/aktualno\/spanija-pred-prvimi-predcasnimi-volitvami\/#breadcrumb\"},\"inLanguage\":\"sl-SI\",\"potentialAction\":[{\"@type\":\"ReadAction\",\"target\":[\"https:\/\/hudo.com\/si\/aktualno\/spanija-pred-prvimi-predcasnimi-volitvami\/\"]}]},{\"@type\":\"BreadcrumbList\",\"@id\":\"https:\/\/hudo.com\/si\/aktualno\/spanija-pred-prvimi-predcasnimi-volitvami\/#breadcrumb\",\"itemListElement\":[{\"@type\":\"ListItem\",\"position\":1,\"name\":\"Home\",\"item\":\"https:\/\/hudo.com\/si\/\"},{\"@type\":\"ListItem\",\"position\":2,\"name\":\"\u0160panija pred prvimi pred\u010dasnimi volitvami\"}]},{\"@type\":\"WebSite\",\"@id\":\"https:\/\/hudo.com\/si\/#website\",\"url\":\"https:\/\/hudo.com\/si\/\",\"name\":\"Hudo Slovenija\",\"description\":\"Vse novice iz Slovenije in sveta\",\"publisher\":{\"@id\":\"https:\/\/hudo.com\/si\/#organization\"},\"potentialAction\":[{\"@type\":\"SearchAction\",\"target\":{\"@type\":\"EntryPoint\",\"urlTemplate\":\"https:\/\/hudo.com\/si\/?s={search_term_string}\"},\"query-input\":\"required name=search_term_string\"}],\"inLanguage\":\"sl-SI\"},{\"@type\":\"Organization\",\"@id\":\"https:\/\/hudo.com\/si\/#organization\",\"name\":\"VSN Media\",\"url\":\"https:\/\/hudo.com\/si\/\",\"logo\":{\"@type\":\"ImageObject\",\"inLanguage\":\"sl-SI\",\"@id\":\"https:\/\/hudo.com\/si\/#\/schema\/logo\/image\/\",\"url\":\"https:\/\/hudo.com\/si\/wp-content\/uploads\/sites\/2\/2021\/03\/hudo-app-2.png\",\"contentUrl\":\"https:\/\/hudo.com\/si\/wp-content\/uploads\/sites\/2\/2021\/03\/hudo-app-2.png\",\"width\":2185,\"height\":2167,\"caption\":\"VSN Media\"},\"image\":{\"@id\":\"https:\/\/hudo.com\/si\/#\/schema\/logo\/image\/\"},\"sameAs\":[\"https:\/\/www.facebook.com\/hudo.si\",\"https:\/\/twitter.com\/hudo_si\"]},{\"@type\":\"Person\",\"@id\":\"https:\/\/hudo.com\/si\/#\/schema\/person\/601cf3379633985b20f7e50f2bb47707\",\"name\":\"hudo\",\"image\":{\"@type\":\"ImageObject\",\"inLanguage\":\"sl-SI\",\"@id\":\"https:\/\/hudo.com\/si\/#\/schema\/person\/image\/\",\"url\":\"https:\/\/secure.gravatar.com\/avatar\/c4ca25fa72cace7a696b52ff5db9e095?s=96&d=mm&r=g\",\"contentUrl\":\"https:\/\/secure.gravatar.com\/avatar\/c4ca25fa72cace7a696b52ff5db9e095?s=96&d=mm&r=g\",\"caption\":\"hudo\"},\"url\":\"https:\/\/hudo.com\/si\/author\/hudo\/\"}]}<\/script>\n<!-- \/ Yoast SEO plugin. -->","yoast_head_json":{"title":"\u0160panija pred prvimi pred\u010dasnimi volitvami - Hudo Slovenija","robots":{"index":"index","follow":"follow","max-snippet":"max-snippet:-1","max-image-preview":"max-image-preview:large","max-video-preview":"max-video-preview:-1"},"canonical":"https:\/\/hudo.com\/si\/aktualno\/spanija-pred-prvimi-predcasnimi-volitvami\/","og_locale":"sl_SI","og_type":"article","og_title":"\u0160panija pred prvimi pred\u010dasnimi volitvami - Hudo Slovenija","og_description":"V \u0160paniji se danes izteka z ustavo dolo\u010deni rok za oblikovanje vlade po parlamentarnih volitvah 20. decembra lani. Nekaj ur pred iztekom roka ni opaziti nobenih prizadevanj za dosego dogovora o novi vladi, zato se \u0160pancem obetajo pred\u010dasne volitve 26. junija. Pogovori o oblikovanju vladajo\u010de koalicije so se sicer v Madridu dejansko kon\u010dali \u017ee pred dnevi. Kralj Felipe VI. naj bi zato v torek razpustil parlament in razpisal pred\u010dasne volitve. To bodo prve pred\u010dasne volitve v zgodovini \u0160panije. Predvolilna kampanja naj bi se za\u010dela 10. junija. Parlamentarne volitve niso prinesle jasnega zmagovalca - doslej vladajo\u010da Ljudska stranka pod vodstvom premierja Mariana Rajoya je sicer dobila najve\u010d glasov, 28,7 odstotka, a premalo za samostojno vladanje. Stranke so se vse od volitev neuspe\u0161no pogajale o sestavi nove vlade. Ljudska stranka ni na\u0161la koalicijske partnerke, socialisti (PSOE) pa so uspeli pridobiti podporo liberalne stranke Ciudadanos, ne pa tudi levo usmerjenega Podemosa, zaradi \u010desar ni imela zadostne ve\u010dine za oblikovanje vlade.Svet","og_url":"https:\/\/hudo.com\/si\/aktualno\/spanija-pred-prvimi-predcasnimi-volitvami\/","og_site_name":"Hudo Slovenija","article_publisher":"https:\/\/www.facebook.com\/hudo.si","article_published_time":"2016-05-02T14:00:00+00:00","article_modified_time":"2016-05-02T22:16:29+00:00","og_image":[{"width":450,"height":312,"url":"https:\/\/hudo.com\/si\/wp-content\/uploads\/sites\/2\/2016\/05\/05278614-300.jpg","type":"image\/jpeg"}],"author":"hudo","twitter_card":"summary_large_image","twitter_creator":"@hudo_si","twitter_site":"@hudo_si","twitter_misc":{"Written by":"hudo","Est. reading time":"1 minuta"},"schema":{"@context":"https:\/\/schema.org","@graph":[{"@type":"Article","@id":"https:\/\/hudo.com\/si\/aktualno\/spanija-pred-prvimi-predcasnimi-volitvami\/#article","isPartOf":{"@id":"https:\/\/hudo.com\/si\/aktualno\/spanija-pred-prvimi-predcasnimi-volitvami\/"},"author":{"name":"hudo","@id":"https:\/\/hudo.com\/si\/#\/schema\/person\/601cf3379633985b20f7e50f2bb47707"},"headline":"\u0160panija pred prvimi pred\u010dasnimi volitvami","datePublished":"2016-05-02T14:00:00+00:00","dateModified":"2016-05-02T22:16:29+00:00","mainEntityOfPage":{"@id":"https:\/\/hudo.com\/si\/aktualno\/spanija-pred-prvimi-predcasnimi-volitvami\/"},"wordCount":171,"publisher":{"@id":"https:\/\/hudo.com\/si\/#organization"},"articleSection":["Aktualno"],"inLanguage":"sl-SI"},{"@type":"WebPage","@id":"https:\/\/hudo.com\/si\/aktualno\/spanija-pred-prvimi-predcasnimi-volitvami\/","url":"https:\/\/hudo.com\/si\/aktualno\/spanija-pred-prvimi-predcasnimi-volitvami\/","name":"\u0160panija pred prvimi pred\u010dasnimi volitvami - Hudo Slovenija","isPartOf":{"@id":"https:\/\/hudo.com\/si\/#website"},"datePublished":"2016-05-02T14:00:00+00:00","dateModified":"2016-05-02T22:16:29+00:00","breadcrumb":{"@id":"https:\/\/hudo.com\/si\/aktualno\/spanija-pred-prvimi-predcasnimi-volitvami\/#breadcrumb"},"inLanguage":"sl-SI","potentialAction":[{"@type":"ReadAction","target":["https:\/\/hudo.com\/si\/aktualno\/spanija-pred-prvimi-predcasnimi-volitvami\/"]}]},{"@type":"BreadcrumbList","@id":"https:\/\/hudo.com\/si\/aktualno\/spanija-pred-prvimi-predcasnimi-volitvami\/#breadcrumb","itemListElement":[{"@type":"ListItem","position":1,"name":"Home","item":"https:\/\/hudo.com\/si\/"},{"@type":"ListItem","position":2,"name":"\u0160panija pred prvimi pred\u010dasnimi volitvami"}]},{"@type":"WebSite","@id":"https:\/\/hudo.com\/si\/#website","url":"https:\/\/hudo.com\/si\/","name":"Hudo Slovenija","description":"Vse novice iz Slovenije in sveta","publisher":{"@id":"https:\/\/hudo.com\/si\/#organization"},"potentialAction":[{"@type":"SearchAction","target":{"@type":"EntryPoint","urlTemplate":"https:\/\/hudo.com\/si\/?s={search_term_string}"},"query-input":"required name=search_term_string"}],"inLanguage":"sl-SI"},{"@type":"Organization","@id":"https:\/\/hudo.com\/si\/#organization","name":"VSN Media","url":"https:\/\/hudo.com\/si\/","logo":{"@type":"ImageObject","inLanguage":"sl-SI","@id":"https:\/\/hudo.com\/si\/#\/schema\/logo\/image\/","url":"https:\/\/hudo.com\/si\/wp-content\/uploads\/sites\/2\/2021\/03\/hudo-app-2.png","contentUrl":"https:\/\/hudo.com\/si\/wp-content\/uploads\/sites\/2\/2021\/03\/hudo-app-2.png","width":2185,"height":2167,"caption":"VSN Media"},"image":{"@id":"https:\/\/hudo.com\/si\/#\/schema\/logo\/image\/"},"sameAs":["https:\/\/www.facebook.com\/hudo.si","https:\/\/twitter.com\/hudo_si"]},{"@type":"Person","@id":"https:\/\/hudo.com\/si\/#\/schema\/person\/601cf3379633985b20f7e50f2bb47707","name":"hudo","image":{"@type":"ImageObject","inLanguage":"sl-SI","@id":"https:\/\/hudo.com\/si\/#\/schema\/person\/image\/","url":"https:\/\/secure.gravatar.com\/avatar\/c4ca25fa72cace7a696b52ff5db9e095?s=96&d=mm&r=g","contentUrl":"https:\/\/secure.gravatar.com\/avatar\/c4ca25fa72cace7a696b52ff5db9e095?s=96&d=mm&r=g","caption":"hudo"},"url":"https:\/\/hudo.com\/si\/author\/hudo\/"}]}},"amp_enabled":true,"_links":{"self":[{"href":"https:\/\/hudo.com\/si\/wp-json\/wp\/v2\/posts\/43750"}],"collection":[{"href":"https:\/\/hudo.com\/si\/wp-json\/wp\/v2\/posts"}],"about":[{"href":"https:\/\/hudo.com\/si\/wp-json\/wp\/v2\/types\/post"}],"author":[{"embeddable":true,"href":"https:\/\/hudo.com\/si\/wp-json\/wp\/v2\/users\/1"}],"replies":[{"embeddable":true,"href":"https:\/\/hudo.com\/si\/wp-json\/wp\/v2\/comments?post=43750"}],"version-history":[{"count":1,"href":"https:\/\/hudo.com\/si\/wp-json\/wp\/v2\/posts\/43750\/revisions"}],"predecessor-version":[{"id":43771,"href":"https:\/\/hudo.com\/si\/wp-json\/wp\/v2\/posts\/43750\/revisions\/43771"}],"wp:attachment":[{"href":"https:\/\/hudo.com\/si\/wp-json\/wp\/v2\/media?parent=43750"}],"wp:term":[{"taxonomy":"category","embeddable":true,"href":"https:\/\/hudo.com\/si\/wp-json\/wp\/v2\/categories?post=43750"},{"taxonomy":"post_tag","embeddable":true,"href":"https:\/\/hudo.com\/si\/wp-json\/wp\/v2\/tags?post=43750"},{"taxonomy":"source","embeddable":true,"href":"https:\/\/hudo.com\/si\/wp-json\/wp\/v2\/source?post=43750"},{"taxonomy":"supertag","embeddable":true,"href":"https:\/\/hudo.com\/si\/wp-json\/wp\/v2\/supertag?post=43750"}],"curies":[{"name":"wp","href":"https:\/\/api.w.org\/{rel}","templated":true}]}}