{"id":43767,"date":"2016-05-02T17:15:00","date_gmt":"2016-05-02T15:15:00","guid":{"rendered":"http:\/\/hudo.com\/si\/2016\/05\/02\/sef-hrvaskih-obvescevalcev-odstopil\/"},"modified":"2016-05-03T15:07:58","modified_gmt":"2016-05-03T13:07:58","slug":"sef-hrvaskih-obvescevalcev-odstopil","status":"publish","type":"post","link":"https:\/\/hudo.com\/si\/aktualno\/sef-hrvaskih-obvescevalcev-odstopil\/","title":{"rendered":"\u0160ef hrva\u0161kih obve\u0161\u010devalcev odstopil"},"content":{"rendered":"<p>S polo\u017eaja direktorja hrva\u0161ke varnostno-obve\u0161\u010devalne agencije (Soa) je danes odstopil Dragan Lozan\u010di\u0107, so potrdili v hrva\u0161ki vladi in uradu predsednice dr\u017eave. Odstop Lozan\u010di\u0107a je pred tremi meseci zahtevala hrva\u0161ka predsednica Kolinda Grabar-Kitarovi\u0107, a premier Tihomir Ore\u0161kovi\u0107 ni \u017eelel dati podpisa za njegovo odstavitev.  Lozan\u010di\u0107 je z dana\u0161njim odstopom odprl vrata za postopek imenovanja svojega naslednika. To bo, kot ka\u017ee, Daniel Marki\u0107, o katerem sta pred nekaj tedni sogla\u0161ala Grabar-Kitarovi\u0107eva in Ore\u0161kovi\u0107. Lozan\u010di\u0107u bi sicer mandat potekel oktobra letos.  Mnenje o novem direktorju varnostno-obve\u0161\u010devalne slu\u017ebe bodo v sredo dali tudi \u010dlani saborskega odbora za notranjo politiko in nacionalno varnost, a bo ta del seje po napovedih zaprt za javnost.  Predsednik odbora Ranko Ostoji\u0107 (SDP) je v preteklih tednih zavra\u010dal sklic seje, ker je zahteval pojasnila o razlogih za odstavitev Lozan\u010di\u0107a, za katerega je Grabar-Kitarovi\u0107eva trdila, da mora odstopiti, ker je kr\u0161il zakone.  Predsednica dr\u017eave naj bi zamerila Lozan\u010di\u0107u, ker je ni opozoril, da se ji nameravajo pribli\u017eati osebe, ki so jih spremljale varnostne slu\u017ebe. Domnevno naj bi \u0161lo za lanske stike Grabar-Kitarovi\u0107eve z izvr\u0161nim predsednikom nogometnega mo\u0161tva Dinamo Zdravkom Mami\u0107em, ki je osumljen ve\u010d kaznivih dejanj.  Lozan\u010di\u0107 naj bi o teh sre\u010danjih obvestil takratnega premiera Zorana Milanovi\u0107a, da bi imel material, s katerim bi lahko kompromitirali predsednico, so za hrva\u0161ke medije povedali neimenovani viri iz urada predsednice dr\u017eave.  Grabar-Kitarovi\u0107eva naj bi izpostavila tudi nekatere druge domnevne napake Lozan\u010di\u0107a, ki so ga v Sloveniji in na Hrva\u0161kem omenjali kot glavnega pri razkritju pogovorov med slovensko agentko Simono Drenik in nekdanjim slovenskim arbitrom Jernejem Sekolcem, zaradi \u010desar se je Hrva\u0161ka odlo\u010dila za izstop iz arbitra\u017enega postopka o meji.  Verjetni novi \u0161ef hrva\u0161kih obve\u0161\u010devalcev Marki\u0107 je ve\u010d kot 20 let v hrva\u0161kih varnostno-obve\u0161\u010devalnih slu\u017ebah. Marki\u0107, ki ima tudi francosko<\/p>\n","protected":false},"excerpt":{"rendered":"<p>S polo\u017eaja direktorja hrva\u0161ke varnostno-obve\u0161\u010devalne agencije (Soa) je danes odstopil Dragan Lozan\u010di\u0107, so potrdili v hrva\u0161ki vladi in uradu predsednice dr\u017eave. Odstop Lozan\u010di\u0107a je pred tremi meseci zahtevala hrva\u0161ka predsednica Kolinda Grabar-Kitarovi\u0107, a premier Tihomir Ore\u0161kovi\u0107 ni \u017eelel dati podpisa za njegovo odstavitev.  Lozan\u010di\u0107 je z dana\u0161njim odstopom odprl vrata za postopek imenovanja svojega naslednika. To bo, kot ka\u017ee, Daniel Marki\u0107, o katerem sta pred nekaj tedni sogla\u0161ala Grabar-Kitarovi\u0107eva in Ore\u0161kovi\u0107. Lozan\u010di\u0107u bi sicer mandat potekel oktobra letos.  Mnenje o novem direktorju varnostno-obve\u0161\u010devalne slu\u017ebe bodo v sredo dali tudi \u010dlani saborskega odbora za notranjo politiko in nacionalno varnost, a bo ta del seje po napovedih zaprt za javnost.  Predsednik odbora Ranko Ostoji\u0107 (SDP) je v preteklih tednih zavra\u010dal sklic seje, ker je zahteval pojasnila o razlogih za odstavitev Lozan\u010di\u0107a, za katerega je Grabar-Kitarovi\u0107eva trdila, da mora odstopiti, ker je kr\u0161il zakone.  Predsednica dr\u017eave naj bi zamerila Lozan\u010di\u0107u, ker je ni opozoril, da se ji nameravajo pribli\u017eati osebe, ki so jih spremljale varnostne slu\u017ebe. Domnevno naj bi \u0161lo za lanske stike Grabar-Kitarovi\u0107eve z izvr\u0161nim predsednikom nogometnega mo\u0161tva Dinamo Zdravkom Mami\u0107em, ki je osumljen ve\u010d kaznivih dejanj.  Lozan\u010di\u0107 naj bi o teh sre\u010danjih obvestil takratnega premiera Zorana Milanovi\u0107a, da bi imel material, s katerim bi lahko kompromitirali predsednico, so za hrva\u0161ke medije povedali neimenovani viri iz urada predsednice dr\u017eave.  Grabar-Kitarovi\u0107eva naj bi izpostavila tudi nekatere druge domnevne napake Lozan\u010di\u0107a, ki so ga v Sloveniji in na Hrva\u0161kem omenjali kot glavnega pri razkritju pogovorov med slovensko agentko Simono Drenik in nekdanjim slovenskim arbitrom Jernejem Sekolcem, zaradi \u010desar se je Hrva\u0161ka odlo\u010dila za izstop iz arbitra\u017enega postopka o meji.  Verjetni novi \u0161ef hrva\u0161kih obve\u0161\u010devalcev Marki\u0107 je ve\u010d kot 20 let v hrva\u0161kih varnostno-obve\u0161\u010devalnih slu\u017ebah. Marki\u0107, ki ima tudi francosko<\/p>\n","protected":false},"author":1,"featured_media":0,"comment_status":"closed","ping_status":"closed","sticky":false,"template":"","format":"standard","meta":{"footnotes":""},"categories":[1179],"tags":[],"source":[1711],"supertag":[],"acf":[],"yoast_head":"<!-- This site is optimized with the Yoast SEO plugin v21.3 - https:\/\/yoast.com\/wordpress\/plugins\/seo\/ -->\n<title>\u0160ef hrva\u0161kih obve\u0161\u010devalcev odstopil - Hudo Slovenija<\/title>\n<meta name=\"robots\" content=\"index, follow, max-snippet:-1, max-image-preview:large, max-video-preview:-1\" \/>\n<link rel=\"canonical\" href=\"https:\/\/hudo.com\/si\/aktualno\/sef-hrvaskih-obvescevalcev-odstopil\/\" \/>\n<meta property=\"og:locale\" content=\"sl_SI\" \/>\n<meta property=\"og:type\" content=\"article\" \/>\n<meta property=\"og:title\" content=\"\u0160ef hrva\u0161kih obve\u0161\u010devalcev odstopil - Hudo Slovenija\" \/>\n<meta property=\"og:description\" content=\"S polo\u017eaja direktorja hrva\u0161ke varnostno-obve\u0161\u010devalne agencije (Soa) je danes odstopil Dragan Lozan\u010di\u0107, so potrdili v hrva\u0161ki vladi in uradu predsednice dr\u017eave. Odstop Lozan\u010di\u0107a je pred tremi meseci zahtevala hrva\u0161ka predsednica Kolinda Grabar-Kitarovi\u0107, a premier Tihomir Ore\u0161kovi\u0107 ni \u017eelel dati podpisa za njegovo odstavitev. Lozan\u010di\u0107 je z dana\u0161njim odstopom odprl vrata za postopek imenovanja svojega naslednika. To bo, kot ka\u017ee, Daniel Marki\u0107, o katerem sta pred nekaj tedni sogla\u0161ala Grabar-Kitarovi\u0107eva in Ore\u0161kovi\u0107. Lozan\u010di\u0107u bi sicer mandat potekel oktobra letos. Mnenje o novem direktorju varnostno-obve\u0161\u010devalne slu\u017ebe bodo v sredo dali tudi \u010dlani saborskega odbora za notranjo politiko in nacionalno varnost, a bo ta del seje po napovedih zaprt za javnost. Predsednik odbora Ranko Ostoji\u0107 (SDP) je v preteklih tednih zavra\u010dal sklic seje, ker je zahteval pojasnila o razlogih za odstavitev Lozan\u010di\u0107a, za katerega je Grabar-Kitarovi\u0107eva trdila, da mora odstopiti, ker je kr\u0161il zakone. Predsednica dr\u017eave naj bi zamerila Lozan\u010di\u0107u, ker je ni opozoril, da se ji nameravajo pribli\u017eati osebe, ki so jih spremljale varnostne slu\u017ebe. Domnevno naj bi \u0161lo za lanske stike Grabar-Kitarovi\u0107eve z izvr\u0161nim predsednikom nogometnega mo\u0161tva Dinamo Zdravkom Mami\u0107em, ki je osumljen ve\u010d kaznivih dejanj. Lozan\u010di\u0107 naj bi o teh sre\u010danjih obvestil takratnega premiera Zorana Milanovi\u0107a, da bi imel material, s katerim bi lahko kompromitirali predsednico, so za hrva\u0161ke medije povedali neimenovani viri iz urada predsednice dr\u017eave. Grabar-Kitarovi\u0107eva naj bi izpostavila tudi nekatere druge domnevne napake Lozan\u010di\u0107a, ki so ga v Sloveniji in na Hrva\u0161kem omenjali kot glavnega pri razkritju pogovorov med slovensko agentko Simono Drenik in nekdanjim slovenskim arbitrom Jernejem Sekolcem, zaradi \u010desar se je Hrva\u0161ka odlo\u010dila za izstop iz arbitra\u017enega postopka o meji. Verjetni novi \u0161ef hrva\u0161kih obve\u0161\u010devalcev Marki\u0107 je ve\u010d kot 20 let v hrva\u0161kih varnostno-obve\u0161\u010devalnih slu\u017ebah. Marki\u0107, ki ima tudi francosko\" \/>\n<meta property=\"og:url\" content=\"https:\/\/hudo.com\/si\/aktualno\/sef-hrvaskih-obvescevalcev-odstopil\/\" \/>\n<meta property=\"og:site_name\" content=\"Hudo Slovenija\" \/>\n<meta property=\"article:publisher\" content=\"https:\/\/www.facebook.com\/hudo.si\" \/>\n<meta property=\"article:published_time\" content=\"2016-05-02T15:15:00+00:00\" \/>\n<meta property=\"article:modified_time\" content=\"2016-05-03T13:07:58+00:00\" \/>\n<meta property=\"og:image\" content=\"https:\/\/hudo.com\/si\/wp-content\/uploads\/sites\/2\/2016\/05\/01460244F-300.jpg\" \/>\n\t<meta property=\"og:image:width\" content=\"450\" \/>\n\t<meta property=\"og:image:height\" content=\"326\" \/>\n\t<meta property=\"og:image:type\" content=\"image\/jpeg\" \/>\n<meta name=\"author\" content=\"hudo\" \/>\n<meta name=\"twitter:card\" content=\"summary_large_image\" \/>\n<meta name=\"twitter:creator\" content=\"@hudo_si\" \/>\n<meta name=\"twitter:site\" content=\"@hudo_si\" \/>\n<meta name=\"twitter:label1\" content=\"Written by\" \/>\n\t<meta name=\"twitter:data1\" content=\"hudo\" \/>\n\t<meta name=\"twitter:label2\" content=\"Est. reading time\" \/>\n\t<meta name=\"twitter:data2\" content=\"2 minuti\" \/>\n<script type=\"application\/ld+json\" class=\"yoast-schema-graph\">{\"@context\":\"https:\/\/schema.org\",\"@graph\":[{\"@type\":\"Article\",\"@id\":\"https:\/\/hudo.com\/si\/aktualno\/sef-hrvaskih-obvescevalcev-odstopil\/#article\",\"isPartOf\":{\"@id\":\"https:\/\/hudo.com\/si\/aktualno\/sef-hrvaskih-obvescevalcev-odstopil\/\"},\"author\":{\"name\":\"hudo\",\"@id\":\"https:\/\/hudo.com\/si\/#\/schema\/person\/601cf3379633985b20f7e50f2bb47707\"},\"headline\":\"\u0160ef hrva\u0161kih obve\u0161\u010devalcev odstopil\",\"datePublished\":\"2016-05-02T15:15:00+00:00\",\"dateModified\":\"2016-05-03T13:07:58+00:00\",\"mainEntityOfPage\":{\"@id\":\"https:\/\/hudo.com\/si\/aktualno\/sef-hrvaskih-obvescevalcev-odstopil\/\"},\"wordCount\":341,\"publisher\":{\"@id\":\"https:\/\/hudo.com\/si\/#organization\"},\"articleSection\":[\"Aktualno\"],\"inLanguage\":\"sl-SI\"},{\"@type\":\"WebPage\",\"@id\":\"https:\/\/hudo.com\/si\/aktualno\/sef-hrvaskih-obvescevalcev-odstopil\/\",\"url\":\"https:\/\/hudo.com\/si\/aktualno\/sef-hrvaskih-obvescevalcev-odstopil\/\",\"name\":\"\u0160ef hrva\u0161kih obve\u0161\u010devalcev odstopil - Hudo Slovenija\",\"isPartOf\":{\"@id\":\"https:\/\/hudo.com\/si\/#website\"},\"datePublished\":\"2016-05-02T15:15:00+00:00\",\"dateModified\":\"2016-05-03T13:07:58+00:00\",\"breadcrumb\":{\"@id\":\"https:\/\/hudo.com\/si\/aktualno\/sef-hrvaskih-obvescevalcev-odstopil\/#breadcrumb\"},\"inLanguage\":\"sl-SI\",\"potentialAction\":[{\"@type\":\"ReadAction\",\"target\":[\"https:\/\/hudo.com\/si\/aktualno\/sef-hrvaskih-obvescevalcev-odstopil\/\"]}]},{\"@type\":\"BreadcrumbList\",\"@id\":\"https:\/\/hudo.com\/si\/aktualno\/sef-hrvaskih-obvescevalcev-odstopil\/#breadcrumb\",\"itemListElement\":[{\"@type\":\"ListItem\",\"position\":1,\"name\":\"Home\",\"item\":\"https:\/\/hudo.com\/si\/\"},{\"@type\":\"ListItem\",\"position\":2,\"name\":\"\u0160ef hrva\u0161kih obve\u0161\u010devalcev odstopil\"}]},{\"@type\":\"WebSite\",\"@id\":\"https:\/\/hudo.com\/si\/#website\",\"url\":\"https:\/\/hudo.com\/si\/\",\"name\":\"Hudo Slovenija\",\"description\":\"Vse novice iz Slovenije in sveta\",\"publisher\":{\"@id\":\"https:\/\/hudo.com\/si\/#organization\"},\"potentialAction\":[{\"@type\":\"SearchAction\",\"target\":{\"@type\":\"EntryPoint\",\"urlTemplate\":\"https:\/\/hudo.com\/si\/?s={search_term_string}\"},\"query-input\":\"required name=search_term_string\"}],\"inLanguage\":\"sl-SI\"},{\"@type\":\"Organization\",\"@id\":\"https:\/\/hudo.com\/si\/#organization\",\"name\":\"VSN Media\",\"url\":\"https:\/\/hudo.com\/si\/\",\"logo\":{\"@type\":\"ImageObject\",\"inLanguage\":\"sl-SI\",\"@id\":\"https:\/\/hudo.com\/si\/#\/schema\/logo\/image\/\",\"url\":\"https:\/\/hudo.com\/si\/wp-content\/uploads\/sites\/2\/2021\/03\/hudo-app-2.png\",\"contentUrl\":\"https:\/\/hudo.com\/si\/wp-content\/uploads\/sites\/2\/2021\/03\/hudo-app-2.png\",\"width\":2185,\"height\":2167,\"caption\":\"VSN Media\"},\"image\":{\"@id\":\"https:\/\/hudo.com\/si\/#\/schema\/logo\/image\/\"},\"sameAs\":[\"https:\/\/www.facebook.com\/hudo.si\",\"https:\/\/twitter.com\/hudo_si\"]},{\"@type\":\"Person\",\"@id\":\"https:\/\/hudo.com\/si\/#\/schema\/person\/601cf3379633985b20f7e50f2bb47707\",\"name\":\"hudo\",\"image\":{\"@type\":\"ImageObject\",\"inLanguage\":\"sl-SI\",\"@id\":\"https:\/\/hudo.com\/si\/#\/schema\/person\/image\/\",\"url\":\"https:\/\/secure.gravatar.com\/avatar\/c4ca25fa72cace7a696b52ff5db9e095?s=96&d=mm&r=g\",\"contentUrl\":\"https:\/\/secure.gravatar.com\/avatar\/c4ca25fa72cace7a696b52ff5db9e095?s=96&d=mm&r=g\",\"caption\":\"hudo\"},\"url\":\"https:\/\/hudo.com\/si\/author\/hudo\/\"}]}<\/script>\n<!-- \/ Yoast SEO plugin. -->","yoast_head_json":{"title":"\u0160ef hrva\u0161kih obve\u0161\u010devalcev odstopil - Hudo Slovenija","robots":{"index":"index","follow":"follow","max-snippet":"max-snippet:-1","max-image-preview":"max-image-preview:large","max-video-preview":"max-video-preview:-1"},"canonical":"https:\/\/hudo.com\/si\/aktualno\/sef-hrvaskih-obvescevalcev-odstopil\/","og_locale":"sl_SI","og_type":"article","og_title":"\u0160ef hrva\u0161kih obve\u0161\u010devalcev odstopil - Hudo Slovenija","og_description":"S polo\u017eaja direktorja hrva\u0161ke varnostno-obve\u0161\u010devalne agencije (Soa) je danes odstopil Dragan Lozan\u010di\u0107, so potrdili v hrva\u0161ki vladi in uradu predsednice dr\u017eave. Odstop Lozan\u010di\u0107a je pred tremi meseci zahtevala hrva\u0161ka predsednica Kolinda Grabar-Kitarovi\u0107, a premier Tihomir Ore\u0161kovi\u0107 ni \u017eelel dati podpisa za njegovo odstavitev. Lozan\u010di\u0107 je z dana\u0161njim odstopom odprl vrata za postopek imenovanja svojega naslednika. To bo, kot ka\u017ee, Daniel Marki\u0107, o katerem sta pred nekaj tedni sogla\u0161ala Grabar-Kitarovi\u0107eva in Ore\u0161kovi\u0107. Lozan\u010di\u0107u bi sicer mandat potekel oktobra letos. Mnenje o novem direktorju varnostno-obve\u0161\u010devalne slu\u017ebe bodo v sredo dali tudi \u010dlani saborskega odbora za notranjo politiko in nacionalno varnost, a bo ta del seje po napovedih zaprt za javnost. Predsednik odbora Ranko Ostoji\u0107 (SDP) je v preteklih tednih zavra\u010dal sklic seje, ker je zahteval pojasnila o razlogih za odstavitev Lozan\u010di\u0107a, za katerega je Grabar-Kitarovi\u0107eva trdila, da mora odstopiti, ker je kr\u0161il zakone. Predsednica dr\u017eave naj bi zamerila Lozan\u010di\u0107u, ker je ni opozoril, da se ji nameravajo pribli\u017eati osebe, ki so jih spremljale varnostne slu\u017ebe. Domnevno naj bi \u0161lo za lanske stike Grabar-Kitarovi\u0107eve z izvr\u0161nim predsednikom nogometnega mo\u0161tva Dinamo Zdravkom Mami\u0107em, ki je osumljen ve\u010d kaznivih dejanj. Lozan\u010di\u0107 naj bi o teh sre\u010danjih obvestil takratnega premiera Zorana Milanovi\u0107a, da bi imel material, s katerim bi lahko kompromitirali predsednico, so za hrva\u0161ke medije povedali neimenovani viri iz urada predsednice dr\u017eave. Grabar-Kitarovi\u0107eva naj bi izpostavila tudi nekatere druge domnevne napake Lozan\u010di\u0107a, ki so ga v Sloveniji in na Hrva\u0161kem omenjali kot glavnega pri razkritju pogovorov med slovensko agentko Simono Drenik in nekdanjim slovenskim arbitrom Jernejem Sekolcem, zaradi \u010desar se je Hrva\u0161ka odlo\u010dila za izstop iz arbitra\u017enega postopka o meji. Verjetni novi \u0161ef hrva\u0161kih obve\u0161\u010devalcev Marki\u0107 je ve\u010d kot 20 let v hrva\u0161kih varnostno-obve\u0161\u010devalnih slu\u017ebah. Marki\u0107, ki ima tudi francosko","og_url":"https:\/\/hudo.com\/si\/aktualno\/sef-hrvaskih-obvescevalcev-odstopil\/","og_site_name":"Hudo Slovenija","article_publisher":"https:\/\/www.facebook.com\/hudo.si","article_published_time":"2016-05-02T15:15:00+00:00","article_modified_time":"2016-05-03T13:07:58+00:00","og_image":[{"width":450,"height":326,"url":"https:\/\/hudo.com\/si\/wp-content\/uploads\/sites\/2\/2016\/05\/01460244F-300.jpg","type":"image\/jpeg"}],"author":"hudo","twitter_card":"summary_large_image","twitter_creator":"@hudo_si","twitter_site":"@hudo_si","twitter_misc":{"Written by":"hudo","Est. reading time":"2 minuti"},"schema":{"@context":"https:\/\/schema.org","@graph":[{"@type":"Article","@id":"https:\/\/hudo.com\/si\/aktualno\/sef-hrvaskih-obvescevalcev-odstopil\/#article","isPartOf":{"@id":"https:\/\/hudo.com\/si\/aktualno\/sef-hrvaskih-obvescevalcev-odstopil\/"},"author":{"name":"hudo","@id":"https:\/\/hudo.com\/si\/#\/schema\/person\/601cf3379633985b20f7e50f2bb47707"},"headline":"\u0160ef hrva\u0161kih obve\u0161\u010devalcev odstopil","datePublished":"2016-05-02T15:15:00+00:00","dateModified":"2016-05-03T13:07:58+00:00","mainEntityOfPage":{"@id":"https:\/\/hudo.com\/si\/aktualno\/sef-hrvaskih-obvescevalcev-odstopil\/"},"wordCount":341,"publisher":{"@id":"https:\/\/hudo.com\/si\/#organization"},"articleSection":["Aktualno"],"inLanguage":"sl-SI"},{"@type":"WebPage","@id":"https:\/\/hudo.com\/si\/aktualno\/sef-hrvaskih-obvescevalcev-odstopil\/","url":"https:\/\/hudo.com\/si\/aktualno\/sef-hrvaskih-obvescevalcev-odstopil\/","name":"\u0160ef hrva\u0161kih obve\u0161\u010devalcev odstopil - Hudo Slovenija","isPartOf":{"@id":"https:\/\/hudo.com\/si\/#website"},"datePublished":"2016-05-02T15:15:00+00:00","dateModified":"2016-05-03T13:07:58+00:00","breadcrumb":{"@id":"https:\/\/hudo.com\/si\/aktualno\/sef-hrvaskih-obvescevalcev-odstopil\/#breadcrumb"},"inLanguage":"sl-SI","potentialAction":[{"@type":"ReadAction","target":["https:\/\/hudo.com\/si\/aktualno\/sef-hrvaskih-obvescevalcev-odstopil\/"]}]},{"@type":"BreadcrumbList","@id":"https:\/\/hudo.com\/si\/aktualno\/sef-hrvaskih-obvescevalcev-odstopil\/#breadcrumb","itemListElement":[{"@type":"ListItem","position":1,"name":"Home","item":"https:\/\/hudo.com\/si\/"},{"@type":"ListItem","position":2,"name":"\u0160ef hrva\u0161kih obve\u0161\u010devalcev odstopil"}]},{"@type":"WebSite","@id":"https:\/\/hudo.com\/si\/#website","url":"https:\/\/hudo.com\/si\/","name":"Hudo Slovenija","description":"Vse novice iz Slovenije in sveta","publisher":{"@id":"https:\/\/hudo.com\/si\/#organization"},"potentialAction":[{"@type":"SearchAction","target":{"@type":"EntryPoint","urlTemplate":"https:\/\/hudo.com\/si\/?s={search_term_string}"},"query-input":"required name=search_term_string"}],"inLanguage":"sl-SI"},{"@type":"Organization","@id":"https:\/\/hudo.com\/si\/#organization","name":"VSN Media","url":"https:\/\/hudo.com\/si\/","logo":{"@type":"ImageObject","inLanguage":"sl-SI","@id":"https:\/\/hudo.com\/si\/#\/schema\/logo\/image\/","url":"https:\/\/hudo.com\/si\/wp-content\/uploads\/sites\/2\/2021\/03\/hudo-app-2.png","contentUrl":"https:\/\/hudo.com\/si\/wp-content\/uploads\/sites\/2\/2021\/03\/hudo-app-2.png","width":2185,"height":2167,"caption":"VSN Media"},"image":{"@id":"https:\/\/hudo.com\/si\/#\/schema\/logo\/image\/"},"sameAs":["https:\/\/www.facebook.com\/hudo.si","https:\/\/twitter.com\/hudo_si"]},{"@type":"Person","@id":"https:\/\/hudo.com\/si\/#\/schema\/person\/601cf3379633985b20f7e50f2bb47707","name":"hudo","image":{"@type":"ImageObject","inLanguage":"sl-SI","@id":"https:\/\/hudo.com\/si\/#\/schema\/person\/image\/","url":"https:\/\/secure.gravatar.com\/avatar\/c4ca25fa72cace7a696b52ff5db9e095?s=96&d=mm&r=g","contentUrl":"https:\/\/secure.gravatar.com\/avatar\/c4ca25fa72cace7a696b52ff5db9e095?s=96&d=mm&r=g","caption":"hudo"},"url":"https:\/\/hudo.com\/si\/author\/hudo\/"}]}},"amp_enabled":true,"_links":{"self":[{"href":"https:\/\/hudo.com\/si\/wp-json\/wp\/v2\/posts\/43767"}],"collection":[{"href":"https:\/\/hudo.com\/si\/wp-json\/wp\/v2\/posts"}],"about":[{"href":"https:\/\/hudo.com\/si\/wp-json\/wp\/v2\/types\/post"}],"author":[{"embeddable":true,"href":"https:\/\/hudo.com\/si\/wp-json\/wp\/v2\/users\/1"}],"replies":[{"embeddable":true,"href":"https:\/\/hudo.com\/si\/wp-json\/wp\/v2\/comments?post=43767"}],"version-history":[{"count":1,"href":"https:\/\/hudo.com\/si\/wp-json\/wp\/v2\/posts\/43767\/revisions"}],"predecessor-version":[{"id":43797,"href":"https:\/\/hudo.com\/si\/wp-json\/wp\/v2\/posts\/43767\/revisions\/43797"}],"wp:attachment":[{"href":"https:\/\/hudo.com\/si\/wp-json\/wp\/v2\/media?parent=43767"}],"wp:term":[{"taxonomy":"category","embeddable":true,"href":"https:\/\/hudo.com\/si\/wp-json\/wp\/v2\/categories?post=43767"},{"taxonomy":"post_tag","embeddable":true,"href":"https:\/\/hudo.com\/si\/wp-json\/wp\/v2\/tags?post=43767"},{"taxonomy":"source","embeddable":true,"href":"https:\/\/hudo.com\/si\/wp-json\/wp\/v2\/source?post=43767"},{"taxonomy":"supertag","embeddable":true,"href":"https:\/\/hudo.com\/si\/wp-json\/wp\/v2\/supertag?post=43767"}],"curies":[{"name":"wp","href":"https:\/\/api.w.org\/{rel}","templated":true}]}}