{"id":43777,"date":"2016-05-02T19:00:00","date_gmt":"2016-05-02T17:00:00","guid":{"rendered":"http:\/\/hudo.com\/si\/2016\/05\/02\/dezevje-povzrocilo-stevilne-nevsecnosti\/"},"modified":"2016-05-03T05:11:20","modified_gmt":"2016-05-03T03:11:20","slug":"dezevje-povzrocilo-stevilne-nevsecnosti","status":"publish","type":"post","link":"https:\/\/hudo.com\/si\/aktualno\/dezevje-povzrocilo-stevilne-nevsecnosti\/","title":{"rendered":"De\u017eevje povzro\u010dilo \u0161tevilne nev\u0161e\u010dnosti"},"content":{"rendered":"<p>Kategorija: Slovenija Mon, 02 May 2016 21:00:00 +0200  Zaradi mo\u010dnega de\u017eevja v preteklih dneh so narasle \u0161tevilne reke. Gasilci so imeli tako predvsem na obmo\u010dju Maribora in Slovenj Gradca polne roke dela s \u010drpanjem vode iz kleti stanovanjskih objektov. Ve\u010dkrat so posredovali \u0161e zaradi podrtih dreves in plazov. Delo so imeli tudi elektri\u010darji, saj so padla drevesa ponekod po\u0161kodovala elektri\u010dne vode. \u00a0 \u0160tajerski gasilci so \u017ee v jutranjih urah v Mariboru iz kleti stanovanjskega objekta iz\u010drpali okoli pet kubi\u010dnih metrov meteorne vode, poro\u010da Center za obve\u0161\u010danje RS. Voda je med drugim zalila stanovanjske objekte na Cesti v Ro\u0161poh v Kamnici, na \u0160entiljski cesti v Mariboru, na Duple\u0161kem vrhu in na Ceglencah. \u00a0 Na obmo\u010dju Lovrenca na Pohorju je bila v jutranjih in dopoldanskih urah zaradi okvare prekinjena dobava elektri\u010dne energije.\u00a0&#8230;<\/p>\n","protected":false},"excerpt":{"rendered":"<p>Kategorija: Slovenija Mon, 02 May 2016 21:00:00 +0200  Zaradi mo\u010dnega de\u017eevja v preteklih dneh so narasle \u0161tevilne reke. Gasilci so imeli tako predvsem na obmo\u010dju Maribora in Slovenj Gradca polne roke dela s \u010drpanjem vode iz kleti stanovanjskih objektov. Ve\u010dkrat so posredovali \u0161e zaradi podrtih dreves in plazov. Delo so imeli tudi elektri\u010darji, saj so padla drevesa ponekod po\u0161kodovala elektri\u010dne vode. \u00a0 \u0160tajerski gasilci so \u017ee v jutranjih urah v Mariboru iz kleti stanovanjskega objekta iz\u010drpali okoli pet kubi\u010dnih metrov meteorne vode, poro\u010da Center za obve\u0161\u010danje RS. Voda je med drugim zalila stanovanjske objekte na Cesti v Ro\u0161poh v Kamnici, na \u0160entiljski cesti v Mariboru, na Duple\u0161kem vrhu in na Ceglencah. \u00a0 Na obmo\u010dju Lovrenca na Pohorju je bila v jutranjih in dopoldanskih urah zaradi okvare prekinjena dobava elektri\u010dne energije.\u00a0&#8230;<\/p>\n","protected":false},"author":1,"featured_media":0,"comment_status":"closed","ping_status":"closed","sticky":false,"template":"","format":"standard","meta":{"footnotes":""},"categories":[1179],"tags":[],"source":[4511],"supertag":[],"acf":[],"yoast_head":"<!-- This site is optimized with the Yoast SEO plugin v21.3 - https:\/\/yoast.com\/wordpress\/plugins\/seo\/ -->\n<title>De\u017eevje povzro\u010dilo \u0161tevilne nev\u0161e\u010dnosti - Hudo Slovenija<\/title>\n<meta name=\"robots\" content=\"index, follow, max-snippet:-1, max-image-preview:large, max-video-preview:-1\" \/>\n<link rel=\"canonical\" href=\"https:\/\/hudo.com\/si\/aktualno\/dezevje-povzrocilo-stevilne-nevsecnosti\/\" \/>\n<meta property=\"og:locale\" content=\"sl_SI\" \/>\n<meta property=\"og:type\" content=\"article\" \/>\n<meta property=\"og:title\" content=\"De\u017eevje povzro\u010dilo \u0161tevilne nev\u0161e\u010dnosti - Hudo Slovenija\" \/>\n<meta property=\"og:description\" content=\"Kategorija: Slovenija Mon, 02 May 2016 21:00:00 +0200 Zaradi mo\u010dnega de\u017eevja v preteklih dneh so narasle \u0161tevilne reke. Gasilci so imeli tako predvsem na obmo\u010dju Maribora in Slovenj Gradca polne roke dela s \u010drpanjem vode iz kleti stanovanjskih objektov. Ve\u010dkrat so posredovali \u0161e zaradi podrtih dreves in plazov. Delo so imeli tudi elektri\u010darji, saj so padla drevesa ponekod po\u0161kodovala elektri\u010dne vode. \u00a0 \u0160tajerski gasilci so \u017ee v jutranjih urah v Mariboru iz kleti stanovanjskega objekta iz\u010drpali okoli pet kubi\u010dnih metrov meteorne vode, poro\u010da Center za obve\u0161\u010danje RS. Voda je med drugim zalila stanovanjske objekte na Cesti v Ro\u0161poh v Kamnici, na \u0160entiljski cesti v Mariboru, na Duple\u0161kem vrhu in na Ceglencah. \u00a0 Na obmo\u010dju Lovrenca na Pohorju je bila v jutranjih in dopoldanskih urah zaradi okvare prekinjena dobava elektri\u010dne energije.\u00a0...\" \/>\n<meta property=\"og:url\" content=\"https:\/\/hudo.com\/si\/aktualno\/dezevje-povzrocilo-stevilne-nevsecnosti\/\" \/>\n<meta property=\"og:site_name\" content=\"Hudo Slovenija\" \/>\n<meta property=\"article:publisher\" content=\"https:\/\/www.facebook.com\/hudo.si\" \/>\n<meta property=\"article:published_time\" content=\"2016-05-02T17:00:00+00:00\" \/>\n<meta property=\"article:modified_time\" content=\"2016-05-03T03:11:20+00:00\" \/>\n<meta property=\"og:image\" content=\"https:\/\/hudo.com\/si\/wp-content\/uploads\/sites\/2\/2016\/05\/480x290_FullSizeRender.jpeg\" \/>\n\t<meta property=\"og:image:width\" content=\"480\" \/>\n\t<meta property=\"og:image:height\" content=\"290\" \/>\n\t<meta property=\"og:image:type\" content=\"image\/jpeg\" \/>\n<meta name=\"author\" content=\"hudo\" \/>\n<meta name=\"twitter:card\" content=\"summary_large_image\" \/>\n<meta name=\"twitter:creator\" content=\"@hudo_si\" \/>\n<meta name=\"twitter:site\" content=\"@hudo_si\" \/>\n<meta name=\"twitter:label1\" content=\"Written by\" \/>\n\t<meta name=\"twitter:data1\" content=\"hudo\" \/>\n\t<meta name=\"twitter:label2\" content=\"Est. reading time\" \/>\n\t<meta name=\"twitter:data2\" content=\"1 minuta\" \/>\n<script type=\"application\/ld+json\" class=\"yoast-schema-graph\">{\"@context\":\"https:\/\/schema.org\",\"@graph\":[{\"@type\":\"Article\",\"@id\":\"https:\/\/hudo.com\/si\/aktualno\/dezevje-povzrocilo-stevilne-nevsecnosti\/#article\",\"isPartOf\":{\"@id\":\"https:\/\/hudo.com\/si\/aktualno\/dezevje-povzrocilo-stevilne-nevsecnosti\/\"},\"author\":{\"name\":\"hudo\",\"@id\":\"https:\/\/hudo.com\/si\/#\/schema\/person\/601cf3379633985b20f7e50f2bb47707\"},\"headline\":\"De\u017eevje povzro\u010dilo \u0161tevilne nev\u0161e\u010dnosti\",\"datePublished\":\"2016-05-02T17:00:00+00:00\",\"dateModified\":\"2016-05-03T03:11:20+00:00\",\"mainEntityOfPage\":{\"@id\":\"https:\/\/hudo.com\/si\/aktualno\/dezevje-povzrocilo-stevilne-nevsecnosti\/\"},\"wordCount\":147,\"publisher\":{\"@id\":\"https:\/\/hudo.com\/si\/#organization\"},\"articleSection\":[\"Aktualno\"],\"inLanguage\":\"sl-SI\"},{\"@type\":\"WebPage\",\"@id\":\"https:\/\/hudo.com\/si\/aktualno\/dezevje-povzrocilo-stevilne-nevsecnosti\/\",\"url\":\"https:\/\/hudo.com\/si\/aktualno\/dezevje-povzrocilo-stevilne-nevsecnosti\/\",\"name\":\"De\u017eevje povzro\u010dilo \u0161tevilne nev\u0161e\u010dnosti - Hudo Slovenija\",\"isPartOf\":{\"@id\":\"https:\/\/hudo.com\/si\/#website\"},\"datePublished\":\"2016-05-02T17:00:00+00:00\",\"dateModified\":\"2016-05-03T03:11:20+00:00\",\"breadcrumb\":{\"@id\":\"https:\/\/hudo.com\/si\/aktualno\/dezevje-povzrocilo-stevilne-nevsecnosti\/#breadcrumb\"},\"inLanguage\":\"sl-SI\",\"potentialAction\":[{\"@type\":\"ReadAction\",\"target\":[\"https:\/\/hudo.com\/si\/aktualno\/dezevje-povzrocilo-stevilne-nevsecnosti\/\"]}]},{\"@type\":\"BreadcrumbList\",\"@id\":\"https:\/\/hudo.com\/si\/aktualno\/dezevje-povzrocilo-stevilne-nevsecnosti\/#breadcrumb\",\"itemListElement\":[{\"@type\":\"ListItem\",\"position\":1,\"name\":\"Home\",\"item\":\"https:\/\/hudo.com\/si\/\"},{\"@type\":\"ListItem\",\"position\":2,\"name\":\"De\u017eevje povzro\u010dilo \u0161tevilne nev\u0161e\u010dnosti\"}]},{\"@type\":\"WebSite\",\"@id\":\"https:\/\/hudo.com\/si\/#website\",\"url\":\"https:\/\/hudo.com\/si\/\",\"name\":\"Hudo Slovenija\",\"description\":\"Vse novice iz Slovenije in sveta\",\"publisher\":{\"@id\":\"https:\/\/hudo.com\/si\/#organization\"},\"potentialAction\":[{\"@type\":\"SearchAction\",\"target\":{\"@type\":\"EntryPoint\",\"urlTemplate\":\"https:\/\/hudo.com\/si\/?s={search_term_string}\"},\"query-input\":\"required name=search_term_string\"}],\"inLanguage\":\"sl-SI\"},{\"@type\":\"Organization\",\"@id\":\"https:\/\/hudo.com\/si\/#organization\",\"name\":\"VSN Media\",\"url\":\"https:\/\/hudo.com\/si\/\",\"logo\":{\"@type\":\"ImageObject\",\"inLanguage\":\"sl-SI\",\"@id\":\"https:\/\/hudo.com\/si\/#\/schema\/logo\/image\/\",\"url\":\"https:\/\/hudo.com\/si\/wp-content\/uploads\/sites\/2\/2021\/03\/hudo-app-2.png\",\"contentUrl\":\"https:\/\/hudo.com\/si\/wp-content\/uploads\/sites\/2\/2021\/03\/hudo-app-2.png\",\"width\":2185,\"height\":2167,\"caption\":\"VSN Media\"},\"image\":{\"@id\":\"https:\/\/hudo.com\/si\/#\/schema\/logo\/image\/\"},\"sameAs\":[\"https:\/\/www.facebook.com\/hudo.si\",\"https:\/\/twitter.com\/hudo_si\"]},{\"@type\":\"Person\",\"@id\":\"https:\/\/hudo.com\/si\/#\/schema\/person\/601cf3379633985b20f7e50f2bb47707\",\"name\":\"hudo\",\"image\":{\"@type\":\"ImageObject\",\"inLanguage\":\"sl-SI\",\"@id\":\"https:\/\/hudo.com\/si\/#\/schema\/person\/image\/\",\"url\":\"https:\/\/secure.gravatar.com\/avatar\/c4ca25fa72cace7a696b52ff5db9e095?s=96&d=mm&r=g\",\"contentUrl\":\"https:\/\/secure.gravatar.com\/avatar\/c4ca25fa72cace7a696b52ff5db9e095?s=96&d=mm&r=g\",\"caption\":\"hudo\"},\"url\":\"https:\/\/hudo.com\/si\/author\/hudo\/\"}]}<\/script>\n<!-- \/ Yoast SEO plugin. -->","yoast_head_json":{"title":"De\u017eevje povzro\u010dilo \u0161tevilne nev\u0161e\u010dnosti - Hudo Slovenija","robots":{"index":"index","follow":"follow","max-snippet":"max-snippet:-1","max-image-preview":"max-image-preview:large","max-video-preview":"max-video-preview:-1"},"canonical":"https:\/\/hudo.com\/si\/aktualno\/dezevje-povzrocilo-stevilne-nevsecnosti\/","og_locale":"sl_SI","og_type":"article","og_title":"De\u017eevje povzro\u010dilo \u0161tevilne nev\u0161e\u010dnosti - Hudo Slovenija","og_description":"Kategorija: Slovenija Mon, 02 May 2016 21:00:00 +0200 Zaradi mo\u010dnega de\u017eevja v preteklih dneh so narasle \u0161tevilne reke. Gasilci so imeli tako predvsem na obmo\u010dju Maribora in Slovenj Gradca polne roke dela s \u010drpanjem vode iz kleti stanovanjskih objektov. Ve\u010dkrat so posredovali \u0161e zaradi podrtih dreves in plazov. Delo so imeli tudi elektri\u010darji, saj so padla drevesa ponekod po\u0161kodovala elektri\u010dne vode. \u00a0 \u0160tajerski gasilci so \u017ee v jutranjih urah v Mariboru iz kleti stanovanjskega objekta iz\u010drpali okoli pet kubi\u010dnih metrov meteorne vode, poro\u010da Center za obve\u0161\u010danje RS. Voda je med drugim zalila stanovanjske objekte na Cesti v Ro\u0161poh v Kamnici, na \u0160entiljski cesti v Mariboru, na Duple\u0161kem vrhu in na Ceglencah. \u00a0 Na obmo\u010dju Lovrenca na Pohorju je bila v jutranjih in dopoldanskih urah zaradi okvare prekinjena dobava elektri\u010dne energije.\u00a0...","og_url":"https:\/\/hudo.com\/si\/aktualno\/dezevje-povzrocilo-stevilne-nevsecnosti\/","og_site_name":"Hudo Slovenija","article_publisher":"https:\/\/www.facebook.com\/hudo.si","article_published_time":"2016-05-02T17:00:00+00:00","article_modified_time":"2016-05-03T03:11:20+00:00","og_image":[{"width":480,"height":290,"url":"https:\/\/hudo.com\/si\/wp-content\/uploads\/sites\/2\/2016\/05\/480x290_FullSizeRender.jpeg","type":"image\/jpeg"}],"author":"hudo","twitter_card":"summary_large_image","twitter_creator":"@hudo_si","twitter_site":"@hudo_si","twitter_misc":{"Written by":"hudo","Est. reading time":"1 minuta"},"schema":{"@context":"https:\/\/schema.org","@graph":[{"@type":"Article","@id":"https:\/\/hudo.com\/si\/aktualno\/dezevje-povzrocilo-stevilne-nevsecnosti\/#article","isPartOf":{"@id":"https:\/\/hudo.com\/si\/aktualno\/dezevje-povzrocilo-stevilne-nevsecnosti\/"},"author":{"name":"hudo","@id":"https:\/\/hudo.com\/si\/#\/schema\/person\/601cf3379633985b20f7e50f2bb47707"},"headline":"De\u017eevje povzro\u010dilo \u0161tevilne nev\u0161e\u010dnosti","datePublished":"2016-05-02T17:00:00+00:00","dateModified":"2016-05-03T03:11:20+00:00","mainEntityOfPage":{"@id":"https:\/\/hudo.com\/si\/aktualno\/dezevje-povzrocilo-stevilne-nevsecnosti\/"},"wordCount":147,"publisher":{"@id":"https:\/\/hudo.com\/si\/#organization"},"articleSection":["Aktualno"],"inLanguage":"sl-SI"},{"@type":"WebPage","@id":"https:\/\/hudo.com\/si\/aktualno\/dezevje-povzrocilo-stevilne-nevsecnosti\/","url":"https:\/\/hudo.com\/si\/aktualno\/dezevje-povzrocilo-stevilne-nevsecnosti\/","name":"De\u017eevje povzro\u010dilo \u0161tevilne nev\u0161e\u010dnosti - Hudo Slovenija","isPartOf":{"@id":"https:\/\/hudo.com\/si\/#website"},"datePublished":"2016-05-02T17:00:00+00:00","dateModified":"2016-05-03T03:11:20+00:00","breadcrumb":{"@id":"https:\/\/hudo.com\/si\/aktualno\/dezevje-povzrocilo-stevilne-nevsecnosti\/#breadcrumb"},"inLanguage":"sl-SI","potentialAction":[{"@type":"ReadAction","target":["https:\/\/hudo.com\/si\/aktualno\/dezevje-povzrocilo-stevilne-nevsecnosti\/"]}]},{"@type":"BreadcrumbList","@id":"https:\/\/hudo.com\/si\/aktualno\/dezevje-povzrocilo-stevilne-nevsecnosti\/#breadcrumb","itemListElement":[{"@type":"ListItem","position":1,"name":"Home","item":"https:\/\/hudo.com\/si\/"},{"@type":"ListItem","position":2,"name":"De\u017eevje povzro\u010dilo \u0161tevilne nev\u0161e\u010dnosti"}]},{"@type":"WebSite","@id":"https:\/\/hudo.com\/si\/#website","url":"https:\/\/hudo.com\/si\/","name":"Hudo Slovenija","description":"Vse novice iz Slovenije in sveta","publisher":{"@id":"https:\/\/hudo.com\/si\/#organization"},"potentialAction":[{"@type":"SearchAction","target":{"@type":"EntryPoint","urlTemplate":"https:\/\/hudo.com\/si\/?s={search_term_string}"},"query-input":"required name=search_term_string"}],"inLanguage":"sl-SI"},{"@type":"Organization","@id":"https:\/\/hudo.com\/si\/#organization","name":"VSN Media","url":"https:\/\/hudo.com\/si\/","logo":{"@type":"ImageObject","inLanguage":"sl-SI","@id":"https:\/\/hudo.com\/si\/#\/schema\/logo\/image\/","url":"https:\/\/hudo.com\/si\/wp-content\/uploads\/sites\/2\/2021\/03\/hudo-app-2.png","contentUrl":"https:\/\/hudo.com\/si\/wp-content\/uploads\/sites\/2\/2021\/03\/hudo-app-2.png","width":2185,"height":2167,"caption":"VSN Media"},"image":{"@id":"https:\/\/hudo.com\/si\/#\/schema\/logo\/image\/"},"sameAs":["https:\/\/www.facebook.com\/hudo.si","https:\/\/twitter.com\/hudo_si"]},{"@type":"Person","@id":"https:\/\/hudo.com\/si\/#\/schema\/person\/601cf3379633985b20f7e50f2bb47707","name":"hudo","image":{"@type":"ImageObject","inLanguage":"sl-SI","@id":"https:\/\/hudo.com\/si\/#\/schema\/person\/image\/","url":"https:\/\/secure.gravatar.com\/avatar\/c4ca25fa72cace7a696b52ff5db9e095?s=96&d=mm&r=g","contentUrl":"https:\/\/secure.gravatar.com\/avatar\/c4ca25fa72cace7a696b52ff5db9e095?s=96&d=mm&r=g","caption":"hudo"},"url":"https:\/\/hudo.com\/si\/author\/hudo\/"}]}},"amp_enabled":true,"_links":{"self":[{"href":"https:\/\/hudo.com\/si\/wp-json\/wp\/v2\/posts\/43777"}],"collection":[{"href":"https:\/\/hudo.com\/si\/wp-json\/wp\/v2\/posts"}],"about":[{"href":"https:\/\/hudo.com\/si\/wp-json\/wp\/v2\/types\/post"}],"author":[{"embeddable":true,"href":"https:\/\/hudo.com\/si\/wp-json\/wp\/v2\/users\/1"}],"replies":[{"embeddable":true,"href":"https:\/\/hudo.com\/si\/wp-json\/wp\/v2\/comments?post=43777"}],"version-history":[{"count":1,"href":"https:\/\/hudo.com\/si\/wp-json\/wp\/v2\/posts\/43777\/revisions"}],"predecessor-version":[{"id":43839,"href":"https:\/\/hudo.com\/si\/wp-json\/wp\/v2\/posts\/43777\/revisions\/43839"}],"wp:attachment":[{"href":"https:\/\/hudo.com\/si\/wp-json\/wp\/v2\/media?parent=43777"}],"wp:term":[{"taxonomy":"category","embeddable":true,"href":"https:\/\/hudo.com\/si\/wp-json\/wp\/v2\/categories?post=43777"},{"taxonomy":"post_tag","embeddable":true,"href":"https:\/\/hudo.com\/si\/wp-json\/wp\/v2\/tags?post=43777"},{"taxonomy":"source","embeddable":true,"href":"https:\/\/hudo.com\/si\/wp-json\/wp\/v2\/source?post=43777"},{"taxonomy":"supertag","embeddable":true,"href":"https:\/\/hudo.com\/si\/wp-json\/wp\/v2\/supertag?post=43777"}],"curies":[{"name":"wp","href":"https:\/\/api.w.org\/{rel}","templated":true}]}}