{"id":437875,"date":"2020-11-15T09:21:52","date_gmt":"2020-11-15T08:21:52","guid":{"rendered":"http:\/\/hudo.com\/si\/?p=437875"},"modified":"2020-11-15T09:21:52","modified_gmt":"2020-11-15T08:21:52","slug":"bolnisnico-zajel-pozar-umrlo-deset-ljudi-najmanj-sedem-jih-je-v-kriticnem-stanju-s-hudimi-opeklinami","status":"publish","type":"post","link":"https:\/\/hudo.com\/si\/aktualno\/bolnisnico-zajel-pozar-umrlo-deset-ljudi-najmanj-sedem-jih-je-v-kriticnem-stanju-s-hudimi-opeklinami\/","title":{"rendered":"Bolni\u0161nico zajel po\u017ear: umrlo deset ljudi, najmanj sedem jih je v kriti\u010dnem stanju s hudimi opeklinami"},"content":{"rendered":"<p>Po\u017ear je izbruhnil v soboto v zgodnjih ve\u010dernih urah. Kako uro kasneje ga je gasilcem uspelo spraviti pod nadzor. Vzrok po\u017eara \u0161e ni znan, romunsko ministrstvo za zdravje pa je sporo\u010dilo, da bi ogenj lahko izbruhnil zaradi kratkega stika.<\/p>\n<p>Zagorelo je v drugem nadstropju v dveh sobah na intenzivnem oddelku, kjer je bilo skupaj 16 bolnikov. Ogenj naj bi se po poro\u010danju romunskih medijev \u0161iril izjemno hitro zaradi kisika, ki so ga prejemali intubirani bolniki.<\/p>\n<p>Po navedbah tiskovne predstavnice bolni\u0161nice Irine Popa je v po\u017earu umrlo deset ljudi. Osem jih je \u017eivljenje izgubilo na kraju po\u017eara, dva \u010dloveka pa sta po evakuaciji podlegla po\u0161kodbam. Sedem ljudi je utrpelo hude opekline in so v kriti\u010dnem stanju. Med njimi je zdravnik, ki je sku\u0161al re\u0161iti bolnike.<\/p>\n<p>Romunski minister za zdravje Nelu Tataru je pojasnil, da so preostale bolnike premestili v bolni\u0161nico v mestu Iasi. Med po\u0161kodovanimi je po besedah ministra poleg zdravnika \u0161e drugo medicinsko osebje.<\/p>\n","protected":false},"excerpt":{"rendered":"<p>Na oddelku za intenzivno nego bolni\u0161nice v mestu Piatra Neamt na severozahodu Romunije, kjer so zdravili tudi obolele s covidom-19, je v soboto izbruhnil po\u017ear, v katerem je umrlo deset ljudi. Najmanj sedem jih je v kriti\u010dnem stanju s hudimi opeklinami, med njimi zdravnik, ki je sku\u0161al re\u0161iti bolnike, poro\u010dajo tuje tiskovne agencije.<\/p>\n","protected":false},"author":5,"featured_media":437876,"comment_status":"closed","ping_status":"closed","sticky":false,"template":"","format":"standard","meta":{"footnotes":""},"categories":[1179],"tags":[5464,5016,4186],"source":[4511],"supertag":[],"acf":[],"yoast_head":"<!-- This site is optimized with the Yoast SEO plugin v21.3 - https:\/\/yoast.com\/wordpress\/plugins\/seo\/ -->\n<title>Bolni\u0161nico zajel po\u017ear: umrlo deset ljudi, najmanj sedem jih je v kriti\u010dnem stanju s hudimi opeklinami - Hudo Slovenija<\/title>\n<meta name=\"robots\" content=\"index, follow, max-snippet:-1, max-image-preview:large, max-video-preview:-1\" \/>\n<link rel=\"canonical\" href=\"https:\/\/hudo.com\/si\/aktualno\/bolnisnico-zajel-pozar-umrlo-deset-ljudi-najmanj-sedem-jih-je-v-kriticnem-stanju-s-hudimi-opeklinami\/\" \/>\n<meta property=\"og:locale\" content=\"sl_SI\" \/>\n<meta property=\"og:type\" content=\"article\" \/>\n<meta property=\"og:title\" content=\"Bolni\u0161nico zajel po\u017ear: umrlo deset ljudi, najmanj sedem jih je v kriti\u010dnem stanju s hudimi opeklinami - Hudo Slovenija\" \/>\n<meta property=\"og:description\" content=\"Na oddelku za intenzivno nego bolni\u0161nice v mestu Piatra Neamt na severozahodu Romunije, kjer so zdravili tudi obolele s covidom-19, je v soboto izbruhnil po\u017ear, v katerem je umrlo deset ljudi. Najmanj sedem jih je v kriti\u010dnem stanju s hudimi opeklinami, med njimi zdravnik, ki je sku\u0161al re\u0161iti bolnike, poro\u010dajo tuje tiskovne agencije.\" \/>\n<meta property=\"og:url\" content=\"https:\/\/hudo.com\/si\/aktualno\/bolnisnico-zajel-pozar-umrlo-deset-ljudi-najmanj-sedem-jih-je-v-kriticnem-stanju-s-hudimi-opeklinami\/\" \/>\n<meta property=\"og:site_name\" content=\"Hudo Slovenija\" \/>\n<meta property=\"article:publisher\" content=\"https:\/\/www.facebook.com\/hudo.si\" \/>\n<meta property=\"article:published_time\" content=\"2020-11-15T08:21:52+00:00\" \/>\n<meta property=\"og:image\" content=\"https:\/\/hudo.com\/si\/wp-content\/uploads\/sites\/2\/2020\/11\/profimedia-0568132493.jpg\" \/>\n\t<meta property=\"og:image:width\" content=\"1250\" \/>\n\t<meta property=\"og:image:height\" content=\"833\" \/>\n\t<meta property=\"og:image:type\" content=\"image\/jpeg\" \/>\n<meta name=\"author\" content=\"A. G., STA\" \/>\n<meta name=\"twitter:card\" content=\"summary_large_image\" \/>\n<meta name=\"twitter:creator\" content=\"@hudo_si\" \/>\n<meta name=\"twitter:site\" content=\"@hudo_si\" \/>\n<meta name=\"twitter:label1\" content=\"Written by\" \/>\n\t<meta name=\"twitter:data1\" content=\"A. G., STA\" \/>\n\t<meta name=\"twitter:label2\" content=\"Est. reading time\" \/>\n\t<meta name=\"twitter:data2\" content=\"1 minuta\" \/>\n<script type=\"application\/ld+json\" class=\"yoast-schema-graph\">{\"@context\":\"https:\/\/schema.org\",\"@graph\":[{\"@type\":\"Article\",\"@id\":\"https:\/\/hudo.com\/si\/aktualno\/bolnisnico-zajel-pozar-umrlo-deset-ljudi-najmanj-sedem-jih-je-v-kriticnem-stanju-s-hudimi-opeklinami\/#article\",\"isPartOf\":{\"@id\":\"https:\/\/hudo.com\/si\/aktualno\/bolnisnico-zajel-pozar-umrlo-deset-ljudi-najmanj-sedem-jih-je-v-kriticnem-stanju-s-hudimi-opeklinami\/\"},\"author\":{\"name\":\"A. G., STA\",\"@id\":\"https:\/\/hudo.com\/si\/#\/schema\/person\/2391667a63ea075ba94f2f2dc6b77537\"},\"headline\":\"Bolni\u0161nico zajel po\u017ear: umrlo deset ljudi, najmanj sedem jih je v kriti\u010dnem stanju s hudimi opeklinami\",\"datePublished\":\"2020-11-15T08:21:52+00:00\",\"dateModified\":\"2020-11-15T08:21:52+00:00\",\"mainEntityOfPage\":{\"@id\":\"https:\/\/hudo.com\/si\/aktualno\/bolnisnico-zajel-pozar-umrlo-deset-ljudi-najmanj-sedem-jih-je-v-kriticnem-stanju-s-hudimi-opeklinami\/\"},\"wordCount\":186,\"publisher\":{\"@id\":\"https:\/\/hudo.com\/si\/#organization\"},\"keywords\":[\"bolni\u0161nica\",\"po\u017ear\",\"romunija\"],\"articleSection\":[\"Aktualno\"],\"inLanguage\":\"sl-SI\"},{\"@type\":\"WebPage\",\"@id\":\"https:\/\/hudo.com\/si\/aktualno\/bolnisnico-zajel-pozar-umrlo-deset-ljudi-najmanj-sedem-jih-je-v-kriticnem-stanju-s-hudimi-opeklinami\/\",\"url\":\"https:\/\/hudo.com\/si\/aktualno\/bolnisnico-zajel-pozar-umrlo-deset-ljudi-najmanj-sedem-jih-je-v-kriticnem-stanju-s-hudimi-opeklinami\/\",\"name\":\"Bolni\u0161nico zajel po\u017ear: umrlo deset ljudi, najmanj sedem jih je v kriti\u010dnem stanju s hudimi opeklinami - Hudo Slovenija\",\"isPartOf\":{\"@id\":\"https:\/\/hudo.com\/si\/#website\"},\"datePublished\":\"2020-11-15T08:21:52+00:00\",\"dateModified\":\"2020-11-15T08:21:52+00:00\",\"breadcrumb\":{\"@id\":\"https:\/\/hudo.com\/si\/aktualno\/bolnisnico-zajel-pozar-umrlo-deset-ljudi-najmanj-sedem-jih-je-v-kriticnem-stanju-s-hudimi-opeklinami\/#breadcrumb\"},\"inLanguage\":\"sl-SI\",\"potentialAction\":[{\"@type\":\"ReadAction\",\"target\":[\"https:\/\/hudo.com\/si\/aktualno\/bolnisnico-zajel-pozar-umrlo-deset-ljudi-najmanj-sedem-jih-je-v-kriticnem-stanju-s-hudimi-opeklinami\/\"]}]},{\"@type\":\"BreadcrumbList\",\"@id\":\"https:\/\/hudo.com\/si\/aktualno\/bolnisnico-zajel-pozar-umrlo-deset-ljudi-najmanj-sedem-jih-je-v-kriticnem-stanju-s-hudimi-opeklinami\/#breadcrumb\",\"itemListElement\":[{\"@type\":\"ListItem\",\"position\":1,\"name\":\"Home\",\"item\":\"https:\/\/hudo.com\/si\/\"},{\"@type\":\"ListItem\",\"position\":2,\"name\":\"Bolni\u0161nico zajel po\u017ear: umrlo deset ljudi, najmanj sedem jih je v kriti\u010dnem stanju s hudimi opeklinami\"}]},{\"@type\":\"WebSite\",\"@id\":\"https:\/\/hudo.com\/si\/#website\",\"url\":\"https:\/\/hudo.com\/si\/\",\"name\":\"Hudo Slovenija\",\"description\":\"Vse novice iz Slovenije in sveta\",\"publisher\":{\"@id\":\"https:\/\/hudo.com\/si\/#organization\"},\"potentialAction\":[{\"@type\":\"SearchAction\",\"target\":{\"@type\":\"EntryPoint\",\"urlTemplate\":\"https:\/\/hudo.com\/si\/?s={search_term_string}\"},\"query-input\":\"required name=search_term_string\"}],\"inLanguage\":\"sl-SI\"},{\"@type\":\"Organization\",\"@id\":\"https:\/\/hudo.com\/si\/#organization\",\"name\":\"VSN Media\",\"url\":\"https:\/\/hudo.com\/si\/\",\"logo\":{\"@type\":\"ImageObject\",\"inLanguage\":\"sl-SI\",\"@id\":\"https:\/\/hudo.com\/si\/#\/schema\/logo\/image\/\",\"url\":\"https:\/\/hudo.com\/si\/wp-content\/uploads\/sites\/2\/2021\/03\/hudo-app-2.png\",\"contentUrl\":\"https:\/\/hudo.com\/si\/wp-content\/uploads\/sites\/2\/2021\/03\/hudo-app-2.png\",\"width\":2185,\"height\":2167,\"caption\":\"VSN Media\"},\"image\":{\"@id\":\"https:\/\/hudo.com\/si\/#\/schema\/logo\/image\/\"},\"sameAs\":[\"https:\/\/www.facebook.com\/hudo.si\",\"https:\/\/twitter.com\/hudo_si\"]},{\"@type\":\"Person\",\"@id\":\"https:\/\/hudo.com\/si\/#\/schema\/person\/2391667a63ea075ba94f2f2dc6b77537\",\"name\":\"A. G., STA\",\"image\":{\"@type\":\"ImageObject\",\"inLanguage\":\"sl-SI\",\"@id\":\"https:\/\/hudo.com\/si\/#\/schema\/person\/image\/\",\"url\":\"https:\/\/secure.gravatar.com\/avatar\/e13d22ac3e442658d5025fbbe6238a79?s=96&d=mm&r=g\",\"contentUrl\":\"https:\/\/secure.gravatar.com\/avatar\/e13d22ac3e442658d5025fbbe6238a79?s=96&d=mm&r=g\",\"caption\":\"A. G., STA\"},\"url\":\"https:\/\/hudo.com\/si\/author\/alenka\/\"}]}<\/script>\n<!-- \/ Yoast SEO plugin. -->","yoast_head_json":{"title":"Bolni\u0161nico zajel po\u017ear: umrlo deset ljudi, najmanj sedem jih je v kriti\u010dnem stanju s hudimi opeklinami - Hudo Slovenija","robots":{"index":"index","follow":"follow","max-snippet":"max-snippet:-1","max-image-preview":"max-image-preview:large","max-video-preview":"max-video-preview:-1"},"canonical":"https:\/\/hudo.com\/si\/aktualno\/bolnisnico-zajel-pozar-umrlo-deset-ljudi-najmanj-sedem-jih-je-v-kriticnem-stanju-s-hudimi-opeklinami\/","og_locale":"sl_SI","og_type":"article","og_title":"Bolni\u0161nico zajel po\u017ear: umrlo deset ljudi, najmanj sedem jih je v kriti\u010dnem stanju s hudimi opeklinami - Hudo Slovenija","og_description":"Na oddelku za intenzivno nego bolni\u0161nice v mestu Piatra Neamt na severozahodu Romunije, kjer so zdravili tudi obolele s covidom-19, je v soboto izbruhnil po\u017ear, v katerem je umrlo deset ljudi. Najmanj sedem jih je v kriti\u010dnem stanju s hudimi opeklinami, med njimi zdravnik, ki je sku\u0161al re\u0161iti bolnike, poro\u010dajo tuje tiskovne agencije.","og_url":"https:\/\/hudo.com\/si\/aktualno\/bolnisnico-zajel-pozar-umrlo-deset-ljudi-najmanj-sedem-jih-je-v-kriticnem-stanju-s-hudimi-opeklinami\/","og_site_name":"Hudo Slovenija","article_publisher":"https:\/\/www.facebook.com\/hudo.si","article_published_time":"2020-11-15T08:21:52+00:00","og_image":[{"width":1250,"height":833,"url":"https:\/\/hudo.com\/si\/wp-content\/uploads\/sites\/2\/2020\/11\/profimedia-0568132493.jpg","type":"image\/jpeg"}],"author":"A. G., STA","twitter_card":"summary_large_image","twitter_creator":"@hudo_si","twitter_site":"@hudo_si","twitter_misc":{"Written by":"A. G., STA","Est. reading time":"1 minuta"},"schema":{"@context":"https:\/\/schema.org","@graph":[{"@type":"Article","@id":"https:\/\/hudo.com\/si\/aktualno\/bolnisnico-zajel-pozar-umrlo-deset-ljudi-najmanj-sedem-jih-je-v-kriticnem-stanju-s-hudimi-opeklinami\/#article","isPartOf":{"@id":"https:\/\/hudo.com\/si\/aktualno\/bolnisnico-zajel-pozar-umrlo-deset-ljudi-najmanj-sedem-jih-je-v-kriticnem-stanju-s-hudimi-opeklinami\/"},"author":{"name":"A. G., STA","@id":"https:\/\/hudo.com\/si\/#\/schema\/person\/2391667a63ea075ba94f2f2dc6b77537"},"headline":"Bolni\u0161nico zajel po\u017ear: umrlo deset ljudi, najmanj sedem jih je v kriti\u010dnem stanju s hudimi opeklinami","datePublished":"2020-11-15T08:21:52+00:00","dateModified":"2020-11-15T08:21:52+00:00","mainEntityOfPage":{"@id":"https:\/\/hudo.com\/si\/aktualno\/bolnisnico-zajel-pozar-umrlo-deset-ljudi-najmanj-sedem-jih-je-v-kriticnem-stanju-s-hudimi-opeklinami\/"},"wordCount":186,"publisher":{"@id":"https:\/\/hudo.com\/si\/#organization"},"keywords":["bolni\u0161nica","po\u017ear","romunija"],"articleSection":["Aktualno"],"inLanguage":"sl-SI"},{"@type":"WebPage","@id":"https:\/\/hudo.com\/si\/aktualno\/bolnisnico-zajel-pozar-umrlo-deset-ljudi-najmanj-sedem-jih-je-v-kriticnem-stanju-s-hudimi-opeklinami\/","url":"https:\/\/hudo.com\/si\/aktualno\/bolnisnico-zajel-pozar-umrlo-deset-ljudi-najmanj-sedem-jih-je-v-kriticnem-stanju-s-hudimi-opeklinami\/","name":"Bolni\u0161nico zajel po\u017ear: umrlo deset ljudi, najmanj sedem jih je v kriti\u010dnem stanju s hudimi opeklinami - Hudo Slovenija","isPartOf":{"@id":"https:\/\/hudo.com\/si\/#website"},"datePublished":"2020-11-15T08:21:52+00:00","dateModified":"2020-11-15T08:21:52+00:00","breadcrumb":{"@id":"https:\/\/hudo.com\/si\/aktualno\/bolnisnico-zajel-pozar-umrlo-deset-ljudi-najmanj-sedem-jih-je-v-kriticnem-stanju-s-hudimi-opeklinami\/#breadcrumb"},"inLanguage":"sl-SI","potentialAction":[{"@type":"ReadAction","target":["https:\/\/hudo.com\/si\/aktualno\/bolnisnico-zajel-pozar-umrlo-deset-ljudi-najmanj-sedem-jih-je-v-kriticnem-stanju-s-hudimi-opeklinami\/"]}]},{"@type":"BreadcrumbList","@id":"https:\/\/hudo.com\/si\/aktualno\/bolnisnico-zajel-pozar-umrlo-deset-ljudi-najmanj-sedem-jih-je-v-kriticnem-stanju-s-hudimi-opeklinami\/#breadcrumb","itemListElement":[{"@type":"ListItem","position":1,"name":"Home","item":"https:\/\/hudo.com\/si\/"},{"@type":"ListItem","position":2,"name":"Bolni\u0161nico zajel po\u017ear: umrlo deset ljudi, najmanj sedem jih je v kriti\u010dnem stanju s hudimi opeklinami"}]},{"@type":"WebSite","@id":"https:\/\/hudo.com\/si\/#website","url":"https:\/\/hudo.com\/si\/","name":"Hudo Slovenija","description":"Vse novice iz Slovenije in sveta","publisher":{"@id":"https:\/\/hudo.com\/si\/#organization"},"potentialAction":[{"@type":"SearchAction","target":{"@type":"EntryPoint","urlTemplate":"https:\/\/hudo.com\/si\/?s={search_term_string}"},"query-input":"required name=search_term_string"}],"inLanguage":"sl-SI"},{"@type":"Organization","@id":"https:\/\/hudo.com\/si\/#organization","name":"VSN Media","url":"https:\/\/hudo.com\/si\/","logo":{"@type":"ImageObject","inLanguage":"sl-SI","@id":"https:\/\/hudo.com\/si\/#\/schema\/logo\/image\/","url":"https:\/\/hudo.com\/si\/wp-content\/uploads\/sites\/2\/2021\/03\/hudo-app-2.png","contentUrl":"https:\/\/hudo.com\/si\/wp-content\/uploads\/sites\/2\/2021\/03\/hudo-app-2.png","width":2185,"height":2167,"caption":"VSN Media"},"image":{"@id":"https:\/\/hudo.com\/si\/#\/schema\/logo\/image\/"},"sameAs":["https:\/\/www.facebook.com\/hudo.si","https:\/\/twitter.com\/hudo_si"]},{"@type":"Person","@id":"https:\/\/hudo.com\/si\/#\/schema\/person\/2391667a63ea075ba94f2f2dc6b77537","name":"A. G., STA","image":{"@type":"ImageObject","inLanguage":"sl-SI","@id":"https:\/\/hudo.com\/si\/#\/schema\/person\/image\/","url":"https:\/\/secure.gravatar.com\/avatar\/e13d22ac3e442658d5025fbbe6238a79?s=96&d=mm&r=g","contentUrl":"https:\/\/secure.gravatar.com\/avatar\/e13d22ac3e442658d5025fbbe6238a79?s=96&d=mm&r=g","caption":"A. G., STA"},"url":"https:\/\/hudo.com\/si\/author\/alenka\/"}]}},"amp_enabled":true,"_links":{"self":[{"href":"https:\/\/hudo.com\/si\/wp-json\/wp\/v2\/posts\/437875"}],"collection":[{"href":"https:\/\/hudo.com\/si\/wp-json\/wp\/v2\/posts"}],"about":[{"href":"https:\/\/hudo.com\/si\/wp-json\/wp\/v2\/types\/post"}],"author":[{"embeddable":true,"href":"https:\/\/hudo.com\/si\/wp-json\/wp\/v2\/users\/5"}],"replies":[{"embeddable":true,"href":"https:\/\/hudo.com\/si\/wp-json\/wp\/v2\/comments?post=437875"}],"version-history":[{"count":1,"href":"https:\/\/hudo.com\/si\/wp-json\/wp\/v2\/posts\/437875\/revisions"}],"predecessor-version":[{"id":437877,"href":"https:\/\/hudo.com\/si\/wp-json\/wp\/v2\/posts\/437875\/revisions\/437877"}],"wp:featuredmedia":[{"embeddable":true,"href":"https:\/\/hudo.com\/si\/wp-json\/wp\/v2\/media\/437876"}],"wp:attachment":[{"href":"https:\/\/hudo.com\/si\/wp-json\/wp\/v2\/media?parent=437875"}],"wp:term":[{"taxonomy":"category","embeddable":true,"href":"https:\/\/hudo.com\/si\/wp-json\/wp\/v2\/categories?post=437875"},{"taxonomy":"post_tag","embeddable":true,"href":"https:\/\/hudo.com\/si\/wp-json\/wp\/v2\/tags?post=437875"},{"taxonomy":"source","embeddable":true,"href":"https:\/\/hudo.com\/si\/wp-json\/wp\/v2\/source?post=437875"},{"taxonomy":"supertag","embeddable":true,"href":"https:\/\/hudo.com\/si\/wp-json\/wp\/v2\/supertag?post=437875"}],"curies":[{"name":"wp","href":"https:\/\/api.w.org\/{rel}","templated":true}]}}