{"id":43791,"date":"2016-05-02T18:00:00","date_gmt":"2016-05-02T16:00:00","guid":{"rendered":"http:\/\/hudo.com\/si\/2016\/05\/02\/v-evropi-sem-a-nimam-nikakrsnih-pravic\/"},"modified":"2016-05-02T18:00:00","modified_gmt":"2016-05-02T16:00:00","slug":"v-evropi-sem-a-nimam-nikakrsnih-pravic","status":"publish","type":"post","link":"https:\/\/hudo.com\/si\/aktualno\/v-evropi-sem-a-nimam-nikakrsnih-pravic\/","title":{"rendered":"\u00bbV Evropi sem, a nimam nikakr\u0161nih pravic\u00ab"},"content":{"rendered":"<p>Kategorija: Krize Mon, 02 May 2016 20:00:00 +0200  Hios \u2013 Po zaprtju tako imenovane balkanske begunske poti in sprejetju dogovora med Evropsko unijo in Tur\u010dijo je v Gr\u010diji ostalo ujetih okoli 55.000 beguncev in migrantov. Ve\u010dina je zaprtih v namestitvenih centrih, ki so dejansko zapori in kjer so razmere katastrofalne. Najhuje je na egejskem otoku Chios, kjer je Evropska unija s pomo\u010djo gr\u0161kih oblasti, ki pri zape\u010datenju usode deset tiso\u010d ljudi na begu niso imele pravice glasovati, odprla namestitveni center (\u00bbhot spot\u00ab) VIAL, v katerem \u017eivotari okoli dva tiso\u010d ljudi. Vsi so v Gr\u010dijo prispeli po 20. marcu, ko je za\u010del na bazarju moderne \u010dlove\u0161ke tragedije veljati sprejeti dogovor med Brusljem in Ankaro. Ta je beguncem in migrantom prepre\u010dil nadaljevanje poti proti Evropi in jih stla\u010dil v zapore. Tako na otokih kot v celinski Gr\u010diji. A\u00a0&#8230;<\/p>\n","protected":false},"excerpt":{"rendered":"<p>Kategorija: Krize Mon, 02 May 2016 20:00:00 +0200  Hios \u2013 Po zaprtju tako imenovane balkanske begunske poti in sprejetju dogovora med Evropsko unijo in Tur\u010dijo je v Gr\u010diji ostalo ujetih okoli 55.000 beguncev in migrantov. Ve\u010dina je zaprtih v namestitvenih centrih, ki so dejansko zapori in kjer so razmere katastrofalne. Najhuje je na egejskem otoku Chios, kjer je Evropska unija s pomo\u010djo gr\u0161kih oblasti, ki pri zape\u010datenju usode deset tiso\u010d ljudi na begu niso imele pravice glasovati, odprla namestitveni center (\u00bbhot spot\u00ab) VIAL, v katerem \u017eivotari okoli dva tiso\u010d ljudi. Vsi so v Gr\u010dijo prispeli po 20. marcu, ko je za\u010del na bazarju moderne \u010dlove\u0161ke tragedije veljati sprejeti dogovor med Brusljem in Ankaro. Ta je beguncem in migrantom prepre\u010dil nadaljevanje poti proti Evropi in jih stla\u010dil v zapore. Tako na otokih kot v celinski Gr\u010diji. A\u00a0&#8230;<\/p>\n","protected":false},"author":1,"featured_media":0,"comment_status":"closed","ping_status":"closed","sticky":false,"template":"","format":"standard","meta":{"footnotes":""},"categories":[1179],"tags":[],"source":[4511],"supertag":[],"acf":[],"yoast_head":"<!-- This site is optimized with the Yoast SEO plugin v21.3 - https:\/\/yoast.com\/wordpress\/plugins\/seo\/ -->\n<title>\u00bbV Evropi sem, a nimam nikakr\u0161nih pravic\u00ab - Hudo Slovenija<\/title>\n<meta name=\"robots\" content=\"index, follow, max-snippet:-1, max-image-preview:large, max-video-preview:-1\" \/>\n<link rel=\"canonical\" href=\"https:\/\/hudo.com\/si\/aktualno\/v-evropi-sem-a-nimam-nikakrsnih-pravic\/\" \/>\n<meta property=\"og:locale\" content=\"sl_SI\" \/>\n<meta property=\"og:type\" content=\"article\" \/>\n<meta property=\"og:title\" content=\"\u00bbV Evropi sem, a nimam nikakr\u0161nih pravic\u00ab - Hudo Slovenija\" \/>\n<meta property=\"og:description\" content=\"Kategorija: Krize Mon, 02 May 2016 20:00:00 +0200 Hios \u2013 Po zaprtju tako imenovane balkanske begunske poti in sprejetju dogovora med Evropsko unijo in Tur\u010dijo je v Gr\u010diji ostalo ujetih okoli 55.000 beguncev in migrantov. Ve\u010dina je zaprtih v namestitvenih centrih, ki so dejansko zapori in kjer so razmere katastrofalne. Najhuje je na egejskem otoku Chios, kjer je Evropska unija s pomo\u010djo gr\u0161kih oblasti, ki pri zape\u010datenju usode deset tiso\u010d ljudi na begu niso imele pravice glasovati, odprla namestitveni center (\u00bbhot spot\u00ab) VIAL, v katerem \u017eivotari okoli dva tiso\u010d ljudi. Vsi so v Gr\u010dijo prispeli po 20. marcu, ko je za\u010del na bazarju moderne \u010dlove\u0161ke tragedije veljati sprejeti dogovor med Brusljem in Ankaro. Ta je beguncem in migrantom prepre\u010dil nadaljevanje poti proti Evropi in jih stla\u010dil v zapore. Tako na otokih kot v celinski Gr\u010diji. A\u00a0...\" \/>\n<meta property=\"og:url\" content=\"https:\/\/hudo.com\/si\/aktualno\/v-evropi-sem-a-nimam-nikakrsnih-pravic\/\" \/>\n<meta property=\"og:site_name\" content=\"Hudo Slovenija\" \/>\n<meta property=\"article:publisher\" content=\"https:\/\/www.facebook.com\/hudo.si\" \/>\n<meta property=\"article:published_time\" content=\"2016-05-02T16:00:00+00:00\" \/>\n<meta property=\"og:image\" content=\"https:\/\/hudo.com\/si\/wp-content\/uploads\/sites\/2\/2016\/05\/480x290_3_stran__Delo_Foto_20160502.1_hires0.jpeg\" \/>\n\t<meta property=\"og:image:width\" content=\"480\" \/>\n\t<meta property=\"og:image:height\" content=\"290\" \/>\n\t<meta property=\"og:image:type\" content=\"image\/jpeg\" \/>\n<meta name=\"author\" content=\"hudo\" \/>\n<meta name=\"twitter:card\" content=\"summary_large_image\" \/>\n<meta name=\"twitter:creator\" content=\"@hudo_si\" \/>\n<meta name=\"twitter:site\" content=\"@hudo_si\" \/>\n<meta name=\"twitter:label1\" content=\"Written by\" \/>\n\t<meta name=\"twitter:data1\" content=\"hudo\" \/>\n\t<meta name=\"twitter:label2\" content=\"Est. reading time\" \/>\n\t<meta name=\"twitter:data2\" content=\"1 minuta\" \/>\n<script type=\"application\/ld+json\" class=\"yoast-schema-graph\">{\"@context\":\"https:\/\/schema.org\",\"@graph\":[{\"@type\":\"Article\",\"@id\":\"https:\/\/hudo.com\/si\/aktualno\/v-evropi-sem-a-nimam-nikakrsnih-pravic\/#article\",\"isPartOf\":{\"@id\":\"https:\/\/hudo.com\/si\/aktualno\/v-evropi-sem-a-nimam-nikakrsnih-pravic\/\"},\"author\":{\"name\":\"hudo\",\"@id\":\"https:\/\/hudo.com\/si\/#\/schema\/person\/601cf3379633985b20f7e50f2bb47707\"},\"headline\":\"\u00bbV Evropi sem, a nimam nikakr\u0161nih pravic\u00ab\",\"datePublished\":\"2016-05-02T16:00:00+00:00\",\"dateModified\":\"2016-05-02T16:00:00+00:00\",\"mainEntityOfPage\":{\"@id\":\"https:\/\/hudo.com\/si\/aktualno\/v-evropi-sem-a-nimam-nikakrsnih-pravic\/\"},\"wordCount\":149,\"publisher\":{\"@id\":\"https:\/\/hudo.com\/si\/#organization\"},\"articleSection\":[\"Aktualno\"],\"inLanguage\":\"sl-SI\"},{\"@type\":\"WebPage\",\"@id\":\"https:\/\/hudo.com\/si\/aktualno\/v-evropi-sem-a-nimam-nikakrsnih-pravic\/\",\"url\":\"https:\/\/hudo.com\/si\/aktualno\/v-evropi-sem-a-nimam-nikakrsnih-pravic\/\",\"name\":\"\u00bbV Evropi sem, a nimam nikakr\u0161nih pravic\u00ab - Hudo Slovenija\",\"isPartOf\":{\"@id\":\"https:\/\/hudo.com\/si\/#website\"},\"datePublished\":\"2016-05-02T16:00:00+00:00\",\"dateModified\":\"2016-05-02T16:00:00+00:00\",\"breadcrumb\":{\"@id\":\"https:\/\/hudo.com\/si\/aktualno\/v-evropi-sem-a-nimam-nikakrsnih-pravic\/#breadcrumb\"},\"inLanguage\":\"sl-SI\",\"potentialAction\":[{\"@type\":\"ReadAction\",\"target\":[\"https:\/\/hudo.com\/si\/aktualno\/v-evropi-sem-a-nimam-nikakrsnih-pravic\/\"]}]},{\"@type\":\"BreadcrumbList\",\"@id\":\"https:\/\/hudo.com\/si\/aktualno\/v-evropi-sem-a-nimam-nikakrsnih-pravic\/#breadcrumb\",\"itemListElement\":[{\"@type\":\"ListItem\",\"position\":1,\"name\":\"Home\",\"item\":\"https:\/\/hudo.com\/si\/\"},{\"@type\":\"ListItem\",\"position\":2,\"name\":\"\u00bbV Evropi sem, a nimam nikakr\u0161nih pravic\u00ab\"}]},{\"@type\":\"WebSite\",\"@id\":\"https:\/\/hudo.com\/si\/#website\",\"url\":\"https:\/\/hudo.com\/si\/\",\"name\":\"Hudo Slovenija\",\"description\":\"Vse novice iz Slovenije in sveta\",\"publisher\":{\"@id\":\"https:\/\/hudo.com\/si\/#organization\"},\"potentialAction\":[{\"@type\":\"SearchAction\",\"target\":{\"@type\":\"EntryPoint\",\"urlTemplate\":\"https:\/\/hudo.com\/si\/?s={search_term_string}\"},\"query-input\":\"required name=search_term_string\"}],\"inLanguage\":\"sl-SI\"},{\"@type\":\"Organization\",\"@id\":\"https:\/\/hudo.com\/si\/#organization\",\"name\":\"VSN Media\",\"url\":\"https:\/\/hudo.com\/si\/\",\"logo\":{\"@type\":\"ImageObject\",\"inLanguage\":\"sl-SI\",\"@id\":\"https:\/\/hudo.com\/si\/#\/schema\/logo\/image\/\",\"url\":\"https:\/\/hudo.com\/si\/wp-content\/uploads\/sites\/2\/2021\/03\/hudo-app-2.png\",\"contentUrl\":\"https:\/\/hudo.com\/si\/wp-content\/uploads\/sites\/2\/2021\/03\/hudo-app-2.png\",\"width\":2185,\"height\":2167,\"caption\":\"VSN Media\"},\"image\":{\"@id\":\"https:\/\/hudo.com\/si\/#\/schema\/logo\/image\/\"},\"sameAs\":[\"https:\/\/www.facebook.com\/hudo.si\",\"https:\/\/twitter.com\/hudo_si\"]},{\"@type\":\"Person\",\"@id\":\"https:\/\/hudo.com\/si\/#\/schema\/person\/601cf3379633985b20f7e50f2bb47707\",\"name\":\"hudo\",\"image\":{\"@type\":\"ImageObject\",\"inLanguage\":\"sl-SI\",\"@id\":\"https:\/\/hudo.com\/si\/#\/schema\/person\/image\/\",\"url\":\"https:\/\/secure.gravatar.com\/avatar\/c4ca25fa72cace7a696b52ff5db9e095?s=96&d=mm&r=g\",\"contentUrl\":\"https:\/\/secure.gravatar.com\/avatar\/c4ca25fa72cace7a696b52ff5db9e095?s=96&d=mm&r=g\",\"caption\":\"hudo\"},\"url\":\"https:\/\/hudo.com\/si\/author\/hudo\/\"}]}<\/script>\n<!-- \/ Yoast SEO plugin. -->","yoast_head_json":{"title":"\u00bbV Evropi sem, a nimam nikakr\u0161nih pravic\u00ab - Hudo Slovenija","robots":{"index":"index","follow":"follow","max-snippet":"max-snippet:-1","max-image-preview":"max-image-preview:large","max-video-preview":"max-video-preview:-1"},"canonical":"https:\/\/hudo.com\/si\/aktualno\/v-evropi-sem-a-nimam-nikakrsnih-pravic\/","og_locale":"sl_SI","og_type":"article","og_title":"\u00bbV Evropi sem, a nimam nikakr\u0161nih pravic\u00ab - Hudo Slovenija","og_description":"Kategorija: Krize Mon, 02 May 2016 20:00:00 +0200 Hios \u2013 Po zaprtju tako imenovane balkanske begunske poti in sprejetju dogovora med Evropsko unijo in Tur\u010dijo je v Gr\u010diji ostalo ujetih okoli 55.000 beguncev in migrantov. Ve\u010dina je zaprtih v namestitvenih centrih, ki so dejansko zapori in kjer so razmere katastrofalne. Najhuje je na egejskem otoku Chios, kjer je Evropska unija s pomo\u010djo gr\u0161kih oblasti, ki pri zape\u010datenju usode deset tiso\u010d ljudi na begu niso imele pravice glasovati, odprla namestitveni center (\u00bbhot spot\u00ab) VIAL, v katerem \u017eivotari okoli dva tiso\u010d ljudi. Vsi so v Gr\u010dijo prispeli po 20. marcu, ko je za\u010del na bazarju moderne \u010dlove\u0161ke tragedije veljati sprejeti dogovor med Brusljem in Ankaro. Ta je beguncem in migrantom prepre\u010dil nadaljevanje poti proti Evropi in jih stla\u010dil v zapore. Tako na otokih kot v celinski Gr\u010diji. A\u00a0...","og_url":"https:\/\/hudo.com\/si\/aktualno\/v-evropi-sem-a-nimam-nikakrsnih-pravic\/","og_site_name":"Hudo Slovenija","article_publisher":"https:\/\/www.facebook.com\/hudo.si","article_published_time":"2016-05-02T16:00:00+00:00","og_image":[{"width":480,"height":290,"url":"https:\/\/hudo.com\/si\/wp-content\/uploads\/sites\/2\/2016\/05\/480x290_3_stran__Delo_Foto_20160502.1_hires0.jpeg","type":"image\/jpeg"}],"author":"hudo","twitter_card":"summary_large_image","twitter_creator":"@hudo_si","twitter_site":"@hudo_si","twitter_misc":{"Written by":"hudo","Est. reading time":"1 minuta"},"schema":{"@context":"https:\/\/schema.org","@graph":[{"@type":"Article","@id":"https:\/\/hudo.com\/si\/aktualno\/v-evropi-sem-a-nimam-nikakrsnih-pravic\/#article","isPartOf":{"@id":"https:\/\/hudo.com\/si\/aktualno\/v-evropi-sem-a-nimam-nikakrsnih-pravic\/"},"author":{"name":"hudo","@id":"https:\/\/hudo.com\/si\/#\/schema\/person\/601cf3379633985b20f7e50f2bb47707"},"headline":"\u00bbV Evropi sem, a nimam nikakr\u0161nih pravic\u00ab","datePublished":"2016-05-02T16:00:00+00:00","dateModified":"2016-05-02T16:00:00+00:00","mainEntityOfPage":{"@id":"https:\/\/hudo.com\/si\/aktualno\/v-evropi-sem-a-nimam-nikakrsnih-pravic\/"},"wordCount":149,"publisher":{"@id":"https:\/\/hudo.com\/si\/#organization"},"articleSection":["Aktualno"],"inLanguage":"sl-SI"},{"@type":"WebPage","@id":"https:\/\/hudo.com\/si\/aktualno\/v-evropi-sem-a-nimam-nikakrsnih-pravic\/","url":"https:\/\/hudo.com\/si\/aktualno\/v-evropi-sem-a-nimam-nikakrsnih-pravic\/","name":"\u00bbV Evropi sem, a nimam nikakr\u0161nih pravic\u00ab - Hudo Slovenija","isPartOf":{"@id":"https:\/\/hudo.com\/si\/#website"},"datePublished":"2016-05-02T16:00:00+00:00","dateModified":"2016-05-02T16:00:00+00:00","breadcrumb":{"@id":"https:\/\/hudo.com\/si\/aktualno\/v-evropi-sem-a-nimam-nikakrsnih-pravic\/#breadcrumb"},"inLanguage":"sl-SI","potentialAction":[{"@type":"ReadAction","target":["https:\/\/hudo.com\/si\/aktualno\/v-evropi-sem-a-nimam-nikakrsnih-pravic\/"]}]},{"@type":"BreadcrumbList","@id":"https:\/\/hudo.com\/si\/aktualno\/v-evropi-sem-a-nimam-nikakrsnih-pravic\/#breadcrumb","itemListElement":[{"@type":"ListItem","position":1,"name":"Home","item":"https:\/\/hudo.com\/si\/"},{"@type":"ListItem","position":2,"name":"\u00bbV Evropi sem, a nimam nikakr\u0161nih pravic\u00ab"}]},{"@type":"WebSite","@id":"https:\/\/hudo.com\/si\/#website","url":"https:\/\/hudo.com\/si\/","name":"Hudo Slovenija","description":"Vse novice iz Slovenije in sveta","publisher":{"@id":"https:\/\/hudo.com\/si\/#organization"},"potentialAction":[{"@type":"SearchAction","target":{"@type":"EntryPoint","urlTemplate":"https:\/\/hudo.com\/si\/?s={search_term_string}"},"query-input":"required name=search_term_string"}],"inLanguage":"sl-SI"},{"@type":"Organization","@id":"https:\/\/hudo.com\/si\/#organization","name":"VSN Media","url":"https:\/\/hudo.com\/si\/","logo":{"@type":"ImageObject","inLanguage":"sl-SI","@id":"https:\/\/hudo.com\/si\/#\/schema\/logo\/image\/","url":"https:\/\/hudo.com\/si\/wp-content\/uploads\/sites\/2\/2021\/03\/hudo-app-2.png","contentUrl":"https:\/\/hudo.com\/si\/wp-content\/uploads\/sites\/2\/2021\/03\/hudo-app-2.png","width":2185,"height":2167,"caption":"VSN Media"},"image":{"@id":"https:\/\/hudo.com\/si\/#\/schema\/logo\/image\/"},"sameAs":["https:\/\/www.facebook.com\/hudo.si","https:\/\/twitter.com\/hudo_si"]},{"@type":"Person","@id":"https:\/\/hudo.com\/si\/#\/schema\/person\/601cf3379633985b20f7e50f2bb47707","name":"hudo","image":{"@type":"ImageObject","inLanguage":"sl-SI","@id":"https:\/\/hudo.com\/si\/#\/schema\/person\/image\/","url":"https:\/\/secure.gravatar.com\/avatar\/c4ca25fa72cace7a696b52ff5db9e095?s=96&d=mm&r=g","contentUrl":"https:\/\/secure.gravatar.com\/avatar\/c4ca25fa72cace7a696b52ff5db9e095?s=96&d=mm&r=g","caption":"hudo"},"url":"https:\/\/hudo.com\/si\/author\/hudo\/"}]}},"amp_enabled":true,"_links":{"self":[{"href":"https:\/\/hudo.com\/si\/wp-json\/wp\/v2\/posts\/43791"}],"collection":[{"href":"https:\/\/hudo.com\/si\/wp-json\/wp\/v2\/posts"}],"about":[{"href":"https:\/\/hudo.com\/si\/wp-json\/wp\/v2\/types\/post"}],"author":[{"embeddable":true,"href":"https:\/\/hudo.com\/si\/wp-json\/wp\/v2\/users\/1"}],"replies":[{"embeddable":true,"href":"https:\/\/hudo.com\/si\/wp-json\/wp\/v2\/comments?post=43791"}],"version-history":[{"count":0,"href":"https:\/\/hudo.com\/si\/wp-json\/wp\/v2\/posts\/43791\/revisions"}],"wp:attachment":[{"href":"https:\/\/hudo.com\/si\/wp-json\/wp\/v2\/media?parent=43791"}],"wp:term":[{"taxonomy":"category","embeddable":true,"href":"https:\/\/hudo.com\/si\/wp-json\/wp\/v2\/categories?post=43791"},{"taxonomy":"post_tag","embeddable":true,"href":"https:\/\/hudo.com\/si\/wp-json\/wp\/v2\/tags?post=43791"},{"taxonomy":"source","embeddable":true,"href":"https:\/\/hudo.com\/si\/wp-json\/wp\/v2\/source?post=43791"},{"taxonomy":"supertag","embeddable":true,"href":"https:\/\/hudo.com\/si\/wp-json\/wp\/v2\/supertag?post=43791"}],"curies":[{"name":"wp","href":"https:\/\/api.w.org\/{rel}","templated":true}]}}