{"id":438455,"date":"2020-11-22T19:02:43","date_gmt":"2020-11-22T18:02:43","guid":{"rendered":"http:\/\/hudo.com\/si\/?p=438455"},"modified":"2020-11-22T19:02:43","modified_gmt":"2020-11-22T18:02:43","slug":"nemski-smucarski-skakalec-markus-eisenbichler-je-zmagovalec-prve-posamicne-tekme-42-sezone-svetovnega-pokala-v-poljski-wisli","status":"publish","type":"post","link":"https:\/\/hudo.com\/si\/aktualno\/nemski-smucarski-skakalec-markus-eisenbichler-je-zmagovalec-prve-posamicne-tekme-42-sezone-svetovnega-pokala-v-poljski-wisli\/","title":{"rendered":"Nem\u0161ki smu\u010darski skakalec Markus Eisenbichler je zmagovalec prve posami\u010dne tekme 42. sezone svetovnega pokala v poljski Wisli"},"content":{"rendered":"<p>Organizatorji so morali danes zaradi te\u017eav z vetrom odpovedati poskusno serijo. Veter je krojil nastope skakalcev tudi v prvi in finalni seriji. \u017drtev slabih razmer je bil \u017ee v prvi seriji tudi lanski zmagovalec svetovnega pokala in sobotni zmagovalec z ekipo Avstrijec Stefan Kraft.<\/p>\n<p>Nem\u010dija pa je na uvodnem prizori\u0161\u010du sezone, ki so ga zaznamovali strogi koronski ukrepi, prazne tribune, medosebna razdalja in maske &#8211; nekaj na skoke norih poljskih navija\u010dev je sicer glasno navijalo v gozdu ob skakalnici -, danes pri\u0161la do dvojne zmage za sanjski za\u010detek, saj sta kot \u0161tevilka 1 in 2 kon\u010dala Eisenbichler in Geiger.<\/p>\n<p>&#8220;Tega nisem pri\u010dakoval. Resni\u010dno sem vesel, da lahko slavim drugo zmago v svetovnem pokalu v karieri,&#8221; se je s stisnjenimi pestmi v izteku skakalnice Adama Malysza veselil prvi zmagovalec sezone.<\/p>\n<p>&#8220;To so bile moje velike sanje, da oble\u010dem rumeno majico vodilnega v svetovnem pokalu. Prvi\u010d v \u017eivljenju mi je to uspelo. Rumene majice sem vesel kot bo\u017ei\u010da,&#8221; je bil po zmagi navdu\u0161en svetovni prvak Eisenbichler.<\/p>\n<p>Njegovega navdu\u0161enja nista delila zmagovalec kvalifikacij in ve\u010dkratni zmagovalec Wisle doma\u010din Kamil Stoch ter zmagovalec sezone 2019 Japonec Ryoyu Kobayashi, ki sta si po slabih predstavah v spremenljivih razmerah razdelila 27. mesto.<\/p>\n<p>V teh spremenljivih razmerah se je dobro zna\u0161el Lani\u0161ek, ki je lani prav v Wislu z drugim mestom dosegel uspeh kariere. Po polovici tekme je vodil, v finalu pa ni prikazal tako dobrega skoka in kon\u010dal na \u0161estem mestu.<\/p>\n<p>Poleg Lani\u0161ka so to\u010dke na prvi tekmi sezone osvojili \u0161e Bor Pavlov\u010di\u010d z 20., Timi Zajc s 23., in Peter Prevc, ki je prav tako dvakrat sko\u010dil v slabih razmerah brez pomo\u010di vetra, s 30. mestom. Prevc je svoj dana\u0161nji nastop z vetrom v hrbet nazorno pospremil z jezno gesto.<\/p>\n<p>Brez to\u010dk svetovnega pokala sta po slabih predstavah ostala \u017diga Jelar na 38. in Tilen Bartol na 39. mestu, \u017ee v petkovih kvalifikacijah pa je obstal An\u017ee Semeni\u010d.<\/p>\n<p>Sobotno ekipno tekmo so dobili Avstrijci pred Nemci in doma\u010dini, Slovenci v postavi Zajc, Prevc, Lani\u0161ek in Jelar niso krojili vrha in se s \u0161estim mestom niso izkazali.<\/p>\n<p>Svetovni pokal se bo po kraj\u0161em premoru nadaljeval prihodnji konec tedna z dvema posami\u010dnima tekmama v finski Ruki, kamor bo karavana svetovnega pokala odpotovala s \u010darterskim poletom.<\/p>\n","protected":false},"excerpt":{"rendered":"<p>Za dvojno nem\u0161ko zmago je z drugim mestom poskrbel \u0161e Karl Geiger. An\u017ee Lani\u0161ek, ki je vodil po prvi seriji, je izpustil prilo\u017enost za stopni\u010dke in kot najbolj\u0161i med \u0161tirimi slovenskimi finalisti kon\u010dal na \u0161estem mestu.<\/p>\n","protected":false},"author":8,"featured_media":438456,"comment_status":"closed","ping_status":"closed","sticky":false,"template":"","format":"standard","meta":{"footnotes":""},"categories":[1179],"tags":[12382,13321,2209],"source":[4511],"supertag":[6098],"acf":[],"yoast_head":"<!-- This site is optimized with the Yoast SEO plugin v21.3 - https:\/\/yoast.com\/wordpress\/plugins\/seo\/ -->\n<title>Nem\u0161ki smu\u010darski skakalec Markus Eisenbichler je zmagovalec prve posami\u010dne tekme 42. sezone svetovnega pokala v poljski Wisli - Hudo Slovenija<\/title>\n<meta name=\"robots\" content=\"index, follow, max-snippet:-1, max-image-preview:large, max-video-preview:-1\" \/>\n<link rel=\"canonical\" href=\"https:\/\/hudo.com\/si\/aktualno\/nemski-smucarski-skakalec-markus-eisenbichler-je-zmagovalec-prve-posamicne-tekme-42-sezone-svetovnega-pokala-v-poljski-wisli\/\" \/>\n<meta property=\"og:locale\" content=\"sl_SI\" \/>\n<meta property=\"og:type\" content=\"article\" \/>\n<meta property=\"og:title\" content=\"Nem\u0161ki smu\u010darski skakalec Markus Eisenbichler je zmagovalec prve posami\u010dne tekme 42. sezone svetovnega pokala v poljski Wisli - Hudo Slovenija\" \/>\n<meta property=\"og:description\" content=\"Za dvojno nem\u0161ko zmago je z drugim mestom poskrbel \u0161e Karl Geiger. An\u017ee Lani\u0161ek, ki je vodil po prvi seriji, je izpustil prilo\u017enost za stopni\u010dke in kot najbolj\u0161i med \u0161tirimi slovenskimi finalisti kon\u010dal na \u0161estem mestu.\" \/>\n<meta property=\"og:url\" content=\"https:\/\/hudo.com\/si\/aktualno\/nemski-smucarski-skakalec-markus-eisenbichler-je-zmagovalec-prve-posamicne-tekme-42-sezone-svetovnega-pokala-v-poljski-wisli\/\" \/>\n<meta property=\"og:site_name\" content=\"Hudo Slovenija\" \/>\n<meta property=\"article:publisher\" content=\"https:\/\/www.facebook.com\/hudo.si\" \/>\n<meta property=\"article:published_time\" content=\"2020-11-22T18:02:43+00:00\" \/>\n<meta property=\"og:image\" content=\"https:\/\/hudo.com\/si\/wp-content\/uploads\/sites\/2\/2020\/11\/profimedia-0494994405.jpg\" \/>\n\t<meta property=\"og:image:width\" content=\"1250\" \/>\n\t<meta property=\"og:image:height\" content=\"875\" \/>\n\t<meta property=\"og:image:type\" content=\"image\/jpeg\" \/>\n<meta name=\"author\" content=\"M. N., STA\" \/>\n<meta name=\"twitter:card\" content=\"summary_large_image\" \/>\n<meta name=\"twitter:creator\" content=\"@hudo_si\" \/>\n<meta name=\"twitter:site\" content=\"@hudo_si\" \/>\n<meta name=\"twitter:label1\" content=\"Written by\" \/>\n\t<meta name=\"twitter:data1\" content=\"M. N., STA\" \/>\n\t<meta name=\"twitter:label2\" content=\"Est. reading time\" \/>\n\t<meta name=\"twitter:data2\" content=\"2 minuti\" \/>\n<script type=\"application\/ld+json\" class=\"yoast-schema-graph\">{\"@context\":\"https:\/\/schema.org\",\"@graph\":[{\"@type\":\"Article\",\"@id\":\"https:\/\/hudo.com\/si\/aktualno\/nemski-smucarski-skakalec-markus-eisenbichler-je-zmagovalec-prve-posamicne-tekme-42-sezone-svetovnega-pokala-v-poljski-wisli\/#article\",\"isPartOf\":{\"@id\":\"https:\/\/hudo.com\/si\/aktualno\/nemski-smucarski-skakalec-markus-eisenbichler-je-zmagovalec-prve-posamicne-tekme-42-sezone-svetovnega-pokala-v-poljski-wisli\/\"},\"author\":{\"name\":\"M. N., STA\",\"@id\":\"https:\/\/hudo.com\/si\/#\/schema\/person\/c2f10ce65d2e6ede2aeda5be2a0611fa\"},\"headline\":\"Nem\u0161ki smu\u010darski skakalec Markus Eisenbichler je zmagovalec prve posami\u010dne tekme 42. sezone svetovnega pokala v poljski Wisli\",\"datePublished\":\"2020-11-22T18:02:43+00:00\",\"dateModified\":\"2020-11-22T18:02:43+00:00\",\"mainEntityOfPage\":{\"@id\":\"https:\/\/hudo.com\/si\/aktualno\/nemski-smucarski-skakalec-markus-eisenbichler-je-zmagovalec-prve-posamicne-tekme-42-sezone-svetovnega-pokala-v-poljski-wisli\/\"},\"wordCount\":409,\"publisher\":{\"@id\":\"https:\/\/hudo.com\/si\/#organization\"},\"keywords\":[\"an\u017ee lani\u0161ek\",\"Markus Eisenbichler\",\"smu\u010darski skoki\"],\"articleSection\":[\"Aktualno\"],\"inLanguage\":\"sl-SI\"},{\"@type\":\"WebPage\",\"@id\":\"https:\/\/hudo.com\/si\/aktualno\/nemski-smucarski-skakalec-markus-eisenbichler-je-zmagovalec-prve-posamicne-tekme-42-sezone-svetovnega-pokala-v-poljski-wisli\/\",\"url\":\"https:\/\/hudo.com\/si\/aktualno\/nemski-smucarski-skakalec-markus-eisenbichler-je-zmagovalec-prve-posamicne-tekme-42-sezone-svetovnega-pokala-v-poljski-wisli\/\",\"name\":\"Nem\u0161ki smu\u010darski skakalec Markus Eisenbichler je zmagovalec prve posami\u010dne tekme 42. sezone svetovnega pokala v poljski Wisli - Hudo Slovenija\",\"isPartOf\":{\"@id\":\"https:\/\/hudo.com\/si\/#website\"},\"datePublished\":\"2020-11-22T18:02:43+00:00\",\"dateModified\":\"2020-11-22T18:02:43+00:00\",\"breadcrumb\":{\"@id\":\"https:\/\/hudo.com\/si\/aktualno\/nemski-smucarski-skakalec-markus-eisenbichler-je-zmagovalec-prve-posamicne-tekme-42-sezone-svetovnega-pokala-v-poljski-wisli\/#breadcrumb\"},\"inLanguage\":\"sl-SI\",\"potentialAction\":[{\"@type\":\"ReadAction\",\"target\":[\"https:\/\/hudo.com\/si\/aktualno\/nemski-smucarski-skakalec-markus-eisenbichler-je-zmagovalec-prve-posamicne-tekme-42-sezone-svetovnega-pokala-v-poljski-wisli\/\"]}]},{\"@type\":\"BreadcrumbList\",\"@id\":\"https:\/\/hudo.com\/si\/aktualno\/nemski-smucarski-skakalec-markus-eisenbichler-je-zmagovalec-prve-posamicne-tekme-42-sezone-svetovnega-pokala-v-poljski-wisli\/#breadcrumb\",\"itemListElement\":[{\"@type\":\"ListItem\",\"position\":1,\"name\":\"Home\",\"item\":\"https:\/\/hudo.com\/si\/\"},{\"@type\":\"ListItem\",\"position\":2,\"name\":\"Nem\u0161ki smu\u010darski skakalec Markus Eisenbichler je zmagovalec prve posami\u010dne tekme 42. sezone svetovnega pokala v poljski Wisli\"}]},{\"@type\":\"WebSite\",\"@id\":\"https:\/\/hudo.com\/si\/#website\",\"url\":\"https:\/\/hudo.com\/si\/\",\"name\":\"Hudo Slovenija\",\"description\":\"Vse novice iz Slovenije in sveta\",\"publisher\":{\"@id\":\"https:\/\/hudo.com\/si\/#organization\"},\"potentialAction\":[{\"@type\":\"SearchAction\",\"target\":{\"@type\":\"EntryPoint\",\"urlTemplate\":\"https:\/\/hudo.com\/si\/?s={search_term_string}\"},\"query-input\":\"required name=search_term_string\"}],\"inLanguage\":\"sl-SI\"},{\"@type\":\"Organization\",\"@id\":\"https:\/\/hudo.com\/si\/#organization\",\"name\":\"VSN Media\",\"url\":\"https:\/\/hudo.com\/si\/\",\"logo\":{\"@type\":\"ImageObject\",\"inLanguage\":\"sl-SI\",\"@id\":\"https:\/\/hudo.com\/si\/#\/schema\/logo\/image\/\",\"url\":\"https:\/\/hudo.com\/si\/wp-content\/uploads\/sites\/2\/2021\/03\/hudo-app-2.png\",\"contentUrl\":\"https:\/\/hudo.com\/si\/wp-content\/uploads\/sites\/2\/2021\/03\/hudo-app-2.png\",\"width\":2185,\"height\":2167,\"caption\":\"VSN Media\"},\"image\":{\"@id\":\"https:\/\/hudo.com\/si\/#\/schema\/logo\/image\/\"},\"sameAs\":[\"https:\/\/www.facebook.com\/hudo.si\",\"https:\/\/twitter.com\/hudo_si\"]},{\"@type\":\"Person\",\"@id\":\"https:\/\/hudo.com\/si\/#\/schema\/person\/c2f10ce65d2e6ede2aeda5be2a0611fa\",\"name\":\"M. N., STA\",\"image\":{\"@type\":\"ImageObject\",\"inLanguage\":\"sl-SI\",\"@id\":\"https:\/\/hudo.com\/si\/#\/schema\/person\/image\/\",\"url\":\"https:\/\/secure.gravatar.com\/avatar\/f370d38daa10467f755c5c766a4cac20?s=96&d=mm&r=g\",\"contentUrl\":\"https:\/\/secure.gravatar.com\/avatar\/f370d38daa10467f755c5c766a4cac20?s=96&d=mm&r=g\",\"caption\":\"M. N., STA\"},\"url\":\"https:\/\/hudo.com\/si\/author\/mana\/\"}]}<\/script>\n<!-- \/ Yoast SEO plugin. -->","yoast_head_json":{"title":"Nem\u0161ki smu\u010darski skakalec Markus Eisenbichler je zmagovalec prve posami\u010dne tekme 42. sezone svetovnega pokala v poljski Wisli - Hudo Slovenija","robots":{"index":"index","follow":"follow","max-snippet":"max-snippet:-1","max-image-preview":"max-image-preview:large","max-video-preview":"max-video-preview:-1"},"canonical":"https:\/\/hudo.com\/si\/aktualno\/nemski-smucarski-skakalec-markus-eisenbichler-je-zmagovalec-prve-posamicne-tekme-42-sezone-svetovnega-pokala-v-poljski-wisli\/","og_locale":"sl_SI","og_type":"article","og_title":"Nem\u0161ki smu\u010darski skakalec Markus Eisenbichler je zmagovalec prve posami\u010dne tekme 42. sezone svetovnega pokala v poljski Wisli - Hudo Slovenija","og_description":"Za dvojno nem\u0161ko zmago je z drugim mestom poskrbel \u0161e Karl Geiger. An\u017ee Lani\u0161ek, ki je vodil po prvi seriji, je izpustil prilo\u017enost za stopni\u010dke in kot najbolj\u0161i med \u0161tirimi slovenskimi finalisti kon\u010dal na \u0161estem mestu.","og_url":"https:\/\/hudo.com\/si\/aktualno\/nemski-smucarski-skakalec-markus-eisenbichler-je-zmagovalec-prve-posamicne-tekme-42-sezone-svetovnega-pokala-v-poljski-wisli\/","og_site_name":"Hudo Slovenija","article_publisher":"https:\/\/www.facebook.com\/hudo.si","article_published_time":"2020-11-22T18:02:43+00:00","og_image":[{"width":1250,"height":875,"url":"https:\/\/hudo.com\/si\/wp-content\/uploads\/sites\/2\/2020\/11\/profimedia-0494994405.jpg","type":"image\/jpeg"}],"author":"M. N., STA","twitter_card":"summary_large_image","twitter_creator":"@hudo_si","twitter_site":"@hudo_si","twitter_misc":{"Written by":"M. N., STA","Est. reading time":"2 minuti"},"schema":{"@context":"https:\/\/schema.org","@graph":[{"@type":"Article","@id":"https:\/\/hudo.com\/si\/aktualno\/nemski-smucarski-skakalec-markus-eisenbichler-je-zmagovalec-prve-posamicne-tekme-42-sezone-svetovnega-pokala-v-poljski-wisli\/#article","isPartOf":{"@id":"https:\/\/hudo.com\/si\/aktualno\/nemski-smucarski-skakalec-markus-eisenbichler-je-zmagovalec-prve-posamicne-tekme-42-sezone-svetovnega-pokala-v-poljski-wisli\/"},"author":{"name":"M. N., STA","@id":"https:\/\/hudo.com\/si\/#\/schema\/person\/c2f10ce65d2e6ede2aeda5be2a0611fa"},"headline":"Nem\u0161ki smu\u010darski skakalec Markus Eisenbichler je zmagovalec prve posami\u010dne tekme 42. sezone svetovnega pokala v poljski Wisli","datePublished":"2020-11-22T18:02:43+00:00","dateModified":"2020-11-22T18:02:43+00:00","mainEntityOfPage":{"@id":"https:\/\/hudo.com\/si\/aktualno\/nemski-smucarski-skakalec-markus-eisenbichler-je-zmagovalec-prve-posamicne-tekme-42-sezone-svetovnega-pokala-v-poljski-wisli\/"},"wordCount":409,"publisher":{"@id":"https:\/\/hudo.com\/si\/#organization"},"keywords":["an\u017ee lani\u0161ek","Markus Eisenbichler","smu\u010darski skoki"],"articleSection":["Aktualno"],"inLanguage":"sl-SI"},{"@type":"WebPage","@id":"https:\/\/hudo.com\/si\/aktualno\/nemski-smucarski-skakalec-markus-eisenbichler-je-zmagovalec-prve-posamicne-tekme-42-sezone-svetovnega-pokala-v-poljski-wisli\/","url":"https:\/\/hudo.com\/si\/aktualno\/nemski-smucarski-skakalec-markus-eisenbichler-je-zmagovalec-prve-posamicne-tekme-42-sezone-svetovnega-pokala-v-poljski-wisli\/","name":"Nem\u0161ki smu\u010darski skakalec Markus Eisenbichler je zmagovalec prve posami\u010dne tekme 42. sezone svetovnega pokala v poljski Wisli - Hudo Slovenija","isPartOf":{"@id":"https:\/\/hudo.com\/si\/#website"},"datePublished":"2020-11-22T18:02:43+00:00","dateModified":"2020-11-22T18:02:43+00:00","breadcrumb":{"@id":"https:\/\/hudo.com\/si\/aktualno\/nemski-smucarski-skakalec-markus-eisenbichler-je-zmagovalec-prve-posamicne-tekme-42-sezone-svetovnega-pokala-v-poljski-wisli\/#breadcrumb"},"inLanguage":"sl-SI","potentialAction":[{"@type":"ReadAction","target":["https:\/\/hudo.com\/si\/aktualno\/nemski-smucarski-skakalec-markus-eisenbichler-je-zmagovalec-prve-posamicne-tekme-42-sezone-svetovnega-pokala-v-poljski-wisli\/"]}]},{"@type":"BreadcrumbList","@id":"https:\/\/hudo.com\/si\/aktualno\/nemski-smucarski-skakalec-markus-eisenbichler-je-zmagovalec-prve-posamicne-tekme-42-sezone-svetovnega-pokala-v-poljski-wisli\/#breadcrumb","itemListElement":[{"@type":"ListItem","position":1,"name":"Home","item":"https:\/\/hudo.com\/si\/"},{"@type":"ListItem","position":2,"name":"Nem\u0161ki smu\u010darski skakalec Markus Eisenbichler je zmagovalec prve posami\u010dne tekme 42. sezone svetovnega pokala v poljski Wisli"}]},{"@type":"WebSite","@id":"https:\/\/hudo.com\/si\/#website","url":"https:\/\/hudo.com\/si\/","name":"Hudo Slovenija","description":"Vse novice iz Slovenije in sveta","publisher":{"@id":"https:\/\/hudo.com\/si\/#organization"},"potentialAction":[{"@type":"SearchAction","target":{"@type":"EntryPoint","urlTemplate":"https:\/\/hudo.com\/si\/?s={search_term_string}"},"query-input":"required name=search_term_string"}],"inLanguage":"sl-SI"},{"@type":"Organization","@id":"https:\/\/hudo.com\/si\/#organization","name":"VSN Media","url":"https:\/\/hudo.com\/si\/","logo":{"@type":"ImageObject","inLanguage":"sl-SI","@id":"https:\/\/hudo.com\/si\/#\/schema\/logo\/image\/","url":"https:\/\/hudo.com\/si\/wp-content\/uploads\/sites\/2\/2021\/03\/hudo-app-2.png","contentUrl":"https:\/\/hudo.com\/si\/wp-content\/uploads\/sites\/2\/2021\/03\/hudo-app-2.png","width":2185,"height":2167,"caption":"VSN Media"},"image":{"@id":"https:\/\/hudo.com\/si\/#\/schema\/logo\/image\/"},"sameAs":["https:\/\/www.facebook.com\/hudo.si","https:\/\/twitter.com\/hudo_si"]},{"@type":"Person","@id":"https:\/\/hudo.com\/si\/#\/schema\/person\/c2f10ce65d2e6ede2aeda5be2a0611fa","name":"M. N., STA","image":{"@type":"ImageObject","inLanguage":"sl-SI","@id":"https:\/\/hudo.com\/si\/#\/schema\/person\/image\/","url":"https:\/\/secure.gravatar.com\/avatar\/f370d38daa10467f755c5c766a4cac20?s=96&d=mm&r=g","contentUrl":"https:\/\/secure.gravatar.com\/avatar\/f370d38daa10467f755c5c766a4cac20?s=96&d=mm&r=g","caption":"M. N., STA"},"url":"https:\/\/hudo.com\/si\/author\/mana\/"}]}},"amp_enabled":true,"_links":{"self":[{"href":"https:\/\/hudo.com\/si\/wp-json\/wp\/v2\/posts\/438455"}],"collection":[{"href":"https:\/\/hudo.com\/si\/wp-json\/wp\/v2\/posts"}],"about":[{"href":"https:\/\/hudo.com\/si\/wp-json\/wp\/v2\/types\/post"}],"author":[{"embeddable":true,"href":"https:\/\/hudo.com\/si\/wp-json\/wp\/v2\/users\/8"}],"replies":[{"embeddable":true,"href":"https:\/\/hudo.com\/si\/wp-json\/wp\/v2\/comments?post=438455"}],"version-history":[{"count":1,"href":"https:\/\/hudo.com\/si\/wp-json\/wp\/v2\/posts\/438455\/revisions"}],"predecessor-version":[{"id":438457,"href":"https:\/\/hudo.com\/si\/wp-json\/wp\/v2\/posts\/438455\/revisions\/438457"}],"wp:featuredmedia":[{"embeddable":true,"href":"https:\/\/hudo.com\/si\/wp-json\/wp\/v2\/media\/438456"}],"wp:attachment":[{"href":"https:\/\/hudo.com\/si\/wp-json\/wp\/v2\/media?parent=438455"}],"wp:term":[{"taxonomy":"category","embeddable":true,"href":"https:\/\/hudo.com\/si\/wp-json\/wp\/v2\/categories?post=438455"},{"taxonomy":"post_tag","embeddable":true,"href":"https:\/\/hudo.com\/si\/wp-json\/wp\/v2\/tags?post=438455"},{"taxonomy":"source","embeddable":true,"href":"https:\/\/hudo.com\/si\/wp-json\/wp\/v2\/source?post=438455"},{"taxonomy":"supertag","embeddable":true,"href":"https:\/\/hudo.com\/si\/wp-json\/wp\/v2\/supertag?post=438455"}],"curies":[{"name":"wp","href":"https:\/\/api.w.org\/{rel}","templated":true}]}}