{"id":438541,"date":"2020-11-23T21:35:52","date_gmt":"2020-11-23T20:35:52","guid":{"rendered":"http:\/\/hudo.com\/si\/?p=438541"},"modified":"2020-11-23T21:35:52","modified_gmt":"2020-11-23T20:35:52","slug":"za-zdaj-brez-podaljsanja-subvencioniranja-skrajsanega-delovnega-casa","status":"publish","type":"post","link":"https:\/\/hudo.com\/si\/aktualno\/za-zdaj-brez-podaljsanja-subvencioniranja-skrajsanega-delovnega-casa\/","title":{"rendered":"Za zdaj brez podalj\u0161anja subvencioniranja skraj\u0161anega delovnega \u010dasa"},"content":{"rendered":"<p>Subvencioniranje skraj\u0161anega delovnega \u010dasa je uvedel tretji protikoronski zakon, ki ga je DZ potrdil konec maja. Ukrep lahko koristi vsak delodajalec, ki vsaj 10 odstotkom zaposlenih ne more zagotavljati 90 odstotkov dela. Dr\u017eava za vsakega tak\u0161nega delavca subvencionira nadomestilo pla\u010de v obsegu od pet do 20 ur tedensko, ukrep pa velja od 1. junija do 31. decembra.<\/p>\n<p>Vlada je nameravala s \u0161estim protikoronskim zakonom, ki ga bo DZ potrjeval v sredo, ta ukrep podalj\u0161ati do sredine prihodnjega leta. Vendar so poslanci koalicije predlagali, da se ta namera iz zakonskega besedila \u010drta, \u010dlani odbora pa so predlog podprli. V skladu z mnenjem pravnikov DZ naj bi podalj\u0161anje subvencioniranja skraj\u0161anega delovnega \u010dasa urediti v okviru sprememb tretjega protikoronskega zakona.<\/p>\n<p>Raz\u0161irili pa so krog upravi\u010dencev do nadomestil pla\u010d, \u010de zaradi epidemije ne morejo opravljati dela. Poleg zaposlenim v karanteni in enemu od star\u0161ev otrok v \u010dasu zaprtja vrtcev in \u0161ol bo dr\u017eava v skladu s sprejetim dopolnilom koalicije povrnila nadomestilo pla\u010de tudi tistim, ki na delo ne morejo priti zaradi ustavitve javnega prevoza ali zaprtja mej s sosednjimi dr\u017eavami. Delodajalec lahko delavcu izpla\u010da nadomestilo pla\u010de v vi\u0161ini 80 odstotkov.<\/p>\n<p>V petem protikoronskem zakonu, sprejetem sredi oktobra, ostaja zapisano, da lahko vsi zaposleni do konca leta koristijo tri dni bolni\u0161ke odsotnosti brez potrdila osebnega zdravnika. Vlada je predvidela, da to ne bi veljalo za zaposlene pri neposrednih in posrednih uporabnikih prora\u010duna, vendar je odbor tudi to dolo\u010dbo \u010drtal.<\/p>\n<p>\u010crtali so tudi dolo\u010dbo, po kateri bi bil za napotitev v karanteno poleg Nacionalnega in\u0161tituta za javno zdravje in policije pristojen tudi osebni zdravnik.<\/p>\n<p>Odbor za finance je danes predlog \u0161estega protikoronskega zakona obravnaval ve\u010d kot osem ur, a je ni uspel kon\u010dati. V razpravi je bil sicer najve\u010d pozornosti dele\u017een predlagan nov ukrep, to je delna nadomestitev fiksnih stro\u0161kov najbolj prizadetim podjetjem.<\/p>\n<p>Po predlogu bodo podjetja lahko prejela sredstva za pokrivanje fiksnih stro\u0161kov za obdobje od 1. oktobra do konca leta. Pomo\u010d bo namenjena tistim, ki so jim letni prihodki zaradi epidemije upadli za vsaj 40 odstotkov. Znesek, do katerega bodo upravi\u010dena, se bo izra\u010dunal v dolo\u010denem dele\u017eu od njihovih lanskih prihodkov od prodaje.<\/p>\n<p>Marko Bandelli (SAB) bi delno kritje fiksnih stro\u0161kov ponudil podjetjem \u017ee v primeru padca prihodkov za 25 ali 30 odstotkov. V LM\u0160 so zahtevali, naj podjetjem, ki zaradi vladne odredbe ne smejo opravljati dejavnosti, te stro\u0161ke povrnejo v celoti. Monika Gregor\u010di\u010d (SMC) je dopustila mo\u017enost, da bi v nadaljevanju obravnave te kriterije omilili.<\/p>\n<p>V opoziciji so vladi o\u010ditali, da je tudi v tokratni protikoronski zakon vklju\u010dila dolo\u010dbe, ki z re\u0161evanjem zdravstvene ali gospodarske krize nimajo nobene povezave. Med drugim so na\u0161tevali izena\u010devanje splo\u0161ne in poklicne mature, odpravo akreditacije visoko\u0161olskih zavodov ter vi\u0161anje kazni za kr\u0161itev vladnih odlokov.<\/p>\n<p>Slednje bodo v primeru kr\u0161enja prepovedi zbiranja ljudi na javnih krajih med razgla\u0161eno epidemijo lahko segle do 10.000 evrov, v primeru nagovarjanja k tem kr\u0161itvam pa celo do 15.000 evrov. &#8220;V polo\u017eaju, v katerem je dr\u017eava, je treba sankcionirati ne le kr\u0161itev predpisa, pa\u010d pa tudi neodgovoren odnos do soljudi,&#8221; je pojasnil \u0160ircelj. Opozicija je tako visokim kaznim ostro nasprotovala.<\/p>\n","protected":false},"excerpt":{"rendered":"<p>Odbor DZ za finance je iz predloga \u0161estega protikoronskega zakona, ki prina\u0161a dodatne ukrepe za omilitev in odpravo posledic covida-19, \u010drtal podalj\u0161anje subvencioniranja skraj\u0161anega delovnega \u010dasa. Tako so predlagali poslanci koalicije, ki na\u010drtujejo ureditev te problematike v drugem zakonu. Odbor seje ni kon\u010dal in jo bo nadaljeval v torek.<\/p>\n","protected":false},"author":5,"featured_media":430690,"comment_status":"closed","ping_status":"closed","sticky":false,"template":"","format":"standard","meta":{"footnotes":""},"categories":[1179],"tags":[1913,2391,17459,1595],"source":[4511],"supertag":[7541,5675],"acf":[],"yoast_head":"<!-- This site is optimized with the Yoast SEO plugin v21.3 - https:\/\/yoast.com\/wordpress\/plugins\/seo\/ -->\n<title>Za zdaj brez podalj\u0161anja subvencioniranja skraj\u0161anega delovnega \u010dasa - Hudo Slovenija<\/title>\n<meta name=\"robots\" content=\"index, follow, max-snippet:-1, max-image-preview:large, max-video-preview:-1\" \/>\n<link rel=\"canonical\" href=\"https:\/\/hudo.com\/si\/aktualno\/za-zdaj-brez-podaljsanja-subvencioniranja-skrajsanega-delovnega-casa\/\" \/>\n<meta property=\"og:locale\" content=\"sl_SI\" \/>\n<meta property=\"og:type\" content=\"article\" \/>\n<meta property=\"og:title\" content=\"Za zdaj brez podalj\u0161anja subvencioniranja skraj\u0161anega delovnega \u010dasa - Hudo Slovenija\" \/>\n<meta property=\"og:description\" content=\"Odbor DZ za finance je iz predloga \u0161estega protikoronskega zakona, ki prina\u0161a dodatne ukrepe za omilitev in odpravo posledic covida-19, \u010drtal podalj\u0161anje subvencioniranja skraj\u0161anega delovnega \u010dasa. Tako so predlagali poslanci koalicije, ki na\u010drtujejo ureditev te problematike v drugem zakonu. Odbor seje ni kon\u010dal in jo bo nadaljeval v torek.\" \/>\n<meta property=\"og:url\" content=\"https:\/\/hudo.com\/si\/aktualno\/za-zdaj-brez-podaljsanja-subvencioniranja-skrajsanega-delovnega-casa\/\" \/>\n<meta property=\"og:site_name\" content=\"Hudo Slovenija\" \/>\n<meta property=\"article:publisher\" content=\"https:\/\/www.facebook.com\/hudo.si\" \/>\n<meta property=\"article:published_time\" content=\"2020-11-23T20:35:52+00:00\" \/>\n<meta property=\"og:image\" content=\"https:\/\/hudo.com\/si\/wp-content\/uploads\/sites\/2\/2020\/08\/profimedia-0330855512.jpg\" \/>\n\t<meta property=\"og:image:width\" content=\"1250\" \/>\n\t<meta property=\"og:image:height\" content=\"799\" \/>\n\t<meta property=\"og:image:type\" content=\"image\/jpeg\" \/>\n<meta name=\"author\" content=\"A. G., STA\" \/>\n<meta name=\"twitter:card\" content=\"summary_large_image\" \/>\n<meta name=\"twitter:creator\" content=\"@hudo_si\" \/>\n<meta name=\"twitter:site\" content=\"@hudo_si\" \/>\n<meta name=\"twitter:label1\" content=\"Written by\" \/>\n\t<meta name=\"twitter:data1\" content=\"A. G., STA\" \/>\n\t<meta name=\"twitter:label2\" content=\"Est. reading time\" \/>\n\t<meta name=\"twitter:data2\" content=\"3 minute\" \/>\n<script type=\"application\/ld+json\" class=\"yoast-schema-graph\">{\"@context\":\"https:\/\/schema.org\",\"@graph\":[{\"@type\":\"Article\",\"@id\":\"https:\/\/hudo.com\/si\/aktualno\/za-zdaj-brez-podaljsanja-subvencioniranja-skrajsanega-delovnega-casa\/#article\",\"isPartOf\":{\"@id\":\"https:\/\/hudo.com\/si\/aktualno\/za-zdaj-brez-podaljsanja-subvencioniranja-skrajsanega-delovnega-casa\/\"},\"author\":{\"name\":\"A. G., STA\",\"@id\":\"https:\/\/hudo.com\/si\/#\/schema\/person\/2391667a63ea075ba94f2f2dc6b77537\"},\"headline\":\"Za zdaj brez podalj\u0161anja subvencioniranja skraj\u0161anega delovnega \u010dasa\",\"datePublished\":\"2020-11-23T20:35:52+00:00\",\"dateModified\":\"2020-11-23T20:35:52+00:00\",\"mainEntityOfPage\":{\"@id\":\"https:\/\/hudo.com\/si\/aktualno\/za-zdaj-brez-podaljsanja-subvencioniranja-skrajsanega-delovnega-casa\/\"},\"wordCount\":553,\"publisher\":{\"@id\":\"https:\/\/hudo.com\/si\/#organization\"},\"keywords\":[\"delo\",\"gospodarstvo\",\"skraj\u0161ani delovni \u010das\",\"Slovenija\"],\"articleSection\":[\"Aktualno\"],\"inLanguage\":\"sl-SI\"},{\"@type\":\"WebPage\",\"@id\":\"https:\/\/hudo.com\/si\/aktualno\/za-zdaj-brez-podaljsanja-subvencioniranja-skrajsanega-delovnega-casa\/\",\"url\":\"https:\/\/hudo.com\/si\/aktualno\/za-zdaj-brez-podaljsanja-subvencioniranja-skrajsanega-delovnega-casa\/\",\"name\":\"Za zdaj brez podalj\u0161anja subvencioniranja skraj\u0161anega delovnega \u010dasa - Hudo Slovenija\",\"isPartOf\":{\"@id\":\"https:\/\/hudo.com\/si\/#website\"},\"datePublished\":\"2020-11-23T20:35:52+00:00\",\"dateModified\":\"2020-11-23T20:35:52+00:00\",\"breadcrumb\":{\"@id\":\"https:\/\/hudo.com\/si\/aktualno\/za-zdaj-brez-podaljsanja-subvencioniranja-skrajsanega-delovnega-casa\/#breadcrumb\"},\"inLanguage\":\"sl-SI\",\"potentialAction\":[{\"@type\":\"ReadAction\",\"target\":[\"https:\/\/hudo.com\/si\/aktualno\/za-zdaj-brez-podaljsanja-subvencioniranja-skrajsanega-delovnega-casa\/\"]}]},{\"@type\":\"BreadcrumbList\",\"@id\":\"https:\/\/hudo.com\/si\/aktualno\/za-zdaj-brez-podaljsanja-subvencioniranja-skrajsanega-delovnega-casa\/#breadcrumb\",\"itemListElement\":[{\"@type\":\"ListItem\",\"position\":1,\"name\":\"Home\",\"item\":\"https:\/\/hudo.com\/si\/\"},{\"@type\":\"ListItem\",\"position\":2,\"name\":\"Za zdaj brez podalj\u0161anja subvencioniranja skraj\u0161anega delovnega \u010dasa\"}]},{\"@type\":\"WebSite\",\"@id\":\"https:\/\/hudo.com\/si\/#website\",\"url\":\"https:\/\/hudo.com\/si\/\",\"name\":\"Hudo Slovenija\",\"description\":\"Vse novice iz Slovenije in sveta\",\"publisher\":{\"@id\":\"https:\/\/hudo.com\/si\/#organization\"},\"potentialAction\":[{\"@type\":\"SearchAction\",\"target\":{\"@type\":\"EntryPoint\",\"urlTemplate\":\"https:\/\/hudo.com\/si\/?s={search_term_string}\"},\"query-input\":\"required name=search_term_string\"}],\"inLanguage\":\"sl-SI\"},{\"@type\":\"Organization\",\"@id\":\"https:\/\/hudo.com\/si\/#organization\",\"name\":\"VSN Media\",\"url\":\"https:\/\/hudo.com\/si\/\",\"logo\":{\"@type\":\"ImageObject\",\"inLanguage\":\"sl-SI\",\"@id\":\"https:\/\/hudo.com\/si\/#\/schema\/logo\/image\/\",\"url\":\"https:\/\/hudo.com\/si\/wp-content\/uploads\/sites\/2\/2021\/03\/hudo-app-2.png\",\"contentUrl\":\"https:\/\/hudo.com\/si\/wp-content\/uploads\/sites\/2\/2021\/03\/hudo-app-2.png\",\"width\":2185,\"height\":2167,\"caption\":\"VSN Media\"},\"image\":{\"@id\":\"https:\/\/hudo.com\/si\/#\/schema\/logo\/image\/\"},\"sameAs\":[\"https:\/\/www.facebook.com\/hudo.si\",\"https:\/\/twitter.com\/hudo_si\"]},{\"@type\":\"Person\",\"@id\":\"https:\/\/hudo.com\/si\/#\/schema\/person\/2391667a63ea075ba94f2f2dc6b77537\",\"name\":\"A. G., STA\",\"image\":{\"@type\":\"ImageObject\",\"inLanguage\":\"sl-SI\",\"@id\":\"https:\/\/hudo.com\/si\/#\/schema\/person\/image\/\",\"url\":\"https:\/\/secure.gravatar.com\/avatar\/e13d22ac3e442658d5025fbbe6238a79?s=96&d=mm&r=g\",\"contentUrl\":\"https:\/\/secure.gravatar.com\/avatar\/e13d22ac3e442658d5025fbbe6238a79?s=96&d=mm&r=g\",\"caption\":\"A. G., STA\"},\"url\":\"https:\/\/hudo.com\/si\/author\/alenka\/\"}]}<\/script>\n<!-- \/ Yoast SEO plugin. -->","yoast_head_json":{"title":"Za zdaj brez podalj\u0161anja subvencioniranja skraj\u0161anega delovnega \u010dasa - Hudo Slovenija","robots":{"index":"index","follow":"follow","max-snippet":"max-snippet:-1","max-image-preview":"max-image-preview:large","max-video-preview":"max-video-preview:-1"},"canonical":"https:\/\/hudo.com\/si\/aktualno\/za-zdaj-brez-podaljsanja-subvencioniranja-skrajsanega-delovnega-casa\/","og_locale":"sl_SI","og_type":"article","og_title":"Za zdaj brez podalj\u0161anja subvencioniranja skraj\u0161anega delovnega \u010dasa - Hudo Slovenija","og_description":"Odbor DZ za finance je iz predloga \u0161estega protikoronskega zakona, ki prina\u0161a dodatne ukrepe za omilitev in odpravo posledic covida-19, \u010drtal podalj\u0161anje subvencioniranja skraj\u0161anega delovnega \u010dasa. Tako so predlagali poslanci koalicije, ki na\u010drtujejo ureditev te problematike v drugem zakonu. Odbor seje ni kon\u010dal in jo bo nadaljeval v torek.","og_url":"https:\/\/hudo.com\/si\/aktualno\/za-zdaj-brez-podaljsanja-subvencioniranja-skrajsanega-delovnega-casa\/","og_site_name":"Hudo Slovenija","article_publisher":"https:\/\/www.facebook.com\/hudo.si","article_published_time":"2020-11-23T20:35:52+00:00","og_image":[{"width":1250,"height":799,"url":"https:\/\/hudo.com\/si\/wp-content\/uploads\/sites\/2\/2020\/08\/profimedia-0330855512.jpg","type":"image\/jpeg"}],"author":"A. G., STA","twitter_card":"summary_large_image","twitter_creator":"@hudo_si","twitter_site":"@hudo_si","twitter_misc":{"Written by":"A. G., STA","Est. reading time":"3 minute"},"schema":{"@context":"https:\/\/schema.org","@graph":[{"@type":"Article","@id":"https:\/\/hudo.com\/si\/aktualno\/za-zdaj-brez-podaljsanja-subvencioniranja-skrajsanega-delovnega-casa\/#article","isPartOf":{"@id":"https:\/\/hudo.com\/si\/aktualno\/za-zdaj-brez-podaljsanja-subvencioniranja-skrajsanega-delovnega-casa\/"},"author":{"name":"A. G., STA","@id":"https:\/\/hudo.com\/si\/#\/schema\/person\/2391667a63ea075ba94f2f2dc6b77537"},"headline":"Za zdaj brez podalj\u0161anja subvencioniranja skraj\u0161anega delovnega \u010dasa","datePublished":"2020-11-23T20:35:52+00:00","dateModified":"2020-11-23T20:35:52+00:00","mainEntityOfPage":{"@id":"https:\/\/hudo.com\/si\/aktualno\/za-zdaj-brez-podaljsanja-subvencioniranja-skrajsanega-delovnega-casa\/"},"wordCount":553,"publisher":{"@id":"https:\/\/hudo.com\/si\/#organization"},"keywords":["delo","gospodarstvo","skraj\u0161ani delovni \u010das","Slovenija"],"articleSection":["Aktualno"],"inLanguage":"sl-SI"},{"@type":"WebPage","@id":"https:\/\/hudo.com\/si\/aktualno\/za-zdaj-brez-podaljsanja-subvencioniranja-skrajsanega-delovnega-casa\/","url":"https:\/\/hudo.com\/si\/aktualno\/za-zdaj-brez-podaljsanja-subvencioniranja-skrajsanega-delovnega-casa\/","name":"Za zdaj brez podalj\u0161anja subvencioniranja skraj\u0161anega delovnega \u010dasa - Hudo Slovenija","isPartOf":{"@id":"https:\/\/hudo.com\/si\/#website"},"datePublished":"2020-11-23T20:35:52+00:00","dateModified":"2020-11-23T20:35:52+00:00","breadcrumb":{"@id":"https:\/\/hudo.com\/si\/aktualno\/za-zdaj-brez-podaljsanja-subvencioniranja-skrajsanega-delovnega-casa\/#breadcrumb"},"inLanguage":"sl-SI","potentialAction":[{"@type":"ReadAction","target":["https:\/\/hudo.com\/si\/aktualno\/za-zdaj-brez-podaljsanja-subvencioniranja-skrajsanega-delovnega-casa\/"]}]},{"@type":"BreadcrumbList","@id":"https:\/\/hudo.com\/si\/aktualno\/za-zdaj-brez-podaljsanja-subvencioniranja-skrajsanega-delovnega-casa\/#breadcrumb","itemListElement":[{"@type":"ListItem","position":1,"name":"Home","item":"https:\/\/hudo.com\/si\/"},{"@type":"ListItem","position":2,"name":"Za zdaj brez podalj\u0161anja subvencioniranja skraj\u0161anega delovnega \u010dasa"}]},{"@type":"WebSite","@id":"https:\/\/hudo.com\/si\/#website","url":"https:\/\/hudo.com\/si\/","name":"Hudo Slovenija","description":"Vse novice iz Slovenije in sveta","publisher":{"@id":"https:\/\/hudo.com\/si\/#organization"},"potentialAction":[{"@type":"SearchAction","target":{"@type":"EntryPoint","urlTemplate":"https:\/\/hudo.com\/si\/?s={search_term_string}"},"query-input":"required name=search_term_string"}],"inLanguage":"sl-SI"},{"@type":"Organization","@id":"https:\/\/hudo.com\/si\/#organization","name":"VSN Media","url":"https:\/\/hudo.com\/si\/","logo":{"@type":"ImageObject","inLanguage":"sl-SI","@id":"https:\/\/hudo.com\/si\/#\/schema\/logo\/image\/","url":"https:\/\/hudo.com\/si\/wp-content\/uploads\/sites\/2\/2021\/03\/hudo-app-2.png","contentUrl":"https:\/\/hudo.com\/si\/wp-content\/uploads\/sites\/2\/2021\/03\/hudo-app-2.png","width":2185,"height":2167,"caption":"VSN Media"},"image":{"@id":"https:\/\/hudo.com\/si\/#\/schema\/logo\/image\/"},"sameAs":["https:\/\/www.facebook.com\/hudo.si","https:\/\/twitter.com\/hudo_si"]},{"@type":"Person","@id":"https:\/\/hudo.com\/si\/#\/schema\/person\/2391667a63ea075ba94f2f2dc6b77537","name":"A. G., STA","image":{"@type":"ImageObject","inLanguage":"sl-SI","@id":"https:\/\/hudo.com\/si\/#\/schema\/person\/image\/","url":"https:\/\/secure.gravatar.com\/avatar\/e13d22ac3e442658d5025fbbe6238a79?s=96&d=mm&r=g","contentUrl":"https:\/\/secure.gravatar.com\/avatar\/e13d22ac3e442658d5025fbbe6238a79?s=96&d=mm&r=g","caption":"A. G., STA"},"url":"https:\/\/hudo.com\/si\/author\/alenka\/"}]}},"amp_enabled":true,"_links":{"self":[{"href":"https:\/\/hudo.com\/si\/wp-json\/wp\/v2\/posts\/438541"}],"collection":[{"href":"https:\/\/hudo.com\/si\/wp-json\/wp\/v2\/posts"}],"about":[{"href":"https:\/\/hudo.com\/si\/wp-json\/wp\/v2\/types\/post"}],"author":[{"embeddable":true,"href":"https:\/\/hudo.com\/si\/wp-json\/wp\/v2\/users\/5"}],"replies":[{"embeddable":true,"href":"https:\/\/hudo.com\/si\/wp-json\/wp\/v2\/comments?post=438541"}],"version-history":[{"count":1,"href":"https:\/\/hudo.com\/si\/wp-json\/wp\/v2\/posts\/438541\/revisions"}],"predecessor-version":[{"id":438542,"href":"https:\/\/hudo.com\/si\/wp-json\/wp\/v2\/posts\/438541\/revisions\/438542"}],"wp:featuredmedia":[{"embeddable":true,"href":"https:\/\/hudo.com\/si\/wp-json\/wp\/v2\/media\/430690"}],"wp:attachment":[{"href":"https:\/\/hudo.com\/si\/wp-json\/wp\/v2\/media?parent=438541"}],"wp:term":[{"taxonomy":"category","embeddable":true,"href":"https:\/\/hudo.com\/si\/wp-json\/wp\/v2\/categories?post=438541"},{"taxonomy":"post_tag","embeddable":true,"href":"https:\/\/hudo.com\/si\/wp-json\/wp\/v2\/tags?post=438541"},{"taxonomy":"source","embeddable":true,"href":"https:\/\/hudo.com\/si\/wp-json\/wp\/v2\/source?post=438541"},{"taxonomy":"supertag","embeddable":true,"href":"https:\/\/hudo.com\/si\/wp-json\/wp\/v2\/supertag?post=438541"}],"curies":[{"name":"wp","href":"https:\/\/api.w.org\/{rel}","templated":true}]}}