{"id":438610,"date":"2020-11-24T14:00:41","date_gmt":"2020-11-24T13:00:41","guid":{"rendered":"http:\/\/hudo.com\/si\/?p=438610"},"modified":"2020-11-24T14:00:41","modified_gmt":"2020-11-24T13:00:41","slug":"opozicija-ostro-nasprotuje-sumljivemu-vkljucevanju-madzarske-v-gradnjo-drugega-tira","status":"publish","type":"post","link":"https:\/\/hudo.com\/si\/aktualno\/opozicija-ostro-nasprotuje-sumljivemu-vkljucevanju-madzarske-v-gradnjo-drugega-tira\/","title":{"rendered":"Opozicija ostro nasprotuje sumljivemu vklju\u010devanju Mad\u017earske v gradnjo drugega tira"},"content":{"rendered":"<p>&#8220;Finan\u010dna konstrukcija za drugi tir je bila zaprta \u017ee v prora\u010dunu, ki ga je sprejela prej\u0161nja vlada in je enako zaprta v prora\u010dunu, ki ga je ta koalicija sprejela prej\u0161nji teden,&#8221; je izpostavila predsednica SAB Alenka Bratu\u0161ek.<\/p>\n<p>Vlada Janeza Jan\u0161e je po njenih besedah v osmih mesecih uspela uni\u010diti dobro na\u010drtovan projekt in ga postaviti na pot projekta gradnje \u0161estega bloka Termoelektrarne \u0160o\u0161tanj. &#8220;Vsi razpisi so se zamaknili, kar pomeni, da se je zamaknil terminski na\u010drt. Nezakonito so iz projekta nagnali Kitajce, ki so najve\u010dji partner Luke Koper,&#8221; je poudarila. &#8220;So pa uspeli izpeljati en razpis, in sicer za nabavo dveh novih avtomobilov za dva nova \u010dlana uprave,&#8221; je bila kriti\u010dna.<\/p>\n<p>Ponovila je, da Mad\u017eari in premier Viktor Orban nikakor niso potrebni pri drugem tiru. &#8220;S prihodom Orbanovega denarja bo projekt 300 milijonov evrov dra\u017eji, poleg tega bodo dobili dostop do morja, v uporabo pa jim bomo dali 30.000 kvadratnih metrov zemlji\u0161\u010da, ki ga zelo potrebuje Luka Koper. \u010ce vlada to izpeljala, bo 200 milijonov evrov najdra\u017eje posojilo v zgodovini na\u0161e dr\u017eave,&#8221; je dodala Bratu\u0161kova.<\/p>\n<p>&#8220;V LM\u0160 se spra\u0161ujemo predvsem, zakaj. Ker to, kar se danes dogaja v dr\u017eavi &#8230; to, s \u010dimer bi se morali ukvarjati, je postavljeno na stranski tir,&#8221; je izpostavil poslanec LM\u0160 Robert Pav\u0161i\u010d. Opozoril je na zdravstveno krizo, v kateri smo se zna\u0161li, Jan\u0161eva vlada pa po njegovih besedah odpira projekt, ki je bil pravzaprav zaklju\u010den. &#8220;Treba bi ga bilo le \u0161e izvesti. In spet smo na za\u010detku. Zakaj, kak\u0161ne obljube je dal Jan\u0161a osebno Orbanu in zakaj jih mora pla\u010devati Slovenija s pregre\u0161no dragimi krediti,&#8221; je vpra\u0161al Pav\u0161i\u010d.<\/p>\n<p>Po Pav\u0161i\u010devih besedah v LM\u0160 v tem postopku vidijo popolno razprodajo dr\u017eave. &#8220;Gre za podporo pri ponovni kolonizaciji Slovenije in Balkana, ki jo izvaja Mad\u017earska. Ni samo drugi tir, ni samo Luka Koper, tu so tudi mad\u017earski oklepniki, avtobusna postaja Ljubljana, nezakonito financiranje medijev v Severni Makedoniji,&#8221; je dejal in dodal, da so parlament in poslanci postavljeni pred izziv, kako zaustaviti to norijo.<\/p>\n<p>Jani Prednik (SD) je dodal, da ima Slovenija velike te\u017eave z velikimi infrastrukturnimi projekti, poleg drugega tira je navedel \u0161e tretjo razvojno os. Oba projekta sta se po njegovih besedah na nek na\u010din za\u010dela graditi po zaslugi prej\u0161nje vlade.<\/p>\n<p>&#8220;Na tretji razvojni osi ni zaznati problemov, pri drugem tiru pa smo naleteli na velik problem &#8211; vlado Janeza Jan\u0161e. Ta bi spet odprla \u017ee zaprto finan\u010dno konstrukcijo, s \u010dimer bi ogrozili tako sredstva Evropske investicijske banke, kot \u017ee pridobljena evropska sredstva,&#8221; je opozoril in poudaril, da je to popolnoma netransparentno, nepotrebno in neodgovorno.<\/p>\n<p>Tudi v Levici mo\u010dno nasprotujejo sodelovanju Mad\u017earske. Nata\u0161a Suki\u010d je vlado pozvala, naj idejo umakne. &#8220;V Levici smo si ves \u010das prizadevali, da se preko drugega tira prepre\u010di tiha privatizacija Luke Koper. V prej\u0161nji vladi se je to ustavilo, je dejala. To, kar po\u010dne Jan\u0161eva vlada, je po oceni Suki\u010deve postavljanje njegovih lastnih interesov in interesov njegove stranke pred interese Slovenije.<\/p>\n<p>&#8220;Zakaj? O tem lahko \u0161pekuliramo. Vsi poznamo povezave med njim in Orbanom. Vsi se spra\u0161ujemo, zakaj nas vse bolj odmika od EU in potiska v objem vi\u0161egrajske skupine. To, da se igra\u0161 s tako pomembnimi strate\u0161kimi projekti, je nedopustno. V Levici bomo skupaj z delavci Luke Koper branili na\u0161e interese,&#8221; je poudarila.<\/p>\n<p>Bratu\u0161kova je pojasnila, da v omenjenih opozicijskih strankah vladi predlagajo, naj gradivo umakne. &#8220;\u010ce ga ne bo, pa odboru za zunanjo politiko DZ predlagamo, da gradivo zavrne, komisija za nadzor javnih financ pa sprejme sklep, da je finan\u010dna konstrukcija pri projektu zaprta,&#8221; je sklenila.<\/p>\n","protected":false},"excerpt":{"rendered":"<p>Opozicijske LM\u0160, SD, Levica in SAB poudarjajo, da \u017eelijo ustaviti &#8220;norosti, ki se jih gre vlada v povezavi z drugim tirom&#8221;. Ostro nasprotujejo sodelovanju Mad\u017earske pri projektu in od vlade zahtevajo, naj umakne pobudo za sklenitev sporazuma med dr\u017eavama. Zaprto finan\u010dno konstrukcijo je neodgovorno in nepotrebno spet odpirati, izpostavljajo.<\/p>\n","protected":false},"author":7,"featured_media":391386,"comment_status":"closed","ping_status":"closed","sticky":false,"template":"","format":"standard","meta":{"footnotes":""},"categories":[1179],"tags":[6311,5622,2534,1595],"source":[4511],"supertag":[5675],"acf":[],"yoast_head":"<!-- This site is optimized with the Yoast SEO plugin v21.3 - https:\/\/yoast.com\/wordpress\/plugins\/seo\/ -->\n<title>Opozicija ostro nasprotuje sumljivemu vklju\u010devanju Mad\u017earske v gradnjo drugega tira - Hudo Slovenija<\/title>\n<meta name=\"robots\" content=\"index, follow, max-snippet:-1, max-image-preview:large, max-video-preview:-1\" \/>\n<link rel=\"canonical\" href=\"https:\/\/hudo.com\/si\/aktualno\/opozicija-ostro-nasprotuje-sumljivemu-vkljucevanju-madzarske-v-gradnjo-drugega-tira\/\" \/>\n<meta property=\"og:locale\" content=\"sl_SI\" \/>\n<meta property=\"og:type\" content=\"article\" \/>\n<meta property=\"og:title\" content=\"Opozicija ostro nasprotuje sumljivemu vklju\u010devanju Mad\u017earske v gradnjo drugega tira - Hudo Slovenija\" \/>\n<meta property=\"og:description\" content=\"Opozicijske LM\u0160, SD, Levica in SAB poudarjajo, da \u017eelijo ustaviti &quot;norosti, ki se jih gre vlada v povezavi z drugim tirom&quot;. Ostro nasprotujejo sodelovanju Mad\u017earske pri projektu in od vlade zahtevajo, naj umakne pobudo za sklenitev sporazuma med dr\u017eavama. Zaprto finan\u010dno konstrukcijo je neodgovorno in nepotrebno spet odpirati, izpostavljajo.\" \/>\n<meta property=\"og:url\" content=\"https:\/\/hudo.com\/si\/aktualno\/opozicija-ostro-nasprotuje-sumljivemu-vkljucevanju-madzarske-v-gradnjo-drugega-tira\/\" \/>\n<meta property=\"og:site_name\" content=\"Hudo Slovenija\" \/>\n<meta property=\"article:publisher\" content=\"https:\/\/www.facebook.com\/hudo.si\" \/>\n<meta property=\"article:published_time\" content=\"2020-11-24T13:00:41+00:00\" \/>\n<meta property=\"og:image\" content=\"https:\/\/hudo.com\/si\/wp-content\/uploads\/sites\/2\/2019\/01\/profimedia-0270609512.jpg\" \/>\n\t<meta property=\"og:image:width\" content=\"1250\" \/>\n\t<meta property=\"og:image:height\" content=\"833\" \/>\n\t<meta property=\"og:image:type\" content=\"image\/jpeg\" \/>\n<meta name=\"author\" content=\"A. P., STA\" \/>\n<meta name=\"twitter:card\" content=\"summary_large_image\" \/>\n<meta name=\"twitter:creator\" content=\"@hudo_si\" \/>\n<meta name=\"twitter:site\" content=\"@hudo_si\" \/>\n<meta name=\"twitter:label1\" content=\"Written by\" \/>\n\t<meta name=\"twitter:data1\" content=\"A. P., STA\" \/>\n\t<meta name=\"twitter:label2\" content=\"Est. reading time\" \/>\n\t<meta name=\"twitter:data2\" content=\"3 minute\" \/>\n<script type=\"application\/ld+json\" class=\"yoast-schema-graph\">{\"@context\":\"https:\/\/schema.org\",\"@graph\":[{\"@type\":\"Article\",\"@id\":\"https:\/\/hudo.com\/si\/aktualno\/opozicija-ostro-nasprotuje-sumljivemu-vkljucevanju-madzarske-v-gradnjo-drugega-tira\/#article\",\"isPartOf\":{\"@id\":\"https:\/\/hudo.com\/si\/aktualno\/opozicija-ostro-nasprotuje-sumljivemu-vkljucevanju-madzarske-v-gradnjo-drugega-tira\/\"},\"author\":{\"name\":\"A. P., STA\",\"@id\":\"https:\/\/hudo.com\/si\/#\/schema\/person\/18f09c02475ba9e606e941a565b80cff\"},\"headline\":\"Opozicija ostro nasprotuje sumljivemu vklju\u010devanju Mad\u017earske v gradnjo drugega tira\",\"datePublished\":\"2020-11-24T13:00:41+00:00\",\"dateModified\":\"2020-11-24T13:00:41+00:00\",\"mainEntityOfPage\":{\"@id\":\"https:\/\/hudo.com\/si\/aktualno\/opozicija-ostro-nasprotuje-sumljivemu-vkljucevanju-madzarske-v-gradnjo-drugega-tira\/\"},\"wordCount\":643,\"publisher\":{\"@id\":\"https:\/\/hudo.com\/si\/#organization\"},\"keywords\":[\"drugi tir\",\"infrastruktura\",\"Mad\u017earska\",\"Slovenija\"],\"articleSection\":[\"Aktualno\"],\"inLanguage\":\"sl-SI\"},{\"@type\":\"WebPage\",\"@id\":\"https:\/\/hudo.com\/si\/aktualno\/opozicija-ostro-nasprotuje-sumljivemu-vkljucevanju-madzarske-v-gradnjo-drugega-tira\/\",\"url\":\"https:\/\/hudo.com\/si\/aktualno\/opozicija-ostro-nasprotuje-sumljivemu-vkljucevanju-madzarske-v-gradnjo-drugega-tira\/\",\"name\":\"Opozicija ostro nasprotuje sumljivemu vklju\u010devanju Mad\u017earske v gradnjo drugega tira - Hudo Slovenija\",\"isPartOf\":{\"@id\":\"https:\/\/hudo.com\/si\/#website\"},\"datePublished\":\"2020-11-24T13:00:41+00:00\",\"dateModified\":\"2020-11-24T13:00:41+00:00\",\"breadcrumb\":{\"@id\":\"https:\/\/hudo.com\/si\/aktualno\/opozicija-ostro-nasprotuje-sumljivemu-vkljucevanju-madzarske-v-gradnjo-drugega-tira\/#breadcrumb\"},\"inLanguage\":\"sl-SI\",\"potentialAction\":[{\"@type\":\"ReadAction\",\"target\":[\"https:\/\/hudo.com\/si\/aktualno\/opozicija-ostro-nasprotuje-sumljivemu-vkljucevanju-madzarske-v-gradnjo-drugega-tira\/\"]}]},{\"@type\":\"BreadcrumbList\",\"@id\":\"https:\/\/hudo.com\/si\/aktualno\/opozicija-ostro-nasprotuje-sumljivemu-vkljucevanju-madzarske-v-gradnjo-drugega-tira\/#breadcrumb\",\"itemListElement\":[{\"@type\":\"ListItem\",\"position\":1,\"name\":\"Home\",\"item\":\"https:\/\/hudo.com\/si\/\"},{\"@type\":\"ListItem\",\"position\":2,\"name\":\"Opozicija ostro nasprotuje sumljivemu vklju\u010devanju Mad\u017earske v gradnjo drugega tira\"}]},{\"@type\":\"WebSite\",\"@id\":\"https:\/\/hudo.com\/si\/#website\",\"url\":\"https:\/\/hudo.com\/si\/\",\"name\":\"Hudo Slovenija\",\"description\":\"Vse novice iz Slovenije in sveta\",\"publisher\":{\"@id\":\"https:\/\/hudo.com\/si\/#organization\"},\"potentialAction\":[{\"@type\":\"SearchAction\",\"target\":{\"@type\":\"EntryPoint\",\"urlTemplate\":\"https:\/\/hudo.com\/si\/?s={search_term_string}\"},\"query-input\":\"required name=search_term_string\"}],\"inLanguage\":\"sl-SI\"},{\"@type\":\"Organization\",\"@id\":\"https:\/\/hudo.com\/si\/#organization\",\"name\":\"VSN Media\",\"url\":\"https:\/\/hudo.com\/si\/\",\"logo\":{\"@type\":\"ImageObject\",\"inLanguage\":\"sl-SI\",\"@id\":\"https:\/\/hudo.com\/si\/#\/schema\/logo\/image\/\",\"url\":\"https:\/\/hudo.com\/si\/wp-content\/uploads\/sites\/2\/2021\/03\/hudo-app-2.png\",\"contentUrl\":\"https:\/\/hudo.com\/si\/wp-content\/uploads\/sites\/2\/2021\/03\/hudo-app-2.png\",\"width\":2185,\"height\":2167,\"caption\":\"VSN Media\"},\"image\":{\"@id\":\"https:\/\/hudo.com\/si\/#\/schema\/logo\/image\/\"},\"sameAs\":[\"https:\/\/www.facebook.com\/hudo.si\",\"https:\/\/twitter.com\/hudo_si\"]},{\"@type\":\"Person\",\"@id\":\"https:\/\/hudo.com\/si\/#\/schema\/person\/18f09c02475ba9e606e941a565b80cff\",\"name\":\"A. P., STA\",\"image\":{\"@type\":\"ImageObject\",\"inLanguage\":\"sl-SI\",\"@id\":\"https:\/\/hudo.com\/si\/#\/schema\/person\/image\/\",\"url\":\"https:\/\/secure.gravatar.com\/avatar\/03eac8e609f5f04383125d80eaeaaf3e?s=96&d=mm&r=g\",\"contentUrl\":\"https:\/\/secure.gravatar.com\/avatar\/03eac8e609f5f04383125d80eaeaaf3e?s=96&d=mm&r=g\",\"caption\":\"A. P., STA\"},\"url\":\"https:\/\/hudo.com\/si\/author\/lubu\/\"}]}<\/script>\n<!-- \/ Yoast SEO plugin. -->","yoast_head_json":{"title":"Opozicija ostro nasprotuje sumljivemu vklju\u010devanju Mad\u017earske v gradnjo drugega tira - Hudo Slovenija","robots":{"index":"index","follow":"follow","max-snippet":"max-snippet:-1","max-image-preview":"max-image-preview:large","max-video-preview":"max-video-preview:-1"},"canonical":"https:\/\/hudo.com\/si\/aktualno\/opozicija-ostro-nasprotuje-sumljivemu-vkljucevanju-madzarske-v-gradnjo-drugega-tira\/","og_locale":"sl_SI","og_type":"article","og_title":"Opozicija ostro nasprotuje sumljivemu vklju\u010devanju Mad\u017earske v gradnjo drugega tira - Hudo Slovenija","og_description":"Opozicijske LM\u0160, SD, Levica in SAB poudarjajo, da \u017eelijo ustaviti \"norosti, ki se jih gre vlada v povezavi z drugim tirom\". Ostro nasprotujejo sodelovanju Mad\u017earske pri projektu in od vlade zahtevajo, naj umakne pobudo za sklenitev sporazuma med dr\u017eavama. Zaprto finan\u010dno konstrukcijo je neodgovorno in nepotrebno spet odpirati, izpostavljajo.","og_url":"https:\/\/hudo.com\/si\/aktualno\/opozicija-ostro-nasprotuje-sumljivemu-vkljucevanju-madzarske-v-gradnjo-drugega-tira\/","og_site_name":"Hudo Slovenija","article_publisher":"https:\/\/www.facebook.com\/hudo.si","article_published_time":"2020-11-24T13:00:41+00:00","og_image":[{"width":1250,"height":833,"url":"https:\/\/hudo.com\/si\/wp-content\/uploads\/sites\/2\/2019\/01\/profimedia-0270609512.jpg","type":"image\/jpeg"}],"author":"A. P., STA","twitter_card":"summary_large_image","twitter_creator":"@hudo_si","twitter_site":"@hudo_si","twitter_misc":{"Written by":"A. P., STA","Est. reading time":"3 minute"},"schema":{"@context":"https:\/\/schema.org","@graph":[{"@type":"Article","@id":"https:\/\/hudo.com\/si\/aktualno\/opozicija-ostro-nasprotuje-sumljivemu-vkljucevanju-madzarske-v-gradnjo-drugega-tira\/#article","isPartOf":{"@id":"https:\/\/hudo.com\/si\/aktualno\/opozicija-ostro-nasprotuje-sumljivemu-vkljucevanju-madzarske-v-gradnjo-drugega-tira\/"},"author":{"name":"A. P., STA","@id":"https:\/\/hudo.com\/si\/#\/schema\/person\/18f09c02475ba9e606e941a565b80cff"},"headline":"Opozicija ostro nasprotuje sumljivemu vklju\u010devanju Mad\u017earske v gradnjo drugega tira","datePublished":"2020-11-24T13:00:41+00:00","dateModified":"2020-11-24T13:00:41+00:00","mainEntityOfPage":{"@id":"https:\/\/hudo.com\/si\/aktualno\/opozicija-ostro-nasprotuje-sumljivemu-vkljucevanju-madzarske-v-gradnjo-drugega-tira\/"},"wordCount":643,"publisher":{"@id":"https:\/\/hudo.com\/si\/#organization"},"keywords":["drugi tir","infrastruktura","Mad\u017earska","Slovenija"],"articleSection":["Aktualno"],"inLanguage":"sl-SI"},{"@type":"WebPage","@id":"https:\/\/hudo.com\/si\/aktualno\/opozicija-ostro-nasprotuje-sumljivemu-vkljucevanju-madzarske-v-gradnjo-drugega-tira\/","url":"https:\/\/hudo.com\/si\/aktualno\/opozicija-ostro-nasprotuje-sumljivemu-vkljucevanju-madzarske-v-gradnjo-drugega-tira\/","name":"Opozicija ostro nasprotuje sumljivemu vklju\u010devanju Mad\u017earske v gradnjo drugega tira - Hudo Slovenija","isPartOf":{"@id":"https:\/\/hudo.com\/si\/#website"},"datePublished":"2020-11-24T13:00:41+00:00","dateModified":"2020-11-24T13:00:41+00:00","breadcrumb":{"@id":"https:\/\/hudo.com\/si\/aktualno\/opozicija-ostro-nasprotuje-sumljivemu-vkljucevanju-madzarske-v-gradnjo-drugega-tira\/#breadcrumb"},"inLanguage":"sl-SI","potentialAction":[{"@type":"ReadAction","target":["https:\/\/hudo.com\/si\/aktualno\/opozicija-ostro-nasprotuje-sumljivemu-vkljucevanju-madzarske-v-gradnjo-drugega-tira\/"]}]},{"@type":"BreadcrumbList","@id":"https:\/\/hudo.com\/si\/aktualno\/opozicija-ostro-nasprotuje-sumljivemu-vkljucevanju-madzarske-v-gradnjo-drugega-tira\/#breadcrumb","itemListElement":[{"@type":"ListItem","position":1,"name":"Home","item":"https:\/\/hudo.com\/si\/"},{"@type":"ListItem","position":2,"name":"Opozicija ostro nasprotuje sumljivemu vklju\u010devanju Mad\u017earske v gradnjo drugega tira"}]},{"@type":"WebSite","@id":"https:\/\/hudo.com\/si\/#website","url":"https:\/\/hudo.com\/si\/","name":"Hudo Slovenija","description":"Vse novice iz Slovenije in sveta","publisher":{"@id":"https:\/\/hudo.com\/si\/#organization"},"potentialAction":[{"@type":"SearchAction","target":{"@type":"EntryPoint","urlTemplate":"https:\/\/hudo.com\/si\/?s={search_term_string}"},"query-input":"required name=search_term_string"}],"inLanguage":"sl-SI"},{"@type":"Organization","@id":"https:\/\/hudo.com\/si\/#organization","name":"VSN Media","url":"https:\/\/hudo.com\/si\/","logo":{"@type":"ImageObject","inLanguage":"sl-SI","@id":"https:\/\/hudo.com\/si\/#\/schema\/logo\/image\/","url":"https:\/\/hudo.com\/si\/wp-content\/uploads\/sites\/2\/2021\/03\/hudo-app-2.png","contentUrl":"https:\/\/hudo.com\/si\/wp-content\/uploads\/sites\/2\/2021\/03\/hudo-app-2.png","width":2185,"height":2167,"caption":"VSN Media"},"image":{"@id":"https:\/\/hudo.com\/si\/#\/schema\/logo\/image\/"},"sameAs":["https:\/\/www.facebook.com\/hudo.si","https:\/\/twitter.com\/hudo_si"]},{"@type":"Person","@id":"https:\/\/hudo.com\/si\/#\/schema\/person\/18f09c02475ba9e606e941a565b80cff","name":"A. P., STA","image":{"@type":"ImageObject","inLanguage":"sl-SI","@id":"https:\/\/hudo.com\/si\/#\/schema\/person\/image\/","url":"https:\/\/secure.gravatar.com\/avatar\/03eac8e609f5f04383125d80eaeaaf3e?s=96&d=mm&r=g","contentUrl":"https:\/\/secure.gravatar.com\/avatar\/03eac8e609f5f04383125d80eaeaaf3e?s=96&d=mm&r=g","caption":"A. P., STA"},"url":"https:\/\/hudo.com\/si\/author\/lubu\/"}]}},"amp_enabled":true,"_links":{"self":[{"href":"https:\/\/hudo.com\/si\/wp-json\/wp\/v2\/posts\/438610"}],"collection":[{"href":"https:\/\/hudo.com\/si\/wp-json\/wp\/v2\/posts"}],"about":[{"href":"https:\/\/hudo.com\/si\/wp-json\/wp\/v2\/types\/post"}],"author":[{"embeddable":true,"href":"https:\/\/hudo.com\/si\/wp-json\/wp\/v2\/users\/7"}],"replies":[{"embeddable":true,"href":"https:\/\/hudo.com\/si\/wp-json\/wp\/v2\/comments?post=438610"}],"version-history":[{"count":1,"href":"https:\/\/hudo.com\/si\/wp-json\/wp\/v2\/posts\/438610\/revisions"}],"predecessor-version":[{"id":438612,"href":"https:\/\/hudo.com\/si\/wp-json\/wp\/v2\/posts\/438610\/revisions\/438612"}],"wp:featuredmedia":[{"embeddable":true,"href":"https:\/\/hudo.com\/si\/wp-json\/wp\/v2\/media\/391386"}],"wp:attachment":[{"href":"https:\/\/hudo.com\/si\/wp-json\/wp\/v2\/media?parent=438610"}],"wp:term":[{"taxonomy":"category","embeddable":true,"href":"https:\/\/hudo.com\/si\/wp-json\/wp\/v2\/categories?post=438610"},{"taxonomy":"post_tag","embeddable":true,"href":"https:\/\/hudo.com\/si\/wp-json\/wp\/v2\/tags?post=438610"},{"taxonomy":"source","embeddable":true,"href":"https:\/\/hudo.com\/si\/wp-json\/wp\/v2\/source?post=438610"},{"taxonomy":"supertag","embeddable":true,"href":"https:\/\/hudo.com\/si\/wp-json\/wp\/v2\/supertag?post=438610"}],"curies":[{"name":"wp","href":"https:\/\/api.w.org\/{rel}","templated":true}]}}