{"id":438670,"date":"2020-11-25T08:32:39","date_gmt":"2020-11-25T07:32:39","guid":{"rendered":"https:\/\/hudo.com\/si\/2020\/11\/25\/barack-obama-z-javnostjo-delil-novo-druzinsko-sliko-na-kateri-sta-tudi-hcerki-malia-in-sasha-ki-ju-vidimo-le-redko\/"},"modified":"2020-11-25T08:32:39","modified_gmt":"2020-11-25T07:32:39","slug":"barack-obama-z-javnostjo-delil-novo-druzinsko-sliko-na-kateri-sta-tudi-hcerki-malia-in-sasha-ki-ju-vidimo-le-redko","status":"publish","type":"post","link":"https:\/\/hudo.com\/si\/vip\/barack-obama-z-javnostjo-delil-novo-druzinsko-sliko-na-kateri-sta-tudi-hcerki-malia-in-sasha-ki-ju-vidimo-le-redko\/","title":{"rendered":"Barack Obama z javnostjo delil novo dru\u017einsko sliko, na kateri sta tudi h\u010derki Malia in Sasha, ki ju vidimo le redko"},"content":{"rendered":"<blockquote class=\"instagram-media\" style=\"background: #FFF;border: 0;border-radius: 3px;margin: 1px;max-width: 540px;min-width: 326px;padding: 0\" data-instgrm-captioned=\"\" data-instgrm-permalink=\"https:\/\/www.instagram.com\/p\/CH88AT9JbB7\/?utm_source=ig_embed&amp;utm_campaign=loading\" data-instgrm-version=\"13\">\n<div style=\"padding: 16px\">\n<p>&nbsp;<\/p>\n<div style=\"flex-direction: row;align-items: center\"><\/div>\n<div style=\"padding: 19% 0\"><\/div>\n<div style=\"height: 50px;margin: 0 auto 12px;width: 50px\"><\/div>\n<div style=\"padding-top: 8px\">\n<div style=\"color: #3897f0;font-family: Arial,sans-serif;font-size: 14px;font-style: normal;font-weight: 550;line-height: 18px\">View this post on Instagram<\/div>\n<\/div>\n<div style=\"padding: 12.5% 0\"><\/div>\n<div style=\"flex-direction: row;margin-bottom: 14px;align-items: center\"><\/div>\n<div style=\"flex-direction: column;flex-grow: 1;justify-content: center;margin-bottom: 24px\"><\/div>\n<p>&nbsp;<\/p>\n<p style=\"color: #c9c8cd;font-family: Arial,sans-serif;font-size: 14px;line-height: 17px;margin-bottom: 0;margin-top: 8px;overflow: hidden;padding: 8px 0 7px;text-align: center\"><a style=\"color: #c9c8cd;font-family: Arial,sans-serif;font-size: 14px;font-style: normal;font-weight: normal;line-height: 17px;text-decoration: none\" href=\"https:\/\/www.instagram.com\/p\/CH88AT9JbB7\/?utm_source=ig_embed&amp;utm_campaign=loading\" target=\"_blank\" rel=\"noopener noreferrer\">A post shared by People Magazine (@people)<\/a><\/p>\n<\/div>\n<\/blockquote>\n<p class=\"body-text\">Za revijo People je Barack spregovoril tudi o svojih h\u010derkah, 22-letni Malii in 19-letni Sashi, o katerih le redko javno govori in se tudi sami ne izpostavljata o\u010dem javnosti, in priznal, da sta dekleti kon\u010dno na to\u010dki, ko se ne prepirata ve\u010d, ampak ju je celotna covid-19 situacija, zaradi katere je celotna dru\u017eina spet skupaj pod eno streho, \u0161e zbli\u017eala. &#8220;\u010cudovito je videti, kako sta Malia in Sasha postali tako dobri prijateljici. Sta tri leta narazen in ko je bila ena stara 16 in druga 13, sta se ves \u010das prepirali. Sedaj pa sta obe dovolj stari, da kon\u010dno preprosto u\u017eivata v dru\u017ebi druga druge, in da smo skupaj kot dru\u017eina, da lahko opazujem, kako \u010dudoviti mladi \u017eenski sta &#8211; ni ve\u010djega veselja kot je to,&#8221; je povedal Barack za revijo People.<\/p>\n<blockquote class=\"instagram-media\" style=\"background: #FFF;border: 0;border-radius: 3px;margin: 1px;max-width: 540px;min-width: 326px;padding: 0\" data-instgrm-captioned=\"\" data-instgrm-permalink=\"https:\/\/www.instagram.com\/p\/CH-u1HFpTQk\/?utm_source=ig_embed&amp;utm_campaign=loading\" data-instgrm-version=\"13\">\n<div style=\"padding: 16px\">\n<p>&nbsp;<\/p>\n<div style=\"flex-direction: row;align-items: center\"><\/div>\n<div style=\"padding: 19% 0\"><\/div>\n<div style=\"height: 50px;margin: 0 auto 12px;width: 50px\"><\/div>\n<div style=\"padding-top: 8px\">\n<div style=\"color: #3897f0;font-family: Arial,sans-serif;font-size: 14px;font-style: normal;font-weight: 550;line-height: 18px\">View this post on Instagram<\/div>\n<\/div>\n<div style=\"padding: 12.5% 0\"><\/div>\n<div style=\"flex-direction: row;margin-bottom: 14px;align-items: center\"><\/div>\n<div style=\"flex-direction: column;flex-grow: 1;justify-content: center;margin-bottom: 24px\"><\/div>\n<p>&nbsp;<\/p>\n<p style=\"color: #c9c8cd;font-family: Arial,sans-serif;font-size: 14px;line-height: 17px;margin-bottom: 0;margin-top: 8px;overflow: hidden;padding: 8px 0 7px;text-align: center\"><a style=\"color: #c9c8cd;font-family: Arial,sans-serif;font-size: 14px;font-style: normal;font-weight: normal;line-height: 17px;text-decoration: none\" href=\"https:\/\/www.instagram.com\/p\/CH-u1HFpTQk\/?utm_source=ig_embed&amp;utm_campaign=loading\" target=\"_blank\" rel=\"noopener noreferrer\">A post shared by People Magazine (@people)<\/a><\/p>\n<\/div>\n<\/blockquote>\n<p>Kot \u017ee re\u010deno pa Barack trenutno u\u017eiva velik uspeh s svojo novo biografijo Obljubljena de\u017eela.\u00a0V prvih 24 urah so prodali 890.000 izvodov.\u00a0V ZDA in Kanadi so v prvem tednu prodali \u017ee 1,7 milijona izvodov, zalo\u017eba pa je \u017ee pove\u010dala uvodno naklado s 3,4 na 4,3 milijona izvodov. Knjigo Obljubljena de\u017eela, ki je prva od na\u010drtovanih dveh, so izdali 17. novembra, o\u010ditno bo eden najbolj priljubljenih bo\u017ei\u010dnih daril letos.<\/p>\n","protected":false},"excerpt":{"rendered":"<p>Nekdanji ameri\u0161ki predsednik Barack Obama, ki je v prvem tednu od izdaje prodal kar neverjetnih 1,7 milijona izvodov svoje nove biografske knjige z naslovom Obljubljena de\u017eela, je tokrat tudi osrednja osebnost nove izdaje revije People. Na naslovnici omenjene revije pa je kar celotna dru\u017eina Obama, ki jo sicer le redko skupaj vidimo v javnosti.<\/p>\n","protected":false},"author":1,"featured_media":438671,"comment_status":"closed","ping_status":"closed","sticky":false,"template":"","format":"standard","meta":{"footnotes":""},"categories":[1093],"tags":[2081,17706,17707,17708,5093,17709],"source":[1346,1345,1334],"supertag":[],"acf":[],"yoast_head":"<!-- This site is optimized with the Yoast SEO plugin v21.3 - https:\/\/yoast.com\/wordpress\/plugins\/seo\/ -->\n<title>Barack Obama z javnostjo delil novo dru\u017einsko sliko, na kateri sta tudi h\u010derki Malia in Sasha, ki ju vidimo le redko - Hudo Slovenija<\/title>\n<meta name=\"robots\" content=\"index, follow, max-snippet:-1, max-image-preview:large, max-video-preview:-1\" \/>\n<link rel=\"canonical\" href=\"https:\/\/hudo.com\/si\/vip\/barack-obama-z-javnostjo-delil-novo-druzinsko-sliko-na-kateri-sta-tudi-hcerki-malia-in-sasha-ki-ju-vidimo-le-redko\/\" \/>\n<meta property=\"og:locale\" content=\"sl_SI\" \/>\n<meta property=\"og:type\" content=\"article\" \/>\n<meta property=\"og:title\" content=\"Barack Obama z javnostjo delil novo dru\u017einsko sliko, na kateri sta tudi h\u010derki Malia in Sasha, ki ju vidimo le redko - Hudo Slovenija\" \/>\n<meta property=\"og:description\" content=\"Nekdanji ameri\u0161ki predsednik Barack Obama, ki je v prvem tednu od izdaje prodal kar neverjetnih 1,7 milijona izvodov svoje nove biografske knjige z naslovom Obljubljena de\u017eela, je tokrat tudi osrednja osebnost nove izdaje revije People. Na naslovnici omenjene revije pa je kar celotna dru\u017eina Obama, ki jo sicer le redko skupaj vidimo v javnosti.\" \/>\n<meta property=\"og:url\" content=\"https:\/\/hudo.com\/si\/vip\/barack-obama-z-javnostjo-delil-novo-druzinsko-sliko-na-kateri-sta-tudi-hcerki-malia-in-sasha-ki-ju-vidimo-le-redko\/\" \/>\n<meta property=\"og:site_name\" content=\"Hudo Slovenija\" \/>\n<meta property=\"article:publisher\" content=\"https:\/\/www.facebook.com\/hudo.si\" \/>\n<meta property=\"article:published_time\" content=\"2020-11-25T07:32:39+00:00\" \/>\n<meta property=\"og:image\" content=\"https:\/\/hudo.com\/si\/wp-content\/uploads\/sites\/2\/2020\/11\/profimedia-0569510681.jpg\" \/>\n\t<meta property=\"og:image:width\" content=\"1250\" \/>\n\t<meta property=\"og:image:height\" content=\"833\" \/>\n\t<meta property=\"og:image:type\" content=\"image\/jpeg\" \/>\n<meta name=\"author\" content=\"hudo\" \/>\n<meta name=\"twitter:card\" content=\"summary_large_image\" \/>\n<meta name=\"twitter:creator\" content=\"@hudo_si\" \/>\n<meta name=\"twitter:site\" content=\"@hudo_si\" \/>\n<meta name=\"twitter:label1\" content=\"Written by\" \/>\n\t<meta name=\"twitter:data1\" content=\"hudo\" \/>\n\t<meta name=\"twitter:label2\" content=\"Est. reading time\" \/>\n\t<meta name=\"twitter:data2\" content=\"1 minuta\" \/>\n<script type=\"application\/ld+json\" class=\"yoast-schema-graph\">{\"@context\":\"https:\/\/schema.org\",\"@graph\":[{\"@type\":\"Article\",\"@id\":\"https:\/\/hudo.com\/si\/vip\/barack-obama-z-javnostjo-delil-novo-druzinsko-sliko-na-kateri-sta-tudi-hcerki-malia-in-sasha-ki-ju-vidimo-le-redko\/#article\",\"isPartOf\":{\"@id\":\"https:\/\/hudo.com\/si\/vip\/barack-obama-z-javnostjo-delil-novo-druzinsko-sliko-na-kateri-sta-tudi-hcerki-malia-in-sasha-ki-ju-vidimo-le-redko\/\"},\"author\":{\"name\":\"hudo\",\"@id\":\"https:\/\/hudo.com\/si\/#\/schema\/person\/601cf3379633985b20f7e50f2bb47707\"},\"headline\":\"Barack Obama z javnostjo delil novo dru\u017einsko sliko, na kateri sta tudi h\u010derki Malia in Sasha, ki ju vidimo le redko\",\"datePublished\":\"2020-11-25T07:32:39+00:00\",\"dateModified\":\"2020-11-25T07:32:39+00:00\",\"mainEntityOfPage\":{\"@id\":\"https:\/\/hudo.com\/si\/vip\/barack-obama-z-javnostjo-delil-novo-druzinsko-sliko-na-kateri-sta-tudi-hcerki-malia-in-sasha-ki-ju-vidimo-le-redko\/\"},\"wordCount\":265,\"publisher\":{\"@id\":\"https:\/\/hudo.com\/si\/#organization\"},\"keywords\":[\"Barack Obama\",\"dru\u017eina Obama\",\"h\u010derki Baracka Obame\",\"knjiga Baracka Obame\",\"Michelle Obama\",\"Obljubljena de\u017eela\"],\"articleSection\":[\"VIP\"],\"inLanguage\":\"sl-SI\"},{\"@type\":\"WebPage\",\"@id\":\"https:\/\/hudo.com\/si\/vip\/barack-obama-z-javnostjo-delil-novo-druzinsko-sliko-na-kateri-sta-tudi-hcerki-malia-in-sasha-ki-ju-vidimo-le-redko\/\",\"url\":\"https:\/\/hudo.com\/si\/vip\/barack-obama-z-javnostjo-delil-novo-druzinsko-sliko-na-kateri-sta-tudi-hcerki-malia-in-sasha-ki-ju-vidimo-le-redko\/\",\"name\":\"Barack Obama z javnostjo delil novo dru\u017einsko sliko, na kateri sta tudi h\u010derki Malia in Sasha, ki ju vidimo le redko - Hudo Slovenija\",\"isPartOf\":{\"@id\":\"https:\/\/hudo.com\/si\/#website\"},\"datePublished\":\"2020-11-25T07:32:39+00:00\",\"dateModified\":\"2020-11-25T07:32:39+00:00\",\"breadcrumb\":{\"@id\":\"https:\/\/hudo.com\/si\/vip\/barack-obama-z-javnostjo-delil-novo-druzinsko-sliko-na-kateri-sta-tudi-hcerki-malia-in-sasha-ki-ju-vidimo-le-redko\/#breadcrumb\"},\"inLanguage\":\"sl-SI\",\"potentialAction\":[{\"@type\":\"ReadAction\",\"target\":[\"https:\/\/hudo.com\/si\/vip\/barack-obama-z-javnostjo-delil-novo-druzinsko-sliko-na-kateri-sta-tudi-hcerki-malia-in-sasha-ki-ju-vidimo-le-redko\/\"]}]},{\"@type\":\"BreadcrumbList\",\"@id\":\"https:\/\/hudo.com\/si\/vip\/barack-obama-z-javnostjo-delil-novo-druzinsko-sliko-na-kateri-sta-tudi-hcerki-malia-in-sasha-ki-ju-vidimo-le-redko\/#breadcrumb\",\"itemListElement\":[{\"@type\":\"ListItem\",\"position\":1,\"name\":\"Home\",\"item\":\"https:\/\/hudo.com\/si\/\"},{\"@type\":\"ListItem\",\"position\":2,\"name\":\"Barack Obama z javnostjo delil novo dru\u017einsko sliko, na kateri sta tudi h\u010derki Malia in Sasha, ki ju vidimo le redko\"}]},{\"@type\":\"WebSite\",\"@id\":\"https:\/\/hudo.com\/si\/#website\",\"url\":\"https:\/\/hudo.com\/si\/\",\"name\":\"Hudo Slovenija\",\"description\":\"Vse novice iz Slovenije in sveta\",\"publisher\":{\"@id\":\"https:\/\/hudo.com\/si\/#organization\"},\"potentialAction\":[{\"@type\":\"SearchAction\",\"target\":{\"@type\":\"EntryPoint\",\"urlTemplate\":\"https:\/\/hudo.com\/si\/?s={search_term_string}\"},\"query-input\":\"required name=search_term_string\"}],\"inLanguage\":\"sl-SI\"},{\"@type\":\"Organization\",\"@id\":\"https:\/\/hudo.com\/si\/#organization\",\"name\":\"VSN Media\",\"url\":\"https:\/\/hudo.com\/si\/\",\"logo\":{\"@type\":\"ImageObject\",\"inLanguage\":\"sl-SI\",\"@id\":\"https:\/\/hudo.com\/si\/#\/schema\/logo\/image\/\",\"url\":\"https:\/\/hudo.com\/si\/wp-content\/uploads\/sites\/2\/2021\/03\/hudo-app-2.png\",\"contentUrl\":\"https:\/\/hudo.com\/si\/wp-content\/uploads\/sites\/2\/2021\/03\/hudo-app-2.png\",\"width\":2185,\"height\":2167,\"caption\":\"VSN Media\"},\"image\":{\"@id\":\"https:\/\/hudo.com\/si\/#\/schema\/logo\/image\/\"},\"sameAs\":[\"https:\/\/www.facebook.com\/hudo.si\",\"https:\/\/twitter.com\/hudo_si\"]},{\"@type\":\"Person\",\"@id\":\"https:\/\/hudo.com\/si\/#\/schema\/person\/601cf3379633985b20f7e50f2bb47707\",\"name\":\"hudo\",\"image\":{\"@type\":\"ImageObject\",\"inLanguage\":\"sl-SI\",\"@id\":\"https:\/\/hudo.com\/si\/#\/schema\/person\/image\/\",\"url\":\"https:\/\/secure.gravatar.com\/avatar\/c4ca25fa72cace7a696b52ff5db9e095?s=96&d=mm&r=g\",\"contentUrl\":\"https:\/\/secure.gravatar.com\/avatar\/c4ca25fa72cace7a696b52ff5db9e095?s=96&d=mm&r=g\",\"caption\":\"hudo\"},\"url\":\"https:\/\/hudo.com\/si\/author\/hudo\/\"}]}<\/script>\n<!-- \/ Yoast SEO plugin. -->","yoast_head_json":{"title":"Barack Obama z javnostjo delil novo dru\u017einsko sliko, na kateri sta tudi h\u010derki Malia in Sasha, ki ju vidimo le redko - Hudo Slovenija","robots":{"index":"index","follow":"follow","max-snippet":"max-snippet:-1","max-image-preview":"max-image-preview:large","max-video-preview":"max-video-preview:-1"},"canonical":"https:\/\/hudo.com\/si\/vip\/barack-obama-z-javnostjo-delil-novo-druzinsko-sliko-na-kateri-sta-tudi-hcerki-malia-in-sasha-ki-ju-vidimo-le-redko\/","og_locale":"sl_SI","og_type":"article","og_title":"Barack Obama z javnostjo delil novo dru\u017einsko sliko, na kateri sta tudi h\u010derki Malia in Sasha, ki ju vidimo le redko - Hudo Slovenija","og_description":"Nekdanji ameri\u0161ki predsednik Barack Obama, ki je v prvem tednu od izdaje prodal kar neverjetnih 1,7 milijona izvodov svoje nove biografske knjige z naslovom Obljubljena de\u017eela, je tokrat tudi osrednja osebnost nove izdaje revije People. Na naslovnici omenjene revije pa je kar celotna dru\u017eina Obama, ki jo sicer le redko skupaj vidimo v javnosti.","og_url":"https:\/\/hudo.com\/si\/vip\/barack-obama-z-javnostjo-delil-novo-druzinsko-sliko-na-kateri-sta-tudi-hcerki-malia-in-sasha-ki-ju-vidimo-le-redko\/","og_site_name":"Hudo Slovenija","article_publisher":"https:\/\/www.facebook.com\/hudo.si","article_published_time":"2020-11-25T07:32:39+00:00","og_image":[{"width":1250,"height":833,"url":"https:\/\/hudo.com\/si\/wp-content\/uploads\/sites\/2\/2020\/11\/profimedia-0569510681.jpg","type":"image\/jpeg"}],"author":"hudo","twitter_card":"summary_large_image","twitter_creator":"@hudo_si","twitter_site":"@hudo_si","twitter_misc":{"Written by":"hudo","Est. reading time":"1 minuta"},"schema":{"@context":"https:\/\/schema.org","@graph":[{"@type":"Article","@id":"https:\/\/hudo.com\/si\/vip\/barack-obama-z-javnostjo-delil-novo-druzinsko-sliko-na-kateri-sta-tudi-hcerki-malia-in-sasha-ki-ju-vidimo-le-redko\/#article","isPartOf":{"@id":"https:\/\/hudo.com\/si\/vip\/barack-obama-z-javnostjo-delil-novo-druzinsko-sliko-na-kateri-sta-tudi-hcerki-malia-in-sasha-ki-ju-vidimo-le-redko\/"},"author":{"name":"hudo","@id":"https:\/\/hudo.com\/si\/#\/schema\/person\/601cf3379633985b20f7e50f2bb47707"},"headline":"Barack Obama z javnostjo delil novo dru\u017einsko sliko, na kateri sta tudi h\u010derki Malia in Sasha, ki ju vidimo le redko","datePublished":"2020-11-25T07:32:39+00:00","dateModified":"2020-11-25T07:32:39+00:00","mainEntityOfPage":{"@id":"https:\/\/hudo.com\/si\/vip\/barack-obama-z-javnostjo-delil-novo-druzinsko-sliko-na-kateri-sta-tudi-hcerki-malia-in-sasha-ki-ju-vidimo-le-redko\/"},"wordCount":265,"publisher":{"@id":"https:\/\/hudo.com\/si\/#organization"},"keywords":["Barack Obama","dru\u017eina Obama","h\u010derki Baracka Obame","knjiga Baracka Obame","Michelle Obama","Obljubljena de\u017eela"],"articleSection":["VIP"],"inLanguage":"sl-SI"},{"@type":"WebPage","@id":"https:\/\/hudo.com\/si\/vip\/barack-obama-z-javnostjo-delil-novo-druzinsko-sliko-na-kateri-sta-tudi-hcerki-malia-in-sasha-ki-ju-vidimo-le-redko\/","url":"https:\/\/hudo.com\/si\/vip\/barack-obama-z-javnostjo-delil-novo-druzinsko-sliko-na-kateri-sta-tudi-hcerki-malia-in-sasha-ki-ju-vidimo-le-redko\/","name":"Barack Obama z javnostjo delil novo dru\u017einsko sliko, na kateri sta tudi h\u010derki Malia in Sasha, ki ju vidimo le redko - Hudo Slovenija","isPartOf":{"@id":"https:\/\/hudo.com\/si\/#website"},"datePublished":"2020-11-25T07:32:39+00:00","dateModified":"2020-11-25T07:32:39+00:00","breadcrumb":{"@id":"https:\/\/hudo.com\/si\/vip\/barack-obama-z-javnostjo-delil-novo-druzinsko-sliko-na-kateri-sta-tudi-hcerki-malia-in-sasha-ki-ju-vidimo-le-redko\/#breadcrumb"},"inLanguage":"sl-SI","potentialAction":[{"@type":"ReadAction","target":["https:\/\/hudo.com\/si\/vip\/barack-obama-z-javnostjo-delil-novo-druzinsko-sliko-na-kateri-sta-tudi-hcerki-malia-in-sasha-ki-ju-vidimo-le-redko\/"]}]},{"@type":"BreadcrumbList","@id":"https:\/\/hudo.com\/si\/vip\/barack-obama-z-javnostjo-delil-novo-druzinsko-sliko-na-kateri-sta-tudi-hcerki-malia-in-sasha-ki-ju-vidimo-le-redko\/#breadcrumb","itemListElement":[{"@type":"ListItem","position":1,"name":"Home","item":"https:\/\/hudo.com\/si\/"},{"@type":"ListItem","position":2,"name":"Barack Obama z javnostjo delil novo dru\u017einsko sliko, na kateri sta tudi h\u010derki Malia in Sasha, ki ju vidimo le redko"}]},{"@type":"WebSite","@id":"https:\/\/hudo.com\/si\/#website","url":"https:\/\/hudo.com\/si\/","name":"Hudo Slovenija","description":"Vse novice iz Slovenije in sveta","publisher":{"@id":"https:\/\/hudo.com\/si\/#organization"},"potentialAction":[{"@type":"SearchAction","target":{"@type":"EntryPoint","urlTemplate":"https:\/\/hudo.com\/si\/?s={search_term_string}"},"query-input":"required name=search_term_string"}],"inLanguage":"sl-SI"},{"@type":"Organization","@id":"https:\/\/hudo.com\/si\/#organization","name":"VSN Media","url":"https:\/\/hudo.com\/si\/","logo":{"@type":"ImageObject","inLanguage":"sl-SI","@id":"https:\/\/hudo.com\/si\/#\/schema\/logo\/image\/","url":"https:\/\/hudo.com\/si\/wp-content\/uploads\/sites\/2\/2021\/03\/hudo-app-2.png","contentUrl":"https:\/\/hudo.com\/si\/wp-content\/uploads\/sites\/2\/2021\/03\/hudo-app-2.png","width":2185,"height":2167,"caption":"VSN Media"},"image":{"@id":"https:\/\/hudo.com\/si\/#\/schema\/logo\/image\/"},"sameAs":["https:\/\/www.facebook.com\/hudo.si","https:\/\/twitter.com\/hudo_si"]},{"@type":"Person","@id":"https:\/\/hudo.com\/si\/#\/schema\/person\/601cf3379633985b20f7e50f2bb47707","name":"hudo","image":{"@type":"ImageObject","inLanguage":"sl-SI","@id":"https:\/\/hudo.com\/si\/#\/schema\/person\/image\/","url":"https:\/\/secure.gravatar.com\/avatar\/c4ca25fa72cace7a696b52ff5db9e095?s=96&d=mm&r=g","contentUrl":"https:\/\/secure.gravatar.com\/avatar\/c4ca25fa72cace7a696b52ff5db9e095?s=96&d=mm&r=g","caption":"hudo"},"url":"https:\/\/hudo.com\/si\/author\/hudo\/"}]}},"amp_enabled":true,"_links":{"self":[{"href":"https:\/\/hudo.com\/si\/wp-json\/wp\/v2\/posts\/438670"}],"collection":[{"href":"https:\/\/hudo.com\/si\/wp-json\/wp\/v2\/posts"}],"about":[{"href":"https:\/\/hudo.com\/si\/wp-json\/wp\/v2\/types\/post"}],"author":[{"embeddable":true,"href":"https:\/\/hudo.com\/si\/wp-json\/wp\/v2\/users\/1"}],"replies":[{"embeddable":true,"href":"https:\/\/hudo.com\/si\/wp-json\/wp\/v2\/comments?post=438670"}],"version-history":[{"count":0,"href":"https:\/\/hudo.com\/si\/wp-json\/wp\/v2\/posts\/438670\/revisions"}],"wp:featuredmedia":[{"embeddable":true,"href":"https:\/\/hudo.com\/si\/wp-json\/wp\/v2\/media\/438671"}],"wp:attachment":[{"href":"https:\/\/hudo.com\/si\/wp-json\/wp\/v2\/media?parent=438670"}],"wp:term":[{"taxonomy":"category","embeddable":true,"href":"https:\/\/hudo.com\/si\/wp-json\/wp\/v2\/categories?post=438670"},{"taxonomy":"post_tag","embeddable":true,"href":"https:\/\/hudo.com\/si\/wp-json\/wp\/v2\/tags?post=438670"},{"taxonomy":"source","embeddable":true,"href":"https:\/\/hudo.com\/si\/wp-json\/wp\/v2\/source?post=438670"},{"taxonomy":"supertag","embeddable":true,"href":"https:\/\/hudo.com\/si\/wp-json\/wp\/v2\/supertag?post=438670"}],"curies":[{"name":"wp","href":"https:\/\/api.w.org\/{rel}","templated":true}]}}