{"id":438683,"date":"2020-11-25T09:48:10","date_gmt":"2020-11-25T08:48:10","guid":{"rendered":"https:\/\/hudo.com\/si\/2020\/11\/25\/beyonce-je-kraljica-letosnjih-nominacij-za-grammyje-prisluzila-si-jih-je-kar-devet\/"},"modified":"2020-11-25T09:48:10","modified_gmt":"2020-11-25T08:48:10","slug":"beyonce-je-kraljica-letosnjih-nominacij-za-grammyje-prisluzila-si-jih-je-kar-devet","status":"publish","type":"post","link":"https:\/\/hudo.com\/si\/vip\/beyonce-je-kraljica-letosnjih-nominacij-za-grammyje-prisluzila-si-jih-je-kar-devet\/","title":{"rendered":"Beyonce je kraljica leto\u0161njih nominacij za grammyje, prislu\u017eila si jih je kar devet"},"content":{"rendered":"<figure>\n\t\t\t\t\t<img loading=\"lazy\" decoding=\"async\" width=\"660\" height=\"320\" src=\"image\/gif;base64,R0lGODlhAQABAAAAACH5BAEKAAEALAAAAAABAAEAAAICTAEAOw==\" class=\"lazyload\" data-src=\"https:\/\/zenska.hudo.com\/files\/2020\/11\/profimedia-0565057846-320x155.jpg\" data-srcset=\"https:\/\/zenska.hudo.com\/files\/2020\/11\/profimedia-0565057846-660x320.jpg 660w,https:\/\/zenska.hudo.com\/files\/2020\/11\/profimedia-0565057846-320x155.jpg 330w\" \/><figcaption>Foto: Profimedia<\/figcaption><\/figure>\n<p>Beyonce si je nominacije za skladbo Black Parade, ki jo je junija izdala ob mno\u017ei\u010dnih protirasisti\u010dnih protestih in ponovni eskalaciji nasilja nad temnopoltimi Ameri\u010dani, prislu\u017eila \u0161e v kategorijah za najbolj\u0161o R&amp;B izvedbo in najbolj\u0161o R&amp;B pesem. Nominirali so jo \u0161e za najbolj\u0161i video za Brown Skin Girl ter za najbolj\u0161i glasbeni film Black Is King, za sodelovanje pri Savage pa si je prislu\u017eila \u0161e nominaciji za najbolj\u0161o rap izvedbo in najbolj\u0161o rap pesem.<\/p>\n<p>Po \u0161tevilu nominacij ji sledita Dua Lipa in Taylor Swift s po \u0161estima nominacijama, med najbolj uspe\u0161nimi nominiranci pa je bil tudi raper Roddy Ricch, je pisala francoska tiskovna agencija AFP.<\/p>\n<p>Taylor Swift si je med drugim prislu\u017eila nominacijo za album leta Folklore, singl z albuma Cardigan pa nominacijo v kategoriji za pesem leta, pri kateri je v ospredju avtorski pe\u010dat dela, medtem ko pri posnetku leta nagrajujejo celotno produkcijsko ekipo, ki stoji za skladbo.<\/p>\n<p>Poleg Black Parade so za pesem leta nominirane \u0161e skladbe, ki jih so\/podpisujejo Roddy Ricch (The Box), lanska velika grammyjevska zmagovalka Billie Eilish (Everything I Wanted) in raper Post Malone (Circles).<\/p>\n<p>Kot je pisala AFP, je v leto\u0161njem letu, ko je epidemije novega koronavirusa izredno prizadela glasbeno industrijo, med nominiranci v glavnih grammyjevskih kategorijah zaznati porast plesnega popa. Prav tako si je nominacije prislu\u017eilo veliko izvajalk.<\/p>\n<p>Med sve\u017eimi imeni je s petimi nominacijami v ospredju pevka in avtorica Brittany Howard, sicer bolj znana kot pevka skupine Alabama Shakes, ki je pozornost pritegnila s studijskim prvencem Jaime. \u0160tiri nominacije je v glavnih pop kategorijah prejel Justin Bieber, prav toliko pa sta si jih prislu\u017eila tudi Billie Eilish in raper DaBaby.<\/p>\n<p>Je pa razglasitev nominacij spremljalo tudi razo\u010daranje glasbenika The Weeknda, ki ni prejel nobene nominacije, kljub temu, da je bil njegov leto\u0161nji album After Hours s singlom Blinding Lights izredno dobro sprejet in je osvajal vrhove lestvic. Glasbenik je v torek zve\u010der po Twitterju s svojimi 13,5 milijona sledilci delil zapis: &#8220;Grammyji so sprijeni. Dol\u017eni ste meni, mojim obo\u017eevalcem in transparentnosti industrije.&#8221;<\/p>\n<p>Nagrade grammy bodo \u017ee 63. podelili 31. januarja 2021, podelitev pa bo povezoval komik Trevor Noah. Ni pa \u0161e znano, ali bo podelitev mogo\u010de izvesti v \u017eivo, organizatorji se bodo prilagodili epidemiolo\u0161ki situaciji.<\/p>\n","protected":false},"excerpt":{"rendered":"<p>V kategoriji za posnetek leta je Beyonce nominirana tako z Black Parade kot za sodelovanje z Megan Thee Stallion pri skladbi Savage, za Black Parade pa je prejela tudi nominacijo za pesem leta.<\/p>\n","protected":false},"author":1,"featured_media":438684,"comment_status":"closed","ping_status":"closed","sticky":false,"template":"","format":"standard","meta":{"footnotes":""},"categories":[1093],"tags":[3330,17713],"source":[1346,1345,1334],"supertag":[],"acf":[],"yoast_head":"<!-- This site is optimized with the Yoast SEO plugin v21.3 - https:\/\/yoast.com\/wordpress\/plugins\/seo\/ -->\n<title>Beyonce je kraljica leto\u0161njih nominacij za grammyje, prislu\u017eila si jih je kar devet - Hudo Slovenija<\/title>\n<meta name=\"robots\" content=\"index, follow, max-snippet:-1, max-image-preview:large, max-video-preview:-1\" \/>\n<link rel=\"canonical\" href=\"https:\/\/hudo.com\/si\/vip\/beyonce-je-kraljica-letosnjih-nominacij-za-grammyje-prisluzila-si-jih-je-kar-devet\/\" \/>\n<meta property=\"og:locale\" content=\"sl_SI\" \/>\n<meta property=\"og:type\" content=\"article\" \/>\n<meta property=\"og:title\" content=\"Beyonce je kraljica leto\u0161njih nominacij za grammyje, prislu\u017eila si jih je kar devet - Hudo Slovenija\" \/>\n<meta property=\"og:description\" content=\"V kategoriji za posnetek leta je Beyonce nominirana tako z Black Parade kot za sodelovanje z Megan Thee Stallion pri skladbi Savage, za Black Parade pa je prejela tudi nominacijo za pesem leta.\" \/>\n<meta property=\"og:url\" content=\"https:\/\/hudo.com\/si\/vip\/beyonce-je-kraljica-letosnjih-nominacij-za-grammyje-prisluzila-si-jih-je-kar-devet\/\" \/>\n<meta property=\"og:site_name\" content=\"Hudo Slovenija\" \/>\n<meta property=\"article:publisher\" content=\"https:\/\/www.facebook.com\/hudo.si\" \/>\n<meta property=\"article:published_time\" content=\"2020-11-25T08:48:10+00:00\" \/>\n<meta property=\"og:image\" content=\"https:\/\/hudo.com\/si\/wp-content\/uploads\/sites\/2\/2020\/11\/profimedia-0565057846.jpg\" \/>\n\t<meta property=\"og:image:width\" content=\"1250\" \/>\n\t<meta property=\"og:image:height\" content=\"703\" \/>\n\t<meta property=\"og:image:type\" content=\"image\/jpeg\" \/>\n<meta name=\"author\" content=\"hudo\" \/>\n<meta name=\"twitter:card\" content=\"summary_large_image\" \/>\n<meta name=\"twitter:creator\" content=\"@hudo_si\" \/>\n<meta name=\"twitter:site\" content=\"@hudo_si\" \/>\n<meta name=\"twitter:label1\" content=\"Written by\" \/>\n\t<meta name=\"twitter:data1\" content=\"hudo\" \/>\n\t<meta name=\"twitter:label2\" content=\"Est. reading time\" \/>\n\t<meta name=\"twitter:data2\" content=\"2 minuti\" \/>\n<script type=\"application\/ld+json\" class=\"yoast-schema-graph\">{\"@context\":\"https:\/\/schema.org\",\"@graph\":[{\"@type\":\"Article\",\"@id\":\"https:\/\/hudo.com\/si\/vip\/beyonce-je-kraljica-letosnjih-nominacij-za-grammyje-prisluzila-si-jih-je-kar-devet\/#article\",\"isPartOf\":{\"@id\":\"https:\/\/hudo.com\/si\/vip\/beyonce-je-kraljica-letosnjih-nominacij-za-grammyje-prisluzila-si-jih-je-kar-devet\/\"},\"author\":{\"name\":\"hudo\",\"@id\":\"https:\/\/hudo.com\/si\/#\/schema\/person\/601cf3379633985b20f7e50f2bb47707\"},\"headline\":\"Beyonce je kraljica leto\u0161njih nominacij za grammyje, prislu\u017eila si jih je kar devet\",\"datePublished\":\"2020-11-25T08:48:10+00:00\",\"dateModified\":\"2020-11-25T08:48:10+00:00\",\"mainEntityOfPage\":{\"@id\":\"https:\/\/hudo.com\/si\/vip\/beyonce-je-kraljica-letosnjih-nominacij-za-grammyje-prisluzila-si-jih-je-kar-devet\/\"},\"wordCount\":406,\"publisher\":{\"@id\":\"https:\/\/hudo.com\/si\/#organization\"},\"keywords\":[\"beyonce\",\"grammy 2021\"],\"articleSection\":[\"VIP\"],\"inLanguage\":\"sl-SI\"},{\"@type\":\"WebPage\",\"@id\":\"https:\/\/hudo.com\/si\/vip\/beyonce-je-kraljica-letosnjih-nominacij-za-grammyje-prisluzila-si-jih-je-kar-devet\/\",\"url\":\"https:\/\/hudo.com\/si\/vip\/beyonce-je-kraljica-letosnjih-nominacij-za-grammyje-prisluzila-si-jih-je-kar-devet\/\",\"name\":\"Beyonce je kraljica leto\u0161njih nominacij za grammyje, prislu\u017eila si jih je kar devet - Hudo Slovenija\",\"isPartOf\":{\"@id\":\"https:\/\/hudo.com\/si\/#website\"},\"datePublished\":\"2020-11-25T08:48:10+00:00\",\"dateModified\":\"2020-11-25T08:48:10+00:00\",\"breadcrumb\":{\"@id\":\"https:\/\/hudo.com\/si\/vip\/beyonce-je-kraljica-letosnjih-nominacij-za-grammyje-prisluzila-si-jih-je-kar-devet\/#breadcrumb\"},\"inLanguage\":\"sl-SI\",\"potentialAction\":[{\"@type\":\"ReadAction\",\"target\":[\"https:\/\/hudo.com\/si\/vip\/beyonce-je-kraljica-letosnjih-nominacij-za-grammyje-prisluzila-si-jih-je-kar-devet\/\"]}]},{\"@type\":\"BreadcrumbList\",\"@id\":\"https:\/\/hudo.com\/si\/vip\/beyonce-je-kraljica-letosnjih-nominacij-za-grammyje-prisluzila-si-jih-je-kar-devet\/#breadcrumb\",\"itemListElement\":[{\"@type\":\"ListItem\",\"position\":1,\"name\":\"Home\",\"item\":\"https:\/\/hudo.com\/si\/\"},{\"@type\":\"ListItem\",\"position\":2,\"name\":\"Beyonce je kraljica leto\u0161njih nominacij za grammyje, prislu\u017eila si jih je kar devet\"}]},{\"@type\":\"WebSite\",\"@id\":\"https:\/\/hudo.com\/si\/#website\",\"url\":\"https:\/\/hudo.com\/si\/\",\"name\":\"Hudo Slovenija\",\"description\":\"Vse novice iz Slovenije in sveta\",\"publisher\":{\"@id\":\"https:\/\/hudo.com\/si\/#organization\"},\"potentialAction\":[{\"@type\":\"SearchAction\",\"target\":{\"@type\":\"EntryPoint\",\"urlTemplate\":\"https:\/\/hudo.com\/si\/?s={search_term_string}\"},\"query-input\":\"required name=search_term_string\"}],\"inLanguage\":\"sl-SI\"},{\"@type\":\"Organization\",\"@id\":\"https:\/\/hudo.com\/si\/#organization\",\"name\":\"VSN Media\",\"url\":\"https:\/\/hudo.com\/si\/\",\"logo\":{\"@type\":\"ImageObject\",\"inLanguage\":\"sl-SI\",\"@id\":\"https:\/\/hudo.com\/si\/#\/schema\/logo\/image\/\",\"url\":\"https:\/\/hudo.com\/si\/wp-content\/uploads\/sites\/2\/2021\/03\/hudo-app-2.png\",\"contentUrl\":\"https:\/\/hudo.com\/si\/wp-content\/uploads\/sites\/2\/2021\/03\/hudo-app-2.png\",\"width\":2185,\"height\":2167,\"caption\":\"VSN Media\"},\"image\":{\"@id\":\"https:\/\/hudo.com\/si\/#\/schema\/logo\/image\/\"},\"sameAs\":[\"https:\/\/www.facebook.com\/hudo.si\",\"https:\/\/twitter.com\/hudo_si\"]},{\"@type\":\"Person\",\"@id\":\"https:\/\/hudo.com\/si\/#\/schema\/person\/601cf3379633985b20f7e50f2bb47707\",\"name\":\"hudo\",\"image\":{\"@type\":\"ImageObject\",\"inLanguage\":\"sl-SI\",\"@id\":\"https:\/\/hudo.com\/si\/#\/schema\/person\/image\/\",\"url\":\"https:\/\/secure.gravatar.com\/avatar\/c4ca25fa72cace7a696b52ff5db9e095?s=96&d=mm&r=g\",\"contentUrl\":\"https:\/\/secure.gravatar.com\/avatar\/c4ca25fa72cace7a696b52ff5db9e095?s=96&d=mm&r=g\",\"caption\":\"hudo\"},\"url\":\"https:\/\/hudo.com\/si\/author\/hudo\/\"}]}<\/script>\n<!-- \/ Yoast SEO plugin. -->","yoast_head_json":{"title":"Beyonce je kraljica leto\u0161njih nominacij za grammyje, prislu\u017eila si jih je kar devet - Hudo Slovenija","robots":{"index":"index","follow":"follow","max-snippet":"max-snippet:-1","max-image-preview":"max-image-preview:large","max-video-preview":"max-video-preview:-1"},"canonical":"https:\/\/hudo.com\/si\/vip\/beyonce-je-kraljica-letosnjih-nominacij-za-grammyje-prisluzila-si-jih-je-kar-devet\/","og_locale":"sl_SI","og_type":"article","og_title":"Beyonce je kraljica leto\u0161njih nominacij za grammyje, prislu\u017eila si jih je kar devet - Hudo Slovenija","og_description":"V kategoriji za posnetek leta je Beyonce nominirana tako z Black Parade kot za sodelovanje z Megan Thee Stallion pri skladbi Savage, za Black Parade pa je prejela tudi nominacijo za pesem leta.","og_url":"https:\/\/hudo.com\/si\/vip\/beyonce-je-kraljica-letosnjih-nominacij-za-grammyje-prisluzila-si-jih-je-kar-devet\/","og_site_name":"Hudo Slovenija","article_publisher":"https:\/\/www.facebook.com\/hudo.si","article_published_time":"2020-11-25T08:48:10+00:00","og_image":[{"width":1250,"height":703,"url":"https:\/\/hudo.com\/si\/wp-content\/uploads\/sites\/2\/2020\/11\/profimedia-0565057846.jpg","type":"image\/jpeg"}],"author":"hudo","twitter_card":"summary_large_image","twitter_creator":"@hudo_si","twitter_site":"@hudo_si","twitter_misc":{"Written by":"hudo","Est. reading time":"2 minuti"},"schema":{"@context":"https:\/\/schema.org","@graph":[{"@type":"Article","@id":"https:\/\/hudo.com\/si\/vip\/beyonce-je-kraljica-letosnjih-nominacij-za-grammyje-prisluzila-si-jih-je-kar-devet\/#article","isPartOf":{"@id":"https:\/\/hudo.com\/si\/vip\/beyonce-je-kraljica-letosnjih-nominacij-za-grammyje-prisluzila-si-jih-je-kar-devet\/"},"author":{"name":"hudo","@id":"https:\/\/hudo.com\/si\/#\/schema\/person\/601cf3379633985b20f7e50f2bb47707"},"headline":"Beyonce je kraljica leto\u0161njih nominacij za grammyje, prislu\u017eila si jih je kar devet","datePublished":"2020-11-25T08:48:10+00:00","dateModified":"2020-11-25T08:48:10+00:00","mainEntityOfPage":{"@id":"https:\/\/hudo.com\/si\/vip\/beyonce-je-kraljica-letosnjih-nominacij-za-grammyje-prisluzila-si-jih-je-kar-devet\/"},"wordCount":406,"publisher":{"@id":"https:\/\/hudo.com\/si\/#organization"},"keywords":["beyonce","grammy 2021"],"articleSection":["VIP"],"inLanguage":"sl-SI"},{"@type":"WebPage","@id":"https:\/\/hudo.com\/si\/vip\/beyonce-je-kraljica-letosnjih-nominacij-za-grammyje-prisluzila-si-jih-je-kar-devet\/","url":"https:\/\/hudo.com\/si\/vip\/beyonce-je-kraljica-letosnjih-nominacij-za-grammyje-prisluzila-si-jih-je-kar-devet\/","name":"Beyonce je kraljica leto\u0161njih nominacij za grammyje, prislu\u017eila si jih je kar devet - Hudo Slovenija","isPartOf":{"@id":"https:\/\/hudo.com\/si\/#website"},"datePublished":"2020-11-25T08:48:10+00:00","dateModified":"2020-11-25T08:48:10+00:00","breadcrumb":{"@id":"https:\/\/hudo.com\/si\/vip\/beyonce-je-kraljica-letosnjih-nominacij-za-grammyje-prisluzila-si-jih-je-kar-devet\/#breadcrumb"},"inLanguage":"sl-SI","potentialAction":[{"@type":"ReadAction","target":["https:\/\/hudo.com\/si\/vip\/beyonce-je-kraljica-letosnjih-nominacij-za-grammyje-prisluzila-si-jih-je-kar-devet\/"]}]},{"@type":"BreadcrumbList","@id":"https:\/\/hudo.com\/si\/vip\/beyonce-je-kraljica-letosnjih-nominacij-za-grammyje-prisluzila-si-jih-je-kar-devet\/#breadcrumb","itemListElement":[{"@type":"ListItem","position":1,"name":"Home","item":"https:\/\/hudo.com\/si\/"},{"@type":"ListItem","position":2,"name":"Beyonce je kraljica leto\u0161njih nominacij za grammyje, prislu\u017eila si jih je kar devet"}]},{"@type":"WebSite","@id":"https:\/\/hudo.com\/si\/#website","url":"https:\/\/hudo.com\/si\/","name":"Hudo Slovenija","description":"Vse novice iz Slovenije in sveta","publisher":{"@id":"https:\/\/hudo.com\/si\/#organization"},"potentialAction":[{"@type":"SearchAction","target":{"@type":"EntryPoint","urlTemplate":"https:\/\/hudo.com\/si\/?s={search_term_string}"},"query-input":"required name=search_term_string"}],"inLanguage":"sl-SI"},{"@type":"Organization","@id":"https:\/\/hudo.com\/si\/#organization","name":"VSN Media","url":"https:\/\/hudo.com\/si\/","logo":{"@type":"ImageObject","inLanguage":"sl-SI","@id":"https:\/\/hudo.com\/si\/#\/schema\/logo\/image\/","url":"https:\/\/hudo.com\/si\/wp-content\/uploads\/sites\/2\/2021\/03\/hudo-app-2.png","contentUrl":"https:\/\/hudo.com\/si\/wp-content\/uploads\/sites\/2\/2021\/03\/hudo-app-2.png","width":2185,"height":2167,"caption":"VSN Media"},"image":{"@id":"https:\/\/hudo.com\/si\/#\/schema\/logo\/image\/"},"sameAs":["https:\/\/www.facebook.com\/hudo.si","https:\/\/twitter.com\/hudo_si"]},{"@type":"Person","@id":"https:\/\/hudo.com\/si\/#\/schema\/person\/601cf3379633985b20f7e50f2bb47707","name":"hudo","image":{"@type":"ImageObject","inLanguage":"sl-SI","@id":"https:\/\/hudo.com\/si\/#\/schema\/person\/image\/","url":"https:\/\/secure.gravatar.com\/avatar\/c4ca25fa72cace7a696b52ff5db9e095?s=96&d=mm&r=g","contentUrl":"https:\/\/secure.gravatar.com\/avatar\/c4ca25fa72cace7a696b52ff5db9e095?s=96&d=mm&r=g","caption":"hudo"},"url":"https:\/\/hudo.com\/si\/author\/hudo\/"}]}},"amp_enabled":true,"_links":{"self":[{"href":"https:\/\/hudo.com\/si\/wp-json\/wp\/v2\/posts\/438683"}],"collection":[{"href":"https:\/\/hudo.com\/si\/wp-json\/wp\/v2\/posts"}],"about":[{"href":"https:\/\/hudo.com\/si\/wp-json\/wp\/v2\/types\/post"}],"author":[{"embeddable":true,"href":"https:\/\/hudo.com\/si\/wp-json\/wp\/v2\/users\/1"}],"replies":[{"embeddable":true,"href":"https:\/\/hudo.com\/si\/wp-json\/wp\/v2\/comments?post=438683"}],"version-history":[{"count":0,"href":"https:\/\/hudo.com\/si\/wp-json\/wp\/v2\/posts\/438683\/revisions"}],"wp:featuredmedia":[{"embeddable":true,"href":"https:\/\/hudo.com\/si\/wp-json\/wp\/v2\/media\/438684"}],"wp:attachment":[{"href":"https:\/\/hudo.com\/si\/wp-json\/wp\/v2\/media?parent=438683"}],"wp:term":[{"taxonomy":"category","embeddable":true,"href":"https:\/\/hudo.com\/si\/wp-json\/wp\/v2\/categories?post=438683"},{"taxonomy":"post_tag","embeddable":true,"href":"https:\/\/hudo.com\/si\/wp-json\/wp\/v2\/tags?post=438683"},{"taxonomy":"source","embeddable":true,"href":"https:\/\/hudo.com\/si\/wp-json\/wp\/v2\/source?post=438683"},{"taxonomy":"supertag","embeddable":true,"href":"https:\/\/hudo.com\/si\/wp-json\/wp\/v2\/supertag?post=438683"}],"curies":[{"name":"wp","href":"https:\/\/api.w.org\/{rel}","templated":true}]}}