{"id":439197,"date":"2020-12-02T09:33:39","date_gmt":"2020-12-02T08:33:39","guid":{"rendered":"http:\/\/hudo.com\/si\/?p=439197"},"modified":"2020-12-03T11:50:22","modified_gmt":"2020-12-03T10:50:22","slug":"kate-middledon-pokazala-novo-frizuro-in-izzvala-burne-reakcije","status":"publish","type":"post","link":"https:\/\/hudo.com\/si\/vip\/kate-middledon-pokazala-novo-frizuro-in-izzvala-burne-reakcije\/","title":{"rendered":"Kate Middledon pokazala novo frizuro in izzvala burne reakcije"},"content":{"rendered":"<p>Vojvodinja Cambri\u0161ka in \u017eena princa Williama, 38-letna Kate Middleton, je zagotovo ena najbolj priljubljenih \u010dlanic kraljeve dru\u017eine. 38-letnica je v javnosti znana tudi kot stilska ikona, katere modne kombinacije, pa tudi lepotne rutine, kopirajo milijoni \u017eensk po vsem svetu. Eden njenih za\u0161\u010ditnih znakov so zagotovo njeni gosti in negovani rjavi lasje, ki se jih je Kate sedaj, po letih iste frizure, odlo\u010dila &#8216;osve\u017eiti&#8217;, odzivi pa pri\u010dakovano niso ostali neopa\u017eeni.<\/p>\n<blockquote class=\"instagram-media\" style=\"background: #FFF; border: 0; border-radius: 3px; box-shadow: 0 0 1px 0 rgba(0,0,0,0.5),0 1px 10px 0 rgba(0,0,0,0.15); margin: 1px; max-width: 540px; min-width: 326px; padding: 0; width: calc(100% - 2px);\" data-instgrm-permalink=\"https:\/\/www.instagram.com\/p\/CH8zDDyDxwb\/?utm_source=ig_embed&amp;utm_campaign=loading\" data-instgrm-version=\"13\">\n<div style=\"padding: 16px;\">\n<p>&nbsp;<\/p>\n<div style=\"display: flex; flex-direction: row; align-items: center;\">\n<div style=\"background-color: #f4f4f4; border-radius: 50%; flex-grow: 0; height: 40px; margin-right: 14px; width: 40px;\"><\/div>\n<div style=\"display: flex; flex-direction: column; flex-grow: 1; justify-content: center;\">\n<div style=\"background-color: #f4f4f4; border-radius: 4px; flex-grow: 0; height: 14px; margin-bottom: 6px; width: 100px;\"><\/div>\n<div style=\"background-color: #f4f4f4; border-radius: 4px; flex-grow: 0; height: 14px; width: 60px;\"><\/div>\n<\/div>\n<\/div>\n<div style=\"padding: 19% 0;\"><\/div>\n<div style=\"display: block; height: 50px; margin: 0 auto 12px; width: 50px;\"><\/div>\n<div style=\"padding-top: 8px;\">\n<div style=\"color: #3897f0; font-family: Arial,sans-serif; font-size: 14px; font-style: normal; font-weight: 550; line-height: 18px;\">View this post on Instagram<\/div>\n<\/div>\n<div style=\"padding: 12.5% 0;\"><\/div>\n<div style=\"display: flex; flex-direction: row; margin-bottom: 14px; align-items: center;\">\n<div>\n<div style=\"background-color: #f4f4f4; border-radius: 50%; height: 12.5px; width: 12.5px; transform: translateX(0px) translateY(7px);\"><\/div>\n<div style=\"background-color: #f4f4f4; height: 12.5px; transform: rotate(-45deg) translateX(3px) translateY(1px); width: 12.5px; flex-grow: 0; margin-right: 14px; margin-left: 2px;\"><\/div>\n<div style=\"background-color: #f4f4f4; border-radius: 50%; height: 12.5px; width: 12.5px; transform: translateX(9px) translateY(-18px);\"><\/div>\n<\/div>\n<div style=\"margin-left: 8px;\">\n<div style=\"background-color: #f4f4f4; border-radius: 50%; flex-grow: 0; height: 20px; width: 20px;\"><\/div>\n<div style=\"width: 0; height: 0; border-top: 2px solid transparent; border-left: 6px solid #f4f4f4; border-bottom: 2px solid transparent; transform: translateX(16px) translateY(-4px) rotate(30deg);\"><\/div>\n<\/div>\n<div style=\"margin-left: auto;\">\n<div style=\"width: 0px; border-top: 8px solid #F4F4F4; border-right: 8px solid transparent; transform: translateY(16px);\"><\/div>\n<div style=\"background-color: #f4f4f4; flex-grow: 0; height: 12px; width: 16px; transform: translateY(-4px);\"><\/div>\n<div style=\"width: 0; height: 0; border-top: 8px solid #F4F4F4; border-left: 8px solid transparent; transform: translateY(-4px) translateX(8px);\"><\/div>\n<\/div>\n<\/div>\n<div style=\"display: flex; flex-direction: column; flex-grow: 1; justify-content: center; margin-bottom: 24px;\">\n<div style=\"background-color: #f4f4f4; border-radius: 4px; flex-grow: 0; height: 14px; margin-bottom: 6px; width: 224px;\"><\/div>\n<div style=\"background-color: #f4f4f4; border-radius: 4px; flex-grow: 0; height: 14px; width: 144px;\"><\/div>\n<\/div>\n<p>&nbsp;<\/p>\n<p style=\"color: #c9c8cd; font-family: Arial,sans-serif; font-size: 14px; line-height: 17px; margin-bottom: 0; margin-top: 8px; overflow: hidden; padding: 8px 0 7px; text-align: center; text-overflow: ellipsis; white-space: nowrap;\"><a style=\"color: #c9c8cd; font-family: Arial,sans-serif; font-size: 14px; font-style: normal; font-weight: normal; line-height: 17px; text-decoration: none;\" href=\"https:\/\/www.instagram.com\/p\/CH8zDDyDxwb\/?utm_source=ig_embed&amp;utm_campaign=loading\" target=\"_blank\" rel=\"noopener noreferrer\">A post shared by RoyalTeaWithJam (@royalteawithjam)<\/a><\/p>\n<\/div>\n<\/blockquote>\n<p><div class=\"embed-notice\">Za ogled vstavljene vsebine morate omogo\u010diti <a href=\"#\" onclick=\"Optanon.ToggleInfoDisplay()\">shranjevanje pi\u0161kotkov v napravi<\/a><\/div><script async type=\"text\/plain\" class=\"optanon-category-C0002-C0003-C0004\" optanon-src=\"\/\/www.instagram.com\/embed.js\"><\/script><\/p>\n<p>Kate je namre\u010d te dni javnost nagovorila prek videa, njena nova pri\u010deska pa je ukradla vso pozornost. Odlo\u010dila se je, da bo svoje zna\u010dilne kostanjevo rjave lase posvetlila z medeno obarvanimi prameni, kar je idealno za jesen. Poleg tega, \u010deprav smo jo vajeni videti z rahlo valovitimi lasmi, se je zdaj pojavila z glamuroznimi bujnimi kodri, ki so lasem dali dodaten volumen in &#8216;pridih&#8217; \u017eenstvenosti.<\/p>\n<figure id=\"attachment_439202\" aria-describedby=\"caption-attachment-439202\" style=\"width: 901px\" class=\"wp-caption alignnone\"><a href=\"http:\/\/hudo.com\/si\/wp-content\/uploads\/sites\/2\/2020\/12\/profimedia-0570640610-scaled.jpg\"><img loading=\"lazy\" decoding=\"async\" class=\"size-large wp-image-439202\" src=\"http:\/\/hudo.com\/si\/wp-content\/uploads\/sites\/2\/2020\/12\/profimedia-0570640610-901x1024.jpg\" alt=\"\" width=\"901\" height=\"1024\" srcset=\"https:\/\/hudo.com\/si\/wp-content\/uploads\/sites\/2\/2020\/12\/profimedia-0570640610-901x1024.jpg 901w, https:\/\/hudo.com\/si\/wp-content\/uploads\/sites\/2\/2020\/12\/profimedia-0570640610-264x300.jpg 264w, https:\/\/hudo.com\/si\/wp-content\/uploads\/sites\/2\/2020\/12\/profimedia-0570640610-768x873.jpg 768w, https:\/\/hudo.com\/si\/wp-content\/uploads\/sites\/2\/2020\/12\/profimedia-0570640610-1351x1536.jpg 1351w, https:\/\/hudo.com\/si\/wp-content\/uploads\/sites\/2\/2020\/12\/profimedia-0570640610-1802x2048.jpg 1802w, https:\/\/hudo.com\/si\/wp-content\/uploads\/sites\/2\/2020\/12\/profimedia-0570640610-600x682.jpg 600w, https:\/\/hudo.com\/si\/wp-content\/uploads\/sites\/2\/2020\/12\/profimedia-0570640610-300x341.jpg 300w\" sizes=\"(max-width: 901px) 100vw, 901px\" \/><\/a><figcaption id=\"caption-attachment-439202\" class=\"wp-caption-text\">Foto: Profimedia<\/figcaption><\/figure>\n<p>Sprememba je \u2018padla v o\u010di\u2019 \u0161tevilnim obo\u017eevalcem kraljeve dru\u017eine, zato so jo na dru\u017ebenih omre\u017ejih takoj zasuli s komentarji. &#8220;Res nisem pri\u010dakovala tak\u0161ne spremembe. Bravo, Kate! Kon\u010dno si stopila izven svojih okvirjev. Ponosna sem&#8221;, &#8220;Odli\u010dno si videti, bila bi super tudi kot blondinka!&#8221;, &#8220;Ko bi le tudi sama imela tako zdrave, goste lase in ne tako majhnih kodrov. Ah, genetika. Vseeno pa sem nad Kate enostavno navdu\u0161ena&#8221;, &#8220;Vedno mi je bila privla\u010dna, zdaj pa je prava zapeljivka,&#8221; je le nekaj od \u0161tevilnih komplimentov, ki si jih je Kate &#8216;prislu\u017eila&#8217; na ra\u010dun svoje nove frizure.<\/p>\n<figure id=\"attachment_439203\" aria-describedby=\"caption-attachment-439203\" style=\"width: 720px\" class=\"wp-caption alignnone\"><a href=\"http:\/\/hudo.com\/si\/wp-content\/uploads\/sites\/2\/2020\/12\/profimedia-0569078057-scaled.jpg\"><img loading=\"lazy\" decoding=\"async\" class=\"size-large wp-image-439203\" src=\"http:\/\/hudo.com\/si\/wp-content\/uploads\/sites\/2\/2020\/12\/profimedia-0569078057-720x1024.jpg\" alt=\"\" width=\"720\" height=\"1024\" srcset=\"https:\/\/hudo.com\/si\/wp-content\/uploads\/sites\/2\/2020\/12\/profimedia-0569078057-720x1024.jpg 720w, https:\/\/hudo.com\/si\/wp-content\/uploads\/sites\/2\/2020\/12\/profimedia-0569078057-211x300.jpg 211w, https:\/\/hudo.com\/si\/wp-content\/uploads\/sites\/2\/2020\/12\/profimedia-0569078057-768x1093.jpg 768w, https:\/\/hudo.com\/si\/wp-content\/uploads\/sites\/2\/2020\/12\/profimedia-0569078057-1080x1536.jpg 1080w, https:\/\/hudo.com\/si\/wp-content\/uploads\/sites\/2\/2020\/12\/profimedia-0569078057-1439x2048.jpg 1439w, https:\/\/hudo.com\/si\/wp-content\/uploads\/sites\/2\/2020\/12\/profimedia-0569078057-600x854.jpg 600w, https:\/\/hudo.com\/si\/wp-content\/uploads\/sites\/2\/2020\/12\/profimedia-0569078057-300x427.jpg 300w, https:\/\/hudo.com\/si\/wp-content\/uploads\/sites\/2\/2020\/12\/profimedia-0569078057-scaled.jpg 1799w\" sizes=\"(max-width: 720px) 100vw, 720px\" \/><\/a><figcaption id=\"caption-attachment-439203\" class=\"wp-caption-text\">Foto: Profimedia<\/figcaption><\/figure>\n<p>Mimogrede, Kate je znana tudi po tem, da svoja obla\u010dila pogosto &#8216;reciklira&#8217;, v njeni garderobi pa najdemo \u0161tevilne high street znamke. Tako se je pred kratkim pojavila v rde\u010dem blazerju znamke Zara, ki ga je prvi\u010d oblekla na olimpijskih igrah v Londonu leta 2012. Osem let kasneje je bil blazer znova Kateina modna izbira, ko je naznanila konec fotografske razstave z naslovom Hold Still, ki jo je organizirala.<\/p>\n","protected":false},"excerpt":{"rendered":"<p>Komentarji prihajajo z vseh strani.<\/p>\n","protected":false},"author":6,"featured_media":439204,"comment_status":"closed","ping_status":"closed","sticky":false,"template":"","format":"standard","meta":{"footnotes":""},"categories":[1093],"tags":[2599],"source":[4511],"supertag":[],"acf":[],"yoast_head":"<!-- This site is optimized with the Yoast SEO plugin v21.3 - https:\/\/yoast.com\/wordpress\/plugins\/seo\/ -->\n<title>Kate Middledon pokazala novo frizuro in izzvala burne reakcije - Hudo Slovenija<\/title>\n<meta name=\"robots\" content=\"index, follow, max-snippet:-1, max-image-preview:large, max-video-preview:-1\" \/>\n<link rel=\"canonical\" href=\"https:\/\/hudo.com\/si\/vip\/kate-middledon-pokazala-novo-frizuro-in-izzvala-burne-reakcije\/\" \/>\n<meta property=\"og:locale\" content=\"sl_SI\" \/>\n<meta property=\"og:type\" content=\"article\" \/>\n<meta property=\"og:title\" content=\"Kate Middledon pokazala novo frizuro in izzvala burne reakcije - Hudo Slovenija\" \/>\n<meta property=\"og:description\" content=\"Komentarji prihajajo z vseh strani.\" \/>\n<meta property=\"og:url\" content=\"https:\/\/hudo.com\/si\/vip\/kate-middledon-pokazala-novo-frizuro-in-izzvala-burne-reakcije\/\" \/>\n<meta property=\"og:site_name\" content=\"Hudo Slovenija\" \/>\n<meta property=\"article:publisher\" content=\"https:\/\/www.facebook.com\/hudo.si\" \/>\n<meta property=\"article:published_time\" content=\"2020-12-02T08:33:39+00:00\" \/>\n<meta property=\"article:modified_time\" content=\"2020-12-03T10:50:22+00:00\" \/>\n<meta property=\"og:image\" content=\"https:\/\/hudo.com\/si\/wp-content\/uploads\/sites\/2\/2020\/12\/profimedia-0446696114-scaled.jpg\" \/>\n\t<meta property=\"og:image:width\" content=\"2560\" \/>\n\t<meta property=\"og:image:height\" content=\"2115\" \/>\n\t<meta property=\"og:image:type\" content=\"image\/jpeg\" \/>\n<meta name=\"author\" content=\"A. G.\" \/>\n<meta name=\"twitter:card\" content=\"summary_large_image\" \/>\n<meta name=\"twitter:creator\" content=\"@hudo_si\" \/>\n<meta name=\"twitter:site\" content=\"@hudo_si\" \/>\n<meta name=\"twitter:label1\" content=\"Written by\" \/>\n\t<meta name=\"twitter:data1\" content=\"A. G.\" \/>\n\t<meta name=\"twitter:label2\" content=\"Est. reading time\" \/>\n\t<meta name=\"twitter:data2\" content=\"2 minuti\" \/>\n<script type=\"application\/ld+json\" class=\"yoast-schema-graph\">{\"@context\":\"https:\/\/schema.org\",\"@graph\":[{\"@type\":\"Article\",\"@id\":\"https:\/\/hudo.com\/si\/vip\/kate-middledon-pokazala-novo-frizuro-in-izzvala-burne-reakcije\/#article\",\"isPartOf\":{\"@id\":\"https:\/\/hudo.com\/si\/vip\/kate-middledon-pokazala-novo-frizuro-in-izzvala-burne-reakcije\/\"},\"author\":{\"name\":\"A. G.\",\"@id\":\"https:\/\/hudo.com\/si\/#\/schema\/person\/f95639a66e0dd2c682b0568634e85b8b\"},\"headline\":\"Kate Middledon pokazala novo frizuro in izzvala burne reakcije\",\"datePublished\":\"2020-12-02T08:33:39+00:00\",\"dateModified\":\"2020-12-03T10:50:22+00:00\",\"mainEntityOfPage\":{\"@id\":\"https:\/\/hudo.com\/si\/vip\/kate-middledon-pokazala-novo-frizuro-in-izzvala-burne-reakcije\/\"},\"wordCount\":360,\"publisher\":{\"@id\":\"https:\/\/hudo.com\/si\/#organization\"},\"keywords\":[\"Kate Middleton\"],\"articleSection\":[\"VIP\"],\"inLanguage\":\"sl-SI\"},{\"@type\":\"WebPage\",\"@id\":\"https:\/\/hudo.com\/si\/vip\/kate-middledon-pokazala-novo-frizuro-in-izzvala-burne-reakcije\/\",\"url\":\"https:\/\/hudo.com\/si\/vip\/kate-middledon-pokazala-novo-frizuro-in-izzvala-burne-reakcije\/\",\"name\":\"Kate Middledon pokazala novo frizuro in izzvala burne reakcije - Hudo Slovenija\",\"isPartOf\":{\"@id\":\"https:\/\/hudo.com\/si\/#website\"},\"datePublished\":\"2020-12-02T08:33:39+00:00\",\"dateModified\":\"2020-12-03T10:50:22+00:00\",\"breadcrumb\":{\"@id\":\"https:\/\/hudo.com\/si\/vip\/kate-middledon-pokazala-novo-frizuro-in-izzvala-burne-reakcije\/#breadcrumb\"},\"inLanguage\":\"sl-SI\",\"potentialAction\":[{\"@type\":\"ReadAction\",\"target\":[\"https:\/\/hudo.com\/si\/vip\/kate-middledon-pokazala-novo-frizuro-in-izzvala-burne-reakcije\/\"]}]},{\"@type\":\"BreadcrumbList\",\"@id\":\"https:\/\/hudo.com\/si\/vip\/kate-middledon-pokazala-novo-frizuro-in-izzvala-burne-reakcije\/#breadcrumb\",\"itemListElement\":[{\"@type\":\"ListItem\",\"position\":1,\"name\":\"Home\",\"item\":\"https:\/\/hudo.com\/si\/\"},{\"@type\":\"ListItem\",\"position\":2,\"name\":\"Kate Middledon pokazala novo frizuro in izzvala burne reakcije\"}]},{\"@type\":\"WebSite\",\"@id\":\"https:\/\/hudo.com\/si\/#website\",\"url\":\"https:\/\/hudo.com\/si\/\",\"name\":\"Hudo Slovenija\",\"description\":\"Vse novice iz Slovenije in sveta\",\"publisher\":{\"@id\":\"https:\/\/hudo.com\/si\/#organization\"},\"potentialAction\":[{\"@type\":\"SearchAction\",\"target\":{\"@type\":\"EntryPoint\",\"urlTemplate\":\"https:\/\/hudo.com\/si\/?s={search_term_string}\"},\"query-input\":\"required name=search_term_string\"}],\"inLanguage\":\"sl-SI\"},{\"@type\":\"Organization\",\"@id\":\"https:\/\/hudo.com\/si\/#organization\",\"name\":\"VSN Media\",\"url\":\"https:\/\/hudo.com\/si\/\",\"logo\":{\"@type\":\"ImageObject\",\"inLanguage\":\"sl-SI\",\"@id\":\"https:\/\/hudo.com\/si\/#\/schema\/logo\/image\/\",\"url\":\"https:\/\/hudo.com\/si\/wp-content\/uploads\/sites\/2\/2021\/03\/hudo-app-2.png\",\"contentUrl\":\"https:\/\/hudo.com\/si\/wp-content\/uploads\/sites\/2\/2021\/03\/hudo-app-2.png\",\"width\":2185,\"height\":2167,\"caption\":\"VSN Media\"},\"image\":{\"@id\":\"https:\/\/hudo.com\/si\/#\/schema\/logo\/image\/\"},\"sameAs\":[\"https:\/\/www.facebook.com\/hudo.si\",\"https:\/\/twitter.com\/hudo_si\"]},{\"@type\":\"Person\",\"@id\":\"https:\/\/hudo.com\/si\/#\/schema\/person\/f95639a66e0dd2c682b0568634e85b8b\",\"name\":\"A. G.\",\"image\":{\"@type\":\"ImageObject\",\"inLanguage\":\"sl-SI\",\"@id\":\"https:\/\/hudo.com\/si\/#\/schema\/person\/image\/\",\"url\":\"https:\/\/secure.gravatar.com\/avatar\/9f44de561c70d5d80348d3ed0f4b142d?s=96&d=mm&r=g\",\"contentUrl\":\"https:\/\/secure.gravatar.com\/avatar\/9f44de561c70d5d80348d3ed0f4b142d?s=96&d=mm&r=g\",\"caption\":\"A. G.\"},\"url\":\"https:\/\/hudo.com\/si\/author\/alenkagrmek\/\"}]}<\/script>\n<!-- \/ Yoast SEO plugin. -->","yoast_head_json":{"title":"Kate Middledon pokazala novo frizuro in izzvala burne reakcije - Hudo Slovenija","robots":{"index":"index","follow":"follow","max-snippet":"max-snippet:-1","max-image-preview":"max-image-preview:large","max-video-preview":"max-video-preview:-1"},"canonical":"https:\/\/hudo.com\/si\/vip\/kate-middledon-pokazala-novo-frizuro-in-izzvala-burne-reakcije\/","og_locale":"sl_SI","og_type":"article","og_title":"Kate Middledon pokazala novo frizuro in izzvala burne reakcije - Hudo Slovenija","og_description":"Komentarji prihajajo z vseh strani.","og_url":"https:\/\/hudo.com\/si\/vip\/kate-middledon-pokazala-novo-frizuro-in-izzvala-burne-reakcije\/","og_site_name":"Hudo Slovenija","article_publisher":"https:\/\/www.facebook.com\/hudo.si","article_published_time":"2020-12-02T08:33:39+00:00","article_modified_time":"2020-12-03T10:50:22+00:00","og_image":[{"width":2560,"height":2115,"url":"https:\/\/hudo.com\/si\/wp-content\/uploads\/sites\/2\/2020\/12\/profimedia-0446696114-scaled.jpg","type":"image\/jpeg"}],"author":"A. G.","twitter_card":"summary_large_image","twitter_creator":"@hudo_si","twitter_site":"@hudo_si","twitter_misc":{"Written by":"A. G.","Est. reading time":"2 minuti"},"schema":{"@context":"https:\/\/schema.org","@graph":[{"@type":"Article","@id":"https:\/\/hudo.com\/si\/vip\/kate-middledon-pokazala-novo-frizuro-in-izzvala-burne-reakcije\/#article","isPartOf":{"@id":"https:\/\/hudo.com\/si\/vip\/kate-middledon-pokazala-novo-frizuro-in-izzvala-burne-reakcije\/"},"author":{"name":"A. G.","@id":"https:\/\/hudo.com\/si\/#\/schema\/person\/f95639a66e0dd2c682b0568634e85b8b"},"headline":"Kate Middledon pokazala novo frizuro in izzvala burne reakcije","datePublished":"2020-12-02T08:33:39+00:00","dateModified":"2020-12-03T10:50:22+00:00","mainEntityOfPage":{"@id":"https:\/\/hudo.com\/si\/vip\/kate-middledon-pokazala-novo-frizuro-in-izzvala-burne-reakcije\/"},"wordCount":360,"publisher":{"@id":"https:\/\/hudo.com\/si\/#organization"},"keywords":["Kate Middleton"],"articleSection":["VIP"],"inLanguage":"sl-SI"},{"@type":"WebPage","@id":"https:\/\/hudo.com\/si\/vip\/kate-middledon-pokazala-novo-frizuro-in-izzvala-burne-reakcije\/","url":"https:\/\/hudo.com\/si\/vip\/kate-middledon-pokazala-novo-frizuro-in-izzvala-burne-reakcije\/","name":"Kate Middledon pokazala novo frizuro in izzvala burne reakcije - Hudo Slovenija","isPartOf":{"@id":"https:\/\/hudo.com\/si\/#website"},"datePublished":"2020-12-02T08:33:39+00:00","dateModified":"2020-12-03T10:50:22+00:00","breadcrumb":{"@id":"https:\/\/hudo.com\/si\/vip\/kate-middledon-pokazala-novo-frizuro-in-izzvala-burne-reakcije\/#breadcrumb"},"inLanguage":"sl-SI","potentialAction":[{"@type":"ReadAction","target":["https:\/\/hudo.com\/si\/vip\/kate-middledon-pokazala-novo-frizuro-in-izzvala-burne-reakcije\/"]}]},{"@type":"BreadcrumbList","@id":"https:\/\/hudo.com\/si\/vip\/kate-middledon-pokazala-novo-frizuro-in-izzvala-burne-reakcije\/#breadcrumb","itemListElement":[{"@type":"ListItem","position":1,"name":"Home","item":"https:\/\/hudo.com\/si\/"},{"@type":"ListItem","position":2,"name":"Kate Middledon pokazala novo frizuro in izzvala burne reakcije"}]},{"@type":"WebSite","@id":"https:\/\/hudo.com\/si\/#website","url":"https:\/\/hudo.com\/si\/","name":"Hudo Slovenija","description":"Vse novice iz Slovenije in sveta","publisher":{"@id":"https:\/\/hudo.com\/si\/#organization"},"potentialAction":[{"@type":"SearchAction","target":{"@type":"EntryPoint","urlTemplate":"https:\/\/hudo.com\/si\/?s={search_term_string}"},"query-input":"required name=search_term_string"}],"inLanguage":"sl-SI"},{"@type":"Organization","@id":"https:\/\/hudo.com\/si\/#organization","name":"VSN Media","url":"https:\/\/hudo.com\/si\/","logo":{"@type":"ImageObject","inLanguage":"sl-SI","@id":"https:\/\/hudo.com\/si\/#\/schema\/logo\/image\/","url":"https:\/\/hudo.com\/si\/wp-content\/uploads\/sites\/2\/2021\/03\/hudo-app-2.png","contentUrl":"https:\/\/hudo.com\/si\/wp-content\/uploads\/sites\/2\/2021\/03\/hudo-app-2.png","width":2185,"height":2167,"caption":"VSN Media"},"image":{"@id":"https:\/\/hudo.com\/si\/#\/schema\/logo\/image\/"},"sameAs":["https:\/\/www.facebook.com\/hudo.si","https:\/\/twitter.com\/hudo_si"]},{"@type":"Person","@id":"https:\/\/hudo.com\/si\/#\/schema\/person\/f95639a66e0dd2c682b0568634e85b8b","name":"A. G.","image":{"@type":"ImageObject","inLanguage":"sl-SI","@id":"https:\/\/hudo.com\/si\/#\/schema\/person\/image\/","url":"https:\/\/secure.gravatar.com\/avatar\/9f44de561c70d5d80348d3ed0f4b142d?s=96&d=mm&r=g","contentUrl":"https:\/\/secure.gravatar.com\/avatar\/9f44de561c70d5d80348d3ed0f4b142d?s=96&d=mm&r=g","caption":"A. G."},"url":"https:\/\/hudo.com\/si\/author\/alenkagrmek\/"}]}},"amp_enabled":true,"_links":{"self":[{"href":"https:\/\/hudo.com\/si\/wp-json\/wp\/v2\/posts\/439197"}],"collection":[{"href":"https:\/\/hudo.com\/si\/wp-json\/wp\/v2\/posts"}],"about":[{"href":"https:\/\/hudo.com\/si\/wp-json\/wp\/v2\/types\/post"}],"author":[{"embeddable":true,"href":"https:\/\/hudo.com\/si\/wp-json\/wp\/v2\/users\/6"}],"replies":[{"embeddable":true,"href":"https:\/\/hudo.com\/si\/wp-json\/wp\/v2\/comments?post=439197"}],"version-history":[{"count":3,"href":"https:\/\/hudo.com\/si\/wp-json\/wp\/v2\/posts\/439197\/revisions"}],"predecessor-version":[{"id":439212,"href":"https:\/\/hudo.com\/si\/wp-json\/wp\/v2\/posts\/439197\/revisions\/439212"}],"wp:featuredmedia":[{"embeddable":true,"href":"https:\/\/hudo.com\/si\/wp-json\/wp\/v2\/media\/439204"}],"wp:attachment":[{"href":"https:\/\/hudo.com\/si\/wp-json\/wp\/v2\/media?parent=439197"}],"wp:term":[{"taxonomy":"category","embeddable":true,"href":"https:\/\/hudo.com\/si\/wp-json\/wp\/v2\/categories?post=439197"},{"taxonomy":"post_tag","embeddable":true,"href":"https:\/\/hudo.com\/si\/wp-json\/wp\/v2\/tags?post=439197"},{"taxonomy":"source","embeddable":true,"href":"https:\/\/hudo.com\/si\/wp-json\/wp\/v2\/source?post=439197"},{"taxonomy":"supertag","embeddable":true,"href":"https:\/\/hudo.com\/si\/wp-json\/wp\/v2\/supertag?post=439197"}],"curies":[{"name":"wp","href":"https:\/\/api.w.org\/{rel}","templated":true}]}}