{"id":43952,"date":"2016-05-03T04:00:00","date_gmt":"2016-05-03T02:00:00","guid":{"rendered":"http:\/\/hudo.com\/si\/2016\/05\/03\/zablestel-ko-jim-je-ze-zacela-teci-voda-v-grlo\/"},"modified":"2016-05-03T22:17:30","modified_gmt":"2016-05-03T20:17:30","slug":"zablestel-ko-jim-je-ze-zacela-teci-voda-v-grlo","status":"publish","type":"post","link":"https:\/\/hudo.com\/si\/aktualno\/zablestel-ko-jim-je-ze-zacela-teci-voda-v-grlo\/","title":{"rendered":"Zablestel, ko jim je \u017ee za\u010dela te\u010di voda v grlo"},"content":{"rendered":"<p>Kategorija: Ko\u0161arka Tue, 03 May 2016 06:00:00 +0200  Ljubljana \u2013 Za Dwyana Wada uvrstitev Miamija v 2. kolo kon\u010dnice lige NBA ni zgodovinski mejnik, saj je med bogato kariero odigral 29 izlo\u010dilnih serij (22 jih je Vro\u010dica dobila) in osvojil tri \u0161ampionske prstane. Pri Goranu Dragi\u0107u je druga\u010de: leta 2010 se je s Phoenixom prebil v finale zahodne konference kot \u00bboproda\u00ab velikega Steva Nasha, nato pa \u0161est let \u010dakal naslednjo prilo\u017enost.V fini\u0161u osme sezone v elitni ameri\u0161ki ligi in tik pred 30. rojstnim dnem, ki ga bo praznoval v petek, je Dragi\u0107 v imenitnem slogu kronal svojo drugo uvrstitev v kon\u010dnico. Ko je njegovemu mo\u0161tvu \u017ee za\u010dela te\u010di voda v grlo, se ni pretirano oziral, da do tedaj ni imel v nogah niti ene odlo\u010dilne sedme tekme v izlo\u010dilnih dvobojih. Zaigral je, kot da je najve\u010dji rutiner na\u00a0&#8230;<\/p>\n","protected":false},"excerpt":{"rendered":"<p>Kategorija: Ko\u0161arka Tue, 03 May 2016 06:00:00 +0200  Ljubljana \u2013 Za Dwyana Wada uvrstitev Miamija v 2. kolo kon\u010dnice lige NBA ni zgodovinski mejnik, saj je med bogato kariero odigral 29 izlo\u010dilnih serij (22 jih je Vro\u010dica dobila) in osvojil tri \u0161ampionske prstane. Pri Goranu Dragi\u0107u je druga\u010de: leta 2010 se je s Phoenixom prebil v finale zahodne konference kot \u00bboproda\u00ab velikega Steva Nasha, nato pa \u0161est let \u010dakal naslednjo prilo\u017enost.V fini\u0161u osme sezone v elitni ameri\u0161ki ligi in tik pred 30. rojstnim dnem, ki ga bo praznoval v petek, je Dragi\u0107 v imenitnem slogu kronal svojo drugo uvrstitev v kon\u010dnico. Ko je njegovemu mo\u0161tvu \u017ee za\u010dela te\u010di voda v grlo, se ni pretirano oziral, da do tedaj ni imel v nogah niti ene odlo\u010dilne sedme tekme v izlo\u010dilnih dvobojih. Zaigral je, kot da je najve\u010dji rutiner na\u00a0&#8230;<\/p>\n","protected":false},"author":1,"featured_media":0,"comment_status":"closed","ping_status":"closed","sticky":false,"template":"","format":"standard","meta":{"footnotes":""},"categories":[1179],"tags":[],"source":[4511],"supertag":[],"acf":[],"yoast_head":"<!-- This site is optimized with the Yoast SEO plugin v21.3 - https:\/\/yoast.com\/wordpress\/plugins\/seo\/ -->\n<title>Zablestel, ko jim je \u017ee za\u010dela te\u010di voda v grlo - Hudo Slovenija<\/title>\n<meta name=\"robots\" content=\"index, follow, max-snippet:-1, max-image-preview:large, max-video-preview:-1\" \/>\n<link rel=\"canonical\" href=\"https:\/\/hudo.com\/si\/aktualno\/zablestel-ko-jim-je-ze-zacela-teci-voda-v-grlo\/\" \/>\n<meta property=\"og:locale\" content=\"sl_SI\" \/>\n<meta property=\"og:type\" content=\"article\" \/>\n<meta property=\"og:title\" content=\"Zablestel, ko jim je \u017ee za\u010dela te\u010di voda v grlo - Hudo Slovenija\" \/>\n<meta property=\"og:description\" content=\"Kategorija: Ko\u0161arka Tue, 03 May 2016 06:00:00 +0200 Ljubljana \u2013 Za Dwyana Wada uvrstitev Miamija v 2. kolo kon\u010dnice lige NBA ni zgodovinski mejnik, saj je med bogato kariero odigral 29 izlo\u010dilnih serij (22 jih je Vro\u010dica dobila) in osvojil tri \u0161ampionske prstane. Pri Goranu Dragi\u0107u je druga\u010de: leta 2010 se je s Phoenixom prebil v finale zahodne konference kot \u00bboproda\u00ab velikega Steva Nasha, nato pa \u0161est let \u010dakal naslednjo prilo\u017enost.V fini\u0161u osme sezone v elitni ameri\u0161ki ligi in tik pred 30. rojstnim dnem, ki ga bo praznoval v petek, je Dragi\u0107 v imenitnem slogu kronal svojo drugo uvrstitev v kon\u010dnico. Ko je njegovemu mo\u0161tvu \u017ee za\u010dela te\u010di voda v grlo, se ni pretirano oziral, da do tedaj ni imel v nogah niti ene odlo\u010dilne sedme tekme v izlo\u010dilnih dvobojih. Zaigral je, kot da je najve\u010dji rutiner na\u00a0...\" \/>\n<meta property=\"og:url\" content=\"https:\/\/hudo.com\/si\/aktualno\/zablestel-ko-jim-je-ze-zacela-teci-voda-v-grlo\/\" \/>\n<meta property=\"og:site_name\" content=\"Hudo Slovenija\" \/>\n<meta property=\"article:publisher\" content=\"https:\/\/www.facebook.com\/hudo.si\" \/>\n<meta property=\"article:published_time\" content=\"2016-05-03T02:00:00+00:00\" \/>\n<meta property=\"article:modified_time\" content=\"2016-05-03T20:17:30+00:00\" \/>\n<meta property=\"og:image\" content=\"https:\/\/hudo.com\/si\/wp-content\/uploads\/sites\/2\/2016\/05\/480x290_AFP_Photo-20160501201234-29160000.jpeg\" \/>\n\t<meta property=\"og:image:width\" content=\"480\" \/>\n\t<meta property=\"og:image:height\" content=\"290\" \/>\n\t<meta property=\"og:image:type\" content=\"image\/jpeg\" \/>\n<meta name=\"author\" content=\"hudo\" \/>\n<meta name=\"twitter:card\" content=\"summary_large_image\" \/>\n<meta name=\"twitter:creator\" content=\"@hudo_si\" \/>\n<meta name=\"twitter:site\" content=\"@hudo_si\" \/>\n<meta name=\"twitter:label1\" content=\"Written by\" \/>\n\t<meta name=\"twitter:data1\" content=\"hudo\" \/>\n\t<meta name=\"twitter:label2\" content=\"Est. reading time\" \/>\n\t<meta name=\"twitter:data2\" content=\"1 minuta\" \/>\n<script type=\"application\/ld+json\" class=\"yoast-schema-graph\">{\"@context\":\"https:\/\/schema.org\",\"@graph\":[{\"@type\":\"Article\",\"@id\":\"https:\/\/hudo.com\/si\/aktualno\/zablestel-ko-jim-je-ze-zacela-teci-voda-v-grlo\/#article\",\"isPartOf\":{\"@id\":\"https:\/\/hudo.com\/si\/aktualno\/zablestel-ko-jim-je-ze-zacela-teci-voda-v-grlo\/\"},\"author\":{\"name\":\"hudo\",\"@id\":\"https:\/\/hudo.com\/si\/#\/schema\/person\/601cf3379633985b20f7e50f2bb47707\"},\"headline\":\"Zablestel, ko jim je \u017ee za\u010dela te\u010di voda v grlo\",\"datePublished\":\"2016-05-03T02:00:00+00:00\",\"dateModified\":\"2016-05-03T20:17:30+00:00\",\"mainEntityOfPage\":{\"@id\":\"https:\/\/hudo.com\/si\/aktualno\/zablestel-ko-jim-je-ze-zacela-teci-voda-v-grlo\/\"},\"wordCount\":157,\"publisher\":{\"@id\":\"https:\/\/hudo.com\/si\/#organization\"},\"articleSection\":[\"Aktualno\"],\"inLanguage\":\"sl-SI\"},{\"@type\":\"WebPage\",\"@id\":\"https:\/\/hudo.com\/si\/aktualno\/zablestel-ko-jim-je-ze-zacela-teci-voda-v-grlo\/\",\"url\":\"https:\/\/hudo.com\/si\/aktualno\/zablestel-ko-jim-je-ze-zacela-teci-voda-v-grlo\/\",\"name\":\"Zablestel, ko jim je \u017ee za\u010dela te\u010di voda v grlo - Hudo Slovenija\",\"isPartOf\":{\"@id\":\"https:\/\/hudo.com\/si\/#website\"},\"datePublished\":\"2016-05-03T02:00:00+00:00\",\"dateModified\":\"2016-05-03T20:17:30+00:00\",\"breadcrumb\":{\"@id\":\"https:\/\/hudo.com\/si\/aktualno\/zablestel-ko-jim-je-ze-zacela-teci-voda-v-grlo\/#breadcrumb\"},\"inLanguage\":\"sl-SI\",\"potentialAction\":[{\"@type\":\"ReadAction\",\"target\":[\"https:\/\/hudo.com\/si\/aktualno\/zablestel-ko-jim-je-ze-zacela-teci-voda-v-grlo\/\"]}]},{\"@type\":\"BreadcrumbList\",\"@id\":\"https:\/\/hudo.com\/si\/aktualno\/zablestel-ko-jim-je-ze-zacela-teci-voda-v-grlo\/#breadcrumb\",\"itemListElement\":[{\"@type\":\"ListItem\",\"position\":1,\"name\":\"Home\",\"item\":\"https:\/\/hudo.com\/si\/\"},{\"@type\":\"ListItem\",\"position\":2,\"name\":\"Zablestel, ko jim je \u017ee za\u010dela te\u010di voda v grlo\"}]},{\"@type\":\"WebSite\",\"@id\":\"https:\/\/hudo.com\/si\/#website\",\"url\":\"https:\/\/hudo.com\/si\/\",\"name\":\"Hudo Slovenija\",\"description\":\"Vse novice iz Slovenije in sveta\",\"publisher\":{\"@id\":\"https:\/\/hudo.com\/si\/#organization\"},\"potentialAction\":[{\"@type\":\"SearchAction\",\"target\":{\"@type\":\"EntryPoint\",\"urlTemplate\":\"https:\/\/hudo.com\/si\/?s={search_term_string}\"},\"query-input\":\"required name=search_term_string\"}],\"inLanguage\":\"sl-SI\"},{\"@type\":\"Organization\",\"@id\":\"https:\/\/hudo.com\/si\/#organization\",\"name\":\"VSN Media\",\"url\":\"https:\/\/hudo.com\/si\/\",\"logo\":{\"@type\":\"ImageObject\",\"inLanguage\":\"sl-SI\",\"@id\":\"https:\/\/hudo.com\/si\/#\/schema\/logo\/image\/\",\"url\":\"https:\/\/hudo.com\/si\/wp-content\/uploads\/sites\/2\/2021\/03\/hudo-app-2.png\",\"contentUrl\":\"https:\/\/hudo.com\/si\/wp-content\/uploads\/sites\/2\/2021\/03\/hudo-app-2.png\",\"width\":2185,\"height\":2167,\"caption\":\"VSN Media\"},\"image\":{\"@id\":\"https:\/\/hudo.com\/si\/#\/schema\/logo\/image\/\"},\"sameAs\":[\"https:\/\/www.facebook.com\/hudo.si\",\"https:\/\/twitter.com\/hudo_si\"]},{\"@type\":\"Person\",\"@id\":\"https:\/\/hudo.com\/si\/#\/schema\/person\/601cf3379633985b20f7e50f2bb47707\",\"name\":\"hudo\",\"image\":{\"@type\":\"ImageObject\",\"inLanguage\":\"sl-SI\",\"@id\":\"https:\/\/hudo.com\/si\/#\/schema\/person\/image\/\",\"url\":\"https:\/\/secure.gravatar.com\/avatar\/c4ca25fa72cace7a696b52ff5db9e095?s=96&d=mm&r=g\",\"contentUrl\":\"https:\/\/secure.gravatar.com\/avatar\/c4ca25fa72cace7a696b52ff5db9e095?s=96&d=mm&r=g\",\"caption\":\"hudo\"},\"url\":\"https:\/\/hudo.com\/si\/author\/hudo\/\"}]}<\/script>\n<!-- \/ Yoast SEO plugin. -->","yoast_head_json":{"title":"Zablestel, ko jim je \u017ee za\u010dela te\u010di voda v grlo - Hudo Slovenija","robots":{"index":"index","follow":"follow","max-snippet":"max-snippet:-1","max-image-preview":"max-image-preview:large","max-video-preview":"max-video-preview:-1"},"canonical":"https:\/\/hudo.com\/si\/aktualno\/zablestel-ko-jim-je-ze-zacela-teci-voda-v-grlo\/","og_locale":"sl_SI","og_type":"article","og_title":"Zablestel, ko jim je \u017ee za\u010dela te\u010di voda v grlo - Hudo Slovenija","og_description":"Kategorija: Ko\u0161arka Tue, 03 May 2016 06:00:00 +0200 Ljubljana \u2013 Za Dwyana Wada uvrstitev Miamija v 2. kolo kon\u010dnice lige NBA ni zgodovinski mejnik, saj je med bogato kariero odigral 29 izlo\u010dilnih serij (22 jih je Vro\u010dica dobila) in osvojil tri \u0161ampionske prstane. Pri Goranu Dragi\u0107u je druga\u010de: leta 2010 se je s Phoenixom prebil v finale zahodne konference kot \u00bboproda\u00ab velikega Steva Nasha, nato pa \u0161est let \u010dakal naslednjo prilo\u017enost.V fini\u0161u osme sezone v elitni ameri\u0161ki ligi in tik pred 30. rojstnim dnem, ki ga bo praznoval v petek, je Dragi\u0107 v imenitnem slogu kronal svojo drugo uvrstitev v kon\u010dnico. Ko je njegovemu mo\u0161tvu \u017ee za\u010dela te\u010di voda v grlo, se ni pretirano oziral, da do tedaj ni imel v nogah niti ene odlo\u010dilne sedme tekme v izlo\u010dilnih dvobojih. Zaigral je, kot da je najve\u010dji rutiner na\u00a0...","og_url":"https:\/\/hudo.com\/si\/aktualno\/zablestel-ko-jim-je-ze-zacela-teci-voda-v-grlo\/","og_site_name":"Hudo Slovenija","article_publisher":"https:\/\/www.facebook.com\/hudo.si","article_published_time":"2016-05-03T02:00:00+00:00","article_modified_time":"2016-05-03T20:17:30+00:00","og_image":[{"width":480,"height":290,"url":"https:\/\/hudo.com\/si\/wp-content\/uploads\/sites\/2\/2016\/05\/480x290_AFP_Photo-20160501201234-29160000.jpeg","type":"image\/jpeg"}],"author":"hudo","twitter_card":"summary_large_image","twitter_creator":"@hudo_si","twitter_site":"@hudo_si","twitter_misc":{"Written by":"hudo","Est. reading time":"1 minuta"},"schema":{"@context":"https:\/\/schema.org","@graph":[{"@type":"Article","@id":"https:\/\/hudo.com\/si\/aktualno\/zablestel-ko-jim-je-ze-zacela-teci-voda-v-grlo\/#article","isPartOf":{"@id":"https:\/\/hudo.com\/si\/aktualno\/zablestel-ko-jim-je-ze-zacela-teci-voda-v-grlo\/"},"author":{"name":"hudo","@id":"https:\/\/hudo.com\/si\/#\/schema\/person\/601cf3379633985b20f7e50f2bb47707"},"headline":"Zablestel, ko jim je \u017ee za\u010dela te\u010di voda v grlo","datePublished":"2016-05-03T02:00:00+00:00","dateModified":"2016-05-03T20:17:30+00:00","mainEntityOfPage":{"@id":"https:\/\/hudo.com\/si\/aktualno\/zablestel-ko-jim-je-ze-zacela-teci-voda-v-grlo\/"},"wordCount":157,"publisher":{"@id":"https:\/\/hudo.com\/si\/#organization"},"articleSection":["Aktualno"],"inLanguage":"sl-SI"},{"@type":"WebPage","@id":"https:\/\/hudo.com\/si\/aktualno\/zablestel-ko-jim-je-ze-zacela-teci-voda-v-grlo\/","url":"https:\/\/hudo.com\/si\/aktualno\/zablestel-ko-jim-je-ze-zacela-teci-voda-v-grlo\/","name":"Zablestel, ko jim je \u017ee za\u010dela te\u010di voda v grlo - Hudo Slovenija","isPartOf":{"@id":"https:\/\/hudo.com\/si\/#website"},"datePublished":"2016-05-03T02:00:00+00:00","dateModified":"2016-05-03T20:17:30+00:00","breadcrumb":{"@id":"https:\/\/hudo.com\/si\/aktualno\/zablestel-ko-jim-je-ze-zacela-teci-voda-v-grlo\/#breadcrumb"},"inLanguage":"sl-SI","potentialAction":[{"@type":"ReadAction","target":["https:\/\/hudo.com\/si\/aktualno\/zablestel-ko-jim-je-ze-zacela-teci-voda-v-grlo\/"]}]},{"@type":"BreadcrumbList","@id":"https:\/\/hudo.com\/si\/aktualno\/zablestel-ko-jim-je-ze-zacela-teci-voda-v-grlo\/#breadcrumb","itemListElement":[{"@type":"ListItem","position":1,"name":"Home","item":"https:\/\/hudo.com\/si\/"},{"@type":"ListItem","position":2,"name":"Zablestel, ko jim je \u017ee za\u010dela te\u010di voda v grlo"}]},{"@type":"WebSite","@id":"https:\/\/hudo.com\/si\/#website","url":"https:\/\/hudo.com\/si\/","name":"Hudo Slovenija","description":"Vse novice iz Slovenije in sveta","publisher":{"@id":"https:\/\/hudo.com\/si\/#organization"},"potentialAction":[{"@type":"SearchAction","target":{"@type":"EntryPoint","urlTemplate":"https:\/\/hudo.com\/si\/?s={search_term_string}"},"query-input":"required name=search_term_string"}],"inLanguage":"sl-SI"},{"@type":"Organization","@id":"https:\/\/hudo.com\/si\/#organization","name":"VSN Media","url":"https:\/\/hudo.com\/si\/","logo":{"@type":"ImageObject","inLanguage":"sl-SI","@id":"https:\/\/hudo.com\/si\/#\/schema\/logo\/image\/","url":"https:\/\/hudo.com\/si\/wp-content\/uploads\/sites\/2\/2021\/03\/hudo-app-2.png","contentUrl":"https:\/\/hudo.com\/si\/wp-content\/uploads\/sites\/2\/2021\/03\/hudo-app-2.png","width":2185,"height":2167,"caption":"VSN Media"},"image":{"@id":"https:\/\/hudo.com\/si\/#\/schema\/logo\/image\/"},"sameAs":["https:\/\/www.facebook.com\/hudo.si","https:\/\/twitter.com\/hudo_si"]},{"@type":"Person","@id":"https:\/\/hudo.com\/si\/#\/schema\/person\/601cf3379633985b20f7e50f2bb47707","name":"hudo","image":{"@type":"ImageObject","inLanguage":"sl-SI","@id":"https:\/\/hudo.com\/si\/#\/schema\/person\/image\/","url":"https:\/\/secure.gravatar.com\/avatar\/c4ca25fa72cace7a696b52ff5db9e095?s=96&d=mm&r=g","contentUrl":"https:\/\/secure.gravatar.com\/avatar\/c4ca25fa72cace7a696b52ff5db9e095?s=96&d=mm&r=g","caption":"hudo"},"url":"https:\/\/hudo.com\/si\/author\/hudo\/"}]}},"amp_enabled":true,"_links":{"self":[{"href":"https:\/\/hudo.com\/si\/wp-json\/wp\/v2\/posts\/43952"}],"collection":[{"href":"https:\/\/hudo.com\/si\/wp-json\/wp\/v2\/posts"}],"about":[{"href":"https:\/\/hudo.com\/si\/wp-json\/wp\/v2\/types\/post"}],"author":[{"embeddable":true,"href":"https:\/\/hudo.com\/si\/wp-json\/wp\/v2\/users\/1"}],"replies":[{"embeddable":true,"href":"https:\/\/hudo.com\/si\/wp-json\/wp\/v2\/comments?post=43952"}],"version-history":[{"count":1,"href":"https:\/\/hudo.com\/si\/wp-json\/wp\/v2\/posts\/43952\/revisions"}],"predecessor-version":[{"id":43980,"href":"https:\/\/hudo.com\/si\/wp-json\/wp\/v2\/posts\/43952\/revisions\/43980"}],"wp:attachment":[{"href":"https:\/\/hudo.com\/si\/wp-json\/wp\/v2\/media?parent=43952"}],"wp:term":[{"taxonomy":"category","embeddable":true,"href":"https:\/\/hudo.com\/si\/wp-json\/wp\/v2\/categories?post=43952"},{"taxonomy":"post_tag","embeddable":true,"href":"https:\/\/hudo.com\/si\/wp-json\/wp\/v2\/tags?post=43952"},{"taxonomy":"source","embeddable":true,"href":"https:\/\/hudo.com\/si\/wp-json\/wp\/v2\/source?post=43952"},{"taxonomy":"supertag","embeddable":true,"href":"https:\/\/hudo.com\/si\/wp-json\/wp\/v2\/supertag?post=43952"}],"curies":[{"name":"wp","href":"https:\/\/api.w.org\/{rel}","templated":true}]}}