{"id":439629,"date":"2020-12-07T16:49:45","date_gmt":"2020-12-07T15:49:45","guid":{"rendered":"http:\/\/hudo.com\/si\/?p=439629"},"modified":"2020-12-07T16:49:45","modified_gmt":"2020-12-07T15:49:45","slug":"papez-francisek-marca-na-zgodovinski-obisk-v-irak","status":"publish","type":"post","link":"https:\/\/hudo.com\/si\/aktualno\/papez-francisek-marca-na-zgodovinski-obisk-v-irak\/","title":{"rendered":"Pape\u017e Fran\u010di\u0161ek marca na zgodovinski obisk v Irak"},"content":{"rendered":"<p>&#8220;Na povabilo Iraka in lokalne katoli\u0161ke cerkve bo pape\u017e Fran\u010di\u0161ek med 5. in 8. marcem 2021 opravil apostolsko potovanje v to dr\u017eavo,&#8221; je danes sporo\u010dil tiskovni predstavnik Vatikana Matteo Bruni. Pape\u017e bo predvidoma obiskal Bagdad, ni\u017eino Ur, ki je povezana s prerokom Abrahamom, ter mesti Erbil in Karako\u0161 v ni\u017eini Ninive, je dodal.<\/p>\n<p>Natan\u010den program obiska bodo objavili kasneje, pri \u010demer bodo upo\u0161tevali razvoj pandemije covida-19, je \u0161e sporo\u010dil Bruni.<\/p>\n<p>V Iraku so pozdravili napoved pape\u017eevega obiska. &#8220;Simbolizira sporo\u010dilo miru Iraku in celotni regiji,&#8221; so sporo\u010dili z ira\u0161kega zunanjega ministrstva.<\/p>\n<p>\u0160e posebej pomemben bo obisk Fran\u010di\u0161ka v mestu Mosul na severu dr\u017eave, ki je neko\u010d veljal za utrdbo skrajne skupine Islamska dr\u017eava (IS), poro\u010da AFP.<\/p>\n<p>Ira\u0161ke kr\u0161\u010danske skupnosti so se v zadnjih dveh desetletjih mo\u010dno zmanj\u0161ale, kar je predvsem posledica krvavih spopadov med razli\u010dnimi verskimi sektami po ameri\u0161ki invaziji na Irak leta 2003 in nasilja IS od leta 2014. Po podatkih organizacije za \u010dlovekove pravice Hammurabi se je \u0161tevilo kristjanov v dr\u017eavi od leta 2003 do danes zmanj\u0161alo z 1,5 milijona na 400.000.<\/p>\n<p>To bo prvo pape\u017eevo potovanje v tujino od februarskega izbruha novega koronavirusa v Italiji. \u017de lani je dejal, da namerava Irak obiskati letos, a je moral nato vsa potovanja odpovedati zaradi pandemije covida-19.<\/p>\n<p>83-letni Argentinec si je krepitev vezi med kr\u0161\u010danstvom in islamom postavil kot eno temeljnih nalog svojega pontifikata. Lani je obiskal Zdru\u017eene arabske emirate, pred tem pa tudi \u017ee Tur\u010dijo, Azerbajd\u017ean in Egipt.<\/p>\n","protected":false},"excerpt":{"rendered":"<p>Pape\u017e Fran\u010di\u0161ek bo marca prihodnje leto obiskal Irak, med drugim se bo odpravil tudi v Mosul, so danes sporo\u010dili iz Vatikana. To bo prvi obisk katerega od pape\u017eev v tej dr\u017eavi, poro\u010da francoska tiskovna agencija AFP.<\/p>\n","protected":false},"author":7,"featured_media":432545,"comment_status":"closed","ping_status":"closed","sticky":false,"template":"","format":"standard","meta":{"footnotes":""},"categories":[1179],"tags":[5702,5652,6625],"source":[4511],"supertag":[],"acf":[],"yoast_head":"<!-- This site is optimized with the Yoast SEO plugin v21.3 - https:\/\/yoast.com\/wordpress\/plugins\/seo\/ -->\n<title>Pape\u017e Fran\u010di\u0161ek marca na zgodovinski obisk v Irak - Hudo Slovenija<\/title>\n<meta name=\"robots\" content=\"index, follow, max-snippet:-1, max-image-preview:large, max-video-preview:-1\" \/>\n<link rel=\"canonical\" href=\"https:\/\/hudo.com\/si\/aktualno\/papez-francisek-marca-na-zgodovinski-obisk-v-irak\/\" \/>\n<meta property=\"og:locale\" content=\"sl_SI\" \/>\n<meta property=\"og:type\" content=\"article\" \/>\n<meta property=\"og:title\" content=\"Pape\u017e Fran\u010di\u0161ek marca na zgodovinski obisk v Irak - Hudo Slovenija\" \/>\n<meta property=\"og:description\" content=\"Pape\u017e Fran\u010di\u0161ek bo marca prihodnje leto obiskal Irak, med drugim se bo odpravil tudi v Mosul, so danes sporo\u010dili iz Vatikana. To bo prvi obisk katerega od pape\u017eev v tej dr\u017eavi, poro\u010da francoska tiskovna agencija AFP.\" \/>\n<meta property=\"og:url\" content=\"https:\/\/hudo.com\/si\/aktualno\/papez-francisek-marca-na-zgodovinski-obisk-v-irak\/\" \/>\n<meta property=\"og:site_name\" content=\"Hudo Slovenija\" \/>\n<meta property=\"article:publisher\" content=\"https:\/\/www.facebook.com\/hudo.si\" \/>\n<meta property=\"article:published_time\" content=\"2020-12-07T15:49:45+00:00\" \/>\n<meta property=\"og:image\" content=\"https:\/\/hudo.com\/si\/wp-content\/uploads\/sites\/2\/2020\/09\/profimedia-0537491580.jpg\" \/>\n\t<meta property=\"og:image:width\" content=\"1250\" \/>\n\t<meta property=\"og:image:height\" content=\"833\" \/>\n\t<meta property=\"og:image:type\" content=\"image\/jpeg\" \/>\n<meta name=\"author\" content=\"A. P., STA\" \/>\n<meta name=\"twitter:card\" content=\"summary_large_image\" \/>\n<meta name=\"twitter:creator\" content=\"@hudo_si\" \/>\n<meta name=\"twitter:site\" content=\"@hudo_si\" \/>\n<meta name=\"twitter:label1\" content=\"Written by\" \/>\n\t<meta name=\"twitter:data1\" content=\"A. P., STA\" \/>\n\t<meta name=\"twitter:label2\" content=\"Est. reading time\" \/>\n\t<meta name=\"twitter:data2\" content=\"1 minuta\" \/>\n<script type=\"application\/ld+json\" class=\"yoast-schema-graph\">{\"@context\":\"https:\/\/schema.org\",\"@graph\":[{\"@type\":\"Article\",\"@id\":\"https:\/\/hudo.com\/si\/aktualno\/papez-francisek-marca-na-zgodovinski-obisk-v-irak\/#article\",\"isPartOf\":{\"@id\":\"https:\/\/hudo.com\/si\/aktualno\/papez-francisek-marca-na-zgodovinski-obisk-v-irak\/\"},\"author\":{\"name\":\"A. P., STA\",\"@id\":\"https:\/\/hudo.com\/si\/#\/schema\/person\/18f09c02475ba9e606e941a565b80cff\"},\"headline\":\"Pape\u017e Fran\u010di\u0161ek marca na zgodovinski obisk v Irak\",\"datePublished\":\"2020-12-07T15:49:45+00:00\",\"dateModified\":\"2020-12-07T15:49:45+00:00\",\"mainEntityOfPage\":{\"@id\":\"https:\/\/hudo.com\/si\/aktualno\/papez-francisek-marca-na-zgodovinski-obisk-v-irak\/\"},\"wordCount\":272,\"publisher\":{\"@id\":\"https:\/\/hudo.com\/si\/#organization\"},\"keywords\":[\"irak\",\"pape\u017e fran\u010di\u0161ek\",\"RKC\"],\"articleSection\":[\"Aktualno\"],\"inLanguage\":\"sl-SI\"},{\"@type\":\"WebPage\",\"@id\":\"https:\/\/hudo.com\/si\/aktualno\/papez-francisek-marca-na-zgodovinski-obisk-v-irak\/\",\"url\":\"https:\/\/hudo.com\/si\/aktualno\/papez-francisek-marca-na-zgodovinski-obisk-v-irak\/\",\"name\":\"Pape\u017e Fran\u010di\u0161ek marca na zgodovinski obisk v Irak - Hudo Slovenija\",\"isPartOf\":{\"@id\":\"https:\/\/hudo.com\/si\/#website\"},\"datePublished\":\"2020-12-07T15:49:45+00:00\",\"dateModified\":\"2020-12-07T15:49:45+00:00\",\"breadcrumb\":{\"@id\":\"https:\/\/hudo.com\/si\/aktualno\/papez-francisek-marca-na-zgodovinski-obisk-v-irak\/#breadcrumb\"},\"inLanguage\":\"sl-SI\",\"potentialAction\":[{\"@type\":\"ReadAction\",\"target\":[\"https:\/\/hudo.com\/si\/aktualno\/papez-francisek-marca-na-zgodovinski-obisk-v-irak\/\"]}]},{\"@type\":\"BreadcrumbList\",\"@id\":\"https:\/\/hudo.com\/si\/aktualno\/papez-francisek-marca-na-zgodovinski-obisk-v-irak\/#breadcrumb\",\"itemListElement\":[{\"@type\":\"ListItem\",\"position\":1,\"name\":\"Home\",\"item\":\"https:\/\/hudo.com\/si\/\"},{\"@type\":\"ListItem\",\"position\":2,\"name\":\"Pape\u017e Fran\u010di\u0161ek marca na zgodovinski obisk v Irak\"}]},{\"@type\":\"WebSite\",\"@id\":\"https:\/\/hudo.com\/si\/#website\",\"url\":\"https:\/\/hudo.com\/si\/\",\"name\":\"Hudo Slovenija\",\"description\":\"Vse novice iz Slovenije in sveta\",\"publisher\":{\"@id\":\"https:\/\/hudo.com\/si\/#organization\"},\"potentialAction\":[{\"@type\":\"SearchAction\",\"target\":{\"@type\":\"EntryPoint\",\"urlTemplate\":\"https:\/\/hudo.com\/si\/?s={search_term_string}\"},\"query-input\":\"required name=search_term_string\"}],\"inLanguage\":\"sl-SI\"},{\"@type\":\"Organization\",\"@id\":\"https:\/\/hudo.com\/si\/#organization\",\"name\":\"VSN Media\",\"url\":\"https:\/\/hudo.com\/si\/\",\"logo\":{\"@type\":\"ImageObject\",\"inLanguage\":\"sl-SI\",\"@id\":\"https:\/\/hudo.com\/si\/#\/schema\/logo\/image\/\",\"url\":\"https:\/\/hudo.com\/si\/wp-content\/uploads\/sites\/2\/2021\/03\/hudo-app-2.png\",\"contentUrl\":\"https:\/\/hudo.com\/si\/wp-content\/uploads\/sites\/2\/2021\/03\/hudo-app-2.png\",\"width\":2185,\"height\":2167,\"caption\":\"VSN Media\"},\"image\":{\"@id\":\"https:\/\/hudo.com\/si\/#\/schema\/logo\/image\/\"},\"sameAs\":[\"https:\/\/www.facebook.com\/hudo.si\",\"https:\/\/twitter.com\/hudo_si\"]},{\"@type\":\"Person\",\"@id\":\"https:\/\/hudo.com\/si\/#\/schema\/person\/18f09c02475ba9e606e941a565b80cff\",\"name\":\"A. P., STA\",\"image\":{\"@type\":\"ImageObject\",\"inLanguage\":\"sl-SI\",\"@id\":\"https:\/\/hudo.com\/si\/#\/schema\/person\/image\/\",\"url\":\"https:\/\/secure.gravatar.com\/avatar\/03eac8e609f5f04383125d80eaeaaf3e?s=96&d=mm&r=g\",\"contentUrl\":\"https:\/\/secure.gravatar.com\/avatar\/03eac8e609f5f04383125d80eaeaaf3e?s=96&d=mm&r=g\",\"caption\":\"A. P., STA\"},\"url\":\"https:\/\/hudo.com\/si\/author\/lubu\/\"}]}<\/script>\n<!-- \/ Yoast SEO plugin. -->","yoast_head_json":{"title":"Pape\u017e Fran\u010di\u0161ek marca na zgodovinski obisk v Irak - Hudo Slovenija","robots":{"index":"index","follow":"follow","max-snippet":"max-snippet:-1","max-image-preview":"max-image-preview:large","max-video-preview":"max-video-preview:-1"},"canonical":"https:\/\/hudo.com\/si\/aktualno\/papez-francisek-marca-na-zgodovinski-obisk-v-irak\/","og_locale":"sl_SI","og_type":"article","og_title":"Pape\u017e Fran\u010di\u0161ek marca na zgodovinski obisk v Irak - Hudo Slovenija","og_description":"Pape\u017e Fran\u010di\u0161ek bo marca prihodnje leto obiskal Irak, med drugim se bo odpravil tudi v Mosul, so danes sporo\u010dili iz Vatikana. To bo prvi obisk katerega od pape\u017eev v tej dr\u017eavi, poro\u010da francoska tiskovna agencija AFP.","og_url":"https:\/\/hudo.com\/si\/aktualno\/papez-francisek-marca-na-zgodovinski-obisk-v-irak\/","og_site_name":"Hudo Slovenija","article_publisher":"https:\/\/www.facebook.com\/hudo.si","article_published_time":"2020-12-07T15:49:45+00:00","og_image":[{"width":1250,"height":833,"url":"https:\/\/hudo.com\/si\/wp-content\/uploads\/sites\/2\/2020\/09\/profimedia-0537491580.jpg","type":"image\/jpeg"}],"author":"A. P., STA","twitter_card":"summary_large_image","twitter_creator":"@hudo_si","twitter_site":"@hudo_si","twitter_misc":{"Written by":"A. P., STA","Est. reading time":"1 minuta"},"schema":{"@context":"https:\/\/schema.org","@graph":[{"@type":"Article","@id":"https:\/\/hudo.com\/si\/aktualno\/papez-francisek-marca-na-zgodovinski-obisk-v-irak\/#article","isPartOf":{"@id":"https:\/\/hudo.com\/si\/aktualno\/papez-francisek-marca-na-zgodovinski-obisk-v-irak\/"},"author":{"name":"A. P., STA","@id":"https:\/\/hudo.com\/si\/#\/schema\/person\/18f09c02475ba9e606e941a565b80cff"},"headline":"Pape\u017e Fran\u010di\u0161ek marca na zgodovinski obisk v Irak","datePublished":"2020-12-07T15:49:45+00:00","dateModified":"2020-12-07T15:49:45+00:00","mainEntityOfPage":{"@id":"https:\/\/hudo.com\/si\/aktualno\/papez-francisek-marca-na-zgodovinski-obisk-v-irak\/"},"wordCount":272,"publisher":{"@id":"https:\/\/hudo.com\/si\/#organization"},"keywords":["irak","pape\u017e fran\u010di\u0161ek","RKC"],"articleSection":["Aktualno"],"inLanguage":"sl-SI"},{"@type":"WebPage","@id":"https:\/\/hudo.com\/si\/aktualno\/papez-francisek-marca-na-zgodovinski-obisk-v-irak\/","url":"https:\/\/hudo.com\/si\/aktualno\/papez-francisek-marca-na-zgodovinski-obisk-v-irak\/","name":"Pape\u017e Fran\u010di\u0161ek marca na zgodovinski obisk v Irak - Hudo Slovenija","isPartOf":{"@id":"https:\/\/hudo.com\/si\/#website"},"datePublished":"2020-12-07T15:49:45+00:00","dateModified":"2020-12-07T15:49:45+00:00","breadcrumb":{"@id":"https:\/\/hudo.com\/si\/aktualno\/papez-francisek-marca-na-zgodovinski-obisk-v-irak\/#breadcrumb"},"inLanguage":"sl-SI","potentialAction":[{"@type":"ReadAction","target":["https:\/\/hudo.com\/si\/aktualno\/papez-francisek-marca-na-zgodovinski-obisk-v-irak\/"]}]},{"@type":"BreadcrumbList","@id":"https:\/\/hudo.com\/si\/aktualno\/papez-francisek-marca-na-zgodovinski-obisk-v-irak\/#breadcrumb","itemListElement":[{"@type":"ListItem","position":1,"name":"Home","item":"https:\/\/hudo.com\/si\/"},{"@type":"ListItem","position":2,"name":"Pape\u017e Fran\u010di\u0161ek marca na zgodovinski obisk v Irak"}]},{"@type":"WebSite","@id":"https:\/\/hudo.com\/si\/#website","url":"https:\/\/hudo.com\/si\/","name":"Hudo Slovenija","description":"Vse novice iz Slovenije in sveta","publisher":{"@id":"https:\/\/hudo.com\/si\/#organization"},"potentialAction":[{"@type":"SearchAction","target":{"@type":"EntryPoint","urlTemplate":"https:\/\/hudo.com\/si\/?s={search_term_string}"},"query-input":"required name=search_term_string"}],"inLanguage":"sl-SI"},{"@type":"Organization","@id":"https:\/\/hudo.com\/si\/#organization","name":"VSN Media","url":"https:\/\/hudo.com\/si\/","logo":{"@type":"ImageObject","inLanguage":"sl-SI","@id":"https:\/\/hudo.com\/si\/#\/schema\/logo\/image\/","url":"https:\/\/hudo.com\/si\/wp-content\/uploads\/sites\/2\/2021\/03\/hudo-app-2.png","contentUrl":"https:\/\/hudo.com\/si\/wp-content\/uploads\/sites\/2\/2021\/03\/hudo-app-2.png","width":2185,"height":2167,"caption":"VSN Media"},"image":{"@id":"https:\/\/hudo.com\/si\/#\/schema\/logo\/image\/"},"sameAs":["https:\/\/www.facebook.com\/hudo.si","https:\/\/twitter.com\/hudo_si"]},{"@type":"Person","@id":"https:\/\/hudo.com\/si\/#\/schema\/person\/18f09c02475ba9e606e941a565b80cff","name":"A. P., STA","image":{"@type":"ImageObject","inLanguage":"sl-SI","@id":"https:\/\/hudo.com\/si\/#\/schema\/person\/image\/","url":"https:\/\/secure.gravatar.com\/avatar\/03eac8e609f5f04383125d80eaeaaf3e?s=96&d=mm&r=g","contentUrl":"https:\/\/secure.gravatar.com\/avatar\/03eac8e609f5f04383125d80eaeaaf3e?s=96&d=mm&r=g","caption":"A. P., STA"},"url":"https:\/\/hudo.com\/si\/author\/lubu\/"}]}},"amp_enabled":true,"_links":{"self":[{"href":"https:\/\/hudo.com\/si\/wp-json\/wp\/v2\/posts\/439629"}],"collection":[{"href":"https:\/\/hudo.com\/si\/wp-json\/wp\/v2\/posts"}],"about":[{"href":"https:\/\/hudo.com\/si\/wp-json\/wp\/v2\/types\/post"}],"author":[{"embeddable":true,"href":"https:\/\/hudo.com\/si\/wp-json\/wp\/v2\/users\/7"}],"replies":[{"embeddable":true,"href":"https:\/\/hudo.com\/si\/wp-json\/wp\/v2\/comments?post=439629"}],"version-history":[{"count":1,"href":"https:\/\/hudo.com\/si\/wp-json\/wp\/v2\/posts\/439629\/revisions"}],"predecessor-version":[{"id":439630,"href":"https:\/\/hudo.com\/si\/wp-json\/wp\/v2\/posts\/439629\/revisions\/439630"}],"wp:featuredmedia":[{"embeddable":true,"href":"https:\/\/hudo.com\/si\/wp-json\/wp\/v2\/media\/432545"}],"wp:attachment":[{"href":"https:\/\/hudo.com\/si\/wp-json\/wp\/v2\/media?parent=439629"}],"wp:term":[{"taxonomy":"category","embeddable":true,"href":"https:\/\/hudo.com\/si\/wp-json\/wp\/v2\/categories?post=439629"},{"taxonomy":"post_tag","embeddable":true,"href":"https:\/\/hudo.com\/si\/wp-json\/wp\/v2\/tags?post=439629"},{"taxonomy":"source","embeddable":true,"href":"https:\/\/hudo.com\/si\/wp-json\/wp\/v2\/source?post=439629"},{"taxonomy":"supertag","embeddable":true,"href":"https:\/\/hudo.com\/si\/wp-json\/wp\/v2\/supertag?post=439629"}],"curies":[{"name":"wp","href":"https:\/\/api.w.org\/{rel}","templated":true}]}}