{"id":441044,"date":"2020-12-27T12:13:00","date_gmt":"2020-12-27T11:13:00","guid":{"rendered":"http:\/\/hudo.com\/si\/?p=441044"},"modified":"2020-12-27T12:13:00","modified_gmt":"2020-12-27T11:13:00","slug":"jansa-treba-je-ohraniti-trezno-glavo","status":"publish","type":"post","link":"https:\/\/hudo.com\/si\/aktualno\/jansa-treba-je-ohraniti-trezno-glavo\/","title":{"rendered":"Jan\u0161a: Treba je ohraniti trezno glavo"},"content":{"rendered":"<p>Premier je v izjavi ob obisku najve\u010djega doma za oskrbo starej\u0161ih v dr\u017eavi, Doma Danice Vogrinec v Mariboru, povedal, da bo v naslednjih tednih Slovenija dobila nekaj \u010dez 16.000 odmerkov vsak teden, dopolnitev prve po\u0161iljke bo pri\u0161la \u017ee naslednji teden. &#8220;Vsaka po\u0161iljka bo okrepila na\u0161e mo\u017enosti v spopadu z epidemijo,&#8221; je poudaril.<\/p>\n<p>Sam se bo cepil takoj, ko bo na vrsti. A dokler je v dr\u017eavi nekaj 1000 odmerkov cepiva, je cepljenje velik privilegij, zato je prav, da se pri cepljenju upo\u0161teva vrstni red, kot ga je soglasno dolo\u010dila stroka, ne le pri nas, ampak v celotni EU. Prihod cepiva v Slovenijo, v Evropo, v tej prvi fazi za vse \u010dlanice EU ne glede na velikost, je ocenil tudi velik uspeh zahodne znanosti in tudi kot potrditev razlogov za obstoj EU.<\/p>\n<p>Ob za\u010detku cepljenje najbolj ranljivih v domovih za starej\u0161e je predsednik vlade tudi ocenil, da je bil spopad z epidemijo pri nas dodatno ote\u017een, ker v oskrbo starej\u0161ih v zadnjih 15 letih prav veliko nismo vlagali. Po njegovih besedah je zato nauk za prihodnje, da je treba javna sredstva usmerjati tja, kjer so najbolj potrebna. \u010ce bi bile kapacitete ve\u010dje, standard vi\u0161ji, bi bile \u017ertve epidemije v tem sektorju bistveno manj\u0161e, je ocenil in napovedal, da bo vlada naredila vse, da bodo prihodnja vlaganja v oskrbo starej\u0161ih bistveno ve\u010dja.<\/p>\n","protected":false},"excerpt":{"rendered":"<p>Premier Janez Jan\u0161a ob za\u010detku cepljenja proti covidu-19 ocenjuje, da se je za\u010dela zadnja tretjina spopada z epidemijo. \u010ce cepiva ne bi bilo, bi po dosedanjih projekcijah ob upo\u0161tevanju vseh ukrepov iz epidemije iz\u0161li \u0161ele aprila, je dejal in dodal, da je pred nami \u010das, ko je lu\u010d na koncu tunela vse mo\u010dnej\u0161a, a je treba ohraniti trezno glavo.<\/p>\n","protected":false},"author":5,"featured_media":440331,"comment_status":"closed","ping_status":"closed","sticky":false,"template":"","format":"standard","meta":{"footnotes":""},"categories":[1179],"tags":[5845,15632,1595],"source":[4511],"supertag":[5675],"acf":[],"yoast_head":"<!-- This site is optimized with the Yoast SEO plugin v21.3 - https:\/\/yoast.com\/wordpress\/plugins\/seo\/ -->\n<title>Jan\u0161a: Treba je ohraniti trezno glavo - Hudo Slovenija<\/title>\n<meta name=\"robots\" content=\"index, follow, max-snippet:-1, max-image-preview:large, max-video-preview:-1\" \/>\n<link rel=\"canonical\" href=\"https:\/\/hudo.com\/si\/aktualno\/jansa-treba-je-ohraniti-trezno-glavo\/\" \/>\n<meta property=\"og:locale\" content=\"sl_SI\" \/>\n<meta property=\"og:type\" content=\"article\" \/>\n<meta property=\"og:title\" content=\"Jan\u0161a: Treba je ohraniti trezno glavo - Hudo Slovenija\" \/>\n<meta property=\"og:description\" content=\"Premier Janez Jan\u0161a ob za\u010detku cepljenja proti covidu-19 ocenjuje, da se je za\u010dela zadnja tretjina spopada z epidemijo. \u010ce cepiva ne bi bilo, bi po dosedanjih projekcijah ob upo\u0161tevanju vseh ukrepov iz epidemije iz\u0161li \u0161ele aprila, je dejal in dodal, da je pred nami \u010das, ko je lu\u010d na koncu tunela vse mo\u010dnej\u0161a, a je treba ohraniti trezno glavo.\" \/>\n<meta property=\"og:url\" content=\"https:\/\/hudo.com\/si\/aktualno\/jansa-treba-je-ohraniti-trezno-glavo\/\" \/>\n<meta property=\"og:site_name\" content=\"Hudo Slovenija\" \/>\n<meta property=\"article:publisher\" content=\"https:\/\/www.facebook.com\/hudo.si\" \/>\n<meta property=\"article:published_time\" content=\"2020-12-27T11:13:00+00:00\" \/>\n<meta property=\"og:image\" content=\"https:\/\/hudo.com\/si\/wp-content\/uploads\/sites\/2\/2020\/12\/profimedia-0574973012-scaled.jpg\" \/>\n\t<meta property=\"og:image:width\" content=\"2560\" \/>\n\t<meta property=\"og:image:height\" content=\"1706\" \/>\n\t<meta property=\"og:image:type\" content=\"image\/jpeg\" \/>\n<meta name=\"author\" content=\"A. G., STA\" \/>\n<meta name=\"twitter:card\" content=\"summary_large_image\" \/>\n<meta name=\"twitter:creator\" content=\"@hudo_si\" \/>\n<meta name=\"twitter:site\" content=\"@hudo_si\" \/>\n<meta name=\"twitter:label1\" content=\"Written by\" \/>\n\t<meta name=\"twitter:data1\" content=\"A. G., STA\" \/>\n\t<meta name=\"twitter:label2\" content=\"Est. reading time\" \/>\n\t<meta name=\"twitter:data2\" content=\"1 minuta\" \/>\n<script type=\"application\/ld+json\" class=\"yoast-schema-graph\">{\"@context\":\"https:\/\/schema.org\",\"@graph\":[{\"@type\":\"Article\",\"@id\":\"https:\/\/hudo.com\/si\/aktualno\/jansa-treba-je-ohraniti-trezno-glavo\/#article\",\"isPartOf\":{\"@id\":\"https:\/\/hudo.com\/si\/aktualno\/jansa-treba-je-ohraniti-trezno-glavo\/\"},\"author\":{\"name\":\"A. G., STA\",\"@id\":\"https:\/\/hudo.com\/si\/#\/schema\/person\/2391667a63ea075ba94f2f2dc6b77537\"},\"headline\":\"Jan\u0161a: Treba je ohraniti trezno glavo\",\"datePublished\":\"2020-12-27T11:13:00+00:00\",\"dateModified\":\"2020-12-27T11:13:00+00:00\",\"mainEntityOfPage\":{\"@id\":\"https:\/\/hudo.com\/si\/aktualno\/jansa-treba-je-ohraniti-trezno-glavo\/\"},\"wordCount\":244,\"publisher\":{\"@id\":\"https:\/\/hudo.com\/si\/#organization\"},\"keywords\":[\"janez jan\u0161a\",\"koronavirus\",\"Slovenija\"],\"articleSection\":[\"Aktualno\"],\"inLanguage\":\"sl-SI\"},{\"@type\":\"WebPage\",\"@id\":\"https:\/\/hudo.com\/si\/aktualno\/jansa-treba-je-ohraniti-trezno-glavo\/\",\"url\":\"https:\/\/hudo.com\/si\/aktualno\/jansa-treba-je-ohraniti-trezno-glavo\/\",\"name\":\"Jan\u0161a: Treba je ohraniti trezno glavo - Hudo Slovenija\",\"isPartOf\":{\"@id\":\"https:\/\/hudo.com\/si\/#website\"},\"datePublished\":\"2020-12-27T11:13:00+00:00\",\"dateModified\":\"2020-12-27T11:13:00+00:00\",\"breadcrumb\":{\"@id\":\"https:\/\/hudo.com\/si\/aktualno\/jansa-treba-je-ohraniti-trezno-glavo\/#breadcrumb\"},\"inLanguage\":\"sl-SI\",\"potentialAction\":[{\"@type\":\"ReadAction\",\"target\":[\"https:\/\/hudo.com\/si\/aktualno\/jansa-treba-je-ohraniti-trezno-glavo\/\"]}]},{\"@type\":\"BreadcrumbList\",\"@id\":\"https:\/\/hudo.com\/si\/aktualno\/jansa-treba-je-ohraniti-trezno-glavo\/#breadcrumb\",\"itemListElement\":[{\"@type\":\"ListItem\",\"position\":1,\"name\":\"Home\",\"item\":\"https:\/\/hudo.com\/si\/\"},{\"@type\":\"ListItem\",\"position\":2,\"name\":\"Jan\u0161a: Treba je ohraniti trezno glavo\"}]},{\"@type\":\"WebSite\",\"@id\":\"https:\/\/hudo.com\/si\/#website\",\"url\":\"https:\/\/hudo.com\/si\/\",\"name\":\"Hudo Slovenija\",\"description\":\"Vse novice iz Slovenije in sveta\",\"publisher\":{\"@id\":\"https:\/\/hudo.com\/si\/#organization\"},\"potentialAction\":[{\"@type\":\"SearchAction\",\"target\":{\"@type\":\"EntryPoint\",\"urlTemplate\":\"https:\/\/hudo.com\/si\/?s={search_term_string}\"},\"query-input\":\"required name=search_term_string\"}],\"inLanguage\":\"sl-SI\"},{\"@type\":\"Organization\",\"@id\":\"https:\/\/hudo.com\/si\/#organization\",\"name\":\"VSN Media\",\"url\":\"https:\/\/hudo.com\/si\/\",\"logo\":{\"@type\":\"ImageObject\",\"inLanguage\":\"sl-SI\",\"@id\":\"https:\/\/hudo.com\/si\/#\/schema\/logo\/image\/\",\"url\":\"https:\/\/hudo.com\/si\/wp-content\/uploads\/sites\/2\/2021\/03\/hudo-app-2.png\",\"contentUrl\":\"https:\/\/hudo.com\/si\/wp-content\/uploads\/sites\/2\/2021\/03\/hudo-app-2.png\",\"width\":2185,\"height\":2167,\"caption\":\"VSN Media\"},\"image\":{\"@id\":\"https:\/\/hudo.com\/si\/#\/schema\/logo\/image\/\"},\"sameAs\":[\"https:\/\/www.facebook.com\/hudo.si\",\"https:\/\/twitter.com\/hudo_si\"]},{\"@type\":\"Person\",\"@id\":\"https:\/\/hudo.com\/si\/#\/schema\/person\/2391667a63ea075ba94f2f2dc6b77537\",\"name\":\"A. G., STA\",\"image\":{\"@type\":\"ImageObject\",\"inLanguage\":\"sl-SI\",\"@id\":\"https:\/\/hudo.com\/si\/#\/schema\/person\/image\/\",\"url\":\"https:\/\/secure.gravatar.com\/avatar\/e13d22ac3e442658d5025fbbe6238a79?s=96&d=mm&r=g\",\"contentUrl\":\"https:\/\/secure.gravatar.com\/avatar\/e13d22ac3e442658d5025fbbe6238a79?s=96&d=mm&r=g\",\"caption\":\"A. G., STA\"},\"url\":\"https:\/\/hudo.com\/si\/author\/alenka\/\"}]}<\/script>\n<!-- \/ Yoast SEO plugin. -->","yoast_head_json":{"title":"Jan\u0161a: Treba je ohraniti trezno glavo - Hudo Slovenija","robots":{"index":"index","follow":"follow","max-snippet":"max-snippet:-1","max-image-preview":"max-image-preview:large","max-video-preview":"max-video-preview:-1"},"canonical":"https:\/\/hudo.com\/si\/aktualno\/jansa-treba-je-ohraniti-trezno-glavo\/","og_locale":"sl_SI","og_type":"article","og_title":"Jan\u0161a: Treba je ohraniti trezno glavo - Hudo Slovenija","og_description":"Premier Janez Jan\u0161a ob za\u010detku cepljenja proti covidu-19 ocenjuje, da se je za\u010dela zadnja tretjina spopada z epidemijo. \u010ce cepiva ne bi bilo, bi po dosedanjih projekcijah ob upo\u0161tevanju vseh ukrepov iz epidemije iz\u0161li \u0161ele aprila, je dejal in dodal, da je pred nami \u010das, ko je lu\u010d na koncu tunela vse mo\u010dnej\u0161a, a je treba ohraniti trezno glavo.","og_url":"https:\/\/hudo.com\/si\/aktualno\/jansa-treba-je-ohraniti-trezno-glavo\/","og_site_name":"Hudo Slovenija","article_publisher":"https:\/\/www.facebook.com\/hudo.si","article_published_time":"2020-12-27T11:13:00+00:00","og_image":[{"width":2560,"height":1706,"url":"https:\/\/hudo.com\/si\/wp-content\/uploads\/sites\/2\/2020\/12\/profimedia-0574973012-scaled.jpg","type":"image\/jpeg"}],"author":"A. G., STA","twitter_card":"summary_large_image","twitter_creator":"@hudo_si","twitter_site":"@hudo_si","twitter_misc":{"Written by":"A. G., STA","Est. reading time":"1 minuta"},"schema":{"@context":"https:\/\/schema.org","@graph":[{"@type":"Article","@id":"https:\/\/hudo.com\/si\/aktualno\/jansa-treba-je-ohraniti-trezno-glavo\/#article","isPartOf":{"@id":"https:\/\/hudo.com\/si\/aktualno\/jansa-treba-je-ohraniti-trezno-glavo\/"},"author":{"name":"A. G., STA","@id":"https:\/\/hudo.com\/si\/#\/schema\/person\/2391667a63ea075ba94f2f2dc6b77537"},"headline":"Jan\u0161a: Treba je ohraniti trezno glavo","datePublished":"2020-12-27T11:13:00+00:00","dateModified":"2020-12-27T11:13:00+00:00","mainEntityOfPage":{"@id":"https:\/\/hudo.com\/si\/aktualno\/jansa-treba-je-ohraniti-trezno-glavo\/"},"wordCount":244,"publisher":{"@id":"https:\/\/hudo.com\/si\/#organization"},"keywords":["janez jan\u0161a","koronavirus","Slovenija"],"articleSection":["Aktualno"],"inLanguage":"sl-SI"},{"@type":"WebPage","@id":"https:\/\/hudo.com\/si\/aktualno\/jansa-treba-je-ohraniti-trezno-glavo\/","url":"https:\/\/hudo.com\/si\/aktualno\/jansa-treba-je-ohraniti-trezno-glavo\/","name":"Jan\u0161a: Treba je ohraniti trezno glavo - Hudo Slovenija","isPartOf":{"@id":"https:\/\/hudo.com\/si\/#website"},"datePublished":"2020-12-27T11:13:00+00:00","dateModified":"2020-12-27T11:13:00+00:00","breadcrumb":{"@id":"https:\/\/hudo.com\/si\/aktualno\/jansa-treba-je-ohraniti-trezno-glavo\/#breadcrumb"},"inLanguage":"sl-SI","potentialAction":[{"@type":"ReadAction","target":["https:\/\/hudo.com\/si\/aktualno\/jansa-treba-je-ohraniti-trezno-glavo\/"]}]},{"@type":"BreadcrumbList","@id":"https:\/\/hudo.com\/si\/aktualno\/jansa-treba-je-ohraniti-trezno-glavo\/#breadcrumb","itemListElement":[{"@type":"ListItem","position":1,"name":"Home","item":"https:\/\/hudo.com\/si\/"},{"@type":"ListItem","position":2,"name":"Jan\u0161a: Treba je ohraniti trezno glavo"}]},{"@type":"WebSite","@id":"https:\/\/hudo.com\/si\/#website","url":"https:\/\/hudo.com\/si\/","name":"Hudo Slovenija","description":"Vse novice iz Slovenije in sveta","publisher":{"@id":"https:\/\/hudo.com\/si\/#organization"},"potentialAction":[{"@type":"SearchAction","target":{"@type":"EntryPoint","urlTemplate":"https:\/\/hudo.com\/si\/?s={search_term_string}"},"query-input":"required name=search_term_string"}],"inLanguage":"sl-SI"},{"@type":"Organization","@id":"https:\/\/hudo.com\/si\/#organization","name":"VSN Media","url":"https:\/\/hudo.com\/si\/","logo":{"@type":"ImageObject","inLanguage":"sl-SI","@id":"https:\/\/hudo.com\/si\/#\/schema\/logo\/image\/","url":"https:\/\/hudo.com\/si\/wp-content\/uploads\/sites\/2\/2021\/03\/hudo-app-2.png","contentUrl":"https:\/\/hudo.com\/si\/wp-content\/uploads\/sites\/2\/2021\/03\/hudo-app-2.png","width":2185,"height":2167,"caption":"VSN Media"},"image":{"@id":"https:\/\/hudo.com\/si\/#\/schema\/logo\/image\/"},"sameAs":["https:\/\/www.facebook.com\/hudo.si","https:\/\/twitter.com\/hudo_si"]},{"@type":"Person","@id":"https:\/\/hudo.com\/si\/#\/schema\/person\/2391667a63ea075ba94f2f2dc6b77537","name":"A. G., STA","image":{"@type":"ImageObject","inLanguage":"sl-SI","@id":"https:\/\/hudo.com\/si\/#\/schema\/person\/image\/","url":"https:\/\/secure.gravatar.com\/avatar\/e13d22ac3e442658d5025fbbe6238a79?s=96&d=mm&r=g","contentUrl":"https:\/\/secure.gravatar.com\/avatar\/e13d22ac3e442658d5025fbbe6238a79?s=96&d=mm&r=g","caption":"A. G., STA"},"url":"https:\/\/hudo.com\/si\/author\/alenka\/"}]}},"amp_enabled":true,"_links":{"self":[{"href":"https:\/\/hudo.com\/si\/wp-json\/wp\/v2\/posts\/441044"}],"collection":[{"href":"https:\/\/hudo.com\/si\/wp-json\/wp\/v2\/posts"}],"about":[{"href":"https:\/\/hudo.com\/si\/wp-json\/wp\/v2\/types\/post"}],"author":[{"embeddable":true,"href":"https:\/\/hudo.com\/si\/wp-json\/wp\/v2\/users\/5"}],"replies":[{"embeddable":true,"href":"https:\/\/hudo.com\/si\/wp-json\/wp\/v2\/comments?post=441044"}],"version-history":[{"count":1,"href":"https:\/\/hudo.com\/si\/wp-json\/wp\/v2\/posts\/441044\/revisions"}],"predecessor-version":[{"id":441045,"href":"https:\/\/hudo.com\/si\/wp-json\/wp\/v2\/posts\/441044\/revisions\/441045"}],"wp:featuredmedia":[{"embeddable":true,"href":"https:\/\/hudo.com\/si\/wp-json\/wp\/v2\/media\/440331"}],"wp:attachment":[{"href":"https:\/\/hudo.com\/si\/wp-json\/wp\/v2\/media?parent=441044"}],"wp:term":[{"taxonomy":"category","embeddable":true,"href":"https:\/\/hudo.com\/si\/wp-json\/wp\/v2\/categories?post=441044"},{"taxonomy":"post_tag","embeddable":true,"href":"https:\/\/hudo.com\/si\/wp-json\/wp\/v2\/tags?post=441044"},{"taxonomy":"source","embeddable":true,"href":"https:\/\/hudo.com\/si\/wp-json\/wp\/v2\/source?post=441044"},{"taxonomy":"supertag","embeddable":true,"href":"https:\/\/hudo.com\/si\/wp-json\/wp\/v2\/supertag?post=441044"}],"curies":[{"name":"wp","href":"https:\/\/api.w.org\/{rel}","templated":true}]}}