{"id":441048,"date":"2020-12-27T12:23:03","date_gmt":"2020-12-27T11:23:03","guid":{"rendered":"http:\/\/hudo.com\/si\/?p=441048"},"modified":"2020-12-27T12:23:03","modified_gmt":"2020-12-27T11:23:03","slug":"prihajajo-obilne-padavine-z-mocnimi-sunki-vetra-na-gorenjskem-lahko-zapade-vec-kot-pol-metra-snega","status":"publish","type":"post","link":"https:\/\/hudo.com\/si\/aktualno\/prihajajo-obilne-padavine-z-mocnimi-sunki-vetra-na-gorenjskem-lahko-zapade-vec-kot-pol-metra-snega\/","title":{"rendered":"Prihajajo obilne padavine z mo\u010dnimi sunki vetra, na Gorenjskem lahko zapade ve\u010d kot pol metra snega"},"content":{"rendered":"<p>Ob morju bo veter dosegal hitrosti do 90 kilometrov na uro. Zelo vetrovno bo tudi v vi\u0161je le\u017ee\u010dih krajih jugozahodne Slovenije. V ponedeljek med 7. in 12. uro ter med 17. in 22. uro bo morje ob so\u010dasni visoki gladini in visokem valovanju poplavilo ni\u017eje dele obale. Ob tem bo najbolj izpostavljen rt Madona v Piranu, so zapisali na uradu.<\/p>\n","protected":false},"excerpt":{"rendered":"<p>V ponedeljek bo po napovedih urada za meteorologijo in hidrologijo Agencije RS za okolje predvsem na severozahodu mo\u010dno sne\u017eilo, do ve\u010dera lahko zapade od 40 do 60 centimetrov snega. Ob morju se bo krepil jugo in bo najmo\u010dnej\u0161i od dopoldneva do ve\u010dera, morje pa bo poplavilo ni\u017eje dele obale.<\/p>\n","protected":false},"author":5,"featured_media":391778,"comment_status":"closed","ping_status":"closed","sticky":false,"template":"","format":"standard","meta":{"footnotes":""},"categories":[1179],"tags":[1595,2149],"source":[4511],"supertag":[5675,12922],"acf":[],"yoast_head":"<!-- This site is optimized with the Yoast SEO plugin v21.3 - https:\/\/yoast.com\/wordpress\/plugins\/seo\/ -->\n<title>Prihajajo obilne padavine z mo\u010dnimi sunki vetra, na Gorenjskem lahko zapade ve\u010d kot pol metra snega - Hudo Slovenija<\/title>\n<meta name=\"robots\" content=\"index, follow, max-snippet:-1, max-image-preview:large, max-video-preview:-1\" \/>\n<link rel=\"canonical\" href=\"https:\/\/hudo.com\/si\/aktualno\/prihajajo-obilne-padavine-z-mocnimi-sunki-vetra-na-gorenjskem-lahko-zapade-vec-kot-pol-metra-snega\/\" \/>\n<meta property=\"og:locale\" content=\"sl_SI\" \/>\n<meta property=\"og:type\" content=\"article\" \/>\n<meta property=\"og:title\" content=\"Prihajajo obilne padavine z mo\u010dnimi sunki vetra, na Gorenjskem lahko zapade ve\u010d kot pol metra snega - Hudo Slovenija\" \/>\n<meta property=\"og:description\" content=\"V ponedeljek bo po napovedih urada za meteorologijo in hidrologijo Agencije RS za okolje predvsem na severozahodu mo\u010dno sne\u017eilo, do ve\u010dera lahko zapade od 40 do 60 centimetrov snega. Ob morju se bo krepil jugo in bo najmo\u010dnej\u0161i od dopoldneva do ve\u010dera, morje pa bo poplavilo ni\u017eje dele obale.\" \/>\n<meta property=\"og:url\" content=\"https:\/\/hudo.com\/si\/aktualno\/prihajajo-obilne-padavine-z-mocnimi-sunki-vetra-na-gorenjskem-lahko-zapade-vec-kot-pol-metra-snega\/\" \/>\n<meta property=\"og:site_name\" content=\"Hudo Slovenija\" \/>\n<meta property=\"article:publisher\" content=\"https:\/\/www.facebook.com\/hudo.si\" \/>\n<meta property=\"article:published_time\" content=\"2020-12-27T11:23:03+00:00\" \/>\n<meta property=\"og:image\" content=\"https:\/\/hudo.com\/si\/wp-content\/uploads\/sites\/2\/2019\/01\/profimedia-0004743528.jpg\" \/>\n\t<meta property=\"og:image:width\" content=\"1250\" \/>\n\t<meta property=\"og:image:height\" content=\"832\" \/>\n\t<meta property=\"og:image:type\" content=\"image\/jpeg\" \/>\n<meta name=\"author\" content=\"A. G., STA\" \/>\n<meta name=\"twitter:card\" content=\"summary_large_image\" \/>\n<meta name=\"twitter:creator\" content=\"@hudo_si\" \/>\n<meta name=\"twitter:site\" content=\"@hudo_si\" \/>\n<meta name=\"twitter:label1\" content=\"Written by\" \/>\n\t<meta name=\"twitter:data1\" content=\"A. G., STA\" \/>\n<script type=\"application\/ld+json\" class=\"yoast-schema-graph\">{\"@context\":\"https:\/\/schema.org\",\"@graph\":[{\"@type\":\"Article\",\"@id\":\"https:\/\/hudo.com\/si\/aktualno\/prihajajo-obilne-padavine-z-mocnimi-sunki-vetra-na-gorenjskem-lahko-zapade-vec-kot-pol-metra-snega\/#article\",\"isPartOf\":{\"@id\":\"https:\/\/hudo.com\/si\/aktualno\/prihajajo-obilne-padavine-z-mocnimi-sunki-vetra-na-gorenjskem-lahko-zapade-vec-kot-pol-metra-snega\/\"},\"author\":{\"name\":\"A. G., STA\",\"@id\":\"https:\/\/hudo.com\/si\/#\/schema\/person\/2391667a63ea075ba94f2f2dc6b77537\"},\"headline\":\"Prihajajo obilne padavine z mo\u010dnimi sunki vetra, na Gorenjskem lahko zapade ve\u010d kot pol metra snega\",\"datePublished\":\"2020-12-27T11:23:03+00:00\",\"dateModified\":\"2020-12-27T11:23:03+00:00\",\"mainEntityOfPage\":{\"@id\":\"https:\/\/hudo.com\/si\/aktualno\/prihajajo-obilne-padavine-z-mocnimi-sunki-vetra-na-gorenjskem-lahko-zapade-vec-kot-pol-metra-snega\/\"},\"wordCount\":77,\"publisher\":{\"@id\":\"https:\/\/hudo.com\/si\/#organization\"},\"keywords\":[\"Slovenija\",\"vreme\"],\"articleSection\":[\"Aktualno\"],\"inLanguage\":\"sl-SI\"},{\"@type\":\"WebPage\",\"@id\":\"https:\/\/hudo.com\/si\/aktualno\/prihajajo-obilne-padavine-z-mocnimi-sunki-vetra-na-gorenjskem-lahko-zapade-vec-kot-pol-metra-snega\/\",\"url\":\"https:\/\/hudo.com\/si\/aktualno\/prihajajo-obilne-padavine-z-mocnimi-sunki-vetra-na-gorenjskem-lahko-zapade-vec-kot-pol-metra-snega\/\",\"name\":\"Prihajajo obilne padavine z mo\u010dnimi sunki vetra, na Gorenjskem lahko zapade ve\u010d kot pol metra snega - Hudo Slovenija\",\"isPartOf\":{\"@id\":\"https:\/\/hudo.com\/si\/#website\"},\"datePublished\":\"2020-12-27T11:23:03+00:00\",\"dateModified\":\"2020-12-27T11:23:03+00:00\",\"breadcrumb\":{\"@id\":\"https:\/\/hudo.com\/si\/aktualno\/prihajajo-obilne-padavine-z-mocnimi-sunki-vetra-na-gorenjskem-lahko-zapade-vec-kot-pol-metra-snega\/#breadcrumb\"},\"inLanguage\":\"sl-SI\",\"potentialAction\":[{\"@type\":\"ReadAction\",\"target\":[\"https:\/\/hudo.com\/si\/aktualno\/prihajajo-obilne-padavine-z-mocnimi-sunki-vetra-na-gorenjskem-lahko-zapade-vec-kot-pol-metra-snega\/\"]}]},{\"@type\":\"BreadcrumbList\",\"@id\":\"https:\/\/hudo.com\/si\/aktualno\/prihajajo-obilne-padavine-z-mocnimi-sunki-vetra-na-gorenjskem-lahko-zapade-vec-kot-pol-metra-snega\/#breadcrumb\",\"itemListElement\":[{\"@type\":\"ListItem\",\"position\":1,\"name\":\"Home\",\"item\":\"https:\/\/hudo.com\/si\/\"},{\"@type\":\"ListItem\",\"position\":2,\"name\":\"Prihajajo obilne padavine z mo\u010dnimi sunki vetra, na Gorenjskem lahko zapade ve\u010d kot pol metra snega\"}]},{\"@type\":\"WebSite\",\"@id\":\"https:\/\/hudo.com\/si\/#website\",\"url\":\"https:\/\/hudo.com\/si\/\",\"name\":\"Hudo Slovenija\",\"description\":\"Vse novice iz Slovenije in sveta\",\"publisher\":{\"@id\":\"https:\/\/hudo.com\/si\/#organization\"},\"potentialAction\":[{\"@type\":\"SearchAction\",\"target\":{\"@type\":\"EntryPoint\",\"urlTemplate\":\"https:\/\/hudo.com\/si\/?s={search_term_string}\"},\"query-input\":\"required name=search_term_string\"}],\"inLanguage\":\"sl-SI\"},{\"@type\":\"Organization\",\"@id\":\"https:\/\/hudo.com\/si\/#organization\",\"name\":\"VSN Media\",\"url\":\"https:\/\/hudo.com\/si\/\",\"logo\":{\"@type\":\"ImageObject\",\"inLanguage\":\"sl-SI\",\"@id\":\"https:\/\/hudo.com\/si\/#\/schema\/logo\/image\/\",\"url\":\"https:\/\/hudo.com\/si\/wp-content\/uploads\/sites\/2\/2021\/03\/hudo-app-2.png\",\"contentUrl\":\"https:\/\/hudo.com\/si\/wp-content\/uploads\/sites\/2\/2021\/03\/hudo-app-2.png\",\"width\":2185,\"height\":2167,\"caption\":\"VSN Media\"},\"image\":{\"@id\":\"https:\/\/hudo.com\/si\/#\/schema\/logo\/image\/\"},\"sameAs\":[\"https:\/\/www.facebook.com\/hudo.si\",\"https:\/\/twitter.com\/hudo_si\"]},{\"@type\":\"Person\",\"@id\":\"https:\/\/hudo.com\/si\/#\/schema\/person\/2391667a63ea075ba94f2f2dc6b77537\",\"name\":\"A. G., STA\",\"image\":{\"@type\":\"ImageObject\",\"inLanguage\":\"sl-SI\",\"@id\":\"https:\/\/hudo.com\/si\/#\/schema\/person\/image\/\",\"url\":\"https:\/\/secure.gravatar.com\/avatar\/e13d22ac3e442658d5025fbbe6238a79?s=96&d=mm&r=g\",\"contentUrl\":\"https:\/\/secure.gravatar.com\/avatar\/e13d22ac3e442658d5025fbbe6238a79?s=96&d=mm&r=g\",\"caption\":\"A. G., STA\"},\"url\":\"https:\/\/hudo.com\/si\/author\/alenka\/\"}]}<\/script>\n<!-- \/ Yoast SEO plugin. -->","yoast_head_json":{"title":"Prihajajo obilne padavine z mo\u010dnimi sunki vetra, na Gorenjskem lahko zapade ve\u010d kot pol metra snega - Hudo Slovenija","robots":{"index":"index","follow":"follow","max-snippet":"max-snippet:-1","max-image-preview":"max-image-preview:large","max-video-preview":"max-video-preview:-1"},"canonical":"https:\/\/hudo.com\/si\/aktualno\/prihajajo-obilne-padavine-z-mocnimi-sunki-vetra-na-gorenjskem-lahko-zapade-vec-kot-pol-metra-snega\/","og_locale":"sl_SI","og_type":"article","og_title":"Prihajajo obilne padavine z mo\u010dnimi sunki vetra, na Gorenjskem lahko zapade ve\u010d kot pol metra snega - Hudo Slovenija","og_description":"V ponedeljek bo po napovedih urada za meteorologijo in hidrologijo Agencije RS za okolje predvsem na severozahodu mo\u010dno sne\u017eilo, do ve\u010dera lahko zapade od 40 do 60 centimetrov snega. Ob morju se bo krepil jugo in bo najmo\u010dnej\u0161i od dopoldneva do ve\u010dera, morje pa bo poplavilo ni\u017eje dele obale.","og_url":"https:\/\/hudo.com\/si\/aktualno\/prihajajo-obilne-padavine-z-mocnimi-sunki-vetra-na-gorenjskem-lahko-zapade-vec-kot-pol-metra-snega\/","og_site_name":"Hudo Slovenija","article_publisher":"https:\/\/www.facebook.com\/hudo.si","article_published_time":"2020-12-27T11:23:03+00:00","og_image":[{"width":1250,"height":832,"url":"https:\/\/hudo.com\/si\/wp-content\/uploads\/sites\/2\/2019\/01\/profimedia-0004743528.jpg","type":"image\/jpeg"}],"author":"A. G., STA","twitter_card":"summary_large_image","twitter_creator":"@hudo_si","twitter_site":"@hudo_si","twitter_misc":{"Written by":"A. G., STA"},"schema":{"@context":"https:\/\/schema.org","@graph":[{"@type":"Article","@id":"https:\/\/hudo.com\/si\/aktualno\/prihajajo-obilne-padavine-z-mocnimi-sunki-vetra-na-gorenjskem-lahko-zapade-vec-kot-pol-metra-snega\/#article","isPartOf":{"@id":"https:\/\/hudo.com\/si\/aktualno\/prihajajo-obilne-padavine-z-mocnimi-sunki-vetra-na-gorenjskem-lahko-zapade-vec-kot-pol-metra-snega\/"},"author":{"name":"A. G., STA","@id":"https:\/\/hudo.com\/si\/#\/schema\/person\/2391667a63ea075ba94f2f2dc6b77537"},"headline":"Prihajajo obilne padavine z mo\u010dnimi sunki vetra, na Gorenjskem lahko zapade ve\u010d kot pol metra snega","datePublished":"2020-12-27T11:23:03+00:00","dateModified":"2020-12-27T11:23:03+00:00","mainEntityOfPage":{"@id":"https:\/\/hudo.com\/si\/aktualno\/prihajajo-obilne-padavine-z-mocnimi-sunki-vetra-na-gorenjskem-lahko-zapade-vec-kot-pol-metra-snega\/"},"wordCount":77,"publisher":{"@id":"https:\/\/hudo.com\/si\/#organization"},"keywords":["Slovenija","vreme"],"articleSection":["Aktualno"],"inLanguage":"sl-SI"},{"@type":"WebPage","@id":"https:\/\/hudo.com\/si\/aktualno\/prihajajo-obilne-padavine-z-mocnimi-sunki-vetra-na-gorenjskem-lahko-zapade-vec-kot-pol-metra-snega\/","url":"https:\/\/hudo.com\/si\/aktualno\/prihajajo-obilne-padavine-z-mocnimi-sunki-vetra-na-gorenjskem-lahko-zapade-vec-kot-pol-metra-snega\/","name":"Prihajajo obilne padavine z mo\u010dnimi sunki vetra, na Gorenjskem lahko zapade ve\u010d kot pol metra snega - Hudo Slovenija","isPartOf":{"@id":"https:\/\/hudo.com\/si\/#website"},"datePublished":"2020-12-27T11:23:03+00:00","dateModified":"2020-12-27T11:23:03+00:00","breadcrumb":{"@id":"https:\/\/hudo.com\/si\/aktualno\/prihajajo-obilne-padavine-z-mocnimi-sunki-vetra-na-gorenjskem-lahko-zapade-vec-kot-pol-metra-snega\/#breadcrumb"},"inLanguage":"sl-SI","potentialAction":[{"@type":"ReadAction","target":["https:\/\/hudo.com\/si\/aktualno\/prihajajo-obilne-padavine-z-mocnimi-sunki-vetra-na-gorenjskem-lahko-zapade-vec-kot-pol-metra-snega\/"]}]},{"@type":"BreadcrumbList","@id":"https:\/\/hudo.com\/si\/aktualno\/prihajajo-obilne-padavine-z-mocnimi-sunki-vetra-na-gorenjskem-lahko-zapade-vec-kot-pol-metra-snega\/#breadcrumb","itemListElement":[{"@type":"ListItem","position":1,"name":"Home","item":"https:\/\/hudo.com\/si\/"},{"@type":"ListItem","position":2,"name":"Prihajajo obilne padavine z mo\u010dnimi sunki vetra, na Gorenjskem lahko zapade ve\u010d kot pol metra snega"}]},{"@type":"WebSite","@id":"https:\/\/hudo.com\/si\/#website","url":"https:\/\/hudo.com\/si\/","name":"Hudo Slovenija","description":"Vse novice iz Slovenije in sveta","publisher":{"@id":"https:\/\/hudo.com\/si\/#organization"},"potentialAction":[{"@type":"SearchAction","target":{"@type":"EntryPoint","urlTemplate":"https:\/\/hudo.com\/si\/?s={search_term_string}"},"query-input":"required name=search_term_string"}],"inLanguage":"sl-SI"},{"@type":"Organization","@id":"https:\/\/hudo.com\/si\/#organization","name":"VSN Media","url":"https:\/\/hudo.com\/si\/","logo":{"@type":"ImageObject","inLanguage":"sl-SI","@id":"https:\/\/hudo.com\/si\/#\/schema\/logo\/image\/","url":"https:\/\/hudo.com\/si\/wp-content\/uploads\/sites\/2\/2021\/03\/hudo-app-2.png","contentUrl":"https:\/\/hudo.com\/si\/wp-content\/uploads\/sites\/2\/2021\/03\/hudo-app-2.png","width":2185,"height":2167,"caption":"VSN Media"},"image":{"@id":"https:\/\/hudo.com\/si\/#\/schema\/logo\/image\/"},"sameAs":["https:\/\/www.facebook.com\/hudo.si","https:\/\/twitter.com\/hudo_si"]},{"@type":"Person","@id":"https:\/\/hudo.com\/si\/#\/schema\/person\/2391667a63ea075ba94f2f2dc6b77537","name":"A. G., STA","image":{"@type":"ImageObject","inLanguage":"sl-SI","@id":"https:\/\/hudo.com\/si\/#\/schema\/person\/image\/","url":"https:\/\/secure.gravatar.com\/avatar\/e13d22ac3e442658d5025fbbe6238a79?s=96&d=mm&r=g","contentUrl":"https:\/\/secure.gravatar.com\/avatar\/e13d22ac3e442658d5025fbbe6238a79?s=96&d=mm&r=g","caption":"A. G., STA"},"url":"https:\/\/hudo.com\/si\/author\/alenka\/"}]}},"amp_enabled":true,"_links":{"self":[{"href":"https:\/\/hudo.com\/si\/wp-json\/wp\/v2\/posts\/441048"}],"collection":[{"href":"https:\/\/hudo.com\/si\/wp-json\/wp\/v2\/posts"}],"about":[{"href":"https:\/\/hudo.com\/si\/wp-json\/wp\/v2\/types\/post"}],"author":[{"embeddable":true,"href":"https:\/\/hudo.com\/si\/wp-json\/wp\/v2\/users\/5"}],"replies":[{"embeddable":true,"href":"https:\/\/hudo.com\/si\/wp-json\/wp\/v2\/comments?post=441048"}],"version-history":[{"count":1,"href":"https:\/\/hudo.com\/si\/wp-json\/wp\/v2\/posts\/441048\/revisions"}],"predecessor-version":[{"id":441049,"href":"https:\/\/hudo.com\/si\/wp-json\/wp\/v2\/posts\/441048\/revisions\/441049"}],"wp:featuredmedia":[{"embeddable":true,"href":"https:\/\/hudo.com\/si\/wp-json\/wp\/v2\/media\/391778"}],"wp:attachment":[{"href":"https:\/\/hudo.com\/si\/wp-json\/wp\/v2\/media?parent=441048"}],"wp:term":[{"taxonomy":"category","embeddable":true,"href":"https:\/\/hudo.com\/si\/wp-json\/wp\/v2\/categories?post=441048"},{"taxonomy":"post_tag","embeddable":true,"href":"https:\/\/hudo.com\/si\/wp-json\/wp\/v2\/tags?post=441048"},{"taxonomy":"source","embeddable":true,"href":"https:\/\/hudo.com\/si\/wp-json\/wp\/v2\/source?post=441048"},{"taxonomy":"supertag","embeddable":true,"href":"https:\/\/hudo.com\/si\/wp-json\/wp\/v2\/supertag?post=441048"}],"curies":[{"name":"wp","href":"https:\/\/api.w.org\/{rel}","templated":true}]}}