{"id":441167,"date":"2020-12-28T17:00:32","date_gmt":"2020-12-28T16:00:32","guid":{"rendered":"http:\/\/hudo.com\/si\/?p=441167"},"modified":"2020-12-29T07:54:09","modified_gmt":"2020-12-29T06:54:09","slug":"hrvasko-stresel-ze-drugi-mocan-potres-letos-gmotna-skoda-je-tudi-tokrat-huda","status":"publish","type":"post","link":"https:\/\/hudo.com\/si\/aktualno\/hrvasko-stresel-ze-drugi-mocan-potres-letos-gmotna-skoda-je-tudi-tokrat-huda\/","title":{"rendered":"Hrva\u0161ko stresel \u017ee drugi mo\u010dan potres letos, gmotna \u0161koda je tudi tokrat huda"},"content":{"rendered":"<p>De\u017eurni seizmolog na Agenciji RS za okolje Andrej Gosar, ki je za STA povedal, da so potres \u010dutili po vsej Sloveniji, je ocenil, da njegova intenziteta v Sloveniji ni presegla pete stopnje po evropski potresni lestvici.<\/p>\n<p>To je bil \u017ee drugi mo\u010dnej\u0161i potres na Hrva\u0161kem letos. Tokratni je bil bolj ju\u017eno od Zagreba, mar\u010dni z magnitudo 5,5 pa je bil severno od hrva\u0161ke prestolnice. Takrat je potres po\u0161kodoval ve\u010d kot 26.000 objektov, skupna \u0161koda pa je dosegla 11,5 milijarde evrov.<\/p>\n<p>\u017dari\u0161\u010de dana\u0161njega potresa, ki se je zgodil ob 6.28., je bilo 12 kilometrov jugozahodno od Siska. Sledilo je ve\u010d \u0161ibkej\u0161ih popotresnih sunkov, med katerimi sta bila dva z magnitudo 4,7 in 4, je sporo\u010dil hrva\u0161ki seizmografski zavod.<\/p>\n<p>\u017dupanijski \u0161tab civilne za\u0161\u010dite je sporo\u010dil, da je bilo v dana\u0161njem potresu po\u0161kodovanih ve\u010d kot sto objektov v Sisku, Petrinji in drugih naseljih. Strokovnjaki so nekaj ur po potresu za\u010deli pregledovati po\u0161kodovane objekte in ocenjevati \u0161kodo.<\/p>\n<p>Vodja \u017eupanijskega \u0161taba civilne za\u0161\u010dite Roman Rosavec je potrdil, da potres ni zahteval \u010dlove\u0161kih \u017ertev. Poudaril je, da so ve\u010dinoma po\u0161kodovane fasade hi\u0161, strehe in dimniki ter da so popokale \u0161tevilne stene v notranjosti gospodarskih in stanovanjskih objektov. Kot je dodal, gasilci popravljajo po\u0161kodovane dimnike, da ne bi ogro\u017eali pe\u0161cev ali cestnega prometa. Hrva\u0161ki mediji poro\u010dajo, da so prebivalci tudi sami za\u010deli popravljati \u0161kodo na svojih hi\u0161ah.<\/p>\n<p>Na industrijskih poslopjih, kot sta rafinerija nafte v Sisku in mesna industrija Gavrilovi\u0107 v Petrinji, zaradi potresov ni bilo \u0161kode, ki bi lahko povzro\u010dila onesna\u017eenje okolja.<\/p>\n<p>Obmo\u010dje sta obiskala predsednik dr\u017eave Zoran Milanovi\u0107 in premier Andrej Plenkovi\u0107. Ta je izrazil zadovoljstvo, da v potresu ni bilo po\u0161kodovanih in da gmotna \u0161koda vendarle ni tako velika. Napovedal je, da bo vlada pomagala pri popotresni obnovi. Zagotovili bodo vse pristojne slu\u017ebe, ki bodo lahko pomagale pri sanaciji \u0161kode, vklju\u010dno s hrva\u0161ko vojsko, je dodal.<\/p>\n<p>\u017dupan Petrinje Darinko Dumbovi\u0107 je zahteval izdajo dovolilnic za vse prebivalce, ki \u017eelijo v strahu pred novimi potresnimi sunki zapustiti sisa\u0161ko-moslav\u0161ko \u017eupanijo. Na Hrva\u0161kem so zaradi epidemije covida-19 namre\u010d prepovedana potovanja med \u017eupanijami do 8. januarja.<\/p>\n<p>Dumbovi\u0107 pri\u010dakuje, da bodo tudi obmo\u010dje sisa\u0161ko-moslav\u0161ke \u017eupanije uvrstili v zakon o popotresni obnovi Zagreba in okolice. Spomnil je tudi, da Petrinja ni bila v celoti obnovljena niti po zadnji vojni na Hrva\u0161kem, ki se je kon\u010dala leta 1995.<\/p>\n<p>Predsednica Evropske komisije Ursula von der Leyen je na Twitterju sporo\u010dila, da je komisija po potresu v stiku s hrva\u0161kim premierjem Plenkovi\u0107em in hrva\u0161kimi oblastmi. &#8220;Podrobno spremljamo stanje in smo pripravljeni pomagati,&#8221; je zapisala von der Leynova. &#8220;Ostani mo\u010dna, Hrva\u0161ka!&#8221; je dodala.<\/p>\n","protected":false},"excerpt":{"rendered":"<p>Hrva\u0161ko je danes stresel drugi mo\u010dan potres letos. Potres z magnitudo 5,2, ki je imel \u017eari\u0161\u010de okoli 50 kilometrov jugovzhodno od Zagreba, ni zahteval \u017ertev, povzro\u010dil pa je gmotno \u0161kodo na obmo\u010dju Siska in Petrinje. Potres je bilo \u010dutiti po vsej Sloveniji, ni pa vplival na delovanje Nuklearne elektrarne Kr\u0161ko. EU je obljubila pomo\u010d.<\/p>\n","protected":false},"author":7,"featured_media":441168,"comment_status":"closed","ping_status":"closed","sticky":false,"template":"","format":"standard","meta":{"footnotes":""},"categories":[1179],"tags":[1810,3718],"source":[4511],"supertag":[],"acf":[],"yoast_head":"<!-- This site is optimized with the Yoast SEO plugin v21.3 - https:\/\/yoast.com\/wordpress\/plugins\/seo\/ -->\n<title>Hrva\u0161ko stresel \u017ee drugi mo\u010dan potres letos, gmotna \u0161koda je tudi tokrat huda - Hudo Slovenija<\/title>\n<meta name=\"robots\" content=\"index, follow, max-snippet:-1, max-image-preview:large, max-video-preview:-1\" \/>\n<link rel=\"canonical\" href=\"https:\/\/hudo.com\/si\/aktualno\/hrvasko-stresel-ze-drugi-mocan-potres-letos-gmotna-skoda-je-tudi-tokrat-huda\/\" \/>\n<meta property=\"og:locale\" content=\"sl_SI\" \/>\n<meta property=\"og:type\" content=\"article\" \/>\n<meta property=\"og:title\" content=\"Hrva\u0161ko stresel \u017ee drugi mo\u010dan potres letos, gmotna \u0161koda je tudi tokrat huda - Hudo Slovenija\" \/>\n<meta property=\"og:description\" content=\"Hrva\u0161ko je danes stresel drugi mo\u010dan potres letos. Potres z magnitudo 5,2, ki je imel \u017eari\u0161\u010de okoli 50 kilometrov jugovzhodno od Zagreba, ni zahteval \u017ertev, povzro\u010dil pa je gmotno \u0161kodo na obmo\u010dju Siska in Petrinje. Potres je bilo \u010dutiti po vsej Sloveniji, ni pa vplival na delovanje Nuklearne elektrarne Kr\u0161ko. EU je obljubila pomo\u010d.\" \/>\n<meta property=\"og:url\" content=\"https:\/\/hudo.com\/si\/aktualno\/hrvasko-stresel-ze-drugi-mocan-potres-letos-gmotna-skoda-je-tudi-tokrat-huda\/\" \/>\n<meta property=\"og:site_name\" content=\"Hudo Slovenija\" \/>\n<meta property=\"article:publisher\" content=\"https:\/\/www.facebook.com\/hudo.si\" \/>\n<meta property=\"article:published_time\" content=\"2020-12-28T16:00:32+00:00\" \/>\n<meta property=\"article:modified_time\" content=\"2020-12-29T06:54:09+00:00\" \/>\n<meta property=\"og:image\" content=\"https:\/\/hudo.com\/si\/wp-content\/uploads\/sites\/2\/2020\/12\/profimedia-0579216494.jpg\" \/>\n\t<meta property=\"og:image:width\" content=\"1250\" \/>\n\t<meta property=\"og:image:height\" content=\"833\" \/>\n\t<meta property=\"og:image:type\" content=\"image\/jpeg\" \/>\n<meta name=\"author\" content=\"A. P., STA\" \/>\n<meta name=\"twitter:card\" content=\"summary_large_image\" \/>\n<meta name=\"twitter:creator\" content=\"@hudo_si\" \/>\n<meta name=\"twitter:site\" content=\"@hudo_si\" \/>\n<meta name=\"twitter:label1\" content=\"Written by\" \/>\n\t<meta name=\"twitter:data1\" content=\"A. P., STA\" \/>\n\t<meta name=\"twitter:label2\" content=\"Est. reading time\" \/>\n\t<meta name=\"twitter:data2\" content=\"2 minuti\" \/>\n<script type=\"application\/ld+json\" class=\"yoast-schema-graph\">{\"@context\":\"https:\/\/schema.org\",\"@graph\":[{\"@type\":\"Article\",\"@id\":\"https:\/\/hudo.com\/si\/aktualno\/hrvasko-stresel-ze-drugi-mocan-potres-letos-gmotna-skoda-je-tudi-tokrat-huda\/#article\",\"isPartOf\":{\"@id\":\"https:\/\/hudo.com\/si\/aktualno\/hrvasko-stresel-ze-drugi-mocan-potres-letos-gmotna-skoda-je-tudi-tokrat-huda\/\"},\"author\":{\"name\":\"A. P., STA\",\"@id\":\"https:\/\/hudo.com\/si\/#\/schema\/person\/18f09c02475ba9e606e941a565b80cff\"},\"headline\":\"Hrva\u0161ko stresel \u017ee drugi mo\u010dan potres letos, gmotna \u0161koda je tudi tokrat huda\",\"datePublished\":\"2020-12-28T16:00:32+00:00\",\"dateModified\":\"2020-12-29T06:54:09+00:00\",\"mainEntityOfPage\":{\"@id\":\"https:\/\/hudo.com\/si\/aktualno\/hrvasko-stresel-ze-drugi-mocan-potres-letos-gmotna-skoda-je-tudi-tokrat-huda\/\"},\"wordCount\":478,\"publisher\":{\"@id\":\"https:\/\/hudo.com\/si\/#organization\"},\"keywords\":[\"hrva\u0161ka\",\"potres\"],\"articleSection\":[\"Aktualno\"],\"inLanguage\":\"sl-SI\"},{\"@type\":\"WebPage\",\"@id\":\"https:\/\/hudo.com\/si\/aktualno\/hrvasko-stresel-ze-drugi-mocan-potres-letos-gmotna-skoda-je-tudi-tokrat-huda\/\",\"url\":\"https:\/\/hudo.com\/si\/aktualno\/hrvasko-stresel-ze-drugi-mocan-potres-letos-gmotna-skoda-je-tudi-tokrat-huda\/\",\"name\":\"Hrva\u0161ko stresel \u017ee drugi mo\u010dan potres letos, gmotna \u0161koda je tudi tokrat huda - Hudo Slovenija\",\"isPartOf\":{\"@id\":\"https:\/\/hudo.com\/si\/#website\"},\"datePublished\":\"2020-12-28T16:00:32+00:00\",\"dateModified\":\"2020-12-29T06:54:09+00:00\",\"breadcrumb\":{\"@id\":\"https:\/\/hudo.com\/si\/aktualno\/hrvasko-stresel-ze-drugi-mocan-potres-letos-gmotna-skoda-je-tudi-tokrat-huda\/#breadcrumb\"},\"inLanguage\":\"sl-SI\",\"potentialAction\":[{\"@type\":\"ReadAction\",\"target\":[\"https:\/\/hudo.com\/si\/aktualno\/hrvasko-stresel-ze-drugi-mocan-potres-letos-gmotna-skoda-je-tudi-tokrat-huda\/\"]}]},{\"@type\":\"BreadcrumbList\",\"@id\":\"https:\/\/hudo.com\/si\/aktualno\/hrvasko-stresel-ze-drugi-mocan-potres-letos-gmotna-skoda-je-tudi-tokrat-huda\/#breadcrumb\",\"itemListElement\":[{\"@type\":\"ListItem\",\"position\":1,\"name\":\"Home\",\"item\":\"https:\/\/hudo.com\/si\/\"},{\"@type\":\"ListItem\",\"position\":2,\"name\":\"Hrva\u0161ko stresel \u017ee drugi mo\u010dan potres letos, gmotna \u0161koda je tudi tokrat huda\"}]},{\"@type\":\"WebSite\",\"@id\":\"https:\/\/hudo.com\/si\/#website\",\"url\":\"https:\/\/hudo.com\/si\/\",\"name\":\"Hudo Slovenija\",\"description\":\"Vse novice iz Slovenije in sveta\",\"publisher\":{\"@id\":\"https:\/\/hudo.com\/si\/#organization\"},\"potentialAction\":[{\"@type\":\"SearchAction\",\"target\":{\"@type\":\"EntryPoint\",\"urlTemplate\":\"https:\/\/hudo.com\/si\/?s={search_term_string}\"},\"query-input\":\"required name=search_term_string\"}],\"inLanguage\":\"sl-SI\"},{\"@type\":\"Organization\",\"@id\":\"https:\/\/hudo.com\/si\/#organization\",\"name\":\"VSN Media\",\"url\":\"https:\/\/hudo.com\/si\/\",\"logo\":{\"@type\":\"ImageObject\",\"inLanguage\":\"sl-SI\",\"@id\":\"https:\/\/hudo.com\/si\/#\/schema\/logo\/image\/\",\"url\":\"https:\/\/hudo.com\/si\/wp-content\/uploads\/sites\/2\/2021\/03\/hudo-app-2.png\",\"contentUrl\":\"https:\/\/hudo.com\/si\/wp-content\/uploads\/sites\/2\/2021\/03\/hudo-app-2.png\",\"width\":2185,\"height\":2167,\"caption\":\"VSN Media\"},\"image\":{\"@id\":\"https:\/\/hudo.com\/si\/#\/schema\/logo\/image\/\"},\"sameAs\":[\"https:\/\/www.facebook.com\/hudo.si\",\"https:\/\/twitter.com\/hudo_si\"]},{\"@type\":\"Person\",\"@id\":\"https:\/\/hudo.com\/si\/#\/schema\/person\/18f09c02475ba9e606e941a565b80cff\",\"name\":\"A. P., STA\",\"image\":{\"@type\":\"ImageObject\",\"inLanguage\":\"sl-SI\",\"@id\":\"https:\/\/hudo.com\/si\/#\/schema\/person\/image\/\",\"url\":\"https:\/\/secure.gravatar.com\/avatar\/03eac8e609f5f04383125d80eaeaaf3e?s=96&d=mm&r=g\",\"contentUrl\":\"https:\/\/secure.gravatar.com\/avatar\/03eac8e609f5f04383125d80eaeaaf3e?s=96&d=mm&r=g\",\"caption\":\"A. P., STA\"},\"url\":\"https:\/\/hudo.com\/si\/author\/lubu\/\"}]}<\/script>\n<!-- \/ Yoast SEO plugin. -->","yoast_head_json":{"title":"Hrva\u0161ko stresel \u017ee drugi mo\u010dan potres letos, gmotna \u0161koda je tudi tokrat huda - Hudo Slovenija","robots":{"index":"index","follow":"follow","max-snippet":"max-snippet:-1","max-image-preview":"max-image-preview:large","max-video-preview":"max-video-preview:-1"},"canonical":"https:\/\/hudo.com\/si\/aktualno\/hrvasko-stresel-ze-drugi-mocan-potres-letos-gmotna-skoda-je-tudi-tokrat-huda\/","og_locale":"sl_SI","og_type":"article","og_title":"Hrva\u0161ko stresel \u017ee drugi mo\u010dan potres letos, gmotna \u0161koda je tudi tokrat huda - Hudo Slovenija","og_description":"Hrva\u0161ko je danes stresel drugi mo\u010dan potres letos. Potres z magnitudo 5,2, ki je imel \u017eari\u0161\u010de okoli 50 kilometrov jugovzhodno od Zagreba, ni zahteval \u017ertev, povzro\u010dil pa je gmotno \u0161kodo na obmo\u010dju Siska in Petrinje. Potres je bilo \u010dutiti po vsej Sloveniji, ni pa vplival na delovanje Nuklearne elektrarne Kr\u0161ko. EU je obljubila pomo\u010d.","og_url":"https:\/\/hudo.com\/si\/aktualno\/hrvasko-stresel-ze-drugi-mocan-potres-letos-gmotna-skoda-je-tudi-tokrat-huda\/","og_site_name":"Hudo Slovenija","article_publisher":"https:\/\/www.facebook.com\/hudo.si","article_published_time":"2020-12-28T16:00:32+00:00","article_modified_time":"2020-12-29T06:54:09+00:00","og_image":[{"width":1250,"height":833,"url":"https:\/\/hudo.com\/si\/wp-content\/uploads\/sites\/2\/2020\/12\/profimedia-0579216494.jpg","type":"image\/jpeg"}],"author":"A. P., STA","twitter_card":"summary_large_image","twitter_creator":"@hudo_si","twitter_site":"@hudo_si","twitter_misc":{"Written by":"A. P., STA","Est. reading time":"2 minuti"},"schema":{"@context":"https:\/\/schema.org","@graph":[{"@type":"Article","@id":"https:\/\/hudo.com\/si\/aktualno\/hrvasko-stresel-ze-drugi-mocan-potres-letos-gmotna-skoda-je-tudi-tokrat-huda\/#article","isPartOf":{"@id":"https:\/\/hudo.com\/si\/aktualno\/hrvasko-stresel-ze-drugi-mocan-potres-letos-gmotna-skoda-je-tudi-tokrat-huda\/"},"author":{"name":"A. P., STA","@id":"https:\/\/hudo.com\/si\/#\/schema\/person\/18f09c02475ba9e606e941a565b80cff"},"headline":"Hrva\u0161ko stresel \u017ee drugi mo\u010dan potres letos, gmotna \u0161koda je tudi tokrat huda","datePublished":"2020-12-28T16:00:32+00:00","dateModified":"2020-12-29T06:54:09+00:00","mainEntityOfPage":{"@id":"https:\/\/hudo.com\/si\/aktualno\/hrvasko-stresel-ze-drugi-mocan-potres-letos-gmotna-skoda-je-tudi-tokrat-huda\/"},"wordCount":478,"publisher":{"@id":"https:\/\/hudo.com\/si\/#organization"},"keywords":["hrva\u0161ka","potres"],"articleSection":["Aktualno"],"inLanguage":"sl-SI"},{"@type":"WebPage","@id":"https:\/\/hudo.com\/si\/aktualno\/hrvasko-stresel-ze-drugi-mocan-potres-letos-gmotna-skoda-je-tudi-tokrat-huda\/","url":"https:\/\/hudo.com\/si\/aktualno\/hrvasko-stresel-ze-drugi-mocan-potres-letos-gmotna-skoda-je-tudi-tokrat-huda\/","name":"Hrva\u0161ko stresel \u017ee drugi mo\u010dan potres letos, gmotna \u0161koda je tudi tokrat huda - Hudo Slovenija","isPartOf":{"@id":"https:\/\/hudo.com\/si\/#website"},"datePublished":"2020-12-28T16:00:32+00:00","dateModified":"2020-12-29T06:54:09+00:00","breadcrumb":{"@id":"https:\/\/hudo.com\/si\/aktualno\/hrvasko-stresel-ze-drugi-mocan-potres-letos-gmotna-skoda-je-tudi-tokrat-huda\/#breadcrumb"},"inLanguage":"sl-SI","potentialAction":[{"@type":"ReadAction","target":["https:\/\/hudo.com\/si\/aktualno\/hrvasko-stresel-ze-drugi-mocan-potres-letos-gmotna-skoda-je-tudi-tokrat-huda\/"]}]},{"@type":"BreadcrumbList","@id":"https:\/\/hudo.com\/si\/aktualno\/hrvasko-stresel-ze-drugi-mocan-potres-letos-gmotna-skoda-je-tudi-tokrat-huda\/#breadcrumb","itemListElement":[{"@type":"ListItem","position":1,"name":"Home","item":"https:\/\/hudo.com\/si\/"},{"@type":"ListItem","position":2,"name":"Hrva\u0161ko stresel \u017ee drugi mo\u010dan potres letos, gmotna \u0161koda je tudi tokrat huda"}]},{"@type":"WebSite","@id":"https:\/\/hudo.com\/si\/#website","url":"https:\/\/hudo.com\/si\/","name":"Hudo Slovenija","description":"Vse novice iz Slovenije in sveta","publisher":{"@id":"https:\/\/hudo.com\/si\/#organization"},"potentialAction":[{"@type":"SearchAction","target":{"@type":"EntryPoint","urlTemplate":"https:\/\/hudo.com\/si\/?s={search_term_string}"},"query-input":"required name=search_term_string"}],"inLanguage":"sl-SI"},{"@type":"Organization","@id":"https:\/\/hudo.com\/si\/#organization","name":"VSN Media","url":"https:\/\/hudo.com\/si\/","logo":{"@type":"ImageObject","inLanguage":"sl-SI","@id":"https:\/\/hudo.com\/si\/#\/schema\/logo\/image\/","url":"https:\/\/hudo.com\/si\/wp-content\/uploads\/sites\/2\/2021\/03\/hudo-app-2.png","contentUrl":"https:\/\/hudo.com\/si\/wp-content\/uploads\/sites\/2\/2021\/03\/hudo-app-2.png","width":2185,"height":2167,"caption":"VSN Media"},"image":{"@id":"https:\/\/hudo.com\/si\/#\/schema\/logo\/image\/"},"sameAs":["https:\/\/www.facebook.com\/hudo.si","https:\/\/twitter.com\/hudo_si"]},{"@type":"Person","@id":"https:\/\/hudo.com\/si\/#\/schema\/person\/18f09c02475ba9e606e941a565b80cff","name":"A. P., STA","image":{"@type":"ImageObject","inLanguage":"sl-SI","@id":"https:\/\/hudo.com\/si\/#\/schema\/person\/image\/","url":"https:\/\/secure.gravatar.com\/avatar\/03eac8e609f5f04383125d80eaeaaf3e?s=96&d=mm&r=g","contentUrl":"https:\/\/secure.gravatar.com\/avatar\/03eac8e609f5f04383125d80eaeaaf3e?s=96&d=mm&r=g","caption":"A. P., STA"},"url":"https:\/\/hudo.com\/si\/author\/lubu\/"}]}},"amp_enabled":true,"_links":{"self":[{"href":"https:\/\/hudo.com\/si\/wp-json\/wp\/v2\/posts\/441167"}],"collection":[{"href":"https:\/\/hudo.com\/si\/wp-json\/wp\/v2\/posts"}],"about":[{"href":"https:\/\/hudo.com\/si\/wp-json\/wp\/v2\/types\/post"}],"author":[{"embeddable":true,"href":"https:\/\/hudo.com\/si\/wp-json\/wp\/v2\/users\/7"}],"replies":[{"embeddable":true,"href":"https:\/\/hudo.com\/si\/wp-json\/wp\/v2\/comments?post=441167"}],"version-history":[{"count":1,"href":"https:\/\/hudo.com\/si\/wp-json\/wp\/v2\/posts\/441167\/revisions"}],"predecessor-version":[{"id":441170,"href":"https:\/\/hudo.com\/si\/wp-json\/wp\/v2\/posts\/441167\/revisions\/441170"}],"wp:featuredmedia":[{"embeddable":true,"href":"https:\/\/hudo.com\/si\/wp-json\/wp\/v2\/media\/441168"}],"wp:attachment":[{"href":"https:\/\/hudo.com\/si\/wp-json\/wp\/v2\/media?parent=441167"}],"wp:term":[{"taxonomy":"category","embeddable":true,"href":"https:\/\/hudo.com\/si\/wp-json\/wp\/v2\/categories?post=441167"},{"taxonomy":"post_tag","embeddable":true,"href":"https:\/\/hudo.com\/si\/wp-json\/wp\/v2\/tags?post=441167"},{"taxonomy":"source","embeddable":true,"href":"https:\/\/hudo.com\/si\/wp-json\/wp\/v2\/source?post=441167"},{"taxonomy":"supertag","embeddable":true,"href":"https:\/\/hudo.com\/si\/wp-json\/wp\/v2\/supertag?post=441167"}],"curies":[{"name":"wp","href":"https:\/\/api.w.org\/{rel}","templated":true}]}}