{"id":441372,"date":"2020-12-31T08:01:44","date_gmt":"2020-12-31T07:01:44","guid":{"rendered":"https:\/\/hudo.com\/si\/2020\/12\/31\/letosnji-silvestrski-vecer-bo-bolj-miren-kot-druga-leta-za-domacim-zapeckom-in-v-druzbi-najblizjih\/"},"modified":"2020-12-31T08:01:44","modified_gmt":"2020-12-31T07:01:44","slug":"letosnji-silvestrski-vecer-bo-bolj-miren-kot-druga-leta-za-domacim-zapeckom-in-v-druzbi-najblizjih","status":"publish","type":"post","link":"https:\/\/hudo.com\/si\/zabava\/letosnji-silvestrski-vecer-bo-bolj-miren-kot-druga-leta-za-domacim-zapeckom-in-v-druzbi-najblizjih\/","title":{"rendered":"Leto\u0161nji silvestrski ve\u010der bo bolj miren kot druga leta &#8211; Za doma\u010dim zape\u010dkom in v dru\u017ebi najbli\u017ejih"},"content":{"rendered":"<figure>\n\t\t\t\t\t<img loading=\"lazy\" decoding=\"async\" width=\"660\" height=\"320\" src=\"image\/gif;base64,R0lGODlhAQABAAAAACH5BAEKAAEALAAAAAABAAEAAAICTAEAOw==\" class=\"lazyload\" data-src=\"https:\/\/zenska.hudo.com\/files\/2020\/12\/profimedia-0572600392-320x155.jpg\" data-srcset=\"https:\/\/zenska.hudo.com\/files\/2020\/12\/profimedia-0572600392-660x320.jpg 660w,https:\/\/zenska.hudo.com\/files\/2020\/12\/profimedia-0572600392-320x155.jpg 330w\" \/><figcaption>Foto: Profimedia<\/figcaption><\/figure>\n<p>\u010ce se bomo odlo\u010dili, da silvestrsko ve\u010derjo pripravimo sami, znani kuharji odsvetujejo ukvarjanje s kuho namesto z gosti. &#8220;Najpomembnej\u0161e je, da imamo \u010das za najdra\u017eje in dru\u017eenje, to je moja receptura,&#8221; je za STA dejal kuharski mojster Toma\u017e Kav\u010di\u010d iz Gostilne pri Lojzetu v dvorcu Zemono pri Vipavi. &#8220;Pozornost raje namenimo drug drugemu, ne pa ves ve\u010der pre\u017eiveti ob \u0161porgetu, torej ob \u0161tedilniku,&#8221; je predlagal.<\/p>\n<p>Sicer pa priporo\u010da pripravo jedi po receptih, ki jih dobro poznamo in imajo pridih tradicije. Na vipavskem obmo\u010dju tako silvestrske ve\u010derje ni brez le\u010de z ocvirki in ko\u017ene klobase ali ko\u017earice, nare\u010dni izraz zanjo pa je krodegin. &#8220;Le\u010da in ocvirki morajo biti, rekli so, da za sre\u010do v novem letu,&#8221; je pojasnil.<\/p>\n<p>\u010ce se ho\u010demo razvajati, za solato izberemo solkanski radi\u010d, v nare\u010dju sukenski regut, ki ima obliko vrtnice. Nanj najprej damo nekaj fi\u017eolovega pireja, po njem nastrgamo kravji sir, prelijemo z olj\u010dnim oljem, v katerega smo dali malo soka mandarine ali pomaran\u010de, na koncu pa nare\u017eemo \u0161e trdo kuhano jajce. Kdor bi tako pripravljen radi\u010d imel za samostojno jed, pa naj doda ocvirke.<\/p>\n<p>Za posladek pride na vrsto kos dobre potice, je sklenil. Na Vipavskem so sicer znana sladica vipavski \u0161truklji z orehovim nadevom in drobtinami, a za silvestrsko ve\u010derjo predlaga potico.<\/p>\n<p>Tudi v ljudski dedi\u0161\u010dini drugih obmo\u010dij Slovenije so zna\u010dilna jed v zimskem \u010dasu in torej tudi na silvestrski ve\u010der koline. Na novoletni dan pa so denimo v zahodnem delu Dolenjske za kosilo pogosto pripravili svinjske zarebrnice v kosu, ki so jih najprej obkuhali v juhi s \u010debulo, korenjem in lovorjem, potem pa jih \u0161e spekli v pe\u010dici. Kos so na posamezne zarebrnice razrezali \u0161ele, ko je bil pe\u010den. Za prilogo je bil pra\u017een krompir, poleg pa so jedli zeleno glavnato solato endivijo. Posladkali so se z orehovo potico.<\/p>\n<p>Silvestrski ve\u010der je v ljudski dedi\u0161\u010dini sicer znan kot drugi sveti ve\u010der, ko je bilo treba tako kot na bo\u017ei\u010dni ve\u010der pokropiti bivalne in gospodarske prostore z blagoslovljeno vodo in jih pokaditi s kadilom.<\/p>\n<p>V no\u010di z zadnjega dne v starem letu na prvi dan v novem pa otroke obdari \u0161e zadnji dobri decembrski mo\u017e. Dedek Mraz je otroke na razli\u010dnih koncih dr\u017eave tokrat ve\u010dinoma obiskal preko razli\u010dnih spletnih kanalov in televizije, danes pono\u010di pa jim bo pod novoletno jelko pustil \u0161e darila, za katera so ga prosili v svojih pismih.<\/p>\n<p>Slovenski etnografski muzej je decembra v izlo\u017ebi svoje avle postavil na ogled kostume tako Miklav\u017ea in bo\u017ei\u010dka kot dedka Mraza, ki so iz Lutkovnega gledali\u0161\u010da Ljubljana in jih je mogo\u010de videti tudi od zunaj, je za STA povedala etnologinja v muzeju Nena \u017didov.<\/p>\n<p>Po njenih besedah se je v Sloveniji dedek Mraz kot obdarovalec otrok po zgledu iz Sovjetske zveze prvi\u010d pojavil konec leta 1948. Slikar Maksim Gaspari je leta 1952 oblikoval njegov obla\u010dilni videz in ga predstavil kot prijaznega starca, ki pred novim letom obiskuje in obdaruje otroke doma, v vrtcih, \u0161olah, podjetjih in na raznih prireditvah. Obisk dedka Mraza je od aprila vpisan tudi v register nesnovne dedi\u0161\u010dine.<\/p>\n<p>Lik je po navedbah muzeja \u0161e vedno \u017eiv tudi na drugih obmo\u010djih nekdanje Jugoslavije, kjer pa ima druga\u010dno podobo.<\/p>\n","protected":false},"excerpt":{"rendered":"<p>Dana\u0161nji silvestrski ve\u010der, s katerim bomo zaklju\u010dili leto, ki nam bo v spominu ostalo po izbruhu epidemije covida-19, bo zaradi protikoronskih ukrepov bolj miren kot minula leta.<\/p>\n","protected":false},"author":1,"featured_media":441373,"comment_status":"closed","ping_status":"closed","sticky":false,"template":"","format":"standard","meta":{"footnotes":""},"categories":[1095],"tags":[17923,2897],"source":[1351,1466,1334],"supertag":[],"acf":[],"yoast_head":"<!-- This site is optimized with the Yoast SEO plugin v21.3 - https:\/\/yoast.com\/wordpress\/plugins\/seo\/ -->\n<title>Leto\u0161nji silvestrski ve\u010der bo bolj miren kot druga leta &#8211; Za doma\u010dim zape\u010dkom in v dru\u017ebi najbli\u017ejih - Hudo Slovenija<\/title>\n<meta name=\"robots\" content=\"index, follow, max-snippet:-1, max-image-preview:large, max-video-preview:-1\" \/>\n<link rel=\"canonical\" href=\"https:\/\/hudo.com\/si\/zabava\/letosnji-silvestrski-vecer-bo-bolj-miren-kot-druga-leta-za-domacim-zapeckom-in-v-druzbi-najblizjih\/\" \/>\n<meta property=\"og:locale\" content=\"sl_SI\" \/>\n<meta property=\"og:type\" content=\"article\" \/>\n<meta property=\"og:title\" content=\"Leto\u0161nji silvestrski ve\u010der bo bolj miren kot druga leta &#8211; Za doma\u010dim zape\u010dkom in v dru\u017ebi najbli\u017ejih - Hudo Slovenija\" \/>\n<meta property=\"og:description\" content=\"Dana\u0161nji silvestrski ve\u010der, s katerim bomo zaklju\u010dili leto, ki nam bo v spominu ostalo po izbruhu epidemije covida-19, bo zaradi protikoronskih ukrepov bolj miren kot minula leta.\" \/>\n<meta property=\"og:url\" content=\"https:\/\/hudo.com\/si\/zabava\/letosnji-silvestrski-vecer-bo-bolj-miren-kot-druga-leta-za-domacim-zapeckom-in-v-druzbi-najblizjih\/\" \/>\n<meta property=\"og:site_name\" content=\"Hudo Slovenija\" \/>\n<meta property=\"article:publisher\" content=\"https:\/\/www.facebook.com\/hudo.si\" \/>\n<meta property=\"article:published_time\" content=\"2020-12-31T07:01:44+00:00\" \/>\n<meta property=\"og:image\" content=\"https:\/\/hudo.com\/si\/wp-content\/uploads\/sites\/2\/2020\/12\/profimedia-0572600392-1.jpg\" \/>\n\t<meta property=\"og:image:width\" content=\"1250\" \/>\n\t<meta property=\"og:image:height\" content=\"892\" \/>\n\t<meta property=\"og:image:type\" content=\"image\/jpeg\" \/>\n<meta name=\"author\" content=\"hudo\" \/>\n<meta name=\"twitter:card\" content=\"summary_large_image\" \/>\n<meta name=\"twitter:creator\" content=\"@hudo_si\" \/>\n<meta name=\"twitter:site\" content=\"@hudo_si\" \/>\n<meta name=\"twitter:label1\" content=\"Written by\" \/>\n\t<meta name=\"twitter:data1\" content=\"hudo\" \/>\n\t<meta name=\"twitter:label2\" content=\"Est. reading time\" \/>\n\t<meta name=\"twitter:data2\" content=\"3 minute\" \/>\n<script type=\"application\/ld+json\" class=\"yoast-schema-graph\">{\"@context\":\"https:\/\/schema.org\",\"@graph\":[{\"@type\":\"Article\",\"@id\":\"https:\/\/hudo.com\/si\/zabava\/letosnji-silvestrski-vecer-bo-bolj-miren-kot-druga-leta-za-domacim-zapeckom-in-v-druzbi-najblizjih\/#article\",\"isPartOf\":{\"@id\":\"https:\/\/hudo.com\/si\/zabava\/letosnji-silvestrski-vecer-bo-bolj-miren-kot-druga-leta-za-domacim-zapeckom-in-v-druzbi-najblizjih\/\"},\"author\":{\"name\":\"hudo\",\"@id\":\"https:\/\/hudo.com\/si\/#\/schema\/person\/601cf3379633985b20f7e50f2bb47707\"},\"headline\":\"Leto\u0161nji silvestrski ve\u010der bo bolj miren kot druga leta &#8211; Za doma\u010dim zape\u010dkom in v dru\u017ebi najbli\u017ejih\",\"datePublished\":\"2020-12-31T07:01:44+00:00\",\"dateModified\":\"2020-12-31T07:01:44+00:00\",\"mainEntityOfPage\":{\"@id\":\"https:\/\/hudo.com\/si\/zabava\/letosnji-silvestrski-vecer-bo-bolj-miren-kot-druga-leta-za-domacim-zapeckom-in-v-druzbi-najblizjih\/\"},\"wordCount\":591,\"publisher\":{\"@id\":\"https:\/\/hudo.com\/si\/#organization\"},\"keywords\":[\"silvestrovanje 2020\/2021\",\"silvestrovo\"],\"articleSection\":[\"Zabava\"],\"inLanguage\":\"sl-SI\"},{\"@type\":\"WebPage\",\"@id\":\"https:\/\/hudo.com\/si\/zabava\/letosnji-silvestrski-vecer-bo-bolj-miren-kot-druga-leta-za-domacim-zapeckom-in-v-druzbi-najblizjih\/\",\"url\":\"https:\/\/hudo.com\/si\/zabava\/letosnji-silvestrski-vecer-bo-bolj-miren-kot-druga-leta-za-domacim-zapeckom-in-v-druzbi-najblizjih\/\",\"name\":\"Leto\u0161nji silvestrski ve\u010der bo bolj miren kot druga leta &#8211; Za doma\u010dim zape\u010dkom in v dru\u017ebi najbli\u017ejih - Hudo Slovenija\",\"isPartOf\":{\"@id\":\"https:\/\/hudo.com\/si\/#website\"},\"datePublished\":\"2020-12-31T07:01:44+00:00\",\"dateModified\":\"2020-12-31T07:01:44+00:00\",\"breadcrumb\":{\"@id\":\"https:\/\/hudo.com\/si\/zabava\/letosnji-silvestrski-vecer-bo-bolj-miren-kot-druga-leta-za-domacim-zapeckom-in-v-druzbi-najblizjih\/#breadcrumb\"},\"inLanguage\":\"sl-SI\",\"potentialAction\":[{\"@type\":\"ReadAction\",\"target\":[\"https:\/\/hudo.com\/si\/zabava\/letosnji-silvestrski-vecer-bo-bolj-miren-kot-druga-leta-za-domacim-zapeckom-in-v-druzbi-najblizjih\/\"]}]},{\"@type\":\"BreadcrumbList\",\"@id\":\"https:\/\/hudo.com\/si\/zabava\/letosnji-silvestrski-vecer-bo-bolj-miren-kot-druga-leta-za-domacim-zapeckom-in-v-druzbi-najblizjih\/#breadcrumb\",\"itemListElement\":[{\"@type\":\"ListItem\",\"position\":1,\"name\":\"Home\",\"item\":\"https:\/\/hudo.com\/si\/\"},{\"@type\":\"ListItem\",\"position\":2,\"name\":\"Leto\u0161nji silvestrski ve\u010der bo bolj miren kot druga leta &#8211; Za doma\u010dim zape\u010dkom in v dru\u017ebi najbli\u017ejih\"}]},{\"@type\":\"WebSite\",\"@id\":\"https:\/\/hudo.com\/si\/#website\",\"url\":\"https:\/\/hudo.com\/si\/\",\"name\":\"Hudo Slovenija\",\"description\":\"Vse novice iz Slovenije in sveta\",\"publisher\":{\"@id\":\"https:\/\/hudo.com\/si\/#organization\"},\"potentialAction\":[{\"@type\":\"SearchAction\",\"target\":{\"@type\":\"EntryPoint\",\"urlTemplate\":\"https:\/\/hudo.com\/si\/?s={search_term_string}\"},\"query-input\":\"required name=search_term_string\"}],\"inLanguage\":\"sl-SI\"},{\"@type\":\"Organization\",\"@id\":\"https:\/\/hudo.com\/si\/#organization\",\"name\":\"VSN Media\",\"url\":\"https:\/\/hudo.com\/si\/\",\"logo\":{\"@type\":\"ImageObject\",\"inLanguage\":\"sl-SI\",\"@id\":\"https:\/\/hudo.com\/si\/#\/schema\/logo\/image\/\",\"url\":\"https:\/\/hudo.com\/si\/wp-content\/uploads\/sites\/2\/2021\/03\/hudo-app-2.png\",\"contentUrl\":\"https:\/\/hudo.com\/si\/wp-content\/uploads\/sites\/2\/2021\/03\/hudo-app-2.png\",\"width\":2185,\"height\":2167,\"caption\":\"VSN Media\"},\"image\":{\"@id\":\"https:\/\/hudo.com\/si\/#\/schema\/logo\/image\/\"},\"sameAs\":[\"https:\/\/www.facebook.com\/hudo.si\",\"https:\/\/twitter.com\/hudo_si\"]},{\"@type\":\"Person\",\"@id\":\"https:\/\/hudo.com\/si\/#\/schema\/person\/601cf3379633985b20f7e50f2bb47707\",\"name\":\"hudo\",\"image\":{\"@type\":\"ImageObject\",\"inLanguage\":\"sl-SI\",\"@id\":\"https:\/\/hudo.com\/si\/#\/schema\/person\/image\/\",\"url\":\"https:\/\/secure.gravatar.com\/avatar\/c4ca25fa72cace7a696b52ff5db9e095?s=96&d=mm&r=g\",\"contentUrl\":\"https:\/\/secure.gravatar.com\/avatar\/c4ca25fa72cace7a696b52ff5db9e095?s=96&d=mm&r=g\",\"caption\":\"hudo\"},\"url\":\"https:\/\/hudo.com\/si\/author\/hudo\/\"}]}<\/script>\n<!-- \/ Yoast SEO plugin. -->","yoast_head_json":{"title":"Leto\u0161nji silvestrski ve\u010der bo bolj miren kot druga leta &#8211; Za doma\u010dim zape\u010dkom in v dru\u017ebi najbli\u017ejih - Hudo Slovenija","robots":{"index":"index","follow":"follow","max-snippet":"max-snippet:-1","max-image-preview":"max-image-preview:large","max-video-preview":"max-video-preview:-1"},"canonical":"https:\/\/hudo.com\/si\/zabava\/letosnji-silvestrski-vecer-bo-bolj-miren-kot-druga-leta-za-domacim-zapeckom-in-v-druzbi-najblizjih\/","og_locale":"sl_SI","og_type":"article","og_title":"Leto\u0161nji silvestrski ve\u010der bo bolj miren kot druga leta &#8211; Za doma\u010dim zape\u010dkom in v dru\u017ebi najbli\u017ejih - Hudo Slovenija","og_description":"Dana\u0161nji silvestrski ve\u010der, s katerim bomo zaklju\u010dili leto, ki nam bo v spominu ostalo po izbruhu epidemije covida-19, bo zaradi protikoronskih ukrepov bolj miren kot minula leta.","og_url":"https:\/\/hudo.com\/si\/zabava\/letosnji-silvestrski-vecer-bo-bolj-miren-kot-druga-leta-za-domacim-zapeckom-in-v-druzbi-najblizjih\/","og_site_name":"Hudo Slovenija","article_publisher":"https:\/\/www.facebook.com\/hudo.si","article_published_time":"2020-12-31T07:01:44+00:00","og_image":[{"width":1250,"height":892,"url":"https:\/\/hudo.com\/si\/wp-content\/uploads\/sites\/2\/2020\/12\/profimedia-0572600392-1.jpg","type":"image\/jpeg"}],"author":"hudo","twitter_card":"summary_large_image","twitter_creator":"@hudo_si","twitter_site":"@hudo_si","twitter_misc":{"Written by":"hudo","Est. reading time":"3 minute"},"schema":{"@context":"https:\/\/schema.org","@graph":[{"@type":"Article","@id":"https:\/\/hudo.com\/si\/zabava\/letosnji-silvestrski-vecer-bo-bolj-miren-kot-druga-leta-za-domacim-zapeckom-in-v-druzbi-najblizjih\/#article","isPartOf":{"@id":"https:\/\/hudo.com\/si\/zabava\/letosnji-silvestrski-vecer-bo-bolj-miren-kot-druga-leta-za-domacim-zapeckom-in-v-druzbi-najblizjih\/"},"author":{"name":"hudo","@id":"https:\/\/hudo.com\/si\/#\/schema\/person\/601cf3379633985b20f7e50f2bb47707"},"headline":"Leto\u0161nji silvestrski ve\u010der bo bolj miren kot druga leta &#8211; Za doma\u010dim zape\u010dkom in v dru\u017ebi najbli\u017ejih","datePublished":"2020-12-31T07:01:44+00:00","dateModified":"2020-12-31T07:01:44+00:00","mainEntityOfPage":{"@id":"https:\/\/hudo.com\/si\/zabava\/letosnji-silvestrski-vecer-bo-bolj-miren-kot-druga-leta-za-domacim-zapeckom-in-v-druzbi-najblizjih\/"},"wordCount":591,"publisher":{"@id":"https:\/\/hudo.com\/si\/#organization"},"keywords":["silvestrovanje 2020\/2021","silvestrovo"],"articleSection":["Zabava"],"inLanguage":"sl-SI"},{"@type":"WebPage","@id":"https:\/\/hudo.com\/si\/zabava\/letosnji-silvestrski-vecer-bo-bolj-miren-kot-druga-leta-za-domacim-zapeckom-in-v-druzbi-najblizjih\/","url":"https:\/\/hudo.com\/si\/zabava\/letosnji-silvestrski-vecer-bo-bolj-miren-kot-druga-leta-za-domacim-zapeckom-in-v-druzbi-najblizjih\/","name":"Leto\u0161nji silvestrski ve\u010der bo bolj miren kot druga leta &#8211; Za doma\u010dim zape\u010dkom in v dru\u017ebi najbli\u017ejih - Hudo Slovenija","isPartOf":{"@id":"https:\/\/hudo.com\/si\/#website"},"datePublished":"2020-12-31T07:01:44+00:00","dateModified":"2020-12-31T07:01:44+00:00","breadcrumb":{"@id":"https:\/\/hudo.com\/si\/zabava\/letosnji-silvestrski-vecer-bo-bolj-miren-kot-druga-leta-za-domacim-zapeckom-in-v-druzbi-najblizjih\/#breadcrumb"},"inLanguage":"sl-SI","potentialAction":[{"@type":"ReadAction","target":["https:\/\/hudo.com\/si\/zabava\/letosnji-silvestrski-vecer-bo-bolj-miren-kot-druga-leta-za-domacim-zapeckom-in-v-druzbi-najblizjih\/"]}]},{"@type":"BreadcrumbList","@id":"https:\/\/hudo.com\/si\/zabava\/letosnji-silvestrski-vecer-bo-bolj-miren-kot-druga-leta-za-domacim-zapeckom-in-v-druzbi-najblizjih\/#breadcrumb","itemListElement":[{"@type":"ListItem","position":1,"name":"Home","item":"https:\/\/hudo.com\/si\/"},{"@type":"ListItem","position":2,"name":"Leto\u0161nji silvestrski ve\u010der bo bolj miren kot druga leta &#8211; Za doma\u010dim zape\u010dkom in v dru\u017ebi najbli\u017ejih"}]},{"@type":"WebSite","@id":"https:\/\/hudo.com\/si\/#website","url":"https:\/\/hudo.com\/si\/","name":"Hudo Slovenija","description":"Vse novice iz Slovenije in sveta","publisher":{"@id":"https:\/\/hudo.com\/si\/#organization"},"potentialAction":[{"@type":"SearchAction","target":{"@type":"EntryPoint","urlTemplate":"https:\/\/hudo.com\/si\/?s={search_term_string}"},"query-input":"required name=search_term_string"}],"inLanguage":"sl-SI"},{"@type":"Organization","@id":"https:\/\/hudo.com\/si\/#organization","name":"VSN Media","url":"https:\/\/hudo.com\/si\/","logo":{"@type":"ImageObject","inLanguage":"sl-SI","@id":"https:\/\/hudo.com\/si\/#\/schema\/logo\/image\/","url":"https:\/\/hudo.com\/si\/wp-content\/uploads\/sites\/2\/2021\/03\/hudo-app-2.png","contentUrl":"https:\/\/hudo.com\/si\/wp-content\/uploads\/sites\/2\/2021\/03\/hudo-app-2.png","width":2185,"height":2167,"caption":"VSN Media"},"image":{"@id":"https:\/\/hudo.com\/si\/#\/schema\/logo\/image\/"},"sameAs":["https:\/\/www.facebook.com\/hudo.si","https:\/\/twitter.com\/hudo_si"]},{"@type":"Person","@id":"https:\/\/hudo.com\/si\/#\/schema\/person\/601cf3379633985b20f7e50f2bb47707","name":"hudo","image":{"@type":"ImageObject","inLanguage":"sl-SI","@id":"https:\/\/hudo.com\/si\/#\/schema\/person\/image\/","url":"https:\/\/secure.gravatar.com\/avatar\/c4ca25fa72cace7a696b52ff5db9e095?s=96&d=mm&r=g","contentUrl":"https:\/\/secure.gravatar.com\/avatar\/c4ca25fa72cace7a696b52ff5db9e095?s=96&d=mm&r=g","caption":"hudo"},"url":"https:\/\/hudo.com\/si\/author\/hudo\/"}]}},"amp_enabled":true,"_links":{"self":[{"href":"https:\/\/hudo.com\/si\/wp-json\/wp\/v2\/posts\/441372"}],"collection":[{"href":"https:\/\/hudo.com\/si\/wp-json\/wp\/v2\/posts"}],"about":[{"href":"https:\/\/hudo.com\/si\/wp-json\/wp\/v2\/types\/post"}],"author":[{"embeddable":true,"href":"https:\/\/hudo.com\/si\/wp-json\/wp\/v2\/users\/1"}],"replies":[{"embeddable":true,"href":"https:\/\/hudo.com\/si\/wp-json\/wp\/v2\/comments?post=441372"}],"version-history":[{"count":0,"href":"https:\/\/hudo.com\/si\/wp-json\/wp\/v2\/posts\/441372\/revisions"}],"wp:featuredmedia":[{"embeddable":true,"href":"https:\/\/hudo.com\/si\/wp-json\/wp\/v2\/media\/441373"}],"wp:attachment":[{"href":"https:\/\/hudo.com\/si\/wp-json\/wp\/v2\/media?parent=441372"}],"wp:term":[{"taxonomy":"category","embeddable":true,"href":"https:\/\/hudo.com\/si\/wp-json\/wp\/v2\/categories?post=441372"},{"taxonomy":"post_tag","embeddable":true,"href":"https:\/\/hudo.com\/si\/wp-json\/wp\/v2\/tags?post=441372"},{"taxonomy":"source","embeddable":true,"href":"https:\/\/hudo.com\/si\/wp-json\/wp\/v2\/source?post=441372"},{"taxonomy":"supertag","embeddable":true,"href":"https:\/\/hudo.com\/si\/wp-json\/wp\/v2\/supertag?post=441372"}],"curies":[{"name":"wp","href":"https:\/\/api.w.org\/{rel}","templated":true}]}}