{"id":441559,"date":"2021-01-04T08:06:18","date_gmt":"2021-01-04T07:06:18","guid":{"rendered":"http:\/\/hudo.com\/si\/?p=441559"},"modified":"2021-01-04T08:06:18","modified_gmt":"2021-01-04T07:06:18","slug":"v-fitnesih-od-danes-lahko-trenira-vec-ljudi-hkrati","status":"publish","type":"post","link":"https:\/\/hudo.com\/si\/aktualno\/v-fitnesih-od-danes-lahko-trenira-vec-ljudi-hkrati\/","title":{"rendered":"V fitnesih od danes lahko trenira ve\u010d ljudi hkrati"},"content":{"rendered":"<p>Vlada je namre\u010d na dopisni seji 31. decembra sprostila nekatere ukrepe za prepre\u010devanje \u0161irjenja oku\u017eb z novim koronavirusom na podro\u010dju \u0161porta, spremembe so objavljene tudi v uradnem listu in za\u010dnejo veljati danes. Pri vseh \u0161portnih aktivnostih se morajo obenem upo\u0161tevati navodila in priporo\u010dila Nacionalnega in\u0161tituta za javno zdravje.<\/p>\n<p>&#8220;V novem odloku je pri vadbi predviden le en posameznik, ki ga spremlja usposobljena oseba zaradi varnosti in pravilnej\u0161ega izvajanja vadbe. Ve\u010d jih je lahko le, \u010de ima vsak posameznik na voljo 50 kvadratnih metrov v posameznem prostoru ter pet metrov medosebne razdalje. Pri bazenih je prav tako potrebno zagotoviti 50 kvadratnih metrov na posameznika, zaradi zagotavljanja medsebojne razdalje pa je lahko zapolnjena vsaka druga proga,&#8221; je za STA pojasnila generalna direktorica direktorata za \u0161port Mojca Doupona.<\/p>\n<p>V vadbenem prostoru, ki je manj\u0161i od 50 kvadratnih metrov, lahko vadi najve\u010d ena oseba. &#8220;Ve\u010d posameznikov je lahko pri vadbi le, \u010de bi bila v posameznem prostoru dru\u017eina,&#8221; je \u0161e dodala Doupona. Prav tako za vstop v fitnese in druge \u0161portne objekte ni potreben negativni test na novi koronavirus, ki je sicer obvezen za obisk smu\u010di\u0161\u010d.<\/p>\n<p>Na zadnji dan leta 2020 je bila sprejeta tudi odlo\u010ditev, da lahko najbolj\u0161i slovenski \u0161portniki v kadetski in mladinski konkurenci vnovi\u010d trenirajo, vendar le v &#8220;mehur\u010dkih&#8221;. Trening mladincev in kadetov je tako dovoljen le, \u010de poteka v zaprtih in fizi\u010dno lo\u010denih skupinah. Gre za pribli\u017eno 1000 \u0161portnikov, ki so delno \u017ee zajeti v kategoriji perspektivnih \u0161portnikov.<\/p>\n","protected":false},"excerpt":{"rendered":"<p>Od danes lahko v fitnesih in telovadnicah ter bazenih po Sloveniji vadi ve\u010d posameznikov, \u010detudi niso \u010dlani istega gospodinjstva, vendar morajo imeti pet metrov medsebojne razdalje in na voljo najmanj 50 kvadratov na osebo v posameznem prostoru. Vadba je v &#8220;mehur\u010dkih&#8221; dovoljena tudi najbolj\u0161im mladim \u0161portnikom, izhaja vladnega odloka.<\/p>\n","protected":false},"author":5,"featured_media":424171,"comment_status":"closed","ping_status":"closed","sticky":false,"template":"","format":"standard","meta":{"footnotes":""},"categories":[1179],"tags":[1555,15632,1595,4780,1598],"source":[4511],"supertag":[5316,5675,6098],"acf":[],"yoast_head":"<!-- This site is optimized with the Yoast SEO plugin v21.3 - https:\/\/yoast.com\/wordpress\/plugins\/seo\/ -->\n<title>V fitnesih od danes lahko trenira ve\u010d ljudi hkrati - Hudo Slovenija<\/title>\n<meta name=\"robots\" content=\"index, follow, max-snippet:-1, max-image-preview:large, max-video-preview:-1\" \/>\n<link rel=\"canonical\" href=\"https:\/\/hudo.com\/si\/aktualno\/v-fitnesih-od-danes-lahko-trenira-vec-ljudi-hkrati\/\" \/>\n<meta property=\"og:locale\" content=\"sl_SI\" \/>\n<meta property=\"og:type\" content=\"article\" \/>\n<meta property=\"og:title\" content=\"V fitnesih od danes lahko trenira ve\u010d ljudi hkrati - Hudo Slovenija\" \/>\n<meta property=\"og:description\" content=\"Od danes lahko v fitnesih in telovadnicah ter bazenih po Sloveniji vadi ve\u010d posameznikov, \u010detudi niso \u010dlani istega gospodinjstva, vendar morajo imeti pet metrov medsebojne razdalje in na voljo najmanj 50 kvadratov na osebo v posameznem prostoru. Vadba je v &quot;mehur\u010dkih&quot; dovoljena tudi najbolj\u0161im mladim \u0161portnikom, izhaja vladnega odloka.\" \/>\n<meta property=\"og:url\" content=\"https:\/\/hudo.com\/si\/aktualno\/v-fitnesih-od-danes-lahko-trenira-vec-ljudi-hkrati\/\" \/>\n<meta property=\"og:site_name\" content=\"Hudo Slovenija\" \/>\n<meta property=\"article:publisher\" content=\"https:\/\/www.facebook.com\/hudo.si\" \/>\n<meta property=\"article:published_time\" content=\"2021-01-04T07:06:18+00:00\" \/>\n<meta property=\"og:image\" content=\"https:\/\/hudo.com\/si\/wp-content\/uploads\/sites\/2\/2020\/05\/profimedia-0282224295.jpg\" \/>\n\t<meta property=\"og:image:width\" content=\"1250\" \/>\n\t<meta property=\"og:image:height\" content=\"833\" \/>\n\t<meta property=\"og:image:type\" content=\"image\/jpeg\" \/>\n<meta name=\"author\" content=\"A. G., STA\" \/>\n<meta name=\"twitter:card\" content=\"summary_large_image\" \/>\n<meta name=\"twitter:creator\" content=\"@hudo_si\" \/>\n<meta name=\"twitter:site\" content=\"@hudo_si\" \/>\n<meta name=\"twitter:label1\" content=\"Written by\" \/>\n\t<meta name=\"twitter:data1\" content=\"A. G., STA\" \/>\n\t<meta name=\"twitter:label2\" content=\"Est. reading time\" \/>\n\t<meta name=\"twitter:data2\" content=\"1 minuta\" \/>\n<script type=\"application\/ld+json\" class=\"yoast-schema-graph\">{\"@context\":\"https:\/\/schema.org\",\"@graph\":[{\"@type\":\"Article\",\"@id\":\"https:\/\/hudo.com\/si\/aktualno\/v-fitnesih-od-danes-lahko-trenira-vec-ljudi-hkrati\/#article\",\"isPartOf\":{\"@id\":\"https:\/\/hudo.com\/si\/aktualno\/v-fitnesih-od-danes-lahko-trenira-vec-ljudi-hkrati\/\"},\"author\":{\"name\":\"A. G., STA\",\"@id\":\"https:\/\/hudo.com\/si\/#\/schema\/person\/2391667a63ea075ba94f2f2dc6b77537\"},\"headline\":\"V fitnesih od danes lahko trenira ve\u010d ljudi hkrati\",\"datePublished\":\"2021-01-04T07:06:18+00:00\",\"dateModified\":\"2021-01-04T07:06:18+00:00\",\"mainEntityOfPage\":{\"@id\":\"https:\/\/hudo.com\/si\/aktualno\/v-fitnesih-od-danes-lahko-trenira-vec-ljudi-hkrati\/\"},\"wordCount\":258,\"publisher\":{\"@id\":\"https:\/\/hudo.com\/si\/#organization\"},\"keywords\":[\"fitnes\",\"koronavirus\",\"Slovenija\",\"ukrepi\",\"vadba\"],\"articleSection\":[\"Aktualno\"],\"inLanguage\":\"sl-SI\"},{\"@type\":\"WebPage\",\"@id\":\"https:\/\/hudo.com\/si\/aktualno\/v-fitnesih-od-danes-lahko-trenira-vec-ljudi-hkrati\/\",\"url\":\"https:\/\/hudo.com\/si\/aktualno\/v-fitnesih-od-danes-lahko-trenira-vec-ljudi-hkrati\/\",\"name\":\"V fitnesih od danes lahko trenira ve\u010d ljudi hkrati - Hudo Slovenija\",\"isPartOf\":{\"@id\":\"https:\/\/hudo.com\/si\/#website\"},\"datePublished\":\"2021-01-04T07:06:18+00:00\",\"dateModified\":\"2021-01-04T07:06:18+00:00\",\"breadcrumb\":{\"@id\":\"https:\/\/hudo.com\/si\/aktualno\/v-fitnesih-od-danes-lahko-trenira-vec-ljudi-hkrati\/#breadcrumb\"},\"inLanguage\":\"sl-SI\",\"potentialAction\":[{\"@type\":\"ReadAction\",\"target\":[\"https:\/\/hudo.com\/si\/aktualno\/v-fitnesih-od-danes-lahko-trenira-vec-ljudi-hkrati\/\"]}]},{\"@type\":\"BreadcrumbList\",\"@id\":\"https:\/\/hudo.com\/si\/aktualno\/v-fitnesih-od-danes-lahko-trenira-vec-ljudi-hkrati\/#breadcrumb\",\"itemListElement\":[{\"@type\":\"ListItem\",\"position\":1,\"name\":\"Home\",\"item\":\"https:\/\/hudo.com\/si\/\"},{\"@type\":\"ListItem\",\"position\":2,\"name\":\"V fitnesih od danes lahko trenira ve\u010d ljudi hkrati\"}]},{\"@type\":\"WebSite\",\"@id\":\"https:\/\/hudo.com\/si\/#website\",\"url\":\"https:\/\/hudo.com\/si\/\",\"name\":\"Hudo Slovenija\",\"description\":\"Vse novice iz Slovenije in sveta\",\"publisher\":{\"@id\":\"https:\/\/hudo.com\/si\/#organization\"},\"potentialAction\":[{\"@type\":\"SearchAction\",\"target\":{\"@type\":\"EntryPoint\",\"urlTemplate\":\"https:\/\/hudo.com\/si\/?s={search_term_string}\"},\"query-input\":\"required name=search_term_string\"}],\"inLanguage\":\"sl-SI\"},{\"@type\":\"Organization\",\"@id\":\"https:\/\/hudo.com\/si\/#organization\",\"name\":\"VSN Media\",\"url\":\"https:\/\/hudo.com\/si\/\",\"logo\":{\"@type\":\"ImageObject\",\"inLanguage\":\"sl-SI\",\"@id\":\"https:\/\/hudo.com\/si\/#\/schema\/logo\/image\/\",\"url\":\"https:\/\/hudo.com\/si\/wp-content\/uploads\/sites\/2\/2021\/03\/hudo-app-2.png\",\"contentUrl\":\"https:\/\/hudo.com\/si\/wp-content\/uploads\/sites\/2\/2021\/03\/hudo-app-2.png\",\"width\":2185,\"height\":2167,\"caption\":\"VSN Media\"},\"image\":{\"@id\":\"https:\/\/hudo.com\/si\/#\/schema\/logo\/image\/\"},\"sameAs\":[\"https:\/\/www.facebook.com\/hudo.si\",\"https:\/\/twitter.com\/hudo_si\"]},{\"@type\":\"Person\",\"@id\":\"https:\/\/hudo.com\/si\/#\/schema\/person\/2391667a63ea075ba94f2f2dc6b77537\",\"name\":\"A. G., STA\",\"image\":{\"@type\":\"ImageObject\",\"inLanguage\":\"sl-SI\",\"@id\":\"https:\/\/hudo.com\/si\/#\/schema\/person\/image\/\",\"url\":\"https:\/\/secure.gravatar.com\/avatar\/e13d22ac3e442658d5025fbbe6238a79?s=96&d=mm&r=g\",\"contentUrl\":\"https:\/\/secure.gravatar.com\/avatar\/e13d22ac3e442658d5025fbbe6238a79?s=96&d=mm&r=g\",\"caption\":\"A. G., STA\"},\"url\":\"https:\/\/hudo.com\/si\/author\/alenka\/\"}]}<\/script>\n<!-- \/ Yoast SEO plugin. -->","yoast_head_json":{"title":"V fitnesih od danes lahko trenira ve\u010d ljudi hkrati - Hudo Slovenija","robots":{"index":"index","follow":"follow","max-snippet":"max-snippet:-1","max-image-preview":"max-image-preview:large","max-video-preview":"max-video-preview:-1"},"canonical":"https:\/\/hudo.com\/si\/aktualno\/v-fitnesih-od-danes-lahko-trenira-vec-ljudi-hkrati\/","og_locale":"sl_SI","og_type":"article","og_title":"V fitnesih od danes lahko trenira ve\u010d ljudi hkrati - Hudo Slovenija","og_description":"Od danes lahko v fitnesih in telovadnicah ter bazenih po Sloveniji vadi ve\u010d posameznikov, \u010detudi niso \u010dlani istega gospodinjstva, vendar morajo imeti pet metrov medsebojne razdalje in na voljo najmanj 50 kvadratov na osebo v posameznem prostoru. Vadba je v \"mehur\u010dkih\" dovoljena tudi najbolj\u0161im mladim \u0161portnikom, izhaja vladnega odloka.","og_url":"https:\/\/hudo.com\/si\/aktualno\/v-fitnesih-od-danes-lahko-trenira-vec-ljudi-hkrati\/","og_site_name":"Hudo Slovenija","article_publisher":"https:\/\/www.facebook.com\/hudo.si","article_published_time":"2021-01-04T07:06:18+00:00","og_image":[{"width":1250,"height":833,"url":"https:\/\/hudo.com\/si\/wp-content\/uploads\/sites\/2\/2020\/05\/profimedia-0282224295.jpg","type":"image\/jpeg"}],"author":"A. G., STA","twitter_card":"summary_large_image","twitter_creator":"@hudo_si","twitter_site":"@hudo_si","twitter_misc":{"Written by":"A. G., STA","Est. reading time":"1 minuta"},"schema":{"@context":"https:\/\/schema.org","@graph":[{"@type":"Article","@id":"https:\/\/hudo.com\/si\/aktualno\/v-fitnesih-od-danes-lahko-trenira-vec-ljudi-hkrati\/#article","isPartOf":{"@id":"https:\/\/hudo.com\/si\/aktualno\/v-fitnesih-od-danes-lahko-trenira-vec-ljudi-hkrati\/"},"author":{"name":"A. G., STA","@id":"https:\/\/hudo.com\/si\/#\/schema\/person\/2391667a63ea075ba94f2f2dc6b77537"},"headline":"V fitnesih od danes lahko trenira ve\u010d ljudi hkrati","datePublished":"2021-01-04T07:06:18+00:00","dateModified":"2021-01-04T07:06:18+00:00","mainEntityOfPage":{"@id":"https:\/\/hudo.com\/si\/aktualno\/v-fitnesih-od-danes-lahko-trenira-vec-ljudi-hkrati\/"},"wordCount":258,"publisher":{"@id":"https:\/\/hudo.com\/si\/#organization"},"keywords":["fitnes","koronavirus","Slovenija","ukrepi","vadba"],"articleSection":["Aktualno"],"inLanguage":"sl-SI"},{"@type":"WebPage","@id":"https:\/\/hudo.com\/si\/aktualno\/v-fitnesih-od-danes-lahko-trenira-vec-ljudi-hkrati\/","url":"https:\/\/hudo.com\/si\/aktualno\/v-fitnesih-od-danes-lahko-trenira-vec-ljudi-hkrati\/","name":"V fitnesih od danes lahko trenira ve\u010d ljudi hkrati - Hudo Slovenija","isPartOf":{"@id":"https:\/\/hudo.com\/si\/#website"},"datePublished":"2021-01-04T07:06:18+00:00","dateModified":"2021-01-04T07:06:18+00:00","breadcrumb":{"@id":"https:\/\/hudo.com\/si\/aktualno\/v-fitnesih-od-danes-lahko-trenira-vec-ljudi-hkrati\/#breadcrumb"},"inLanguage":"sl-SI","potentialAction":[{"@type":"ReadAction","target":["https:\/\/hudo.com\/si\/aktualno\/v-fitnesih-od-danes-lahko-trenira-vec-ljudi-hkrati\/"]}]},{"@type":"BreadcrumbList","@id":"https:\/\/hudo.com\/si\/aktualno\/v-fitnesih-od-danes-lahko-trenira-vec-ljudi-hkrati\/#breadcrumb","itemListElement":[{"@type":"ListItem","position":1,"name":"Home","item":"https:\/\/hudo.com\/si\/"},{"@type":"ListItem","position":2,"name":"V fitnesih od danes lahko trenira ve\u010d ljudi hkrati"}]},{"@type":"WebSite","@id":"https:\/\/hudo.com\/si\/#website","url":"https:\/\/hudo.com\/si\/","name":"Hudo Slovenija","description":"Vse novice iz Slovenije in sveta","publisher":{"@id":"https:\/\/hudo.com\/si\/#organization"},"potentialAction":[{"@type":"SearchAction","target":{"@type":"EntryPoint","urlTemplate":"https:\/\/hudo.com\/si\/?s={search_term_string}"},"query-input":"required name=search_term_string"}],"inLanguage":"sl-SI"},{"@type":"Organization","@id":"https:\/\/hudo.com\/si\/#organization","name":"VSN Media","url":"https:\/\/hudo.com\/si\/","logo":{"@type":"ImageObject","inLanguage":"sl-SI","@id":"https:\/\/hudo.com\/si\/#\/schema\/logo\/image\/","url":"https:\/\/hudo.com\/si\/wp-content\/uploads\/sites\/2\/2021\/03\/hudo-app-2.png","contentUrl":"https:\/\/hudo.com\/si\/wp-content\/uploads\/sites\/2\/2021\/03\/hudo-app-2.png","width":2185,"height":2167,"caption":"VSN Media"},"image":{"@id":"https:\/\/hudo.com\/si\/#\/schema\/logo\/image\/"},"sameAs":["https:\/\/www.facebook.com\/hudo.si","https:\/\/twitter.com\/hudo_si"]},{"@type":"Person","@id":"https:\/\/hudo.com\/si\/#\/schema\/person\/2391667a63ea075ba94f2f2dc6b77537","name":"A. G., STA","image":{"@type":"ImageObject","inLanguage":"sl-SI","@id":"https:\/\/hudo.com\/si\/#\/schema\/person\/image\/","url":"https:\/\/secure.gravatar.com\/avatar\/e13d22ac3e442658d5025fbbe6238a79?s=96&d=mm&r=g","contentUrl":"https:\/\/secure.gravatar.com\/avatar\/e13d22ac3e442658d5025fbbe6238a79?s=96&d=mm&r=g","caption":"A. G., STA"},"url":"https:\/\/hudo.com\/si\/author\/alenka\/"}]}},"amp_enabled":true,"_links":{"self":[{"href":"https:\/\/hudo.com\/si\/wp-json\/wp\/v2\/posts\/441559"}],"collection":[{"href":"https:\/\/hudo.com\/si\/wp-json\/wp\/v2\/posts"}],"about":[{"href":"https:\/\/hudo.com\/si\/wp-json\/wp\/v2\/types\/post"}],"author":[{"embeddable":true,"href":"https:\/\/hudo.com\/si\/wp-json\/wp\/v2\/users\/5"}],"replies":[{"embeddable":true,"href":"https:\/\/hudo.com\/si\/wp-json\/wp\/v2\/comments?post=441559"}],"version-history":[{"count":1,"href":"https:\/\/hudo.com\/si\/wp-json\/wp\/v2\/posts\/441559\/revisions"}],"predecessor-version":[{"id":441560,"href":"https:\/\/hudo.com\/si\/wp-json\/wp\/v2\/posts\/441559\/revisions\/441560"}],"wp:featuredmedia":[{"embeddable":true,"href":"https:\/\/hudo.com\/si\/wp-json\/wp\/v2\/media\/424171"}],"wp:attachment":[{"href":"https:\/\/hudo.com\/si\/wp-json\/wp\/v2\/media?parent=441559"}],"wp:term":[{"taxonomy":"category","embeddable":true,"href":"https:\/\/hudo.com\/si\/wp-json\/wp\/v2\/categories?post=441559"},{"taxonomy":"post_tag","embeddable":true,"href":"https:\/\/hudo.com\/si\/wp-json\/wp\/v2\/tags?post=441559"},{"taxonomy":"source","embeddable":true,"href":"https:\/\/hudo.com\/si\/wp-json\/wp\/v2\/source?post=441559"},{"taxonomy":"supertag","embeddable":true,"href":"https:\/\/hudo.com\/si\/wp-json\/wp\/v2\/supertag?post=441559"}],"curies":[{"name":"wp","href":"https:\/\/api.w.org\/{rel}","templated":true}]}}