{"id":441645,"date":"2021-01-05T08:23:01","date_gmt":"2021-01-05T07:23:01","guid":{"rendered":"http:\/\/hudo.com\/si\/?p=441645"},"modified":"2021-01-05T08:23:01","modified_gmt":"2021-01-05T07:23:01","slug":"v-washingtonu-se-bojijo-mnozicnih-protestov-trumpovih-podpornikov-zupanja-mobilizirala-nacionalno-gardo","status":"publish","type":"post","link":"https:\/\/hudo.com\/si\/aktualno\/v-washingtonu-se-bojijo-mnozicnih-protestov-trumpovih-podpornikov-zupanja-mobilizirala-nacionalno-gardo\/","title":{"rendered":"V Washingtonu se bojijo mno\u017ei\u010dnih protestov Trumpovih podpornikov, \u017eupanja mobilizirala nacionalno gardo"},"content":{"rendered":"<p>Trumpovi privr\u017eenci se bodo v prestolnici za\u010deli zbirati \u017ee danes, v sredo pa bodo nudili podporo z ulice republikanskim kongresnikom, ki bodo ugovarjali potrditvi Bidnove zmage na volitvah. Napovedani protesti vzbujajo skrb, ker bodo nekateri Trumpovi privr\u017eenci, predvsem \u010dlani skrajno desnih organizacij, v prestolnico pri\u0161li oboro\u017eeni.<\/p>\n<p>Poleg mestne policije in Trumpovih nasprotnikov se jim bo tako zoperstavila tudi vojska. Dosedanji protesti v podporo Trumpu po volitvah sicer niso bili pretirano mno\u017ei\u010dni niti pretirano nasilni. Nobenega dvoma ni, da bo spet pri\u0161lo do spopadov med Trumpovimi privr\u017eenci in nasprotniki, kar bo slu\u017eilo kot dobro ozadje dogajanja v kongresu, kjer so politiki razdeljeni, tako kot so dr\u017eavljani.<\/p>\n<p>Trump, ki volilnega poraza ne priznava in se ne \u017eeli posloviti od oblasti, proteste vzpodbuja. Na Twitterju promovira napovedi protesta in obljublja, da bo tam. V Washingtonu bo, verjetno pa ne blizu protestov. Doslej je svoje privr\u017eence na dveh protestih v Washingtonu le pozdravil od dale\u010d s preletom helikopterja na partijo golfa, drugi\u010d pa iz limuzine.<\/p>\n","protected":false},"excerpt":{"rendered":"<p>\u017dupanja ameri\u0161ke prestolnice Washington Muriel Bowser je v pri\u010dakovanju nasilja podpornikov predsednika ZDA Donalda Trumpa med potrjevanjem njegovega volilnega poraza na volitvah proti Josephu Bidnu v zveznem kongresu v sredo poklicala na pomo\u010d nacionalno gardo.<\/p>\n","protected":false},"author":5,"featured_media":434445,"comment_status":"closed","ping_status":"closed","sticky":false,"template":"","format":"standard","meta":{"footnotes":""},"categories":[1179],"tags":[17462,9272,1682],"source":[4511],"supertag":[6103],"acf":[],"yoast_head":"<!-- This site is optimized with the Yoast SEO plugin v21.3 - https:\/\/yoast.com\/wordpress\/plugins\/seo\/ -->\n<title>V Washingtonu se bojijo mno\u017ei\u010dnih protestov Trumpovih podpornikov, \u017eupanja mobilizirala nacionalno gardo - Hudo Slovenija<\/title>\n<meta name=\"robots\" content=\"index, follow, max-snippet:-1, max-image-preview:large, max-video-preview:-1\" \/>\n<link rel=\"canonical\" href=\"https:\/\/hudo.com\/si\/aktualno\/v-washingtonu-se-bojijo-mnozicnih-protestov-trumpovih-podpornikov-zupanja-mobilizirala-nacionalno-gardo\/\" \/>\n<meta property=\"og:locale\" content=\"sl_SI\" \/>\n<meta property=\"og:type\" content=\"article\" \/>\n<meta property=\"og:title\" content=\"V Washingtonu se bojijo mno\u017ei\u010dnih protestov Trumpovih podpornikov, \u017eupanja mobilizirala nacionalno gardo - Hudo Slovenija\" \/>\n<meta property=\"og:description\" content=\"\u017dupanja ameri\u0161ke prestolnice Washington Muriel Bowser je v pri\u010dakovanju nasilja podpornikov predsednika ZDA Donalda Trumpa med potrjevanjem njegovega volilnega poraza na volitvah proti Josephu Bidnu v zveznem kongresu v sredo poklicala na pomo\u010d nacionalno gardo.\" \/>\n<meta property=\"og:url\" content=\"https:\/\/hudo.com\/si\/aktualno\/v-washingtonu-se-bojijo-mnozicnih-protestov-trumpovih-podpornikov-zupanja-mobilizirala-nacionalno-gardo\/\" \/>\n<meta property=\"og:site_name\" content=\"Hudo Slovenija\" \/>\n<meta property=\"article:publisher\" content=\"https:\/\/www.facebook.com\/hudo.si\" \/>\n<meta property=\"article:published_time\" content=\"2021-01-05T07:23:01+00:00\" \/>\n<meta property=\"og:image\" content=\"https:\/\/hudo.com\/si\/wp-content\/uploads\/sites\/2\/2020\/10\/profimedia-0541131261.jpg\" \/>\n\t<meta property=\"og:image:width\" content=\"1250\" \/>\n\t<meta property=\"og:image:height\" content=\"833\" \/>\n\t<meta property=\"og:image:type\" content=\"image\/jpeg\" \/>\n<meta name=\"author\" content=\"A. G., STA\" \/>\n<meta name=\"twitter:card\" content=\"summary_large_image\" \/>\n<meta name=\"twitter:creator\" content=\"@hudo_si\" \/>\n<meta name=\"twitter:site\" content=\"@hudo_si\" \/>\n<meta name=\"twitter:label1\" content=\"Written by\" \/>\n\t<meta name=\"twitter:data1\" content=\"A. G., STA\" \/>\n\t<meta name=\"twitter:label2\" content=\"Est. reading time\" \/>\n\t<meta name=\"twitter:data2\" content=\"1 minuta\" \/>\n<script type=\"application\/ld+json\" class=\"yoast-schema-graph\">{\"@context\":\"https:\/\/schema.org\",\"@graph\":[{\"@type\":\"Article\",\"@id\":\"https:\/\/hudo.com\/si\/aktualno\/v-washingtonu-se-bojijo-mnozicnih-protestov-trumpovih-podpornikov-zupanja-mobilizirala-nacionalno-gardo\/#article\",\"isPartOf\":{\"@id\":\"https:\/\/hudo.com\/si\/aktualno\/v-washingtonu-se-bojijo-mnozicnih-protestov-trumpovih-podpornikov-zupanja-mobilizirala-nacionalno-gardo\/\"},\"author\":{\"name\":\"A. G., STA\",\"@id\":\"https:\/\/hudo.com\/si\/#\/schema\/person\/2391667a63ea075ba94f2f2dc6b77537\"},\"headline\":\"V Washingtonu se bojijo mno\u017ei\u010dnih protestov Trumpovih podpornikov, \u017eupanja mobilizirala nacionalno gardo\",\"datePublished\":\"2021-01-05T07:23:01+00:00\",\"dateModified\":\"2021-01-05T07:23:01+00:00\",\"mainEntityOfPage\":{\"@id\":\"https:\/\/hudo.com\/si\/aktualno\/v-washingtonu-se-bojijo-mnozicnih-protestov-trumpovih-podpornikov-zupanja-mobilizirala-nacionalno-gardo\/\"},\"wordCount\":187,\"publisher\":{\"@id\":\"https:\/\/hudo.com\/si\/#organization\"},\"keywords\":[\"ameri\u0161ke predsedni\u0161ke volitve\",\"protest\",\"ZDA\"],\"articleSection\":[\"Aktualno\"],\"inLanguage\":\"sl-SI\"},{\"@type\":\"WebPage\",\"@id\":\"https:\/\/hudo.com\/si\/aktualno\/v-washingtonu-se-bojijo-mnozicnih-protestov-trumpovih-podpornikov-zupanja-mobilizirala-nacionalno-gardo\/\",\"url\":\"https:\/\/hudo.com\/si\/aktualno\/v-washingtonu-se-bojijo-mnozicnih-protestov-trumpovih-podpornikov-zupanja-mobilizirala-nacionalno-gardo\/\",\"name\":\"V Washingtonu se bojijo mno\u017ei\u010dnih protestov Trumpovih podpornikov, \u017eupanja mobilizirala nacionalno gardo - Hudo Slovenija\",\"isPartOf\":{\"@id\":\"https:\/\/hudo.com\/si\/#website\"},\"datePublished\":\"2021-01-05T07:23:01+00:00\",\"dateModified\":\"2021-01-05T07:23:01+00:00\",\"breadcrumb\":{\"@id\":\"https:\/\/hudo.com\/si\/aktualno\/v-washingtonu-se-bojijo-mnozicnih-protestov-trumpovih-podpornikov-zupanja-mobilizirala-nacionalno-gardo\/#breadcrumb\"},\"inLanguage\":\"sl-SI\",\"potentialAction\":[{\"@type\":\"ReadAction\",\"target\":[\"https:\/\/hudo.com\/si\/aktualno\/v-washingtonu-se-bojijo-mnozicnih-protestov-trumpovih-podpornikov-zupanja-mobilizirala-nacionalno-gardo\/\"]}]},{\"@type\":\"BreadcrumbList\",\"@id\":\"https:\/\/hudo.com\/si\/aktualno\/v-washingtonu-se-bojijo-mnozicnih-protestov-trumpovih-podpornikov-zupanja-mobilizirala-nacionalno-gardo\/#breadcrumb\",\"itemListElement\":[{\"@type\":\"ListItem\",\"position\":1,\"name\":\"Home\",\"item\":\"https:\/\/hudo.com\/si\/\"},{\"@type\":\"ListItem\",\"position\":2,\"name\":\"V Washingtonu se bojijo mno\u017ei\u010dnih protestov Trumpovih podpornikov, \u017eupanja mobilizirala nacionalno gardo\"}]},{\"@type\":\"WebSite\",\"@id\":\"https:\/\/hudo.com\/si\/#website\",\"url\":\"https:\/\/hudo.com\/si\/\",\"name\":\"Hudo Slovenija\",\"description\":\"Vse novice iz Slovenije in sveta\",\"publisher\":{\"@id\":\"https:\/\/hudo.com\/si\/#organization\"},\"potentialAction\":[{\"@type\":\"SearchAction\",\"target\":{\"@type\":\"EntryPoint\",\"urlTemplate\":\"https:\/\/hudo.com\/si\/?s={search_term_string}\"},\"query-input\":\"required name=search_term_string\"}],\"inLanguage\":\"sl-SI\"},{\"@type\":\"Organization\",\"@id\":\"https:\/\/hudo.com\/si\/#organization\",\"name\":\"VSN Media\",\"url\":\"https:\/\/hudo.com\/si\/\",\"logo\":{\"@type\":\"ImageObject\",\"inLanguage\":\"sl-SI\",\"@id\":\"https:\/\/hudo.com\/si\/#\/schema\/logo\/image\/\",\"url\":\"https:\/\/hudo.com\/si\/wp-content\/uploads\/sites\/2\/2021\/03\/hudo-app-2.png\",\"contentUrl\":\"https:\/\/hudo.com\/si\/wp-content\/uploads\/sites\/2\/2021\/03\/hudo-app-2.png\",\"width\":2185,\"height\":2167,\"caption\":\"VSN Media\"},\"image\":{\"@id\":\"https:\/\/hudo.com\/si\/#\/schema\/logo\/image\/\"},\"sameAs\":[\"https:\/\/www.facebook.com\/hudo.si\",\"https:\/\/twitter.com\/hudo_si\"]},{\"@type\":\"Person\",\"@id\":\"https:\/\/hudo.com\/si\/#\/schema\/person\/2391667a63ea075ba94f2f2dc6b77537\",\"name\":\"A. G., STA\",\"image\":{\"@type\":\"ImageObject\",\"inLanguage\":\"sl-SI\",\"@id\":\"https:\/\/hudo.com\/si\/#\/schema\/person\/image\/\",\"url\":\"https:\/\/secure.gravatar.com\/avatar\/e13d22ac3e442658d5025fbbe6238a79?s=96&d=mm&r=g\",\"contentUrl\":\"https:\/\/secure.gravatar.com\/avatar\/e13d22ac3e442658d5025fbbe6238a79?s=96&d=mm&r=g\",\"caption\":\"A. G., STA\"},\"url\":\"https:\/\/hudo.com\/si\/author\/alenka\/\"}]}<\/script>\n<!-- \/ Yoast SEO plugin. -->","yoast_head_json":{"title":"V Washingtonu se bojijo mno\u017ei\u010dnih protestov Trumpovih podpornikov, \u017eupanja mobilizirala nacionalno gardo - Hudo Slovenija","robots":{"index":"index","follow":"follow","max-snippet":"max-snippet:-1","max-image-preview":"max-image-preview:large","max-video-preview":"max-video-preview:-1"},"canonical":"https:\/\/hudo.com\/si\/aktualno\/v-washingtonu-se-bojijo-mnozicnih-protestov-trumpovih-podpornikov-zupanja-mobilizirala-nacionalno-gardo\/","og_locale":"sl_SI","og_type":"article","og_title":"V Washingtonu se bojijo mno\u017ei\u010dnih protestov Trumpovih podpornikov, \u017eupanja mobilizirala nacionalno gardo - Hudo Slovenija","og_description":"\u017dupanja ameri\u0161ke prestolnice Washington Muriel Bowser je v pri\u010dakovanju nasilja podpornikov predsednika ZDA Donalda Trumpa med potrjevanjem njegovega volilnega poraza na volitvah proti Josephu Bidnu v zveznem kongresu v sredo poklicala na pomo\u010d nacionalno gardo.","og_url":"https:\/\/hudo.com\/si\/aktualno\/v-washingtonu-se-bojijo-mnozicnih-protestov-trumpovih-podpornikov-zupanja-mobilizirala-nacionalno-gardo\/","og_site_name":"Hudo Slovenija","article_publisher":"https:\/\/www.facebook.com\/hudo.si","article_published_time":"2021-01-05T07:23:01+00:00","og_image":[{"width":1250,"height":833,"url":"https:\/\/hudo.com\/si\/wp-content\/uploads\/sites\/2\/2020\/10\/profimedia-0541131261.jpg","type":"image\/jpeg"}],"author":"A. G., STA","twitter_card":"summary_large_image","twitter_creator":"@hudo_si","twitter_site":"@hudo_si","twitter_misc":{"Written by":"A. G., STA","Est. reading time":"1 minuta"},"schema":{"@context":"https:\/\/schema.org","@graph":[{"@type":"Article","@id":"https:\/\/hudo.com\/si\/aktualno\/v-washingtonu-se-bojijo-mnozicnih-protestov-trumpovih-podpornikov-zupanja-mobilizirala-nacionalno-gardo\/#article","isPartOf":{"@id":"https:\/\/hudo.com\/si\/aktualno\/v-washingtonu-se-bojijo-mnozicnih-protestov-trumpovih-podpornikov-zupanja-mobilizirala-nacionalno-gardo\/"},"author":{"name":"A. G., STA","@id":"https:\/\/hudo.com\/si\/#\/schema\/person\/2391667a63ea075ba94f2f2dc6b77537"},"headline":"V Washingtonu se bojijo mno\u017ei\u010dnih protestov Trumpovih podpornikov, \u017eupanja mobilizirala nacionalno gardo","datePublished":"2021-01-05T07:23:01+00:00","dateModified":"2021-01-05T07:23:01+00:00","mainEntityOfPage":{"@id":"https:\/\/hudo.com\/si\/aktualno\/v-washingtonu-se-bojijo-mnozicnih-protestov-trumpovih-podpornikov-zupanja-mobilizirala-nacionalno-gardo\/"},"wordCount":187,"publisher":{"@id":"https:\/\/hudo.com\/si\/#organization"},"keywords":["ameri\u0161ke predsedni\u0161ke volitve","protest","ZDA"],"articleSection":["Aktualno"],"inLanguage":"sl-SI"},{"@type":"WebPage","@id":"https:\/\/hudo.com\/si\/aktualno\/v-washingtonu-se-bojijo-mnozicnih-protestov-trumpovih-podpornikov-zupanja-mobilizirala-nacionalno-gardo\/","url":"https:\/\/hudo.com\/si\/aktualno\/v-washingtonu-se-bojijo-mnozicnih-protestov-trumpovih-podpornikov-zupanja-mobilizirala-nacionalno-gardo\/","name":"V Washingtonu se bojijo mno\u017ei\u010dnih protestov Trumpovih podpornikov, \u017eupanja mobilizirala nacionalno gardo - Hudo Slovenija","isPartOf":{"@id":"https:\/\/hudo.com\/si\/#website"},"datePublished":"2021-01-05T07:23:01+00:00","dateModified":"2021-01-05T07:23:01+00:00","breadcrumb":{"@id":"https:\/\/hudo.com\/si\/aktualno\/v-washingtonu-se-bojijo-mnozicnih-protestov-trumpovih-podpornikov-zupanja-mobilizirala-nacionalno-gardo\/#breadcrumb"},"inLanguage":"sl-SI","potentialAction":[{"@type":"ReadAction","target":["https:\/\/hudo.com\/si\/aktualno\/v-washingtonu-se-bojijo-mnozicnih-protestov-trumpovih-podpornikov-zupanja-mobilizirala-nacionalno-gardo\/"]}]},{"@type":"BreadcrumbList","@id":"https:\/\/hudo.com\/si\/aktualno\/v-washingtonu-se-bojijo-mnozicnih-protestov-trumpovih-podpornikov-zupanja-mobilizirala-nacionalno-gardo\/#breadcrumb","itemListElement":[{"@type":"ListItem","position":1,"name":"Home","item":"https:\/\/hudo.com\/si\/"},{"@type":"ListItem","position":2,"name":"V Washingtonu se bojijo mno\u017ei\u010dnih protestov Trumpovih podpornikov, \u017eupanja mobilizirala nacionalno gardo"}]},{"@type":"WebSite","@id":"https:\/\/hudo.com\/si\/#website","url":"https:\/\/hudo.com\/si\/","name":"Hudo Slovenija","description":"Vse novice iz Slovenije in sveta","publisher":{"@id":"https:\/\/hudo.com\/si\/#organization"},"potentialAction":[{"@type":"SearchAction","target":{"@type":"EntryPoint","urlTemplate":"https:\/\/hudo.com\/si\/?s={search_term_string}"},"query-input":"required name=search_term_string"}],"inLanguage":"sl-SI"},{"@type":"Organization","@id":"https:\/\/hudo.com\/si\/#organization","name":"VSN Media","url":"https:\/\/hudo.com\/si\/","logo":{"@type":"ImageObject","inLanguage":"sl-SI","@id":"https:\/\/hudo.com\/si\/#\/schema\/logo\/image\/","url":"https:\/\/hudo.com\/si\/wp-content\/uploads\/sites\/2\/2021\/03\/hudo-app-2.png","contentUrl":"https:\/\/hudo.com\/si\/wp-content\/uploads\/sites\/2\/2021\/03\/hudo-app-2.png","width":2185,"height":2167,"caption":"VSN Media"},"image":{"@id":"https:\/\/hudo.com\/si\/#\/schema\/logo\/image\/"},"sameAs":["https:\/\/www.facebook.com\/hudo.si","https:\/\/twitter.com\/hudo_si"]},{"@type":"Person","@id":"https:\/\/hudo.com\/si\/#\/schema\/person\/2391667a63ea075ba94f2f2dc6b77537","name":"A. G., STA","image":{"@type":"ImageObject","inLanguage":"sl-SI","@id":"https:\/\/hudo.com\/si\/#\/schema\/person\/image\/","url":"https:\/\/secure.gravatar.com\/avatar\/e13d22ac3e442658d5025fbbe6238a79?s=96&d=mm&r=g","contentUrl":"https:\/\/secure.gravatar.com\/avatar\/e13d22ac3e442658d5025fbbe6238a79?s=96&d=mm&r=g","caption":"A. G., STA"},"url":"https:\/\/hudo.com\/si\/author\/alenka\/"}]}},"amp_enabled":true,"_links":{"self":[{"href":"https:\/\/hudo.com\/si\/wp-json\/wp\/v2\/posts\/441645"}],"collection":[{"href":"https:\/\/hudo.com\/si\/wp-json\/wp\/v2\/posts"}],"about":[{"href":"https:\/\/hudo.com\/si\/wp-json\/wp\/v2\/types\/post"}],"author":[{"embeddable":true,"href":"https:\/\/hudo.com\/si\/wp-json\/wp\/v2\/users\/5"}],"replies":[{"embeddable":true,"href":"https:\/\/hudo.com\/si\/wp-json\/wp\/v2\/comments?post=441645"}],"version-history":[{"count":1,"href":"https:\/\/hudo.com\/si\/wp-json\/wp\/v2\/posts\/441645\/revisions"}],"predecessor-version":[{"id":441646,"href":"https:\/\/hudo.com\/si\/wp-json\/wp\/v2\/posts\/441645\/revisions\/441646"}],"wp:featuredmedia":[{"embeddable":true,"href":"https:\/\/hudo.com\/si\/wp-json\/wp\/v2\/media\/434445"}],"wp:attachment":[{"href":"https:\/\/hudo.com\/si\/wp-json\/wp\/v2\/media?parent=441645"}],"wp:term":[{"taxonomy":"category","embeddable":true,"href":"https:\/\/hudo.com\/si\/wp-json\/wp\/v2\/categories?post=441645"},{"taxonomy":"post_tag","embeddable":true,"href":"https:\/\/hudo.com\/si\/wp-json\/wp\/v2\/tags?post=441645"},{"taxonomy":"source","embeddable":true,"href":"https:\/\/hudo.com\/si\/wp-json\/wp\/v2\/source?post=441645"},{"taxonomy":"supertag","embeddable":true,"href":"https:\/\/hudo.com\/si\/wp-json\/wp\/v2\/supertag?post=441645"}],"curies":[{"name":"wp","href":"https:\/\/api.w.org\/{rel}","templated":true}]}}