{"id":441786,"date":"2021-01-06T11:01:56","date_gmt":"2021-01-06T10:01:56","guid":{"rendered":"https:\/\/hudo.com\/si\/2021\/01\/06\/je-cepljenje-proti-covidu-19-priporocljivo-za-osebe-z-alergijami\/"},"modified":"2021-01-06T11:01:56","modified_gmt":"2021-01-06T10:01:56","slug":"je-cepljenje-proti-covidu-19-priporocljivo-za-osebe-z-alergijami","status":"publish","type":"post","link":"https:\/\/hudo.com\/si\/zdrav-duh-telo\/je-cepljenje-proti-covidu-19-priporocljivo-za-osebe-z-alergijami\/","title":{"rendered":"Je cepljenje proti covidu-19 priporo\u010dljivo za osebe z alergijami?"},"content":{"rendered":"<figure>\n\t\t\t\t\t<img loading=\"lazy\" decoding=\"async\" width=\"660\" height=\"320\" src=\"image\/gif;base64,R0lGODlhAQABAAAAACH5BAEKAAEALAAAAAABAAEAAAICTAEAOw==\" class=\"lazyload\" data-src=\"https:\/\/zenska.hudo.com\/files\/2021\/01\/profimedia-0581329754-320x155.jpg\" data-srcset=\"https:\/\/zenska.hudo.com\/files\/2021\/01\/profimedia-0581329754-660x320.jpg 660w,https:\/\/zenska.hudo.com\/files\/2021\/01\/profimedia-0581329754-320x155.jpg 330w\" \/><figcaption>Foto: Profimedia<\/figcaption><\/figure>\n<p>Evropska agencija za zdravila (EMA) je doslej dala pogojno dovoljenje za cepivo Pfizerja in BioNTecha, danes se pri\u010dakuje \u0161e odlo\u010ditev o cepivu Moderne, ki ga je razvila v sodelovanju z in\u0161titutom NIAD.<\/p>\n<p>Obe cepivi sta osnovani na inovativni platformi, ki je doslej \u0161e niso uporabljali. Sestavljeni sta iz delca molekule RNK novega koronavirusa, ki nosi zapis za tar\u010dni virusni protein. Ker je omenjeni RNK zelo ob\u010dutljiv na razgradnjo, sta pri obeh dru\u017ebah za pove\u010danje stabilnosti in vnosa RNK v celice uporabili ma\u0161\u010dobni delec, v katerem je RNK.<\/p>\n<p>Tako sta cepivi sestavljeni iz delca RNK oz. mRNK, lipidov, elektrolitov in sukroze. Kot potencialni alergen prepoznan le polietilen glikol (PEG). Ta je sestavina okoli tretjine zdravil v tabletah in se nahaja tudi v \u0161tevilnih preparatih za injiciranje, alergije nanj pa so redke, navaja predstojnik katedre za mikrobiologijo in imunologijo medicinske fakultete Univerze v Ljubljani Alojz Ihan v gradivu za strokovno javnost o cepivu proti covidu-19.<\/p>\n<p>Zabele\u017eeni so bili posamezni primeri anafilakti\u010dne reakcije po cepljenju s Pfizerjevim cepivom. Za take primere mora biti na voljo ustrezna medicinska oskrba in nadzor cepljenih oseb, osebo se po cepljenju opazuje \u0161e 15 minut. V primeru anafilakti\u010dne reakcije po prejemu prvega odmerka cepiva, se cepljenje z drugim odmerkom odsvetuje.<\/p>\n<p>Medtem pa se osebe, ki so imele anafilakti\u010dne reakcije na alergene, ki niso sestavine cepiva (kot so denimo penicilin ali druga zdravila, piki \u010debel ali os ter ara\u0161idi ali druge vrste hrane), lahko cepijo, navaja Ihan.<\/p>\n","protected":false},"excerpt":{"rendered":"<p>Osebe s prepoznanimi alergijami se lahko cepijo proti covidu-19, razen \u010de imajo alergijo na katero od sestavin v cepivu. Cepivo, ki ima v tem trenutku dovoljenje v EU, temelji na osnovi mRNK in ima malo\u0161tevilne sestavine. Kot potencialni alergen je prepoznan le polietilen glikol, ki je v medicini \u0161iroko uporabljen, alergije nanj pa so redke.<\/p>\n","protected":false},"author":1,"featured_media":441787,"comment_status":"closed","ping_status":"closed","sticky":false,"template":"","format":"standard","meta":{"footnotes":""},"categories":[1],"tags":[15940,17969,17970,15898,15632],"source":[1335,1336,1334],"supertag":[],"acf":[],"yoast_head":"<!-- This site is optimized with the Yoast SEO plugin v21.3 - https:\/\/yoast.com\/wordpress\/plugins\/seo\/ -->\n<title>Je cepljenje proti covidu-19 priporo\u010dljivo za osebe z alergijami? - Hudo Slovenija<\/title>\n<meta name=\"robots\" content=\"index, follow, max-snippet:-1, max-image-preview:large, max-video-preview:-1\" \/>\n<link rel=\"canonical\" href=\"https:\/\/hudo.com\/si\/zdrav-duh-telo\/je-cepljenje-proti-covidu-19-priporocljivo-za-osebe-z-alergijami\/\" \/>\n<meta property=\"og:locale\" content=\"sl_SI\" \/>\n<meta property=\"og:type\" content=\"article\" \/>\n<meta property=\"og:title\" content=\"Je cepljenje proti covidu-19 priporo\u010dljivo za osebe z alergijami? - Hudo Slovenija\" \/>\n<meta property=\"og:description\" content=\"Osebe s prepoznanimi alergijami se lahko cepijo proti covidu-19, razen \u010de imajo alergijo na katero od sestavin v cepivu. Cepivo, ki ima v tem trenutku dovoljenje v EU, temelji na osnovi mRNK in ima malo\u0161tevilne sestavine. Kot potencialni alergen je prepoznan le polietilen glikol, ki je v medicini \u0161iroko uporabljen, alergije nanj pa so redke.\" \/>\n<meta property=\"og:url\" content=\"https:\/\/hudo.com\/si\/zdrav-duh-telo\/je-cepljenje-proti-covidu-19-priporocljivo-za-osebe-z-alergijami\/\" \/>\n<meta property=\"og:site_name\" content=\"Hudo Slovenija\" \/>\n<meta property=\"article:publisher\" content=\"https:\/\/www.facebook.com\/hudo.si\" \/>\n<meta property=\"article:published_time\" content=\"2021-01-06T10:01:56+00:00\" \/>\n<meta property=\"og:image\" content=\"https:\/\/hudo.com\/si\/wp-content\/uploads\/sites\/2\/2021\/01\/profimedia-0581329754.jpg\" \/>\n\t<meta property=\"og:image:width\" content=\"1250\" \/>\n\t<meta property=\"og:image:height\" content=\"833\" \/>\n\t<meta property=\"og:image:type\" content=\"image\/jpeg\" \/>\n<meta name=\"author\" content=\"hudo\" \/>\n<meta name=\"twitter:card\" content=\"summary_large_image\" \/>\n<meta name=\"twitter:creator\" content=\"@hudo_si\" \/>\n<meta name=\"twitter:site\" content=\"@hudo_si\" \/>\n<meta name=\"twitter:label1\" content=\"Written by\" \/>\n\t<meta name=\"twitter:data1\" content=\"hudo\" \/>\n\t<meta name=\"twitter:label2\" content=\"Est. reading time\" \/>\n\t<meta name=\"twitter:data2\" content=\"1 minuta\" \/>\n<script type=\"application\/ld+json\" class=\"yoast-schema-graph\">{\"@context\":\"https:\/\/schema.org\",\"@graph\":[{\"@type\":\"Article\",\"@id\":\"https:\/\/hudo.com\/si\/zdrav-duh-telo\/je-cepljenje-proti-covidu-19-priporocljivo-za-osebe-z-alergijami\/#article\",\"isPartOf\":{\"@id\":\"https:\/\/hudo.com\/si\/zdrav-duh-telo\/je-cepljenje-proti-covidu-19-priporocljivo-za-osebe-z-alergijami\/\"},\"author\":{\"name\":\"hudo\",\"@id\":\"https:\/\/hudo.com\/si\/#\/schema\/person\/601cf3379633985b20f7e50f2bb47707\"},\"headline\":\"Je cepljenje proti covidu-19 priporo\u010dljivo za osebe z alergijami?\",\"datePublished\":\"2021-01-06T10:01:56+00:00\",\"dateModified\":\"2021-01-06T10:01:56+00:00\",\"mainEntityOfPage\":{\"@id\":\"https:\/\/hudo.com\/si\/zdrav-duh-telo\/je-cepljenje-proti-covidu-19-priporocljivo-za-osebe-z-alergijami\/\"},\"wordCount\":262,\"publisher\":{\"@id\":\"https:\/\/hudo.com\/si\/#organization\"},\"keywords\":[\"cepivo proti koronavirusu\",\"cepljenje proti covid-19\",\"cepljenje proti covid-19 alergije\",\"covid-19\",\"koronavirus\"],\"articleSection\":[\"Zdrav duh &amp; telo\"],\"inLanguage\":\"sl-SI\"},{\"@type\":\"WebPage\",\"@id\":\"https:\/\/hudo.com\/si\/zdrav-duh-telo\/je-cepljenje-proti-covidu-19-priporocljivo-za-osebe-z-alergijami\/\",\"url\":\"https:\/\/hudo.com\/si\/zdrav-duh-telo\/je-cepljenje-proti-covidu-19-priporocljivo-za-osebe-z-alergijami\/\",\"name\":\"Je cepljenje proti covidu-19 priporo\u010dljivo za osebe z alergijami? - Hudo Slovenija\",\"isPartOf\":{\"@id\":\"https:\/\/hudo.com\/si\/#website\"},\"datePublished\":\"2021-01-06T10:01:56+00:00\",\"dateModified\":\"2021-01-06T10:01:56+00:00\",\"breadcrumb\":{\"@id\":\"https:\/\/hudo.com\/si\/zdrav-duh-telo\/je-cepljenje-proti-covidu-19-priporocljivo-za-osebe-z-alergijami\/#breadcrumb\"},\"inLanguage\":\"sl-SI\",\"potentialAction\":[{\"@type\":\"ReadAction\",\"target\":[\"https:\/\/hudo.com\/si\/zdrav-duh-telo\/je-cepljenje-proti-covidu-19-priporocljivo-za-osebe-z-alergijami\/\"]}]},{\"@type\":\"BreadcrumbList\",\"@id\":\"https:\/\/hudo.com\/si\/zdrav-duh-telo\/je-cepljenje-proti-covidu-19-priporocljivo-za-osebe-z-alergijami\/#breadcrumb\",\"itemListElement\":[{\"@type\":\"ListItem\",\"position\":1,\"name\":\"Home\",\"item\":\"https:\/\/hudo.com\/si\/\"},{\"@type\":\"ListItem\",\"position\":2,\"name\":\"Je cepljenje proti covidu-19 priporo\u010dljivo za osebe z alergijami?\"}]},{\"@type\":\"WebSite\",\"@id\":\"https:\/\/hudo.com\/si\/#website\",\"url\":\"https:\/\/hudo.com\/si\/\",\"name\":\"Hudo Slovenija\",\"description\":\"Vse novice iz Slovenije in sveta\",\"publisher\":{\"@id\":\"https:\/\/hudo.com\/si\/#organization\"},\"potentialAction\":[{\"@type\":\"SearchAction\",\"target\":{\"@type\":\"EntryPoint\",\"urlTemplate\":\"https:\/\/hudo.com\/si\/?s={search_term_string}\"},\"query-input\":\"required name=search_term_string\"}],\"inLanguage\":\"sl-SI\"},{\"@type\":\"Organization\",\"@id\":\"https:\/\/hudo.com\/si\/#organization\",\"name\":\"VSN Media\",\"url\":\"https:\/\/hudo.com\/si\/\",\"logo\":{\"@type\":\"ImageObject\",\"inLanguage\":\"sl-SI\",\"@id\":\"https:\/\/hudo.com\/si\/#\/schema\/logo\/image\/\",\"url\":\"https:\/\/hudo.com\/si\/wp-content\/uploads\/sites\/2\/2021\/03\/hudo-app-2.png\",\"contentUrl\":\"https:\/\/hudo.com\/si\/wp-content\/uploads\/sites\/2\/2021\/03\/hudo-app-2.png\",\"width\":2185,\"height\":2167,\"caption\":\"VSN Media\"},\"image\":{\"@id\":\"https:\/\/hudo.com\/si\/#\/schema\/logo\/image\/\"},\"sameAs\":[\"https:\/\/www.facebook.com\/hudo.si\",\"https:\/\/twitter.com\/hudo_si\"]},{\"@type\":\"Person\",\"@id\":\"https:\/\/hudo.com\/si\/#\/schema\/person\/601cf3379633985b20f7e50f2bb47707\",\"name\":\"hudo\",\"image\":{\"@type\":\"ImageObject\",\"inLanguage\":\"sl-SI\",\"@id\":\"https:\/\/hudo.com\/si\/#\/schema\/person\/image\/\",\"url\":\"https:\/\/secure.gravatar.com\/avatar\/c4ca25fa72cace7a696b52ff5db9e095?s=96&d=mm&r=g\",\"contentUrl\":\"https:\/\/secure.gravatar.com\/avatar\/c4ca25fa72cace7a696b52ff5db9e095?s=96&d=mm&r=g\",\"caption\":\"hudo\"},\"url\":\"https:\/\/hudo.com\/si\/author\/hudo\/\"}]}<\/script>\n<!-- \/ Yoast SEO plugin. -->","yoast_head_json":{"title":"Je cepljenje proti covidu-19 priporo\u010dljivo za osebe z alergijami? - Hudo Slovenija","robots":{"index":"index","follow":"follow","max-snippet":"max-snippet:-1","max-image-preview":"max-image-preview:large","max-video-preview":"max-video-preview:-1"},"canonical":"https:\/\/hudo.com\/si\/zdrav-duh-telo\/je-cepljenje-proti-covidu-19-priporocljivo-za-osebe-z-alergijami\/","og_locale":"sl_SI","og_type":"article","og_title":"Je cepljenje proti covidu-19 priporo\u010dljivo za osebe z alergijami? - Hudo Slovenija","og_description":"Osebe s prepoznanimi alergijami se lahko cepijo proti covidu-19, razen \u010de imajo alergijo na katero od sestavin v cepivu. Cepivo, ki ima v tem trenutku dovoljenje v EU, temelji na osnovi mRNK in ima malo\u0161tevilne sestavine. Kot potencialni alergen je prepoznan le polietilen glikol, ki je v medicini \u0161iroko uporabljen, alergije nanj pa so redke.","og_url":"https:\/\/hudo.com\/si\/zdrav-duh-telo\/je-cepljenje-proti-covidu-19-priporocljivo-za-osebe-z-alergijami\/","og_site_name":"Hudo Slovenija","article_publisher":"https:\/\/www.facebook.com\/hudo.si","article_published_time":"2021-01-06T10:01:56+00:00","og_image":[{"width":1250,"height":833,"url":"https:\/\/hudo.com\/si\/wp-content\/uploads\/sites\/2\/2021\/01\/profimedia-0581329754.jpg","type":"image\/jpeg"}],"author":"hudo","twitter_card":"summary_large_image","twitter_creator":"@hudo_si","twitter_site":"@hudo_si","twitter_misc":{"Written by":"hudo","Est. reading time":"1 minuta"},"schema":{"@context":"https:\/\/schema.org","@graph":[{"@type":"Article","@id":"https:\/\/hudo.com\/si\/zdrav-duh-telo\/je-cepljenje-proti-covidu-19-priporocljivo-za-osebe-z-alergijami\/#article","isPartOf":{"@id":"https:\/\/hudo.com\/si\/zdrav-duh-telo\/je-cepljenje-proti-covidu-19-priporocljivo-za-osebe-z-alergijami\/"},"author":{"name":"hudo","@id":"https:\/\/hudo.com\/si\/#\/schema\/person\/601cf3379633985b20f7e50f2bb47707"},"headline":"Je cepljenje proti covidu-19 priporo\u010dljivo za osebe z alergijami?","datePublished":"2021-01-06T10:01:56+00:00","dateModified":"2021-01-06T10:01:56+00:00","mainEntityOfPage":{"@id":"https:\/\/hudo.com\/si\/zdrav-duh-telo\/je-cepljenje-proti-covidu-19-priporocljivo-za-osebe-z-alergijami\/"},"wordCount":262,"publisher":{"@id":"https:\/\/hudo.com\/si\/#organization"},"keywords":["cepivo proti koronavirusu","cepljenje proti covid-19","cepljenje proti covid-19 alergije","covid-19","koronavirus"],"articleSection":["Zdrav duh &amp; telo"],"inLanguage":"sl-SI"},{"@type":"WebPage","@id":"https:\/\/hudo.com\/si\/zdrav-duh-telo\/je-cepljenje-proti-covidu-19-priporocljivo-za-osebe-z-alergijami\/","url":"https:\/\/hudo.com\/si\/zdrav-duh-telo\/je-cepljenje-proti-covidu-19-priporocljivo-za-osebe-z-alergijami\/","name":"Je cepljenje proti covidu-19 priporo\u010dljivo za osebe z alergijami? - Hudo Slovenija","isPartOf":{"@id":"https:\/\/hudo.com\/si\/#website"},"datePublished":"2021-01-06T10:01:56+00:00","dateModified":"2021-01-06T10:01:56+00:00","breadcrumb":{"@id":"https:\/\/hudo.com\/si\/zdrav-duh-telo\/je-cepljenje-proti-covidu-19-priporocljivo-za-osebe-z-alergijami\/#breadcrumb"},"inLanguage":"sl-SI","potentialAction":[{"@type":"ReadAction","target":["https:\/\/hudo.com\/si\/zdrav-duh-telo\/je-cepljenje-proti-covidu-19-priporocljivo-za-osebe-z-alergijami\/"]}]},{"@type":"BreadcrumbList","@id":"https:\/\/hudo.com\/si\/zdrav-duh-telo\/je-cepljenje-proti-covidu-19-priporocljivo-za-osebe-z-alergijami\/#breadcrumb","itemListElement":[{"@type":"ListItem","position":1,"name":"Home","item":"https:\/\/hudo.com\/si\/"},{"@type":"ListItem","position":2,"name":"Je cepljenje proti covidu-19 priporo\u010dljivo za osebe z alergijami?"}]},{"@type":"WebSite","@id":"https:\/\/hudo.com\/si\/#website","url":"https:\/\/hudo.com\/si\/","name":"Hudo Slovenija","description":"Vse novice iz Slovenije in sveta","publisher":{"@id":"https:\/\/hudo.com\/si\/#organization"},"potentialAction":[{"@type":"SearchAction","target":{"@type":"EntryPoint","urlTemplate":"https:\/\/hudo.com\/si\/?s={search_term_string}"},"query-input":"required name=search_term_string"}],"inLanguage":"sl-SI"},{"@type":"Organization","@id":"https:\/\/hudo.com\/si\/#organization","name":"VSN Media","url":"https:\/\/hudo.com\/si\/","logo":{"@type":"ImageObject","inLanguage":"sl-SI","@id":"https:\/\/hudo.com\/si\/#\/schema\/logo\/image\/","url":"https:\/\/hudo.com\/si\/wp-content\/uploads\/sites\/2\/2021\/03\/hudo-app-2.png","contentUrl":"https:\/\/hudo.com\/si\/wp-content\/uploads\/sites\/2\/2021\/03\/hudo-app-2.png","width":2185,"height":2167,"caption":"VSN Media"},"image":{"@id":"https:\/\/hudo.com\/si\/#\/schema\/logo\/image\/"},"sameAs":["https:\/\/www.facebook.com\/hudo.si","https:\/\/twitter.com\/hudo_si"]},{"@type":"Person","@id":"https:\/\/hudo.com\/si\/#\/schema\/person\/601cf3379633985b20f7e50f2bb47707","name":"hudo","image":{"@type":"ImageObject","inLanguage":"sl-SI","@id":"https:\/\/hudo.com\/si\/#\/schema\/person\/image\/","url":"https:\/\/secure.gravatar.com\/avatar\/c4ca25fa72cace7a696b52ff5db9e095?s=96&d=mm&r=g","contentUrl":"https:\/\/secure.gravatar.com\/avatar\/c4ca25fa72cace7a696b52ff5db9e095?s=96&d=mm&r=g","caption":"hudo"},"url":"https:\/\/hudo.com\/si\/author\/hudo\/"}]}},"amp_enabled":true,"_links":{"self":[{"href":"https:\/\/hudo.com\/si\/wp-json\/wp\/v2\/posts\/441786"}],"collection":[{"href":"https:\/\/hudo.com\/si\/wp-json\/wp\/v2\/posts"}],"about":[{"href":"https:\/\/hudo.com\/si\/wp-json\/wp\/v2\/types\/post"}],"author":[{"embeddable":true,"href":"https:\/\/hudo.com\/si\/wp-json\/wp\/v2\/users\/1"}],"replies":[{"embeddable":true,"href":"https:\/\/hudo.com\/si\/wp-json\/wp\/v2\/comments?post=441786"}],"version-history":[{"count":0,"href":"https:\/\/hudo.com\/si\/wp-json\/wp\/v2\/posts\/441786\/revisions"}],"wp:featuredmedia":[{"embeddable":true,"href":"https:\/\/hudo.com\/si\/wp-json\/wp\/v2\/media\/441787"}],"wp:attachment":[{"href":"https:\/\/hudo.com\/si\/wp-json\/wp\/v2\/media?parent=441786"}],"wp:term":[{"taxonomy":"category","embeddable":true,"href":"https:\/\/hudo.com\/si\/wp-json\/wp\/v2\/categories?post=441786"},{"taxonomy":"post_tag","embeddable":true,"href":"https:\/\/hudo.com\/si\/wp-json\/wp\/v2\/tags?post=441786"},{"taxonomy":"source","embeddable":true,"href":"https:\/\/hudo.com\/si\/wp-json\/wp\/v2\/source?post=441786"},{"taxonomy":"supertag","embeddable":true,"href":"https:\/\/hudo.com\/si\/wp-json\/wp\/v2\/supertag?post=441786"}],"curies":[{"name":"wp","href":"https:\/\/api.w.org\/{rel}","templated":true}]}}