{"id":441835,"date":"2021-01-06T16:36:04","date_gmt":"2021-01-06T15:36:04","guid":{"rendered":"http:\/\/hudo.com\/si\/?p=441835"},"modified":"2021-01-06T16:36:04","modified_gmt":"2021-01-06T15:36:04","slug":"kurz-po-kritikah-pozval-k-hitri-razdelitvi-in-uporabi-cepiva-proti-covidu-19-ni-razloga-za-to-da-so-odmerki-cepiva-vec-tednov-v-skladiscih","status":"publish","type":"post","link":"https:\/\/hudo.com\/si\/aktualno\/kurz-po-kritikah-pozval-k-hitri-razdelitvi-in-uporabi-cepiva-proti-covidu-19-ni-razloga-za-to-da-so-odmerki-cepiva-vec-tednov-v-skladiscih\/","title":{"rendered":"Kurz po kritikah pozval k hitri razdelitvi in uporabi cepiva proti covidu-19: &#8220;Ni razloga za to, da so odmerki cepiva ve\u010d tednov v skladi\u0161\u010dih&#8221;"},"content":{"rendered":"<p>Po poro\u010danju avstrijskih medijev je kancler \u0161e izpostavil, da imajo \u0161e posebej starej\u0161i in ranljive skupine pravico biti cepljeni, kakor hitro je mogo\u010de. Zato so se na torkovem sre\u010danju s predstavniki obrambnega ministrstva, ministrstva za zdravje in avstrijskih de\u017eel dogovorili, da bodo mno\u017ei\u010dno cepljenje prebivalstva za\u010deli prej, kot je bilo sprva predvideno.<\/p>\n<p>&#8220;Ne bomo \u010dakali na 12. januar,&#8221; je poudaril Kurz. Dodal je, da so pri cepljenju klju\u010dni hitrost in \u010dlove\u0161ka \u017eivljenja. &#8220;Zato ni razloga za to, da so odmerki cepiva ve\u010d tednov v skladi\u0161\u010dih,&#8221; je dejal kancler.<\/p>\n<p>Dejal je \u0161e, da avstrijske oblasti niso mogle vplivati na to, koliko cepiva bo prejela Avstrija, saj je \u0161lo za skupno evropsko nabavo cepiva, pri kateri vsaka \u010dlanica unije dobi pravi\u010den dele\u017e. &#8220;Ampak lahko poskrbimo za to, da bo vsak odmerek, ki ga dobimo, \u010dim prej razdeljen in uporabljen,&#8221; je poudaril.<\/p>\n<p>Prednost bodo po njegovih besedah imeli domovi za starej\u0161e, ki lahko naro\u010dijo cepivo za vse svoje varovance. \u010ce ga ne bodo potrebovali toliko, kot ga bo na voljo, bo preostale odmerke takoj prevzela vojska, da bi lahko \u010dim hitreje cepili starej\u0161e zunaj ustanov in zdravstveno osebje, je pojasnil Kurz.<\/p>\n<p>Avstrijska ministra za obrambo Klaudia Tanner ter za zdravje Rudi Anschober sta ustanove v vseh de\u017eelah danes pozvala, naj naro\u010dijo cepivo. Po poro\u010danju avstrijske tiskovne agencije APA so iz avstrijskih domov za ostarele za ta teden doslej naro\u010dili nekaj ve\u010d kot 21.000 odmerkov cepiva, za prihodnji teden ve\u010d kot 43.000. Doslej so cepili okoli 6.800 ljudi.<\/p>\n<p>\u0160tevilo novih oku\u017eb z novim koronavirusom v Avstriji v zadnjem \u010dasu znova nara\u0161\u010da. Po pisanju \u010dasnika Krone nara\u0161\u010danje \u0161tevila oku\u017eb bele\u017eijo \u017ee \u010detrti dan zapored. V zadnjem dnevu so jih potrdili 2469, umrlo je 68 obolelih s covidom-19.<\/p>\n<p>Je pa opaziti rahel upad \u0161tevila covidnih bolnikov v avstrijskih bolni\u0161nicah. Trenutno se jih tam zdravi 2383, med njimi 361 na oddelkih za intenzivno nego.<\/p>\n<p>Najve\u010d novih oku\u017eb, 502, so v zadnjem dnevu potrdili v Zgornji Avstriji, sledijo Spodnja Avstrija s 451, Dunaj s 443 ter avstrijska \u0160tajerska s 382 novimi primeri. Na avstrijskem Koro\u0161kem so potrdili 80 novih oku\u017eb, kar je najmanj med vsemi avstrijskimi de\u017eelami.<\/p>\n","protected":false},"excerpt":{"rendered":"<p>Avstrijski kancler Sebastian Kurz je po ostrih kritikah zaradi prepo\u010dasnega poteka cepljenja proti covidu-19 danes pozval k \u010dim hitrej\u0161i razdelitvi in uporabi cepiva, ki je na voljo. &#8220;Cepljenje spreminja pravila igre v boju proti pandemiji,&#8221; je poudaril in dodal, da zato noben odmerek cepiva ne sme ostati v skladi\u0161\u010dih.<\/p>\n","protected":false},"author":8,"featured_media":426472,"comment_status":"closed","ping_status":"closed","sticky":false,"template":"","format":"standard","meta":{"footnotes":""},"categories":[1179],"tags":[1934,15632,6982],"source":[4511],"supertag":[],"acf":[],"yoast_head":"<!-- This site is optimized with the Yoast SEO plugin v21.3 - https:\/\/yoast.com\/wordpress\/plugins\/seo\/ -->\n<title>Kurz po kritikah pozval k hitri razdelitvi in uporabi cepiva proti covidu-19: &quot;Ni razloga za to, da so odmerki cepiva ve\u010d tednov v skladi\u0161\u010dih&quot; - Hudo Slovenija<\/title>\n<meta name=\"robots\" content=\"index, follow, max-snippet:-1, max-image-preview:large, max-video-preview:-1\" \/>\n<link rel=\"canonical\" href=\"https:\/\/hudo.com\/si\/aktualno\/kurz-po-kritikah-pozval-k-hitri-razdelitvi-in-uporabi-cepiva-proti-covidu-19-ni-razloga-za-to-da-so-odmerki-cepiva-vec-tednov-v-skladiscih\/\" \/>\n<meta property=\"og:locale\" content=\"sl_SI\" \/>\n<meta property=\"og:type\" content=\"article\" \/>\n<meta property=\"og:title\" content=\"Kurz po kritikah pozval k hitri razdelitvi in uporabi cepiva proti covidu-19: &quot;Ni razloga za to, da so odmerki cepiva ve\u010d tednov v skladi\u0161\u010dih&quot; - Hudo Slovenija\" \/>\n<meta property=\"og:description\" content=\"Avstrijski kancler Sebastian Kurz je po ostrih kritikah zaradi prepo\u010dasnega poteka cepljenja proti covidu-19 danes pozval k \u010dim hitrej\u0161i razdelitvi in uporabi cepiva, ki je na voljo. &quot;Cepljenje spreminja pravila igre v boju proti pandemiji,&quot; je poudaril in dodal, da zato noben odmerek cepiva ne sme ostati v skladi\u0161\u010dih.\" \/>\n<meta property=\"og:url\" content=\"https:\/\/hudo.com\/si\/aktualno\/kurz-po-kritikah-pozval-k-hitri-razdelitvi-in-uporabi-cepiva-proti-covidu-19-ni-razloga-za-to-da-so-odmerki-cepiva-vec-tednov-v-skladiscih\/\" \/>\n<meta property=\"og:site_name\" content=\"Hudo Slovenija\" \/>\n<meta property=\"article:publisher\" content=\"https:\/\/www.facebook.com\/hudo.si\" \/>\n<meta property=\"article:published_time\" content=\"2021-01-06T15:36:04+00:00\" \/>\n<meta property=\"og:image\" content=\"https:\/\/hudo.com\/si\/wp-content\/uploads\/sites\/2\/2020\/07\/profimedia-0512074335.jpg\" \/>\n\t<meta property=\"og:image:width\" content=\"1250\" \/>\n\t<meta property=\"og:image:height\" content=\"833\" \/>\n\t<meta property=\"og:image:type\" content=\"image\/jpeg\" \/>\n<meta name=\"author\" content=\"M. N., STA\" \/>\n<meta name=\"twitter:card\" content=\"summary_large_image\" \/>\n<meta name=\"twitter:creator\" content=\"@hudo_si\" \/>\n<meta name=\"twitter:site\" content=\"@hudo_si\" \/>\n<meta name=\"twitter:label1\" content=\"Written by\" \/>\n\t<meta name=\"twitter:data1\" content=\"M. N., STA\" \/>\n\t<meta name=\"twitter:label2\" content=\"Est. reading time\" \/>\n\t<meta name=\"twitter:data2\" content=\"2 minuti\" \/>\n<script type=\"application\/ld+json\" class=\"yoast-schema-graph\">{\"@context\":\"https:\/\/schema.org\",\"@graph\":[{\"@type\":\"Article\",\"@id\":\"https:\/\/hudo.com\/si\/aktualno\/kurz-po-kritikah-pozval-k-hitri-razdelitvi-in-uporabi-cepiva-proti-covidu-19-ni-razloga-za-to-da-so-odmerki-cepiva-vec-tednov-v-skladiscih\/#article\",\"isPartOf\":{\"@id\":\"https:\/\/hudo.com\/si\/aktualno\/kurz-po-kritikah-pozval-k-hitri-razdelitvi-in-uporabi-cepiva-proti-covidu-19-ni-razloga-za-to-da-so-odmerki-cepiva-vec-tednov-v-skladiscih\/\"},\"author\":{\"name\":\"M. N., STA\",\"@id\":\"https:\/\/hudo.com\/si\/#\/schema\/person\/c2f10ce65d2e6ede2aeda5be2a0611fa\"},\"headline\":\"Kurz po kritikah pozval k hitri razdelitvi in uporabi cepiva proti covidu-19: &#8220;Ni razloga za to, da so odmerki cepiva ve\u010d tednov v skladi\u0161\u010dih&#8221;\",\"datePublished\":\"2021-01-06T15:36:04+00:00\",\"dateModified\":\"2021-01-06T15:36:04+00:00\",\"mainEntityOfPage\":{\"@id\":\"https:\/\/hudo.com\/si\/aktualno\/kurz-po-kritikah-pozval-k-hitri-razdelitvi-in-uporabi-cepiva-proti-covidu-19-ni-razloga-za-to-da-so-odmerki-cepiva-vec-tednov-v-skladiscih\/\"},\"wordCount\":390,\"publisher\":{\"@id\":\"https:\/\/hudo.com\/si\/#organization\"},\"keywords\":[\"Avstrija\",\"koronavirus\",\"Sebastian Kurz\"],\"articleSection\":[\"Aktualno\"],\"inLanguage\":\"sl-SI\"},{\"@type\":\"WebPage\",\"@id\":\"https:\/\/hudo.com\/si\/aktualno\/kurz-po-kritikah-pozval-k-hitri-razdelitvi-in-uporabi-cepiva-proti-covidu-19-ni-razloga-za-to-da-so-odmerki-cepiva-vec-tednov-v-skladiscih\/\",\"url\":\"https:\/\/hudo.com\/si\/aktualno\/kurz-po-kritikah-pozval-k-hitri-razdelitvi-in-uporabi-cepiva-proti-covidu-19-ni-razloga-za-to-da-so-odmerki-cepiva-vec-tednov-v-skladiscih\/\",\"name\":\"Kurz po kritikah pozval k hitri razdelitvi in uporabi cepiva proti covidu-19: \\\"Ni razloga za to, da so odmerki cepiva ve\u010d tednov v skladi\u0161\u010dih\\\" - Hudo Slovenija\",\"isPartOf\":{\"@id\":\"https:\/\/hudo.com\/si\/#website\"},\"datePublished\":\"2021-01-06T15:36:04+00:00\",\"dateModified\":\"2021-01-06T15:36:04+00:00\",\"breadcrumb\":{\"@id\":\"https:\/\/hudo.com\/si\/aktualno\/kurz-po-kritikah-pozval-k-hitri-razdelitvi-in-uporabi-cepiva-proti-covidu-19-ni-razloga-za-to-da-so-odmerki-cepiva-vec-tednov-v-skladiscih\/#breadcrumb\"},\"inLanguage\":\"sl-SI\",\"potentialAction\":[{\"@type\":\"ReadAction\",\"target\":[\"https:\/\/hudo.com\/si\/aktualno\/kurz-po-kritikah-pozval-k-hitri-razdelitvi-in-uporabi-cepiva-proti-covidu-19-ni-razloga-za-to-da-so-odmerki-cepiva-vec-tednov-v-skladiscih\/\"]}]},{\"@type\":\"BreadcrumbList\",\"@id\":\"https:\/\/hudo.com\/si\/aktualno\/kurz-po-kritikah-pozval-k-hitri-razdelitvi-in-uporabi-cepiva-proti-covidu-19-ni-razloga-za-to-da-so-odmerki-cepiva-vec-tednov-v-skladiscih\/#breadcrumb\",\"itemListElement\":[{\"@type\":\"ListItem\",\"position\":1,\"name\":\"Home\",\"item\":\"https:\/\/hudo.com\/si\/\"},{\"@type\":\"ListItem\",\"position\":2,\"name\":\"Kurz po kritikah pozval k hitri razdelitvi in uporabi cepiva proti covidu-19: &#8220;Ni razloga za to, da so odmerki cepiva ve\u010d tednov v skladi\u0161\u010dih&#8221;\"}]},{\"@type\":\"WebSite\",\"@id\":\"https:\/\/hudo.com\/si\/#website\",\"url\":\"https:\/\/hudo.com\/si\/\",\"name\":\"Hudo Slovenija\",\"description\":\"Vse novice iz Slovenije in sveta\",\"publisher\":{\"@id\":\"https:\/\/hudo.com\/si\/#organization\"},\"potentialAction\":[{\"@type\":\"SearchAction\",\"target\":{\"@type\":\"EntryPoint\",\"urlTemplate\":\"https:\/\/hudo.com\/si\/?s={search_term_string}\"},\"query-input\":\"required name=search_term_string\"}],\"inLanguage\":\"sl-SI\"},{\"@type\":\"Organization\",\"@id\":\"https:\/\/hudo.com\/si\/#organization\",\"name\":\"VSN Media\",\"url\":\"https:\/\/hudo.com\/si\/\",\"logo\":{\"@type\":\"ImageObject\",\"inLanguage\":\"sl-SI\",\"@id\":\"https:\/\/hudo.com\/si\/#\/schema\/logo\/image\/\",\"url\":\"https:\/\/hudo.com\/si\/wp-content\/uploads\/sites\/2\/2021\/03\/hudo-app-2.png\",\"contentUrl\":\"https:\/\/hudo.com\/si\/wp-content\/uploads\/sites\/2\/2021\/03\/hudo-app-2.png\",\"width\":2185,\"height\":2167,\"caption\":\"VSN Media\"},\"image\":{\"@id\":\"https:\/\/hudo.com\/si\/#\/schema\/logo\/image\/\"},\"sameAs\":[\"https:\/\/www.facebook.com\/hudo.si\",\"https:\/\/twitter.com\/hudo_si\"]},{\"@type\":\"Person\",\"@id\":\"https:\/\/hudo.com\/si\/#\/schema\/person\/c2f10ce65d2e6ede2aeda5be2a0611fa\",\"name\":\"M. N., STA\",\"image\":{\"@type\":\"ImageObject\",\"inLanguage\":\"sl-SI\",\"@id\":\"https:\/\/hudo.com\/si\/#\/schema\/person\/image\/\",\"url\":\"https:\/\/secure.gravatar.com\/avatar\/f370d38daa10467f755c5c766a4cac20?s=96&d=mm&r=g\",\"contentUrl\":\"https:\/\/secure.gravatar.com\/avatar\/f370d38daa10467f755c5c766a4cac20?s=96&d=mm&r=g\",\"caption\":\"M. N., STA\"},\"url\":\"https:\/\/hudo.com\/si\/author\/mana\/\"}]}<\/script>\n<!-- \/ Yoast SEO plugin. -->","yoast_head_json":{"title":"Kurz po kritikah pozval k hitri razdelitvi in uporabi cepiva proti covidu-19: \"Ni razloga za to, da so odmerki cepiva ve\u010d tednov v skladi\u0161\u010dih\" - Hudo Slovenija","robots":{"index":"index","follow":"follow","max-snippet":"max-snippet:-1","max-image-preview":"max-image-preview:large","max-video-preview":"max-video-preview:-1"},"canonical":"https:\/\/hudo.com\/si\/aktualno\/kurz-po-kritikah-pozval-k-hitri-razdelitvi-in-uporabi-cepiva-proti-covidu-19-ni-razloga-za-to-da-so-odmerki-cepiva-vec-tednov-v-skladiscih\/","og_locale":"sl_SI","og_type":"article","og_title":"Kurz po kritikah pozval k hitri razdelitvi in uporabi cepiva proti covidu-19: \"Ni razloga za to, da so odmerki cepiva ve\u010d tednov v skladi\u0161\u010dih\" - Hudo Slovenija","og_description":"Avstrijski kancler Sebastian Kurz je po ostrih kritikah zaradi prepo\u010dasnega poteka cepljenja proti covidu-19 danes pozval k \u010dim hitrej\u0161i razdelitvi in uporabi cepiva, ki je na voljo. \"Cepljenje spreminja pravila igre v boju proti pandemiji,\" je poudaril in dodal, da zato noben odmerek cepiva ne sme ostati v skladi\u0161\u010dih.","og_url":"https:\/\/hudo.com\/si\/aktualno\/kurz-po-kritikah-pozval-k-hitri-razdelitvi-in-uporabi-cepiva-proti-covidu-19-ni-razloga-za-to-da-so-odmerki-cepiva-vec-tednov-v-skladiscih\/","og_site_name":"Hudo Slovenija","article_publisher":"https:\/\/www.facebook.com\/hudo.si","article_published_time":"2021-01-06T15:36:04+00:00","og_image":[{"width":1250,"height":833,"url":"https:\/\/hudo.com\/si\/wp-content\/uploads\/sites\/2\/2020\/07\/profimedia-0512074335.jpg","type":"image\/jpeg"}],"author":"M. N., STA","twitter_card":"summary_large_image","twitter_creator":"@hudo_si","twitter_site":"@hudo_si","twitter_misc":{"Written by":"M. N., STA","Est. reading time":"2 minuti"},"schema":{"@context":"https:\/\/schema.org","@graph":[{"@type":"Article","@id":"https:\/\/hudo.com\/si\/aktualno\/kurz-po-kritikah-pozval-k-hitri-razdelitvi-in-uporabi-cepiva-proti-covidu-19-ni-razloga-za-to-da-so-odmerki-cepiva-vec-tednov-v-skladiscih\/#article","isPartOf":{"@id":"https:\/\/hudo.com\/si\/aktualno\/kurz-po-kritikah-pozval-k-hitri-razdelitvi-in-uporabi-cepiva-proti-covidu-19-ni-razloga-za-to-da-so-odmerki-cepiva-vec-tednov-v-skladiscih\/"},"author":{"name":"M. N., STA","@id":"https:\/\/hudo.com\/si\/#\/schema\/person\/c2f10ce65d2e6ede2aeda5be2a0611fa"},"headline":"Kurz po kritikah pozval k hitri razdelitvi in uporabi cepiva proti covidu-19: &#8220;Ni razloga za to, da so odmerki cepiva ve\u010d tednov v skladi\u0161\u010dih&#8221;","datePublished":"2021-01-06T15:36:04+00:00","dateModified":"2021-01-06T15:36:04+00:00","mainEntityOfPage":{"@id":"https:\/\/hudo.com\/si\/aktualno\/kurz-po-kritikah-pozval-k-hitri-razdelitvi-in-uporabi-cepiva-proti-covidu-19-ni-razloga-za-to-da-so-odmerki-cepiva-vec-tednov-v-skladiscih\/"},"wordCount":390,"publisher":{"@id":"https:\/\/hudo.com\/si\/#organization"},"keywords":["Avstrija","koronavirus","Sebastian Kurz"],"articleSection":["Aktualno"],"inLanguage":"sl-SI"},{"@type":"WebPage","@id":"https:\/\/hudo.com\/si\/aktualno\/kurz-po-kritikah-pozval-k-hitri-razdelitvi-in-uporabi-cepiva-proti-covidu-19-ni-razloga-za-to-da-so-odmerki-cepiva-vec-tednov-v-skladiscih\/","url":"https:\/\/hudo.com\/si\/aktualno\/kurz-po-kritikah-pozval-k-hitri-razdelitvi-in-uporabi-cepiva-proti-covidu-19-ni-razloga-za-to-da-so-odmerki-cepiva-vec-tednov-v-skladiscih\/","name":"Kurz po kritikah pozval k hitri razdelitvi in uporabi cepiva proti covidu-19: \"Ni razloga za to, da so odmerki cepiva ve\u010d tednov v skladi\u0161\u010dih\" - Hudo Slovenija","isPartOf":{"@id":"https:\/\/hudo.com\/si\/#website"},"datePublished":"2021-01-06T15:36:04+00:00","dateModified":"2021-01-06T15:36:04+00:00","breadcrumb":{"@id":"https:\/\/hudo.com\/si\/aktualno\/kurz-po-kritikah-pozval-k-hitri-razdelitvi-in-uporabi-cepiva-proti-covidu-19-ni-razloga-za-to-da-so-odmerki-cepiva-vec-tednov-v-skladiscih\/#breadcrumb"},"inLanguage":"sl-SI","potentialAction":[{"@type":"ReadAction","target":["https:\/\/hudo.com\/si\/aktualno\/kurz-po-kritikah-pozval-k-hitri-razdelitvi-in-uporabi-cepiva-proti-covidu-19-ni-razloga-za-to-da-so-odmerki-cepiva-vec-tednov-v-skladiscih\/"]}]},{"@type":"BreadcrumbList","@id":"https:\/\/hudo.com\/si\/aktualno\/kurz-po-kritikah-pozval-k-hitri-razdelitvi-in-uporabi-cepiva-proti-covidu-19-ni-razloga-za-to-da-so-odmerki-cepiva-vec-tednov-v-skladiscih\/#breadcrumb","itemListElement":[{"@type":"ListItem","position":1,"name":"Home","item":"https:\/\/hudo.com\/si\/"},{"@type":"ListItem","position":2,"name":"Kurz po kritikah pozval k hitri razdelitvi in uporabi cepiva proti covidu-19: &#8220;Ni razloga za to, da so odmerki cepiva ve\u010d tednov v skladi\u0161\u010dih&#8221;"}]},{"@type":"WebSite","@id":"https:\/\/hudo.com\/si\/#website","url":"https:\/\/hudo.com\/si\/","name":"Hudo Slovenija","description":"Vse novice iz Slovenije in sveta","publisher":{"@id":"https:\/\/hudo.com\/si\/#organization"},"potentialAction":[{"@type":"SearchAction","target":{"@type":"EntryPoint","urlTemplate":"https:\/\/hudo.com\/si\/?s={search_term_string}"},"query-input":"required name=search_term_string"}],"inLanguage":"sl-SI"},{"@type":"Organization","@id":"https:\/\/hudo.com\/si\/#organization","name":"VSN Media","url":"https:\/\/hudo.com\/si\/","logo":{"@type":"ImageObject","inLanguage":"sl-SI","@id":"https:\/\/hudo.com\/si\/#\/schema\/logo\/image\/","url":"https:\/\/hudo.com\/si\/wp-content\/uploads\/sites\/2\/2021\/03\/hudo-app-2.png","contentUrl":"https:\/\/hudo.com\/si\/wp-content\/uploads\/sites\/2\/2021\/03\/hudo-app-2.png","width":2185,"height":2167,"caption":"VSN Media"},"image":{"@id":"https:\/\/hudo.com\/si\/#\/schema\/logo\/image\/"},"sameAs":["https:\/\/www.facebook.com\/hudo.si","https:\/\/twitter.com\/hudo_si"]},{"@type":"Person","@id":"https:\/\/hudo.com\/si\/#\/schema\/person\/c2f10ce65d2e6ede2aeda5be2a0611fa","name":"M. N., STA","image":{"@type":"ImageObject","inLanguage":"sl-SI","@id":"https:\/\/hudo.com\/si\/#\/schema\/person\/image\/","url":"https:\/\/secure.gravatar.com\/avatar\/f370d38daa10467f755c5c766a4cac20?s=96&d=mm&r=g","contentUrl":"https:\/\/secure.gravatar.com\/avatar\/f370d38daa10467f755c5c766a4cac20?s=96&d=mm&r=g","caption":"M. N., STA"},"url":"https:\/\/hudo.com\/si\/author\/mana\/"}]}},"amp_enabled":true,"_links":{"self":[{"href":"https:\/\/hudo.com\/si\/wp-json\/wp\/v2\/posts\/441835"}],"collection":[{"href":"https:\/\/hudo.com\/si\/wp-json\/wp\/v2\/posts"}],"about":[{"href":"https:\/\/hudo.com\/si\/wp-json\/wp\/v2\/types\/post"}],"author":[{"embeddable":true,"href":"https:\/\/hudo.com\/si\/wp-json\/wp\/v2\/users\/8"}],"replies":[{"embeddable":true,"href":"https:\/\/hudo.com\/si\/wp-json\/wp\/v2\/comments?post=441835"}],"version-history":[{"count":1,"href":"https:\/\/hudo.com\/si\/wp-json\/wp\/v2\/posts\/441835\/revisions"}],"predecessor-version":[{"id":441836,"href":"https:\/\/hudo.com\/si\/wp-json\/wp\/v2\/posts\/441835\/revisions\/441836"}],"wp:featuredmedia":[{"embeddable":true,"href":"https:\/\/hudo.com\/si\/wp-json\/wp\/v2\/media\/426472"}],"wp:attachment":[{"href":"https:\/\/hudo.com\/si\/wp-json\/wp\/v2\/media?parent=441835"}],"wp:term":[{"taxonomy":"category","embeddable":true,"href":"https:\/\/hudo.com\/si\/wp-json\/wp\/v2\/categories?post=441835"},{"taxonomy":"post_tag","embeddable":true,"href":"https:\/\/hudo.com\/si\/wp-json\/wp\/v2\/tags?post=441835"},{"taxonomy":"source","embeddable":true,"href":"https:\/\/hudo.com\/si\/wp-json\/wp\/v2\/source?post=441835"},{"taxonomy":"supertag","embeddable":true,"href":"https:\/\/hudo.com\/si\/wp-json\/wp\/v2\/supertag?post=441835"}],"curies":[{"name":"wp","href":"https:\/\/api.w.org\/{rel}","templated":true}]}}