{"id":441911,"date":"2021-01-07T13:27:53","date_gmt":"2021-01-07T12:27:53","guid":{"rendered":"http:\/\/hudo.com\/si\/?p=441911"},"modified":"2021-01-07T13:30:48","modified_gmt":"2021-01-07T12:30:48","slug":"v-sredo-potrdili-vec-kot-2600-okuzb-z-novim-koronavirusom","status":"publish","type":"post","link":"https:\/\/hudo.com\/si\/aktualno\/v-sredo-potrdili-vec-kot-2600-okuzb-z-novim-koronavirusom\/","title":{"rendered":"Potrdili ve\u010d kot 2600 oku\u017eb; Kacin: vlada je bila pod pritiskom prej\u0161njega ministra Gantarja prisiljena sprejeti ta ukrep"},"content":{"rendered":"<p>Kot je na novinarski konferenci pojasnil vladni govorec Jelko Kacin, so v sredo opravili 6370 PCR testov (586 manj kot v torek) in z njimi potrdili 2040 novih oku\u017eb (562 manj kot v torek), dele\u017e pozitivnih testov je bil 32 odstotkov (v torek 37,4 odstotka). Z 11.910 hitrimi antigenskimi testi (v torek so jih opravili 15.238) pa so v sredo potrdili 623 novih oku\u017eb (129 manj kot v torek), dele\u017e pozitivnih testov je bil 5,2 odstotka (v torek 4,9 odstotka).<\/p>\n<p>V sredo je umrlo osem covidnih bolnikov manj kot v torek, po Kacinovih navedbah jih je 19 umrlo v bolni\u0161nicah, \u0161tirje pa v domovih za starej\u0161e. V domovih za starej\u0161e so v sredo oku\u017ebo potrdili pri 21 stanovalcih in 17 zaposlenih, v petih posebnih socialno-varstvenih zavodih pa pri osmih stanovalcih in \u0161tirih zaposlenih. Iz bolni\u0161nic so v sredo odpustili 84 covidnih bolnikov, sprejeli pa so jih 95, je \u0161e navedel Kacin.<\/p>\n<p>V Sloveniji so po podatkih za sredo v povpre\u010dju v zadnjih 14 dneh potrdili 1064,9 oku\u017ebe na 100.000 prebivalcev, v zadnjih sedmih dneh pa 583 na 100.000 prebivalcev. Najmanj oku\u017eb imajo v primorsko-notranjski regiji, kjer povpre\u010dje za zadnjih 14 dni zna\u0161a 777,9, za zadnjih sedem dni pa 388. Dale\u010d najve\u010d primerov pa bele\u017eijo v Posavju, kjer so v zadnjih 14 dneh potrdili 2137,3 oku\u017ebe, v zadnjih sedmih dneh pa 1227,9 oku\u017ebe na 100.000 prebivalcev. Sledita Jugovzhodna Slovenija (v 14 dneh 1517,9, v sedmih dneh 821,3) in Koro\u0161ka (v 14 dneh 1454,1, v sedmih dneh 773,6).<\/p>\n<p>Na vpra\u0161anje, ali se glede na \u0161tevilo oku\u017eb po ve\u010d mesecih strogih ukrepov na vladi pogovarjajo o morebitnih napakah pri sprejemanju ukrepov ali odgovornosti pri nadaljevanju ukrepov, je Kacin odgovoril: &#8220;Seveda se pogovarjamo o vsakem ukrepu, koliko ukrep prinese.&#8221; Ob tem je navedel, da je bila vlada pod pritiskom prej\u0161njega ministra za zdravje Toma\u017ea Gantarja prisiljena sprejeti ukrep ustavitve javnega prometa, nato pa ga je, ko so bile mo\u017enosti za to, sprostila in javnega prometa ne bo ve\u010d ustavljala. &#8220;Tukaj gre za objektivno odgovornost nekaterih, ki so pri tem vztrajali, to zahtevali in izsiljevali,&#8221; je dejal.<\/p>\n<p>Gantar pa je za STA poudaril, da se vlade &#8220;pa\u010d ne da prisiliti v karkoli&#8221;. Pojasnil je, da je sam menil, da bi morali glede na epidemiolo\u0161ko situacijo ravnati bolj restriktivno oziroma sprejeti stro\u017eje ukrepe.<\/p>\n<p>Sicer je po Kacinovem prepri\u010danju problem \u0161irjenja oku\u017eb predvsem zelo individualen, saj lahko virus prena\u0161amo le sami kot posamezniki. To se po njegovih navedbah dogaja predvsem, ko smo bolj spro\u0161\u010deni, zato je tega v delovnih okoljih manj, v okviru zasebnih dru\u017eenj pa vedno ve\u010d. Kot je poudaril, je pomembno, da se za\u0161\u010ditnih ukrepov dr\u017eimo dosledno ves dan.<\/p>\n<p>Ob tem je Kacin omenil zadovoljstvo nekaterih \u017eupanov z njegovimi sredinimi izjavami, da ljudje na pode\u017eelju maske nosijo bistveno manj kot v urbanih sredi\u0161\u010dih, saj da so v njih videli solidarnost pri prizadevanjih za ozave\u0161\u010danje ljudi. Opravi\u010dil se je tistim, ki so jih njegove besede prizadele in dodal, da ve\u010dina ljudi ukrepe spo\u0161tuje, ne pa vsi.<\/p>\n<p>Visoko \u0161tevilo oku\u017eenih v Posavju po Kacinovih navedbah &#8220;seveda ni posledica prenosa iz urbanega okolja, to se dogaja v lokalnem okolju&#8221;. Izpostavil je \u0161e ob\u010dino Ajdov\u0161\u010dina, ki da prav tako izstopa po visokem \u0161tevilu oku\u017eb. &#8220;Gre za posledico neustreznega ali premajhnega no\u0161enja za\u0161\u010ditnih sredstev, se pravi mask,&#8221; je bil jasen.<\/p>\n<p>Pri tem pa je Kacin pojasnil, da in\u0161pektorji nimajo dostopa do zasebnih obmo\u010dij, denimo zidanic, in izpostavil odgovornost posameznikov, ki se udele\u017eujejo tovrstnih zasebnih dru\u017eenj.<\/p>\n","protected":false},"excerpt":{"rendered":"<p>V sredo so po vladnih podatkih ob 18.280 hitrih in PCR testih potrdili 2663 oku\u017eb z novim koronavirusom, umrlo pa je 23 covidnih bolnikov. V bolni\u0161nicah so v sredo zdravili 1169 covidnih bolnikov, kar je osem manj kot v torek, sedem ve\u010d pa jih je potrebovalo intenzivno nego, in sicer 189.<\/p>\n","protected":false},"author":5,"featured_media":441950,"comment_status":"closed","ping_status":"closed","sticky":false,"template":"","format":"standard","meta":{"footnotes":""},"categories":[1179],"tags":[15632,1595,16211],"source":[4511],"supertag":[5675],"acf":[],"yoast_head":"<!-- This site is optimized with the Yoast SEO plugin v21.3 - https:\/\/yoast.com\/wordpress\/plugins\/seo\/ -->\n<title>Potrdili ve\u010d kot 2600 oku\u017eb; Kacin: vlada je bila pod pritiskom prej\u0161njega ministra Gantarja prisiljena sprejeti ta ukrep - Hudo Slovenija<\/title>\n<meta name=\"robots\" content=\"index, follow, max-snippet:-1, max-image-preview:large, max-video-preview:-1\" \/>\n<link rel=\"canonical\" href=\"https:\/\/hudo.com\/si\/aktualno\/v-sredo-potrdili-vec-kot-2600-okuzb-z-novim-koronavirusom\/\" \/>\n<meta property=\"og:locale\" content=\"sl_SI\" \/>\n<meta property=\"og:type\" content=\"article\" \/>\n<meta property=\"og:title\" content=\"Potrdili ve\u010d kot 2600 oku\u017eb; Kacin: vlada je bila pod pritiskom prej\u0161njega ministra Gantarja prisiljena sprejeti ta ukrep - Hudo Slovenija\" \/>\n<meta property=\"og:description\" content=\"V sredo so po vladnih podatkih ob 18.280 hitrih in PCR testih potrdili 2663 oku\u017eb z novim koronavirusom, umrlo pa je 23 covidnih bolnikov. V bolni\u0161nicah so v sredo zdravili 1169 covidnih bolnikov, kar je osem manj kot v torek, sedem ve\u010d pa jih je potrebovalo intenzivno nego, in sicer 189.\" \/>\n<meta property=\"og:url\" content=\"https:\/\/hudo.com\/si\/aktualno\/v-sredo-potrdili-vec-kot-2600-okuzb-z-novim-koronavirusom\/\" \/>\n<meta property=\"og:site_name\" content=\"Hudo Slovenija\" \/>\n<meta property=\"article:publisher\" content=\"https:\/\/www.facebook.com\/hudo.si\" \/>\n<meta property=\"article:published_time\" content=\"2021-01-07T12:27:53+00:00\" \/>\n<meta property=\"article:modified_time\" content=\"2021-01-07T12:30:48+00:00\" \/>\n<meta property=\"og:image\" content=\"https:\/\/hudo.com\/si\/wp-content\/uploads\/sites\/2\/2021\/01\/Screenshot-from-2021-01-07-13-29-12.png\" \/>\n\t<meta property=\"og:image:width\" content=\"907\" \/>\n\t<meta property=\"og:image:height\" content=\"600\" \/>\n\t<meta property=\"og:image:type\" content=\"image\/png\" \/>\n<meta name=\"author\" content=\"A. G., STA\" \/>\n<meta name=\"twitter:card\" content=\"summary_large_image\" \/>\n<meta name=\"twitter:creator\" content=\"@hudo_si\" \/>\n<meta name=\"twitter:site\" content=\"@hudo_si\" \/>\n<meta name=\"twitter:label1\" content=\"Written by\" \/>\n\t<meta name=\"twitter:data1\" content=\"A. G., STA\" \/>\n\t<meta name=\"twitter:label2\" content=\"Est. reading time\" \/>\n\t<meta name=\"twitter:data2\" content=\"3 minute\" \/>\n<script type=\"application\/ld+json\" class=\"yoast-schema-graph\">{\"@context\":\"https:\/\/schema.org\",\"@graph\":[{\"@type\":\"Article\",\"@id\":\"https:\/\/hudo.com\/si\/aktualno\/v-sredo-potrdili-vec-kot-2600-okuzb-z-novim-koronavirusom\/#article\",\"isPartOf\":{\"@id\":\"https:\/\/hudo.com\/si\/aktualno\/v-sredo-potrdili-vec-kot-2600-okuzb-z-novim-koronavirusom\/\"},\"author\":{\"name\":\"A. G., STA\",\"@id\":\"https:\/\/hudo.com\/si\/#\/schema\/person\/2391667a63ea075ba94f2f2dc6b77537\"},\"headline\":\"Potrdili ve\u010d kot 2600 oku\u017eb; Kacin: vlada je bila pod pritiskom prej\u0161njega ministra Gantarja prisiljena sprejeti ta ukrep\",\"datePublished\":\"2021-01-07T12:27:53+00:00\",\"dateModified\":\"2021-01-07T12:30:48+00:00\",\"mainEntityOfPage\":{\"@id\":\"https:\/\/hudo.com\/si\/aktualno\/v-sredo-potrdili-vec-kot-2600-okuzb-z-novim-koronavirusom\/\"},\"wordCount\":595,\"publisher\":{\"@id\":\"https:\/\/hudo.com\/si\/#organization\"},\"keywords\":[\"koronavirus\",\"Slovenija\",\"\u0161tevilo oku\u017eenih\"],\"articleSection\":[\"Aktualno\"],\"inLanguage\":\"sl-SI\"},{\"@type\":\"WebPage\",\"@id\":\"https:\/\/hudo.com\/si\/aktualno\/v-sredo-potrdili-vec-kot-2600-okuzb-z-novim-koronavirusom\/\",\"url\":\"https:\/\/hudo.com\/si\/aktualno\/v-sredo-potrdili-vec-kot-2600-okuzb-z-novim-koronavirusom\/\",\"name\":\"Potrdili ve\u010d kot 2600 oku\u017eb; Kacin: vlada je bila pod pritiskom prej\u0161njega ministra Gantarja prisiljena sprejeti ta ukrep - Hudo Slovenija\",\"isPartOf\":{\"@id\":\"https:\/\/hudo.com\/si\/#website\"},\"datePublished\":\"2021-01-07T12:27:53+00:00\",\"dateModified\":\"2021-01-07T12:30:48+00:00\",\"breadcrumb\":{\"@id\":\"https:\/\/hudo.com\/si\/aktualno\/v-sredo-potrdili-vec-kot-2600-okuzb-z-novim-koronavirusom\/#breadcrumb\"},\"inLanguage\":\"sl-SI\",\"potentialAction\":[{\"@type\":\"ReadAction\",\"target\":[\"https:\/\/hudo.com\/si\/aktualno\/v-sredo-potrdili-vec-kot-2600-okuzb-z-novim-koronavirusom\/\"]}]},{\"@type\":\"BreadcrumbList\",\"@id\":\"https:\/\/hudo.com\/si\/aktualno\/v-sredo-potrdili-vec-kot-2600-okuzb-z-novim-koronavirusom\/#breadcrumb\",\"itemListElement\":[{\"@type\":\"ListItem\",\"position\":1,\"name\":\"Home\",\"item\":\"https:\/\/hudo.com\/si\/\"},{\"@type\":\"ListItem\",\"position\":2,\"name\":\"Potrdili ve\u010d kot 2600 oku\u017eb; Kacin: vlada je bila pod pritiskom prej\u0161njega ministra Gantarja prisiljena sprejeti ta ukrep\"}]},{\"@type\":\"WebSite\",\"@id\":\"https:\/\/hudo.com\/si\/#website\",\"url\":\"https:\/\/hudo.com\/si\/\",\"name\":\"Hudo Slovenija\",\"description\":\"Vse novice iz Slovenije in sveta\",\"publisher\":{\"@id\":\"https:\/\/hudo.com\/si\/#organization\"},\"potentialAction\":[{\"@type\":\"SearchAction\",\"target\":{\"@type\":\"EntryPoint\",\"urlTemplate\":\"https:\/\/hudo.com\/si\/?s={search_term_string}\"},\"query-input\":\"required name=search_term_string\"}],\"inLanguage\":\"sl-SI\"},{\"@type\":\"Organization\",\"@id\":\"https:\/\/hudo.com\/si\/#organization\",\"name\":\"VSN Media\",\"url\":\"https:\/\/hudo.com\/si\/\",\"logo\":{\"@type\":\"ImageObject\",\"inLanguage\":\"sl-SI\",\"@id\":\"https:\/\/hudo.com\/si\/#\/schema\/logo\/image\/\",\"url\":\"https:\/\/hudo.com\/si\/wp-content\/uploads\/sites\/2\/2021\/03\/hudo-app-2.png\",\"contentUrl\":\"https:\/\/hudo.com\/si\/wp-content\/uploads\/sites\/2\/2021\/03\/hudo-app-2.png\",\"width\":2185,\"height\":2167,\"caption\":\"VSN Media\"},\"image\":{\"@id\":\"https:\/\/hudo.com\/si\/#\/schema\/logo\/image\/\"},\"sameAs\":[\"https:\/\/www.facebook.com\/hudo.si\",\"https:\/\/twitter.com\/hudo_si\"]},{\"@type\":\"Person\",\"@id\":\"https:\/\/hudo.com\/si\/#\/schema\/person\/2391667a63ea075ba94f2f2dc6b77537\",\"name\":\"A. G., STA\",\"image\":{\"@type\":\"ImageObject\",\"inLanguage\":\"sl-SI\",\"@id\":\"https:\/\/hudo.com\/si\/#\/schema\/person\/image\/\",\"url\":\"https:\/\/secure.gravatar.com\/avatar\/e13d22ac3e442658d5025fbbe6238a79?s=96&d=mm&r=g\",\"contentUrl\":\"https:\/\/secure.gravatar.com\/avatar\/e13d22ac3e442658d5025fbbe6238a79?s=96&d=mm&r=g\",\"caption\":\"A. G., STA\"},\"url\":\"https:\/\/hudo.com\/si\/author\/alenka\/\"}]}<\/script>\n<!-- \/ Yoast SEO plugin. -->","yoast_head_json":{"title":"Potrdili ve\u010d kot 2600 oku\u017eb; Kacin: vlada je bila pod pritiskom prej\u0161njega ministra Gantarja prisiljena sprejeti ta ukrep - Hudo Slovenija","robots":{"index":"index","follow":"follow","max-snippet":"max-snippet:-1","max-image-preview":"max-image-preview:large","max-video-preview":"max-video-preview:-1"},"canonical":"https:\/\/hudo.com\/si\/aktualno\/v-sredo-potrdili-vec-kot-2600-okuzb-z-novim-koronavirusom\/","og_locale":"sl_SI","og_type":"article","og_title":"Potrdili ve\u010d kot 2600 oku\u017eb; Kacin: vlada je bila pod pritiskom prej\u0161njega ministra Gantarja prisiljena sprejeti ta ukrep - Hudo Slovenija","og_description":"V sredo so po vladnih podatkih ob 18.280 hitrih in PCR testih potrdili 2663 oku\u017eb z novim koronavirusom, umrlo pa je 23 covidnih bolnikov. V bolni\u0161nicah so v sredo zdravili 1169 covidnih bolnikov, kar je osem manj kot v torek, sedem ve\u010d pa jih je potrebovalo intenzivno nego, in sicer 189.","og_url":"https:\/\/hudo.com\/si\/aktualno\/v-sredo-potrdili-vec-kot-2600-okuzb-z-novim-koronavirusom\/","og_site_name":"Hudo Slovenija","article_publisher":"https:\/\/www.facebook.com\/hudo.si","article_published_time":"2021-01-07T12:27:53+00:00","article_modified_time":"2021-01-07T12:30:48+00:00","og_image":[{"width":907,"height":600,"url":"https:\/\/hudo.com\/si\/wp-content\/uploads\/sites\/2\/2021\/01\/Screenshot-from-2021-01-07-13-29-12.png","type":"image\/png"}],"author":"A. G., STA","twitter_card":"summary_large_image","twitter_creator":"@hudo_si","twitter_site":"@hudo_si","twitter_misc":{"Written by":"A. G., STA","Est. reading time":"3 minute"},"schema":{"@context":"https:\/\/schema.org","@graph":[{"@type":"Article","@id":"https:\/\/hudo.com\/si\/aktualno\/v-sredo-potrdili-vec-kot-2600-okuzb-z-novim-koronavirusom\/#article","isPartOf":{"@id":"https:\/\/hudo.com\/si\/aktualno\/v-sredo-potrdili-vec-kot-2600-okuzb-z-novim-koronavirusom\/"},"author":{"name":"A. G., STA","@id":"https:\/\/hudo.com\/si\/#\/schema\/person\/2391667a63ea075ba94f2f2dc6b77537"},"headline":"Potrdili ve\u010d kot 2600 oku\u017eb; Kacin: vlada je bila pod pritiskom prej\u0161njega ministra Gantarja prisiljena sprejeti ta ukrep","datePublished":"2021-01-07T12:27:53+00:00","dateModified":"2021-01-07T12:30:48+00:00","mainEntityOfPage":{"@id":"https:\/\/hudo.com\/si\/aktualno\/v-sredo-potrdili-vec-kot-2600-okuzb-z-novim-koronavirusom\/"},"wordCount":595,"publisher":{"@id":"https:\/\/hudo.com\/si\/#organization"},"keywords":["koronavirus","Slovenija","\u0161tevilo oku\u017eenih"],"articleSection":["Aktualno"],"inLanguage":"sl-SI"},{"@type":"WebPage","@id":"https:\/\/hudo.com\/si\/aktualno\/v-sredo-potrdili-vec-kot-2600-okuzb-z-novim-koronavirusom\/","url":"https:\/\/hudo.com\/si\/aktualno\/v-sredo-potrdili-vec-kot-2600-okuzb-z-novim-koronavirusom\/","name":"Potrdili ve\u010d kot 2600 oku\u017eb; Kacin: vlada je bila pod pritiskom prej\u0161njega ministra Gantarja prisiljena sprejeti ta ukrep - Hudo Slovenija","isPartOf":{"@id":"https:\/\/hudo.com\/si\/#website"},"datePublished":"2021-01-07T12:27:53+00:00","dateModified":"2021-01-07T12:30:48+00:00","breadcrumb":{"@id":"https:\/\/hudo.com\/si\/aktualno\/v-sredo-potrdili-vec-kot-2600-okuzb-z-novim-koronavirusom\/#breadcrumb"},"inLanguage":"sl-SI","potentialAction":[{"@type":"ReadAction","target":["https:\/\/hudo.com\/si\/aktualno\/v-sredo-potrdili-vec-kot-2600-okuzb-z-novim-koronavirusom\/"]}]},{"@type":"BreadcrumbList","@id":"https:\/\/hudo.com\/si\/aktualno\/v-sredo-potrdili-vec-kot-2600-okuzb-z-novim-koronavirusom\/#breadcrumb","itemListElement":[{"@type":"ListItem","position":1,"name":"Home","item":"https:\/\/hudo.com\/si\/"},{"@type":"ListItem","position":2,"name":"Potrdili ve\u010d kot 2600 oku\u017eb; Kacin: vlada je bila pod pritiskom prej\u0161njega ministra Gantarja prisiljena sprejeti ta ukrep"}]},{"@type":"WebSite","@id":"https:\/\/hudo.com\/si\/#website","url":"https:\/\/hudo.com\/si\/","name":"Hudo Slovenija","description":"Vse novice iz Slovenije in sveta","publisher":{"@id":"https:\/\/hudo.com\/si\/#organization"},"potentialAction":[{"@type":"SearchAction","target":{"@type":"EntryPoint","urlTemplate":"https:\/\/hudo.com\/si\/?s={search_term_string}"},"query-input":"required name=search_term_string"}],"inLanguage":"sl-SI"},{"@type":"Organization","@id":"https:\/\/hudo.com\/si\/#organization","name":"VSN Media","url":"https:\/\/hudo.com\/si\/","logo":{"@type":"ImageObject","inLanguage":"sl-SI","@id":"https:\/\/hudo.com\/si\/#\/schema\/logo\/image\/","url":"https:\/\/hudo.com\/si\/wp-content\/uploads\/sites\/2\/2021\/03\/hudo-app-2.png","contentUrl":"https:\/\/hudo.com\/si\/wp-content\/uploads\/sites\/2\/2021\/03\/hudo-app-2.png","width":2185,"height":2167,"caption":"VSN Media"},"image":{"@id":"https:\/\/hudo.com\/si\/#\/schema\/logo\/image\/"},"sameAs":["https:\/\/www.facebook.com\/hudo.si","https:\/\/twitter.com\/hudo_si"]},{"@type":"Person","@id":"https:\/\/hudo.com\/si\/#\/schema\/person\/2391667a63ea075ba94f2f2dc6b77537","name":"A. G., STA","image":{"@type":"ImageObject","inLanguage":"sl-SI","@id":"https:\/\/hudo.com\/si\/#\/schema\/person\/image\/","url":"https:\/\/secure.gravatar.com\/avatar\/e13d22ac3e442658d5025fbbe6238a79?s=96&d=mm&r=g","contentUrl":"https:\/\/secure.gravatar.com\/avatar\/e13d22ac3e442658d5025fbbe6238a79?s=96&d=mm&r=g","caption":"A. G., STA"},"url":"https:\/\/hudo.com\/si\/author\/alenka\/"}]}},"amp_enabled":true,"_links":{"self":[{"href":"https:\/\/hudo.com\/si\/wp-json\/wp\/v2\/posts\/441911"}],"collection":[{"href":"https:\/\/hudo.com\/si\/wp-json\/wp\/v2\/posts"}],"about":[{"href":"https:\/\/hudo.com\/si\/wp-json\/wp\/v2\/types\/post"}],"author":[{"embeddable":true,"href":"https:\/\/hudo.com\/si\/wp-json\/wp\/v2\/users\/5"}],"replies":[{"embeddable":true,"href":"https:\/\/hudo.com\/si\/wp-json\/wp\/v2\/comments?post=441911"}],"version-history":[{"count":5,"href":"https:\/\/hudo.com\/si\/wp-json\/wp\/v2\/posts\/441911\/revisions"}],"predecessor-version":[{"id":441951,"href":"https:\/\/hudo.com\/si\/wp-json\/wp\/v2\/posts\/441911\/revisions\/441951"}],"wp:featuredmedia":[{"embeddable":true,"href":"https:\/\/hudo.com\/si\/wp-json\/wp\/v2\/media\/441950"}],"wp:attachment":[{"href":"https:\/\/hudo.com\/si\/wp-json\/wp\/v2\/media?parent=441911"}],"wp:term":[{"taxonomy":"category","embeddable":true,"href":"https:\/\/hudo.com\/si\/wp-json\/wp\/v2\/categories?post=441911"},{"taxonomy":"post_tag","embeddable":true,"href":"https:\/\/hudo.com\/si\/wp-json\/wp\/v2\/tags?post=441911"},{"taxonomy":"source","embeddable":true,"href":"https:\/\/hudo.com\/si\/wp-json\/wp\/v2\/source?post=441911"},{"taxonomy":"supertag","embeddable":true,"href":"https:\/\/hudo.com\/si\/wp-json\/wp\/v2\/supertag?post=441911"}],"curies":[{"name":"wp","href":"https:\/\/api.w.org\/{rel}","templated":true}]}}