{"id":442077,"date":"2021-01-08T18:42:05","date_gmt":"2021-01-08T17:42:05","guid":{"rendered":"http:\/\/hudo.com\/si\/?p=442077"},"modified":"2021-01-08T18:42:05","modified_gmt":"2021-01-08T17:42:05","slug":"vlada-zeli-uniciti-sta-ker-ga-ne-more-kontrolirati","status":"publish","type":"post","link":"https:\/\/hudo.com\/si\/aktualno\/vlada-zeli-uniciti-sta-ker-ga-ne-more-kontrolirati\/","title":{"rendered":"&#8221;Vlada \u017eeli uni\u010diti STA, ker ga ne more kontrolirati&#8221;"},"content":{"rendered":"<p>Po ustavitvi financiranja izvajanja javne slu\u017ebe Slovenske tiskovne agencije (STA) s strani vladnega urada za komuniciranje (Ukoma) je namre\u010d DZ konec decembra potrdil sedmi protikoronski zakon, ki je posegel tudi v zakon o STA. Na predlog koalicijske SMC so v izogib razli\u010dnim interpretacijam vanj vnesli dolo\u010dbo, po kateri se v sedmih dneh po uveljavitvi zakona izpla\u010da vse zaostale obveznosti do STA za opravljanje javne slu\u017ebe in da se, ne glede na to, ali bo za leto 2021 sklenjena pogodba s STA, financira opravljanje javne slu\u017ebe STA na podlagi sprejetega poslovnega na\u010drta.<\/p>\n<p>Sedmi protikoronski zakon, s tem pa tudi omenjena dolo\u010dba, sta sicer za\u010dela veljati zadnji dan lanskega leta, sedemdnevni rok za popla\u010dilo zaostalih terjatev STA do vlade se je tako iztekel.<\/p>\n<p>A STA sredstev ni prejela, na Ukomu, direktor katerega je Uro\u0161 Urbanija, pa so danes zapisali, da je financiranje STA s sedmim protikoronskim sve\u017enjem postalo neposredna zakonska obveznost, s tem pa odprlo vpra\u0161anje, ali je to skladno s pravili EU o konkurenci, zlasti s pravili o podeljevanju dr\u017eavnih pomo\u010di. Zakonsko dolo\u010den znesek bo STA zato nakazan takoj, ko bo Evropska komisija dala pozitivno mnenje, so napovedali.<\/p>\n","protected":false},"excerpt":{"rendered":"<p>Koordinator Levice Luka Mesec je po tem, ko vlada STA ni pla\u010dala obveznosti, spomnil, da je dr\u017eava STA financirala vse od osamosvojitve, direktor Ukoma Uro\u0161 Urbanija pa bi zdaj \u0161el po soglasje v Bruselj, \u010de\u0161 da ga skrbi, da je to nedovoljena dr\u017eavna pomo\u010d. &#8220;Stvar je precej preprosta: \u010desar ta vlada nima pod kontrolo, je treba uni\u010diti,&#8221; je tvitnil.<\/p>\n","protected":false},"author":7,"featured_media":440185,"comment_status":"closed","ping_status":"closed","sticky":false,"template":"","format":"standard","meta":{"footnotes":""},"categories":[1179],"tags":[8983,1595,16702,17751],"source":[4511],"supertag":[5675],"acf":[],"yoast_head":"<!-- This site is optimized with the Yoast SEO plugin v21.3 - https:\/\/yoast.com\/wordpress\/plugins\/seo\/ -->\n<title>&#039;&#039;Vlada \u017eeli uni\u010diti STA, ker ga ne more kontrolirati&#039;&#039; - Hudo Slovenija<\/title>\n<meta name=\"robots\" content=\"index, follow, max-snippet:-1, max-image-preview:large, max-video-preview:-1\" \/>\n<link rel=\"canonical\" href=\"https:\/\/hudo.com\/si\/aktualno\/vlada-zeli-uniciti-sta-ker-ga-ne-more-kontrolirati\/\" \/>\n<meta property=\"og:locale\" content=\"sl_SI\" \/>\n<meta property=\"og:type\" content=\"article\" \/>\n<meta property=\"og:title\" content=\"&#039;&#039;Vlada \u017eeli uni\u010diti STA, ker ga ne more kontrolirati&#039;&#039; - Hudo Slovenija\" \/>\n<meta property=\"og:description\" content=\"Koordinator Levice Luka Mesec je po tem, ko vlada STA ni pla\u010dala obveznosti, spomnil, da je dr\u017eava STA financirala vse od osamosvojitve, direktor Ukoma Uro\u0161 Urbanija pa bi zdaj \u0161el po soglasje v Bruselj, \u010de\u0161 da ga skrbi, da je to nedovoljena dr\u017eavna pomo\u010d. &quot;Stvar je precej preprosta: \u010desar ta vlada nima pod kontrolo, je treba uni\u010diti,&quot; je tvitnil.\" \/>\n<meta property=\"og:url\" content=\"https:\/\/hudo.com\/si\/aktualno\/vlada-zeli-uniciti-sta-ker-ga-ne-more-kontrolirati\/\" \/>\n<meta property=\"og:site_name\" content=\"Hudo Slovenija\" \/>\n<meta property=\"article:publisher\" content=\"https:\/\/www.facebook.com\/hudo.si\" \/>\n<meta property=\"article:published_time\" content=\"2021-01-08T17:42:05+00:00\" \/>\n<meta property=\"og:image\" content=\"https:\/\/hudo.com\/si\/wp-content\/uploads\/sites\/2\/2020\/12\/20200605-01008198.jpg\" \/>\n\t<meta property=\"og:image:width\" content=\"640\" \/>\n\t<meta property=\"og:image:height\" content=\"427\" \/>\n\t<meta property=\"og:image:type\" content=\"image\/jpeg\" \/>\n<meta name=\"author\" content=\"A. P., STA\" \/>\n<meta name=\"twitter:card\" content=\"summary_large_image\" \/>\n<meta name=\"twitter:creator\" content=\"@hudo_si\" \/>\n<meta name=\"twitter:site\" content=\"@hudo_si\" \/>\n<meta name=\"twitter:label1\" content=\"Written by\" \/>\n\t<meta name=\"twitter:data1\" content=\"A. P., STA\" \/>\n\t<meta name=\"twitter:label2\" content=\"Est. reading time\" \/>\n\t<meta name=\"twitter:data2\" content=\"1 minuta\" \/>\n<script type=\"application\/ld+json\" class=\"yoast-schema-graph\">{\"@context\":\"https:\/\/schema.org\",\"@graph\":[{\"@type\":\"Article\",\"@id\":\"https:\/\/hudo.com\/si\/aktualno\/vlada-zeli-uniciti-sta-ker-ga-ne-more-kontrolirati\/#article\",\"isPartOf\":{\"@id\":\"https:\/\/hudo.com\/si\/aktualno\/vlada-zeli-uniciti-sta-ker-ga-ne-more-kontrolirati\/\"},\"author\":{\"name\":\"A. P., STA\",\"@id\":\"https:\/\/hudo.com\/si\/#\/schema\/person\/18f09c02475ba9e606e941a565b80cff\"},\"headline\":\"&#8221;Vlada \u017eeli uni\u010diti STA, ker ga ne more kontrolirati&#8221;\",\"datePublished\":\"2021-01-08T17:42:05+00:00\",\"dateModified\":\"2021-01-08T17:42:05+00:00\",\"mainEntityOfPage\":{\"@id\":\"https:\/\/hudo.com\/si\/aktualno\/vlada-zeli-uniciti-sta-ker-ga-ne-more-kontrolirati\/\"},\"wordCount\":211,\"publisher\":{\"@id\":\"https:\/\/hudo.com\/si\/#organization\"},\"keywords\":[\"levica\",\"Slovenija\",\"sta\",\"Ukom\"],\"articleSection\":[\"Aktualno\"],\"inLanguage\":\"sl-SI\"},{\"@type\":\"WebPage\",\"@id\":\"https:\/\/hudo.com\/si\/aktualno\/vlada-zeli-uniciti-sta-ker-ga-ne-more-kontrolirati\/\",\"url\":\"https:\/\/hudo.com\/si\/aktualno\/vlada-zeli-uniciti-sta-ker-ga-ne-more-kontrolirati\/\",\"name\":\"''Vlada \u017eeli uni\u010diti STA, ker ga ne more kontrolirati'' - Hudo Slovenija\",\"isPartOf\":{\"@id\":\"https:\/\/hudo.com\/si\/#website\"},\"datePublished\":\"2021-01-08T17:42:05+00:00\",\"dateModified\":\"2021-01-08T17:42:05+00:00\",\"breadcrumb\":{\"@id\":\"https:\/\/hudo.com\/si\/aktualno\/vlada-zeli-uniciti-sta-ker-ga-ne-more-kontrolirati\/#breadcrumb\"},\"inLanguage\":\"sl-SI\",\"potentialAction\":[{\"@type\":\"ReadAction\",\"target\":[\"https:\/\/hudo.com\/si\/aktualno\/vlada-zeli-uniciti-sta-ker-ga-ne-more-kontrolirati\/\"]}]},{\"@type\":\"BreadcrumbList\",\"@id\":\"https:\/\/hudo.com\/si\/aktualno\/vlada-zeli-uniciti-sta-ker-ga-ne-more-kontrolirati\/#breadcrumb\",\"itemListElement\":[{\"@type\":\"ListItem\",\"position\":1,\"name\":\"Home\",\"item\":\"https:\/\/hudo.com\/si\/\"},{\"@type\":\"ListItem\",\"position\":2,\"name\":\"&#8221;Vlada \u017eeli uni\u010diti STA, ker ga ne more kontrolirati&#8221;\"}]},{\"@type\":\"WebSite\",\"@id\":\"https:\/\/hudo.com\/si\/#website\",\"url\":\"https:\/\/hudo.com\/si\/\",\"name\":\"Hudo Slovenija\",\"description\":\"Vse novice iz Slovenije in sveta\",\"publisher\":{\"@id\":\"https:\/\/hudo.com\/si\/#organization\"},\"potentialAction\":[{\"@type\":\"SearchAction\",\"target\":{\"@type\":\"EntryPoint\",\"urlTemplate\":\"https:\/\/hudo.com\/si\/?s={search_term_string}\"},\"query-input\":\"required name=search_term_string\"}],\"inLanguage\":\"sl-SI\"},{\"@type\":\"Organization\",\"@id\":\"https:\/\/hudo.com\/si\/#organization\",\"name\":\"VSN Media\",\"url\":\"https:\/\/hudo.com\/si\/\",\"logo\":{\"@type\":\"ImageObject\",\"inLanguage\":\"sl-SI\",\"@id\":\"https:\/\/hudo.com\/si\/#\/schema\/logo\/image\/\",\"url\":\"https:\/\/hudo.com\/si\/wp-content\/uploads\/sites\/2\/2021\/03\/hudo-app-2.png\",\"contentUrl\":\"https:\/\/hudo.com\/si\/wp-content\/uploads\/sites\/2\/2021\/03\/hudo-app-2.png\",\"width\":2185,\"height\":2167,\"caption\":\"VSN Media\"},\"image\":{\"@id\":\"https:\/\/hudo.com\/si\/#\/schema\/logo\/image\/\"},\"sameAs\":[\"https:\/\/www.facebook.com\/hudo.si\",\"https:\/\/twitter.com\/hudo_si\"]},{\"@type\":\"Person\",\"@id\":\"https:\/\/hudo.com\/si\/#\/schema\/person\/18f09c02475ba9e606e941a565b80cff\",\"name\":\"A. P., STA\",\"image\":{\"@type\":\"ImageObject\",\"inLanguage\":\"sl-SI\",\"@id\":\"https:\/\/hudo.com\/si\/#\/schema\/person\/image\/\",\"url\":\"https:\/\/secure.gravatar.com\/avatar\/03eac8e609f5f04383125d80eaeaaf3e?s=96&d=mm&r=g\",\"contentUrl\":\"https:\/\/secure.gravatar.com\/avatar\/03eac8e609f5f04383125d80eaeaaf3e?s=96&d=mm&r=g\",\"caption\":\"A. P., STA\"},\"url\":\"https:\/\/hudo.com\/si\/author\/lubu\/\"}]}<\/script>\n<!-- \/ Yoast SEO plugin. -->","yoast_head_json":{"title":"''Vlada \u017eeli uni\u010diti STA, ker ga ne more kontrolirati'' - Hudo Slovenija","robots":{"index":"index","follow":"follow","max-snippet":"max-snippet:-1","max-image-preview":"max-image-preview:large","max-video-preview":"max-video-preview:-1"},"canonical":"https:\/\/hudo.com\/si\/aktualno\/vlada-zeli-uniciti-sta-ker-ga-ne-more-kontrolirati\/","og_locale":"sl_SI","og_type":"article","og_title":"''Vlada \u017eeli uni\u010diti STA, ker ga ne more kontrolirati'' - Hudo Slovenija","og_description":"Koordinator Levice Luka Mesec je po tem, ko vlada STA ni pla\u010dala obveznosti, spomnil, da je dr\u017eava STA financirala vse od osamosvojitve, direktor Ukoma Uro\u0161 Urbanija pa bi zdaj \u0161el po soglasje v Bruselj, \u010de\u0161 da ga skrbi, da je to nedovoljena dr\u017eavna pomo\u010d. \"Stvar je precej preprosta: \u010desar ta vlada nima pod kontrolo, je treba uni\u010diti,\" je tvitnil.","og_url":"https:\/\/hudo.com\/si\/aktualno\/vlada-zeli-uniciti-sta-ker-ga-ne-more-kontrolirati\/","og_site_name":"Hudo Slovenija","article_publisher":"https:\/\/www.facebook.com\/hudo.si","article_published_time":"2021-01-08T17:42:05+00:00","og_image":[{"width":640,"height":427,"url":"https:\/\/hudo.com\/si\/wp-content\/uploads\/sites\/2\/2020\/12\/20200605-01008198.jpg","type":"image\/jpeg"}],"author":"A. P., STA","twitter_card":"summary_large_image","twitter_creator":"@hudo_si","twitter_site":"@hudo_si","twitter_misc":{"Written by":"A. P., STA","Est. reading time":"1 minuta"},"schema":{"@context":"https:\/\/schema.org","@graph":[{"@type":"Article","@id":"https:\/\/hudo.com\/si\/aktualno\/vlada-zeli-uniciti-sta-ker-ga-ne-more-kontrolirati\/#article","isPartOf":{"@id":"https:\/\/hudo.com\/si\/aktualno\/vlada-zeli-uniciti-sta-ker-ga-ne-more-kontrolirati\/"},"author":{"name":"A. P., STA","@id":"https:\/\/hudo.com\/si\/#\/schema\/person\/18f09c02475ba9e606e941a565b80cff"},"headline":"&#8221;Vlada \u017eeli uni\u010diti STA, ker ga ne more kontrolirati&#8221;","datePublished":"2021-01-08T17:42:05+00:00","dateModified":"2021-01-08T17:42:05+00:00","mainEntityOfPage":{"@id":"https:\/\/hudo.com\/si\/aktualno\/vlada-zeli-uniciti-sta-ker-ga-ne-more-kontrolirati\/"},"wordCount":211,"publisher":{"@id":"https:\/\/hudo.com\/si\/#organization"},"keywords":["levica","Slovenija","sta","Ukom"],"articleSection":["Aktualno"],"inLanguage":"sl-SI"},{"@type":"WebPage","@id":"https:\/\/hudo.com\/si\/aktualno\/vlada-zeli-uniciti-sta-ker-ga-ne-more-kontrolirati\/","url":"https:\/\/hudo.com\/si\/aktualno\/vlada-zeli-uniciti-sta-ker-ga-ne-more-kontrolirati\/","name":"''Vlada \u017eeli uni\u010diti STA, ker ga ne more kontrolirati'' - Hudo Slovenija","isPartOf":{"@id":"https:\/\/hudo.com\/si\/#website"},"datePublished":"2021-01-08T17:42:05+00:00","dateModified":"2021-01-08T17:42:05+00:00","breadcrumb":{"@id":"https:\/\/hudo.com\/si\/aktualno\/vlada-zeli-uniciti-sta-ker-ga-ne-more-kontrolirati\/#breadcrumb"},"inLanguage":"sl-SI","potentialAction":[{"@type":"ReadAction","target":["https:\/\/hudo.com\/si\/aktualno\/vlada-zeli-uniciti-sta-ker-ga-ne-more-kontrolirati\/"]}]},{"@type":"BreadcrumbList","@id":"https:\/\/hudo.com\/si\/aktualno\/vlada-zeli-uniciti-sta-ker-ga-ne-more-kontrolirati\/#breadcrumb","itemListElement":[{"@type":"ListItem","position":1,"name":"Home","item":"https:\/\/hudo.com\/si\/"},{"@type":"ListItem","position":2,"name":"&#8221;Vlada \u017eeli uni\u010diti STA, ker ga ne more kontrolirati&#8221;"}]},{"@type":"WebSite","@id":"https:\/\/hudo.com\/si\/#website","url":"https:\/\/hudo.com\/si\/","name":"Hudo Slovenija","description":"Vse novice iz Slovenije in sveta","publisher":{"@id":"https:\/\/hudo.com\/si\/#organization"},"potentialAction":[{"@type":"SearchAction","target":{"@type":"EntryPoint","urlTemplate":"https:\/\/hudo.com\/si\/?s={search_term_string}"},"query-input":"required name=search_term_string"}],"inLanguage":"sl-SI"},{"@type":"Organization","@id":"https:\/\/hudo.com\/si\/#organization","name":"VSN Media","url":"https:\/\/hudo.com\/si\/","logo":{"@type":"ImageObject","inLanguage":"sl-SI","@id":"https:\/\/hudo.com\/si\/#\/schema\/logo\/image\/","url":"https:\/\/hudo.com\/si\/wp-content\/uploads\/sites\/2\/2021\/03\/hudo-app-2.png","contentUrl":"https:\/\/hudo.com\/si\/wp-content\/uploads\/sites\/2\/2021\/03\/hudo-app-2.png","width":2185,"height":2167,"caption":"VSN Media"},"image":{"@id":"https:\/\/hudo.com\/si\/#\/schema\/logo\/image\/"},"sameAs":["https:\/\/www.facebook.com\/hudo.si","https:\/\/twitter.com\/hudo_si"]},{"@type":"Person","@id":"https:\/\/hudo.com\/si\/#\/schema\/person\/18f09c02475ba9e606e941a565b80cff","name":"A. P., STA","image":{"@type":"ImageObject","inLanguage":"sl-SI","@id":"https:\/\/hudo.com\/si\/#\/schema\/person\/image\/","url":"https:\/\/secure.gravatar.com\/avatar\/03eac8e609f5f04383125d80eaeaaf3e?s=96&d=mm&r=g","contentUrl":"https:\/\/secure.gravatar.com\/avatar\/03eac8e609f5f04383125d80eaeaaf3e?s=96&d=mm&r=g","caption":"A. P., STA"},"url":"https:\/\/hudo.com\/si\/author\/lubu\/"}]}},"amp_enabled":true,"_links":{"self":[{"href":"https:\/\/hudo.com\/si\/wp-json\/wp\/v2\/posts\/442077"}],"collection":[{"href":"https:\/\/hudo.com\/si\/wp-json\/wp\/v2\/posts"}],"about":[{"href":"https:\/\/hudo.com\/si\/wp-json\/wp\/v2\/types\/post"}],"author":[{"embeddable":true,"href":"https:\/\/hudo.com\/si\/wp-json\/wp\/v2\/users\/7"}],"replies":[{"embeddable":true,"href":"https:\/\/hudo.com\/si\/wp-json\/wp\/v2\/comments?post=442077"}],"version-history":[{"count":1,"href":"https:\/\/hudo.com\/si\/wp-json\/wp\/v2\/posts\/442077\/revisions"}],"predecessor-version":[{"id":442078,"href":"https:\/\/hudo.com\/si\/wp-json\/wp\/v2\/posts\/442077\/revisions\/442078"}],"wp:featuredmedia":[{"embeddable":true,"href":"https:\/\/hudo.com\/si\/wp-json\/wp\/v2\/media\/440185"}],"wp:attachment":[{"href":"https:\/\/hudo.com\/si\/wp-json\/wp\/v2\/media?parent=442077"}],"wp:term":[{"taxonomy":"category","embeddable":true,"href":"https:\/\/hudo.com\/si\/wp-json\/wp\/v2\/categories?post=442077"},{"taxonomy":"post_tag","embeddable":true,"href":"https:\/\/hudo.com\/si\/wp-json\/wp\/v2\/tags?post=442077"},{"taxonomy":"source","embeddable":true,"href":"https:\/\/hudo.com\/si\/wp-json\/wp\/v2\/source?post=442077"},{"taxonomy":"supertag","embeddable":true,"href":"https:\/\/hudo.com\/si\/wp-json\/wp\/v2\/supertag?post=442077"}],"curies":[{"name":"wp","href":"https:\/\/api.w.org\/{rel}","templated":true}]}}