{"id":442245,"date":"2021-01-11T09:32:34","date_gmt":"2021-01-11T08:32:34","guid":{"rendered":"http:\/\/hudo.com\/si\/?p=442245"},"modified":"2021-01-11T09:32:34","modified_gmt":"2021-01-11T08:32:34","slug":"kim-jong-un-se-utrdil-svoj-polozaj-v-vladajoci-stranki-hkrati-predsednik-drzave-in-generalni-sekretar-delavske-stranke","status":"publish","type":"post","link":"https:\/\/hudo.com\/si\/aktualno\/kim-jong-un-se-utrdil-svoj-polozaj-v-vladajoci-stranki-hkrati-predsednik-drzave-in-generalni-sekretar-delavske-stranke\/","title":{"rendered":"Kim Jong-un \u0161e utrdil svoj polo\u017eaj v vladajo\u010di stranki: Hkrati predsednik dr\u017eave in generalni sekretar Delavske stranke"},"content":{"rendered":"<p>Kima so za generalnega sekretarja soglasno imenovali po reviziji statuta stranke, ki znova uvaja sekretarski sistem, ukinjen na prej\u0161njem kongresu leta 2016, poro\u010da ju\u017enokorejska tiskovna agencija Yonhap, ki se sklicuje na severnokorejsko KCNA.<\/p>\n<p>Kim je tretji v severnokorejski dinastiji, ki je hkrati predsednik dr\u017eave in generalni sekretar Delavske stranke. Pred njim sta bila to \u017ee Kimov o\u010de Kim Jong-il in ded Kim Il-sung.<\/p>\n<p>Po smrti o\u010deta leta 2011 so Kima razglasili za vrhovnega vodjo severnokorejske vojske, stranke in dr\u017eave. Na kongresu stranke pred petimi leti je bil izvoljen za predsednika Delavske stranke.<\/p>\n<p>Kongres severnokorejske vladajo\u010de stranke, osmi po vrsti, se je za\u010del v torek. Drugi dan kongresa je Kim Jong-un izpostavil, da \u017eeli znatno okrepiti voja\u0161ki potencial dr\u017eave. Severna Koreja je sicer v precej\u0161njih gospodarskih te\u017eavah, zaradi jedrskih ambicij pa proti njej veljajo mednarodne sankcije. V svojem govoru je Kim tudi ozna\u010dil ZDA za najve\u010djo sovra\u017enico Severne Koreje.<\/p>\n","protected":false},"excerpt":{"rendered":"<p>evernokorejski voditelj Kim Jong-un je bil na kongresu vladajo\u010de Delavske stranke v Pjongjangu v nedeljo izvoljen za generalnega sekretarja stranke, poro\u010dajo tuje tiskovne agencije. Po ocenah analitikov je dosedanji predsednik stranke Kim z nazivom \u0161e utrdil svoj polo\u017eaj v Delavski stranki.<\/p>\n","protected":false},"author":8,"featured_media":398017,"comment_status":"closed","ping_status":"closed","sticky":false,"template":"","format":"standard","meta":{"footnotes":""},"categories":[1179],"tags":[7003,1961],"source":[4511],"supertag":[],"acf":[],"yoast_head":"<!-- This site is optimized with the Yoast SEO plugin v21.3 - https:\/\/yoast.com\/wordpress\/plugins\/seo\/ -->\n<title>Kim Jong-un \u0161e utrdil svoj polo\u017eaj v vladajo\u010di stranki: Hkrati predsednik dr\u017eave in generalni sekretar Delavske stranke - Hudo Slovenija<\/title>\n<meta name=\"robots\" content=\"index, follow, max-snippet:-1, max-image-preview:large, max-video-preview:-1\" \/>\n<link rel=\"canonical\" href=\"https:\/\/hudo.com\/si\/aktualno\/kim-jong-un-se-utrdil-svoj-polozaj-v-vladajoci-stranki-hkrati-predsednik-drzave-in-generalni-sekretar-delavske-stranke\/\" \/>\n<meta property=\"og:locale\" content=\"sl_SI\" \/>\n<meta property=\"og:type\" content=\"article\" \/>\n<meta property=\"og:title\" content=\"Kim Jong-un \u0161e utrdil svoj polo\u017eaj v vladajo\u010di stranki: Hkrati predsednik dr\u017eave in generalni sekretar Delavske stranke - Hudo Slovenija\" \/>\n<meta property=\"og:description\" content=\"evernokorejski voditelj Kim Jong-un je bil na kongresu vladajo\u010de Delavske stranke v Pjongjangu v nedeljo izvoljen za generalnega sekretarja stranke, poro\u010dajo tuje tiskovne agencije. Po ocenah analitikov je dosedanji predsednik stranke Kim z nazivom \u0161e utrdil svoj polo\u017eaj v Delavski stranki.\" \/>\n<meta property=\"og:url\" content=\"https:\/\/hudo.com\/si\/aktualno\/kim-jong-un-se-utrdil-svoj-polozaj-v-vladajoci-stranki-hkrati-predsednik-drzave-in-generalni-sekretar-delavske-stranke\/\" \/>\n<meta property=\"og:site_name\" content=\"Hudo Slovenija\" \/>\n<meta property=\"article:publisher\" content=\"https:\/\/www.facebook.com\/hudo.si\" \/>\n<meta property=\"article:published_time\" content=\"2021-01-11T08:32:34+00:00\" \/>\n<meta property=\"og:image\" content=\"https:\/\/hudo.com\/si\/wp-content\/uploads\/sites\/2\/2019\/05\/profimedia-0428604630.jpg\" \/>\n\t<meta property=\"og:image:width\" content=\"1250\" \/>\n\t<meta property=\"og:image:height\" content=\"930\" \/>\n\t<meta property=\"og:image:type\" content=\"image\/jpeg\" \/>\n<meta name=\"author\" content=\"M. N., STA\" \/>\n<meta name=\"twitter:card\" content=\"summary_large_image\" \/>\n<meta name=\"twitter:creator\" content=\"@hudo_si\" \/>\n<meta name=\"twitter:site\" content=\"@hudo_si\" \/>\n<meta name=\"twitter:label1\" content=\"Written by\" \/>\n\t<meta name=\"twitter:data1\" content=\"M. N., STA\" \/>\n\t<meta name=\"twitter:label2\" content=\"Est. reading time\" \/>\n\t<meta name=\"twitter:data2\" content=\"1 minuta\" \/>\n<script type=\"application\/ld+json\" class=\"yoast-schema-graph\">{\"@context\":\"https:\/\/schema.org\",\"@graph\":[{\"@type\":\"Article\",\"@id\":\"https:\/\/hudo.com\/si\/aktualno\/kim-jong-un-se-utrdil-svoj-polozaj-v-vladajoci-stranki-hkrati-predsednik-drzave-in-generalni-sekretar-delavske-stranke\/#article\",\"isPartOf\":{\"@id\":\"https:\/\/hudo.com\/si\/aktualno\/kim-jong-un-se-utrdil-svoj-polozaj-v-vladajoci-stranki-hkrati-predsednik-drzave-in-generalni-sekretar-delavske-stranke\/\"},\"author\":{\"name\":\"M. N., STA\",\"@id\":\"https:\/\/hudo.com\/si\/#\/schema\/person\/c2f10ce65d2e6ede2aeda5be2a0611fa\"},\"headline\":\"Kim Jong-un \u0161e utrdil svoj polo\u017eaj v vladajo\u010di stranki: Hkrati predsednik dr\u017eave in generalni sekretar Delavske stranke\",\"datePublished\":\"2021-01-11T08:32:34+00:00\",\"dateModified\":\"2021-01-11T08:32:34+00:00\",\"mainEntityOfPage\":{\"@id\":\"https:\/\/hudo.com\/si\/aktualno\/kim-jong-un-se-utrdil-svoj-polozaj-v-vladajoci-stranki-hkrati-predsednik-drzave-in-generalni-sekretar-delavske-stranke\/\"},\"wordCount\":182,\"publisher\":{\"@id\":\"https:\/\/hudo.com\/si\/#organization\"},\"keywords\":[\"Kim Jong-un\",\"severna koreja\"],\"articleSection\":[\"Aktualno\"],\"inLanguage\":\"sl-SI\"},{\"@type\":\"WebPage\",\"@id\":\"https:\/\/hudo.com\/si\/aktualno\/kim-jong-un-se-utrdil-svoj-polozaj-v-vladajoci-stranki-hkrati-predsednik-drzave-in-generalni-sekretar-delavske-stranke\/\",\"url\":\"https:\/\/hudo.com\/si\/aktualno\/kim-jong-un-se-utrdil-svoj-polozaj-v-vladajoci-stranki-hkrati-predsednik-drzave-in-generalni-sekretar-delavske-stranke\/\",\"name\":\"Kim Jong-un \u0161e utrdil svoj polo\u017eaj v vladajo\u010di stranki: Hkrati predsednik dr\u017eave in generalni sekretar Delavske stranke - Hudo Slovenija\",\"isPartOf\":{\"@id\":\"https:\/\/hudo.com\/si\/#website\"},\"datePublished\":\"2021-01-11T08:32:34+00:00\",\"dateModified\":\"2021-01-11T08:32:34+00:00\",\"breadcrumb\":{\"@id\":\"https:\/\/hudo.com\/si\/aktualno\/kim-jong-un-se-utrdil-svoj-polozaj-v-vladajoci-stranki-hkrati-predsednik-drzave-in-generalni-sekretar-delavske-stranke\/#breadcrumb\"},\"inLanguage\":\"sl-SI\",\"potentialAction\":[{\"@type\":\"ReadAction\",\"target\":[\"https:\/\/hudo.com\/si\/aktualno\/kim-jong-un-se-utrdil-svoj-polozaj-v-vladajoci-stranki-hkrati-predsednik-drzave-in-generalni-sekretar-delavske-stranke\/\"]}]},{\"@type\":\"BreadcrumbList\",\"@id\":\"https:\/\/hudo.com\/si\/aktualno\/kim-jong-un-se-utrdil-svoj-polozaj-v-vladajoci-stranki-hkrati-predsednik-drzave-in-generalni-sekretar-delavske-stranke\/#breadcrumb\",\"itemListElement\":[{\"@type\":\"ListItem\",\"position\":1,\"name\":\"Home\",\"item\":\"https:\/\/hudo.com\/si\/\"},{\"@type\":\"ListItem\",\"position\":2,\"name\":\"Kim Jong-un \u0161e utrdil svoj polo\u017eaj v vladajo\u010di stranki: Hkrati predsednik dr\u017eave in generalni sekretar Delavske stranke\"}]},{\"@type\":\"WebSite\",\"@id\":\"https:\/\/hudo.com\/si\/#website\",\"url\":\"https:\/\/hudo.com\/si\/\",\"name\":\"Hudo Slovenija\",\"description\":\"Vse novice iz Slovenije in sveta\",\"publisher\":{\"@id\":\"https:\/\/hudo.com\/si\/#organization\"},\"potentialAction\":[{\"@type\":\"SearchAction\",\"target\":{\"@type\":\"EntryPoint\",\"urlTemplate\":\"https:\/\/hudo.com\/si\/?s={search_term_string}\"},\"query-input\":\"required name=search_term_string\"}],\"inLanguage\":\"sl-SI\"},{\"@type\":\"Organization\",\"@id\":\"https:\/\/hudo.com\/si\/#organization\",\"name\":\"VSN Media\",\"url\":\"https:\/\/hudo.com\/si\/\",\"logo\":{\"@type\":\"ImageObject\",\"inLanguage\":\"sl-SI\",\"@id\":\"https:\/\/hudo.com\/si\/#\/schema\/logo\/image\/\",\"url\":\"https:\/\/hudo.com\/si\/wp-content\/uploads\/sites\/2\/2021\/03\/hudo-app-2.png\",\"contentUrl\":\"https:\/\/hudo.com\/si\/wp-content\/uploads\/sites\/2\/2021\/03\/hudo-app-2.png\",\"width\":2185,\"height\":2167,\"caption\":\"VSN Media\"},\"image\":{\"@id\":\"https:\/\/hudo.com\/si\/#\/schema\/logo\/image\/\"},\"sameAs\":[\"https:\/\/www.facebook.com\/hudo.si\",\"https:\/\/twitter.com\/hudo_si\"]},{\"@type\":\"Person\",\"@id\":\"https:\/\/hudo.com\/si\/#\/schema\/person\/c2f10ce65d2e6ede2aeda5be2a0611fa\",\"name\":\"M. N., STA\",\"image\":{\"@type\":\"ImageObject\",\"inLanguage\":\"sl-SI\",\"@id\":\"https:\/\/hudo.com\/si\/#\/schema\/person\/image\/\",\"url\":\"https:\/\/secure.gravatar.com\/avatar\/f370d38daa10467f755c5c766a4cac20?s=96&d=mm&r=g\",\"contentUrl\":\"https:\/\/secure.gravatar.com\/avatar\/f370d38daa10467f755c5c766a4cac20?s=96&d=mm&r=g\",\"caption\":\"M. N., STA\"},\"url\":\"https:\/\/hudo.com\/si\/author\/mana\/\"}]}<\/script>\n<!-- \/ Yoast SEO plugin. -->","yoast_head_json":{"title":"Kim Jong-un \u0161e utrdil svoj polo\u017eaj v vladajo\u010di stranki: Hkrati predsednik dr\u017eave in generalni sekretar Delavske stranke - Hudo Slovenija","robots":{"index":"index","follow":"follow","max-snippet":"max-snippet:-1","max-image-preview":"max-image-preview:large","max-video-preview":"max-video-preview:-1"},"canonical":"https:\/\/hudo.com\/si\/aktualno\/kim-jong-un-se-utrdil-svoj-polozaj-v-vladajoci-stranki-hkrati-predsednik-drzave-in-generalni-sekretar-delavske-stranke\/","og_locale":"sl_SI","og_type":"article","og_title":"Kim Jong-un \u0161e utrdil svoj polo\u017eaj v vladajo\u010di stranki: Hkrati predsednik dr\u017eave in generalni sekretar Delavske stranke - Hudo Slovenija","og_description":"evernokorejski voditelj Kim Jong-un je bil na kongresu vladajo\u010de Delavske stranke v Pjongjangu v nedeljo izvoljen za generalnega sekretarja stranke, poro\u010dajo tuje tiskovne agencije. Po ocenah analitikov je dosedanji predsednik stranke Kim z nazivom \u0161e utrdil svoj polo\u017eaj v Delavski stranki.","og_url":"https:\/\/hudo.com\/si\/aktualno\/kim-jong-un-se-utrdil-svoj-polozaj-v-vladajoci-stranki-hkrati-predsednik-drzave-in-generalni-sekretar-delavske-stranke\/","og_site_name":"Hudo Slovenija","article_publisher":"https:\/\/www.facebook.com\/hudo.si","article_published_time":"2021-01-11T08:32:34+00:00","og_image":[{"width":1250,"height":930,"url":"https:\/\/hudo.com\/si\/wp-content\/uploads\/sites\/2\/2019\/05\/profimedia-0428604630.jpg","type":"image\/jpeg"}],"author":"M. N., STA","twitter_card":"summary_large_image","twitter_creator":"@hudo_si","twitter_site":"@hudo_si","twitter_misc":{"Written by":"M. N., STA","Est. reading time":"1 minuta"},"schema":{"@context":"https:\/\/schema.org","@graph":[{"@type":"Article","@id":"https:\/\/hudo.com\/si\/aktualno\/kim-jong-un-se-utrdil-svoj-polozaj-v-vladajoci-stranki-hkrati-predsednik-drzave-in-generalni-sekretar-delavske-stranke\/#article","isPartOf":{"@id":"https:\/\/hudo.com\/si\/aktualno\/kim-jong-un-se-utrdil-svoj-polozaj-v-vladajoci-stranki-hkrati-predsednik-drzave-in-generalni-sekretar-delavske-stranke\/"},"author":{"name":"M. N., STA","@id":"https:\/\/hudo.com\/si\/#\/schema\/person\/c2f10ce65d2e6ede2aeda5be2a0611fa"},"headline":"Kim Jong-un \u0161e utrdil svoj polo\u017eaj v vladajo\u010di stranki: Hkrati predsednik dr\u017eave in generalni sekretar Delavske stranke","datePublished":"2021-01-11T08:32:34+00:00","dateModified":"2021-01-11T08:32:34+00:00","mainEntityOfPage":{"@id":"https:\/\/hudo.com\/si\/aktualno\/kim-jong-un-se-utrdil-svoj-polozaj-v-vladajoci-stranki-hkrati-predsednik-drzave-in-generalni-sekretar-delavske-stranke\/"},"wordCount":182,"publisher":{"@id":"https:\/\/hudo.com\/si\/#organization"},"keywords":["Kim Jong-un","severna koreja"],"articleSection":["Aktualno"],"inLanguage":"sl-SI"},{"@type":"WebPage","@id":"https:\/\/hudo.com\/si\/aktualno\/kim-jong-un-se-utrdil-svoj-polozaj-v-vladajoci-stranki-hkrati-predsednik-drzave-in-generalni-sekretar-delavske-stranke\/","url":"https:\/\/hudo.com\/si\/aktualno\/kim-jong-un-se-utrdil-svoj-polozaj-v-vladajoci-stranki-hkrati-predsednik-drzave-in-generalni-sekretar-delavske-stranke\/","name":"Kim Jong-un \u0161e utrdil svoj polo\u017eaj v vladajo\u010di stranki: Hkrati predsednik dr\u017eave in generalni sekretar Delavske stranke - Hudo Slovenija","isPartOf":{"@id":"https:\/\/hudo.com\/si\/#website"},"datePublished":"2021-01-11T08:32:34+00:00","dateModified":"2021-01-11T08:32:34+00:00","breadcrumb":{"@id":"https:\/\/hudo.com\/si\/aktualno\/kim-jong-un-se-utrdil-svoj-polozaj-v-vladajoci-stranki-hkrati-predsednik-drzave-in-generalni-sekretar-delavske-stranke\/#breadcrumb"},"inLanguage":"sl-SI","potentialAction":[{"@type":"ReadAction","target":["https:\/\/hudo.com\/si\/aktualno\/kim-jong-un-se-utrdil-svoj-polozaj-v-vladajoci-stranki-hkrati-predsednik-drzave-in-generalni-sekretar-delavske-stranke\/"]}]},{"@type":"BreadcrumbList","@id":"https:\/\/hudo.com\/si\/aktualno\/kim-jong-un-se-utrdil-svoj-polozaj-v-vladajoci-stranki-hkrati-predsednik-drzave-in-generalni-sekretar-delavske-stranke\/#breadcrumb","itemListElement":[{"@type":"ListItem","position":1,"name":"Home","item":"https:\/\/hudo.com\/si\/"},{"@type":"ListItem","position":2,"name":"Kim Jong-un \u0161e utrdil svoj polo\u017eaj v vladajo\u010di stranki: Hkrati predsednik dr\u017eave in generalni sekretar Delavske stranke"}]},{"@type":"WebSite","@id":"https:\/\/hudo.com\/si\/#website","url":"https:\/\/hudo.com\/si\/","name":"Hudo Slovenija","description":"Vse novice iz Slovenije in sveta","publisher":{"@id":"https:\/\/hudo.com\/si\/#organization"},"potentialAction":[{"@type":"SearchAction","target":{"@type":"EntryPoint","urlTemplate":"https:\/\/hudo.com\/si\/?s={search_term_string}"},"query-input":"required name=search_term_string"}],"inLanguage":"sl-SI"},{"@type":"Organization","@id":"https:\/\/hudo.com\/si\/#organization","name":"VSN Media","url":"https:\/\/hudo.com\/si\/","logo":{"@type":"ImageObject","inLanguage":"sl-SI","@id":"https:\/\/hudo.com\/si\/#\/schema\/logo\/image\/","url":"https:\/\/hudo.com\/si\/wp-content\/uploads\/sites\/2\/2021\/03\/hudo-app-2.png","contentUrl":"https:\/\/hudo.com\/si\/wp-content\/uploads\/sites\/2\/2021\/03\/hudo-app-2.png","width":2185,"height":2167,"caption":"VSN Media"},"image":{"@id":"https:\/\/hudo.com\/si\/#\/schema\/logo\/image\/"},"sameAs":["https:\/\/www.facebook.com\/hudo.si","https:\/\/twitter.com\/hudo_si"]},{"@type":"Person","@id":"https:\/\/hudo.com\/si\/#\/schema\/person\/c2f10ce65d2e6ede2aeda5be2a0611fa","name":"M. N., STA","image":{"@type":"ImageObject","inLanguage":"sl-SI","@id":"https:\/\/hudo.com\/si\/#\/schema\/person\/image\/","url":"https:\/\/secure.gravatar.com\/avatar\/f370d38daa10467f755c5c766a4cac20?s=96&d=mm&r=g","contentUrl":"https:\/\/secure.gravatar.com\/avatar\/f370d38daa10467f755c5c766a4cac20?s=96&d=mm&r=g","caption":"M. N., STA"},"url":"https:\/\/hudo.com\/si\/author\/mana\/"}]}},"amp_enabled":true,"_links":{"self":[{"href":"https:\/\/hudo.com\/si\/wp-json\/wp\/v2\/posts\/442245"}],"collection":[{"href":"https:\/\/hudo.com\/si\/wp-json\/wp\/v2\/posts"}],"about":[{"href":"https:\/\/hudo.com\/si\/wp-json\/wp\/v2\/types\/post"}],"author":[{"embeddable":true,"href":"https:\/\/hudo.com\/si\/wp-json\/wp\/v2\/users\/8"}],"replies":[{"embeddable":true,"href":"https:\/\/hudo.com\/si\/wp-json\/wp\/v2\/comments?post=442245"}],"version-history":[{"count":1,"href":"https:\/\/hudo.com\/si\/wp-json\/wp\/v2\/posts\/442245\/revisions"}],"predecessor-version":[{"id":442246,"href":"https:\/\/hudo.com\/si\/wp-json\/wp\/v2\/posts\/442245\/revisions\/442246"}],"wp:featuredmedia":[{"embeddable":true,"href":"https:\/\/hudo.com\/si\/wp-json\/wp\/v2\/media\/398017"}],"wp:attachment":[{"href":"https:\/\/hudo.com\/si\/wp-json\/wp\/v2\/media?parent=442245"}],"wp:term":[{"taxonomy":"category","embeddable":true,"href":"https:\/\/hudo.com\/si\/wp-json\/wp\/v2\/categories?post=442245"},{"taxonomy":"post_tag","embeddable":true,"href":"https:\/\/hudo.com\/si\/wp-json\/wp\/v2\/tags?post=442245"},{"taxonomy":"source","embeddable":true,"href":"https:\/\/hudo.com\/si\/wp-json\/wp\/v2\/source?post=442245"},{"taxonomy":"supertag","embeddable":true,"href":"https:\/\/hudo.com\/si\/wp-json\/wp\/v2\/supertag?post=442245"}],"curies":[{"name":"wp","href":"https:\/\/api.w.org\/{rel}","templated":true}]}}