{"id":442358,"date":"2021-01-12T11:08:51","date_gmt":"2021-01-12T10:08:51","guid":{"rendered":"http:\/\/hudo.com\/si\/?p=442358"},"modified":"2021-01-12T11:08:51","modified_gmt":"2021-01-12T10:08:51","slug":"dijaki-si-zelijo-hitrejse-vracanje-v-sole","status":"publish","type":"post","link":"https:\/\/hudo.com\/si\/aktualno\/dijaki-si-zelijo-hitrejse-vracanje-v-sole\/","title":{"rendered":"Dijaki si \u017eelijo hitrej\u0161e vra\u010danje v \u0161ole"},"content":{"rendered":"<p>Dija\u0161ka organizacija Slovenije pozdravlja vse sprejete na\u010drte, ki natan\u010dno dolo\u010dajo spro\u0161\u010danje trenutnih vladnih ukrepov na vseh podro\u010djih. &#8220;V preteklih mesecih smo namre\u010d jasne na\u010drte in bolj temeljite smernice na tem podro\u010dju pogre\u0161ali,&#8221; so zapisali v pismu, ki ga je podpisala predsednica organizacije Maja Kalin.<\/p>\n<p>Po zadnjem sprejetem na\u010drtu naj bi se dijaki zaklju\u010dnih letnikov srednjih \u0161ol vra\u010dali v izobra\u017eevalne ustanove, ko bo njihova regija v oran\u017eni fazi, ostali srednje\u0161olci pa bi se v polni zasedbi vra\u010dali \u0161ele v rumeni fazi.<\/p>\n<p>Dijaki podpirajo izvedbo pouka po modelu C in vse ustrezne varnostne ukrepe, da se prepre\u010di nenadzorovano \u0161irjenje oku\u017eb. &#8220;Dijaki se zavedamo resnosti situacije in zmo\u017enosti zdravstvenih kapacitet ter pomembnosti delovanja ostalih panog, predvsem gospodarstva, a se nam zdi, da se izobra\u017eevanja trenutno ne ceni dovolj in da smo srednje\u0161olci ponovno v slab\u0161em polo\u017eaju,&#8221; so sporo\u010dili.<\/p>\n<p>Predlagajo, da se zaklju\u010dni letniki srednjih \u0161ol v \u0161olske klopi vra\u010dajo hkrati z vrtci in prvo triado osnovnih \u0161ol, torej \u017ee v rde\u010di fazi. Menijo, da je to nujno za kakovosten zaklju\u010dek srednje\u0161olskega izobra\u017eevanja in hkrati za kakovostno pripravo na zaklju\u010dne izpite. Poudarili so, da so bili dijaki zaklju\u010dnih letnikov v procesu \u0161olanja na daljavo najbolj prikraj\u0161ani kakovostnega pouka, in spomnili na laboratorijske ter terenske vaje. Za ostale dijake pa predlagajo, da se v \u0161olo vra\u010dajo v oran\u017eni fazi, hkrati z osnovno\u0161olci.<\/p>\n<p>V na\u010drtu je predvideno tudi vra\u010danje srednje\u0161olcev v \u0161ole ob doseganju tako nacionalnega merila kot tudi regijskega merila. A dijake skrbi predvsem neenakost srednje\u0161olcev med posameznimi regijami glede na epidemiolo\u0161ko sliko. Poudarili so, da dijaki zaklju\u010dnih letnikov ob koncu leta opravljajo enake izpite, na katere pa ob regijskem spro\u0161\u010danju ukrepov ne bodo tudi enako pripravljeni.<\/p>\n<p>Zato vladi predlagajo, da \u010de se v ostalih regijah situacija v enomese\u010dnem \u010dasovnem obdobju ne izbolj\u0161a do te mere, da je povratek v \u0161ole mo\u017een znotraj predvidenega na\u010drta spro\u0161\u010danja ukrepov, da odpre vse srednje\u0161olske zavode v Sloveniji. &#8220;Le tako se lahko izognemo postavljanju dijakov v neenak polo\u017eaj in vsem zagotovimo enake zmo\u017enosti izobra\u017eevalnega procesa,&#8221; so zapisali.<\/p>\n<p>Pozvali so tudi, da se \u010dim prej omogo\u010di izvajanje prakti\u010dnega pouka. Tega je mogo\u010de izvesti ob upo\u0161tevanju za\u0161\u010ditnih ukrepov in v manj\u0161ih skupinah, so dodali.<\/p>\n<p>Spomnili so, da pouk na daljavo nikakor ni primerljiv s klasi\u010dnim poukom. Pouk na daljavo je manj kakovosten in manj dostopen, vra\u010danje v \u0161olske klopi pa dijakom pomaga pri ob\u010dutku stabilnosti ter pozitivno vpliva na du\u0161evno zdravje.<\/p>\n","protected":false},"excerpt":{"rendered":"<p>Dija\u0161ka organizacija je v odprtem pismu ministrstvu za izobra\u017eevanje, znanost in \u0161port ter vladi pozvala k vrnitvi dijakov v \u0161olske klopi. Predlagajo, da bi se dijaki zaklju\u010dnih letnikov v \u0161ole vrnili so\u010dasno z odpiranjem vrtcev in prve triade osnovne \u0161ole, preostali dijaki pa v oran\u017eni fazi. Skrbi jih tudi neenakost srednje\u0161olcev med regijami.<\/p>\n","protected":false},"author":5,"featured_media":373648,"comment_status":"closed","ping_status":"closed","sticky":false,"template":"","format":"standard","meta":{"footnotes":""},"categories":[1179],"tags":[5253,15632,1595,4780],"source":[4511],"supertag":[5675],"acf":[],"yoast_head":"<!-- This site is optimized with the Yoast SEO plugin v21.3 - https:\/\/yoast.com\/wordpress\/plugins\/seo\/ -->\n<title>Dijaki si \u017eelijo hitrej\u0161e vra\u010danje v \u0161ole - Hudo Slovenija<\/title>\n<meta name=\"robots\" content=\"index, follow, max-snippet:-1, max-image-preview:large, max-video-preview:-1\" \/>\n<link rel=\"canonical\" href=\"https:\/\/hudo.com\/si\/aktualno\/dijaki-si-zelijo-hitrejse-vracanje-v-sole\/\" \/>\n<meta property=\"og:locale\" content=\"sl_SI\" \/>\n<meta property=\"og:type\" content=\"article\" \/>\n<meta property=\"og:title\" content=\"Dijaki si \u017eelijo hitrej\u0161e vra\u010danje v \u0161ole - Hudo Slovenija\" \/>\n<meta property=\"og:description\" content=\"Dija\u0161ka organizacija je v odprtem pismu ministrstvu za izobra\u017eevanje, znanost in \u0161port ter vladi pozvala k vrnitvi dijakov v \u0161olske klopi. Predlagajo, da bi se dijaki zaklju\u010dnih letnikov v \u0161ole vrnili so\u010dasno z odpiranjem vrtcev in prve triade osnovne \u0161ole, preostali dijaki pa v oran\u017eni fazi. Skrbi jih tudi neenakost srednje\u0161olcev med regijami.\" \/>\n<meta property=\"og:url\" content=\"https:\/\/hudo.com\/si\/aktualno\/dijaki-si-zelijo-hitrejse-vracanje-v-sole\/\" \/>\n<meta property=\"og:site_name\" content=\"Hudo Slovenija\" \/>\n<meta property=\"article:publisher\" content=\"https:\/\/www.facebook.com\/hudo.si\" \/>\n<meta property=\"article:published_time\" content=\"2021-01-12T10:08:51+00:00\" \/>\n<meta property=\"og:image\" content=\"https:\/\/hudo.com\/si\/wp-content\/uploads\/sites\/2\/2018\/07\/profimedia-0077866314.jpg\" \/>\n\t<meta property=\"og:image:width\" content=\"1250\" \/>\n\t<meta property=\"og:image:height\" content=\"833\" \/>\n\t<meta property=\"og:image:type\" content=\"image\/jpeg\" \/>\n<meta name=\"author\" content=\"A. G., STA\" \/>\n<meta name=\"twitter:card\" content=\"summary_large_image\" \/>\n<meta name=\"twitter:creator\" content=\"@hudo_si\" \/>\n<meta name=\"twitter:site\" content=\"@hudo_si\" \/>\n<meta name=\"twitter:label1\" content=\"Written by\" \/>\n\t<meta name=\"twitter:data1\" content=\"A. G., STA\" \/>\n\t<meta name=\"twitter:label2\" content=\"Est. reading time\" \/>\n\t<meta name=\"twitter:data2\" content=\"2 minuti\" \/>\n<script type=\"application\/ld+json\" class=\"yoast-schema-graph\">{\"@context\":\"https:\/\/schema.org\",\"@graph\":[{\"@type\":\"Article\",\"@id\":\"https:\/\/hudo.com\/si\/aktualno\/dijaki-si-zelijo-hitrejse-vracanje-v-sole\/#article\",\"isPartOf\":{\"@id\":\"https:\/\/hudo.com\/si\/aktualno\/dijaki-si-zelijo-hitrejse-vracanje-v-sole\/\"},\"author\":{\"name\":\"A. G., STA\",\"@id\":\"https:\/\/hudo.com\/si\/#\/schema\/person\/2391667a63ea075ba94f2f2dc6b77537\"},\"headline\":\"Dijaki si \u017eelijo hitrej\u0161e vra\u010danje v \u0161ole\",\"datePublished\":\"2021-01-12T10:08:51+00:00\",\"dateModified\":\"2021-01-12T10:08:51+00:00\",\"mainEntityOfPage\":{\"@id\":\"https:\/\/hudo.com\/si\/aktualno\/dijaki-si-zelijo-hitrejse-vracanje-v-sole\/\"},\"wordCount\":461,\"publisher\":{\"@id\":\"https:\/\/hudo.com\/si\/#organization\"},\"keywords\":[\"dijaki\",\"koronavirus\",\"Slovenija\",\"ukrepi\"],\"articleSection\":[\"Aktualno\"],\"inLanguage\":\"sl-SI\"},{\"@type\":\"WebPage\",\"@id\":\"https:\/\/hudo.com\/si\/aktualno\/dijaki-si-zelijo-hitrejse-vracanje-v-sole\/\",\"url\":\"https:\/\/hudo.com\/si\/aktualno\/dijaki-si-zelijo-hitrejse-vracanje-v-sole\/\",\"name\":\"Dijaki si \u017eelijo hitrej\u0161e vra\u010danje v \u0161ole - Hudo Slovenija\",\"isPartOf\":{\"@id\":\"https:\/\/hudo.com\/si\/#website\"},\"datePublished\":\"2021-01-12T10:08:51+00:00\",\"dateModified\":\"2021-01-12T10:08:51+00:00\",\"breadcrumb\":{\"@id\":\"https:\/\/hudo.com\/si\/aktualno\/dijaki-si-zelijo-hitrejse-vracanje-v-sole\/#breadcrumb\"},\"inLanguage\":\"sl-SI\",\"potentialAction\":[{\"@type\":\"ReadAction\",\"target\":[\"https:\/\/hudo.com\/si\/aktualno\/dijaki-si-zelijo-hitrejse-vracanje-v-sole\/\"]}]},{\"@type\":\"BreadcrumbList\",\"@id\":\"https:\/\/hudo.com\/si\/aktualno\/dijaki-si-zelijo-hitrejse-vracanje-v-sole\/#breadcrumb\",\"itemListElement\":[{\"@type\":\"ListItem\",\"position\":1,\"name\":\"Home\",\"item\":\"https:\/\/hudo.com\/si\/\"},{\"@type\":\"ListItem\",\"position\":2,\"name\":\"Dijaki si \u017eelijo hitrej\u0161e vra\u010danje v \u0161ole\"}]},{\"@type\":\"WebSite\",\"@id\":\"https:\/\/hudo.com\/si\/#website\",\"url\":\"https:\/\/hudo.com\/si\/\",\"name\":\"Hudo Slovenija\",\"description\":\"Vse novice iz Slovenije in sveta\",\"publisher\":{\"@id\":\"https:\/\/hudo.com\/si\/#organization\"},\"potentialAction\":[{\"@type\":\"SearchAction\",\"target\":{\"@type\":\"EntryPoint\",\"urlTemplate\":\"https:\/\/hudo.com\/si\/?s={search_term_string}\"},\"query-input\":\"required name=search_term_string\"}],\"inLanguage\":\"sl-SI\"},{\"@type\":\"Organization\",\"@id\":\"https:\/\/hudo.com\/si\/#organization\",\"name\":\"VSN Media\",\"url\":\"https:\/\/hudo.com\/si\/\",\"logo\":{\"@type\":\"ImageObject\",\"inLanguage\":\"sl-SI\",\"@id\":\"https:\/\/hudo.com\/si\/#\/schema\/logo\/image\/\",\"url\":\"https:\/\/hudo.com\/si\/wp-content\/uploads\/sites\/2\/2021\/03\/hudo-app-2.png\",\"contentUrl\":\"https:\/\/hudo.com\/si\/wp-content\/uploads\/sites\/2\/2021\/03\/hudo-app-2.png\",\"width\":2185,\"height\":2167,\"caption\":\"VSN Media\"},\"image\":{\"@id\":\"https:\/\/hudo.com\/si\/#\/schema\/logo\/image\/\"},\"sameAs\":[\"https:\/\/www.facebook.com\/hudo.si\",\"https:\/\/twitter.com\/hudo_si\"]},{\"@type\":\"Person\",\"@id\":\"https:\/\/hudo.com\/si\/#\/schema\/person\/2391667a63ea075ba94f2f2dc6b77537\",\"name\":\"A. G., STA\",\"image\":{\"@type\":\"ImageObject\",\"inLanguage\":\"sl-SI\",\"@id\":\"https:\/\/hudo.com\/si\/#\/schema\/person\/image\/\",\"url\":\"https:\/\/secure.gravatar.com\/avatar\/e13d22ac3e442658d5025fbbe6238a79?s=96&d=mm&r=g\",\"contentUrl\":\"https:\/\/secure.gravatar.com\/avatar\/e13d22ac3e442658d5025fbbe6238a79?s=96&d=mm&r=g\",\"caption\":\"A. G., STA\"},\"url\":\"https:\/\/hudo.com\/si\/author\/alenka\/\"}]}<\/script>\n<!-- \/ Yoast SEO plugin. -->","yoast_head_json":{"title":"Dijaki si \u017eelijo hitrej\u0161e vra\u010danje v \u0161ole - Hudo Slovenija","robots":{"index":"index","follow":"follow","max-snippet":"max-snippet:-1","max-image-preview":"max-image-preview:large","max-video-preview":"max-video-preview:-1"},"canonical":"https:\/\/hudo.com\/si\/aktualno\/dijaki-si-zelijo-hitrejse-vracanje-v-sole\/","og_locale":"sl_SI","og_type":"article","og_title":"Dijaki si \u017eelijo hitrej\u0161e vra\u010danje v \u0161ole - Hudo Slovenija","og_description":"Dija\u0161ka organizacija je v odprtem pismu ministrstvu za izobra\u017eevanje, znanost in \u0161port ter vladi pozvala k vrnitvi dijakov v \u0161olske klopi. Predlagajo, da bi se dijaki zaklju\u010dnih letnikov v \u0161ole vrnili so\u010dasno z odpiranjem vrtcev in prve triade osnovne \u0161ole, preostali dijaki pa v oran\u017eni fazi. Skrbi jih tudi neenakost srednje\u0161olcev med regijami.","og_url":"https:\/\/hudo.com\/si\/aktualno\/dijaki-si-zelijo-hitrejse-vracanje-v-sole\/","og_site_name":"Hudo Slovenija","article_publisher":"https:\/\/www.facebook.com\/hudo.si","article_published_time":"2021-01-12T10:08:51+00:00","og_image":[{"width":1250,"height":833,"url":"https:\/\/hudo.com\/si\/wp-content\/uploads\/sites\/2\/2018\/07\/profimedia-0077866314.jpg","type":"image\/jpeg"}],"author":"A. G., STA","twitter_card":"summary_large_image","twitter_creator":"@hudo_si","twitter_site":"@hudo_si","twitter_misc":{"Written by":"A. G., STA","Est. reading time":"2 minuti"},"schema":{"@context":"https:\/\/schema.org","@graph":[{"@type":"Article","@id":"https:\/\/hudo.com\/si\/aktualno\/dijaki-si-zelijo-hitrejse-vracanje-v-sole\/#article","isPartOf":{"@id":"https:\/\/hudo.com\/si\/aktualno\/dijaki-si-zelijo-hitrejse-vracanje-v-sole\/"},"author":{"name":"A. G., STA","@id":"https:\/\/hudo.com\/si\/#\/schema\/person\/2391667a63ea075ba94f2f2dc6b77537"},"headline":"Dijaki si \u017eelijo hitrej\u0161e vra\u010danje v \u0161ole","datePublished":"2021-01-12T10:08:51+00:00","dateModified":"2021-01-12T10:08:51+00:00","mainEntityOfPage":{"@id":"https:\/\/hudo.com\/si\/aktualno\/dijaki-si-zelijo-hitrejse-vracanje-v-sole\/"},"wordCount":461,"publisher":{"@id":"https:\/\/hudo.com\/si\/#organization"},"keywords":["dijaki","koronavirus","Slovenija","ukrepi"],"articleSection":["Aktualno"],"inLanguage":"sl-SI"},{"@type":"WebPage","@id":"https:\/\/hudo.com\/si\/aktualno\/dijaki-si-zelijo-hitrejse-vracanje-v-sole\/","url":"https:\/\/hudo.com\/si\/aktualno\/dijaki-si-zelijo-hitrejse-vracanje-v-sole\/","name":"Dijaki si \u017eelijo hitrej\u0161e vra\u010danje v \u0161ole - Hudo Slovenija","isPartOf":{"@id":"https:\/\/hudo.com\/si\/#website"},"datePublished":"2021-01-12T10:08:51+00:00","dateModified":"2021-01-12T10:08:51+00:00","breadcrumb":{"@id":"https:\/\/hudo.com\/si\/aktualno\/dijaki-si-zelijo-hitrejse-vracanje-v-sole\/#breadcrumb"},"inLanguage":"sl-SI","potentialAction":[{"@type":"ReadAction","target":["https:\/\/hudo.com\/si\/aktualno\/dijaki-si-zelijo-hitrejse-vracanje-v-sole\/"]}]},{"@type":"BreadcrumbList","@id":"https:\/\/hudo.com\/si\/aktualno\/dijaki-si-zelijo-hitrejse-vracanje-v-sole\/#breadcrumb","itemListElement":[{"@type":"ListItem","position":1,"name":"Home","item":"https:\/\/hudo.com\/si\/"},{"@type":"ListItem","position":2,"name":"Dijaki si \u017eelijo hitrej\u0161e vra\u010danje v \u0161ole"}]},{"@type":"WebSite","@id":"https:\/\/hudo.com\/si\/#website","url":"https:\/\/hudo.com\/si\/","name":"Hudo Slovenija","description":"Vse novice iz Slovenije in sveta","publisher":{"@id":"https:\/\/hudo.com\/si\/#organization"},"potentialAction":[{"@type":"SearchAction","target":{"@type":"EntryPoint","urlTemplate":"https:\/\/hudo.com\/si\/?s={search_term_string}"},"query-input":"required name=search_term_string"}],"inLanguage":"sl-SI"},{"@type":"Organization","@id":"https:\/\/hudo.com\/si\/#organization","name":"VSN Media","url":"https:\/\/hudo.com\/si\/","logo":{"@type":"ImageObject","inLanguage":"sl-SI","@id":"https:\/\/hudo.com\/si\/#\/schema\/logo\/image\/","url":"https:\/\/hudo.com\/si\/wp-content\/uploads\/sites\/2\/2021\/03\/hudo-app-2.png","contentUrl":"https:\/\/hudo.com\/si\/wp-content\/uploads\/sites\/2\/2021\/03\/hudo-app-2.png","width":2185,"height":2167,"caption":"VSN Media"},"image":{"@id":"https:\/\/hudo.com\/si\/#\/schema\/logo\/image\/"},"sameAs":["https:\/\/www.facebook.com\/hudo.si","https:\/\/twitter.com\/hudo_si"]},{"@type":"Person","@id":"https:\/\/hudo.com\/si\/#\/schema\/person\/2391667a63ea075ba94f2f2dc6b77537","name":"A. G., STA","image":{"@type":"ImageObject","inLanguage":"sl-SI","@id":"https:\/\/hudo.com\/si\/#\/schema\/person\/image\/","url":"https:\/\/secure.gravatar.com\/avatar\/e13d22ac3e442658d5025fbbe6238a79?s=96&d=mm&r=g","contentUrl":"https:\/\/secure.gravatar.com\/avatar\/e13d22ac3e442658d5025fbbe6238a79?s=96&d=mm&r=g","caption":"A. G., STA"},"url":"https:\/\/hudo.com\/si\/author\/alenka\/"}]}},"amp_enabled":true,"_links":{"self":[{"href":"https:\/\/hudo.com\/si\/wp-json\/wp\/v2\/posts\/442358"}],"collection":[{"href":"https:\/\/hudo.com\/si\/wp-json\/wp\/v2\/posts"}],"about":[{"href":"https:\/\/hudo.com\/si\/wp-json\/wp\/v2\/types\/post"}],"author":[{"embeddable":true,"href":"https:\/\/hudo.com\/si\/wp-json\/wp\/v2\/users\/5"}],"replies":[{"embeddable":true,"href":"https:\/\/hudo.com\/si\/wp-json\/wp\/v2\/comments?post=442358"}],"version-history":[{"count":1,"href":"https:\/\/hudo.com\/si\/wp-json\/wp\/v2\/posts\/442358\/revisions"}],"predecessor-version":[{"id":442359,"href":"https:\/\/hudo.com\/si\/wp-json\/wp\/v2\/posts\/442358\/revisions\/442359"}],"wp:featuredmedia":[{"embeddable":true,"href":"https:\/\/hudo.com\/si\/wp-json\/wp\/v2\/media\/373648"}],"wp:attachment":[{"href":"https:\/\/hudo.com\/si\/wp-json\/wp\/v2\/media?parent=442358"}],"wp:term":[{"taxonomy":"category","embeddable":true,"href":"https:\/\/hudo.com\/si\/wp-json\/wp\/v2\/categories?post=442358"},{"taxonomy":"post_tag","embeddable":true,"href":"https:\/\/hudo.com\/si\/wp-json\/wp\/v2\/tags?post=442358"},{"taxonomy":"source","embeddable":true,"href":"https:\/\/hudo.com\/si\/wp-json\/wp\/v2\/source?post=442358"},{"taxonomy":"supertag","embeddable":true,"href":"https:\/\/hudo.com\/si\/wp-json\/wp\/v2\/supertag?post=442358"}],"curies":[{"name":"wp","href":"https:\/\/api.w.org\/{rel}","templated":true}]}}