{"id":442530,"date":"2021-01-13T19:16:10","date_gmt":"2021-01-13T18:16:10","guid":{"rendered":"http:\/\/hudo.com\/si\/?p=442530"},"modified":"2021-01-13T19:16:10","modified_gmt":"2021-01-13T18:16:10","slug":"jansa-ne-verjame-da-bo-nezaupnica-uspela","status":"publish","type":"post","link":"https:\/\/hudo.com\/si\/aktualno\/jansa-ne-verjame-da-bo-nezaupnica-uspela\/","title":{"rendered":"Jan\u0161a ne verjame, da bo nezaupnica uspela"},"content":{"rendered":"<div id=\"center\">\n<article class=\"articleui\">\n<div class=\"text\">\n<p>Jan\u0161a meni, da glede na to, kako se &#8220;lomi roke&#8221; poslancem DeSUS, se jim &#8220;grozi in izsiljuje&#8221;, da se bo tak pristop nadaljeval tudi pri poslancih SMC. Do glasov za padec vlade bi tako pri\u0161li s &#8220;protipravnimi in kriminalnimi pritiski&#8221;, je dejal.<\/p>\n<p>Pred\u010dasne volitve so po Jan\u0161evi oceni logi\u010den interes vsaj dveh strank v Koaliciji ustavnega loka (KUL). Premier je izpostavil stranko Levica, s katero SD po njegovih besedah tekmuje v tem, &#8220;kdo bo bolj destruktiven in radikalen&#8221;, zaradi \u010desar predsednica SD Tanja Fajon po njegovi oceni potaplja svojo stranko.<\/p>\n<p>Stranka Levica bo zato glasovala za padec vlade, &#8220;po tem pa bo kak glas umanjkal za to, da se postavi nova,&#8221; je dejal Jan\u0161a.<\/p>\n<p>To bi pomenilo volilno kampanjo sredi vrha epidemije, je dejal in dodal, da so enako \u017ee naredili. &#8220;Marjan \u0160arec je vrgel pu\u0161ko v koruzo na za\u010detku epidemije in zahteval volitve. Predstavljajte si, kako bi bila spomladi videti Slovenija, \u010de bi s praznimi skladi\u0161\u010di \u0161li v volilno kampanjo,&#8221; je dejal.<\/p>\n<p>Menil je, da konstruktivna nezaupnica morda lahko uspe, da pa bi &#8220;iz istih sestavin&#8221;, zaradi katerih je enkrat \u017ee razpadla, sestavili vlado, ki bi bila u\u010dinkovita, pa po Jan\u0161evi oceni ne verjamejo niti najve\u010dji optimisti na levi strani politi\u010dnega prostora.<\/p>\n<p>Na vpra\u0161anje, ali zaupa koalicijskim partnerjem, je premier odgovoril, da zaupa tistim, ki so v vladi, medtem ko tistim, ki so v dr\u017eavnem zboru &#8220;kakor kateremu&#8221;.<\/p>\n<\/div>\n<\/article>\n<\/div>\n<div id=\"sidebar\"><\/div>\n","protected":false},"excerpt":{"rendered":"<p>Predsednik vlade Janez Jan\u0161a je v pogovoru za Radio Ognji\u0161\u010de danes dejal, da mo\u017enost, da bi bila konstruktivna nezaupnica trenutni vladi izglasovana, obstaja, ni pa velika. Po njegovi oceni pa to ne bi pomenilo, da bi KUL postavila novo vlado iz strank, zaradi katerih je vlada enkrat \u017ee razpadla, temve\u010d bi to prineslo pred\u010dasne volitve.<\/p>\n","protected":false},"author":7,"featured_media":434678,"comment_status":"closed","ping_status":"closed","sticky":false,"template":"","format":"standard","meta":{"footnotes":""},"categories":[1179],"tags":[5845,8162,1595],"source":[4511],"supertag":[5675],"acf":[],"yoast_head":"<!-- This site is optimized with the Yoast SEO plugin v21.3 - https:\/\/yoast.com\/wordpress\/plugins\/seo\/ -->\n<title>Jan\u0161a ne verjame, da bo nezaupnica uspela - Hudo Slovenija<\/title>\n<meta name=\"robots\" content=\"index, follow, max-snippet:-1, max-image-preview:large, max-video-preview:-1\" \/>\n<link rel=\"canonical\" href=\"https:\/\/hudo.com\/si\/aktualno\/jansa-ne-verjame-da-bo-nezaupnica-uspela\/\" \/>\n<meta property=\"og:locale\" content=\"sl_SI\" \/>\n<meta property=\"og:type\" content=\"article\" \/>\n<meta property=\"og:title\" content=\"Jan\u0161a ne verjame, da bo nezaupnica uspela - Hudo Slovenija\" \/>\n<meta property=\"og:description\" content=\"Predsednik vlade Janez Jan\u0161a je v pogovoru za Radio Ognji\u0161\u010de danes dejal, da mo\u017enost, da bi bila konstruktivna nezaupnica trenutni vladi izglasovana, obstaja, ni pa velika. Po njegovi oceni pa to ne bi pomenilo, da bi KUL postavila novo vlado iz strank, zaradi katerih je vlada enkrat \u017ee razpadla, temve\u010d bi to prineslo pred\u010dasne volitve.\" \/>\n<meta property=\"og:url\" content=\"https:\/\/hudo.com\/si\/aktualno\/jansa-ne-verjame-da-bo-nezaupnica-uspela\/\" \/>\n<meta property=\"og:site_name\" content=\"Hudo Slovenija\" \/>\n<meta property=\"article:publisher\" content=\"https:\/\/www.facebook.com\/hudo.si\" \/>\n<meta property=\"article:published_time\" content=\"2021-01-13T18:16:10+00:00\" \/>\n<meta property=\"og:image\" content=\"https:\/\/hudo.com\/si\/wp-content\/uploads\/sites\/2\/2020\/10\/20201006-01029545-scaled.jpg\" \/>\n\t<meta property=\"og:image:width\" content=\"2560\" \/>\n\t<meta property=\"og:image:height\" content=\"1707\" \/>\n\t<meta property=\"og:image:type\" content=\"image\/jpeg\" \/>\n<meta name=\"author\" content=\"A. P., STA\" \/>\n<meta name=\"twitter:card\" content=\"summary_large_image\" \/>\n<meta name=\"twitter:creator\" content=\"@hudo_si\" \/>\n<meta name=\"twitter:site\" content=\"@hudo_si\" \/>\n<meta name=\"twitter:label1\" content=\"Written by\" \/>\n\t<meta name=\"twitter:data1\" content=\"A. P., STA\" \/>\n\t<meta name=\"twitter:label2\" content=\"Est. reading time\" \/>\n\t<meta name=\"twitter:data2\" content=\"1 minuta\" \/>\n<script type=\"application\/ld+json\" class=\"yoast-schema-graph\">{\"@context\":\"https:\/\/schema.org\",\"@graph\":[{\"@type\":\"Article\",\"@id\":\"https:\/\/hudo.com\/si\/aktualno\/jansa-ne-verjame-da-bo-nezaupnica-uspela\/#article\",\"isPartOf\":{\"@id\":\"https:\/\/hudo.com\/si\/aktualno\/jansa-ne-verjame-da-bo-nezaupnica-uspela\/\"},\"author\":{\"name\":\"A. P., STA\",\"@id\":\"https:\/\/hudo.com\/si\/#\/schema\/person\/18f09c02475ba9e606e941a565b80cff\"},\"headline\":\"Jan\u0161a ne verjame, da bo nezaupnica uspela\",\"datePublished\":\"2021-01-13T18:16:10+00:00\",\"dateModified\":\"2021-01-13T18:16:10+00:00\",\"mainEntityOfPage\":{\"@id\":\"https:\/\/hudo.com\/si\/aktualno\/jansa-ne-verjame-da-bo-nezaupnica-uspela\/\"},\"wordCount\":252,\"publisher\":{\"@id\":\"https:\/\/hudo.com\/si\/#organization\"},\"keywords\":[\"janez jan\u0161a\",\"nezaupnica\",\"Slovenija\"],\"articleSection\":[\"Aktualno\"],\"inLanguage\":\"sl-SI\"},{\"@type\":\"WebPage\",\"@id\":\"https:\/\/hudo.com\/si\/aktualno\/jansa-ne-verjame-da-bo-nezaupnica-uspela\/\",\"url\":\"https:\/\/hudo.com\/si\/aktualno\/jansa-ne-verjame-da-bo-nezaupnica-uspela\/\",\"name\":\"Jan\u0161a ne verjame, da bo nezaupnica uspela - Hudo Slovenija\",\"isPartOf\":{\"@id\":\"https:\/\/hudo.com\/si\/#website\"},\"datePublished\":\"2021-01-13T18:16:10+00:00\",\"dateModified\":\"2021-01-13T18:16:10+00:00\",\"breadcrumb\":{\"@id\":\"https:\/\/hudo.com\/si\/aktualno\/jansa-ne-verjame-da-bo-nezaupnica-uspela\/#breadcrumb\"},\"inLanguage\":\"sl-SI\",\"potentialAction\":[{\"@type\":\"ReadAction\",\"target\":[\"https:\/\/hudo.com\/si\/aktualno\/jansa-ne-verjame-da-bo-nezaupnica-uspela\/\"]}]},{\"@type\":\"BreadcrumbList\",\"@id\":\"https:\/\/hudo.com\/si\/aktualno\/jansa-ne-verjame-da-bo-nezaupnica-uspela\/#breadcrumb\",\"itemListElement\":[{\"@type\":\"ListItem\",\"position\":1,\"name\":\"Home\",\"item\":\"https:\/\/hudo.com\/si\/\"},{\"@type\":\"ListItem\",\"position\":2,\"name\":\"Jan\u0161a ne verjame, da bo nezaupnica uspela\"}]},{\"@type\":\"WebSite\",\"@id\":\"https:\/\/hudo.com\/si\/#website\",\"url\":\"https:\/\/hudo.com\/si\/\",\"name\":\"Hudo Slovenija\",\"description\":\"Vse novice iz Slovenije in sveta\",\"publisher\":{\"@id\":\"https:\/\/hudo.com\/si\/#organization\"},\"potentialAction\":[{\"@type\":\"SearchAction\",\"target\":{\"@type\":\"EntryPoint\",\"urlTemplate\":\"https:\/\/hudo.com\/si\/?s={search_term_string}\"},\"query-input\":\"required name=search_term_string\"}],\"inLanguage\":\"sl-SI\"},{\"@type\":\"Organization\",\"@id\":\"https:\/\/hudo.com\/si\/#organization\",\"name\":\"VSN Media\",\"url\":\"https:\/\/hudo.com\/si\/\",\"logo\":{\"@type\":\"ImageObject\",\"inLanguage\":\"sl-SI\",\"@id\":\"https:\/\/hudo.com\/si\/#\/schema\/logo\/image\/\",\"url\":\"https:\/\/hudo.com\/si\/wp-content\/uploads\/sites\/2\/2021\/03\/hudo-app-2.png\",\"contentUrl\":\"https:\/\/hudo.com\/si\/wp-content\/uploads\/sites\/2\/2021\/03\/hudo-app-2.png\",\"width\":2185,\"height\":2167,\"caption\":\"VSN Media\"},\"image\":{\"@id\":\"https:\/\/hudo.com\/si\/#\/schema\/logo\/image\/\"},\"sameAs\":[\"https:\/\/www.facebook.com\/hudo.si\",\"https:\/\/twitter.com\/hudo_si\"]},{\"@type\":\"Person\",\"@id\":\"https:\/\/hudo.com\/si\/#\/schema\/person\/18f09c02475ba9e606e941a565b80cff\",\"name\":\"A. P., STA\",\"image\":{\"@type\":\"ImageObject\",\"inLanguage\":\"sl-SI\",\"@id\":\"https:\/\/hudo.com\/si\/#\/schema\/person\/image\/\",\"url\":\"https:\/\/secure.gravatar.com\/avatar\/03eac8e609f5f04383125d80eaeaaf3e?s=96&d=mm&r=g\",\"contentUrl\":\"https:\/\/secure.gravatar.com\/avatar\/03eac8e609f5f04383125d80eaeaaf3e?s=96&d=mm&r=g\",\"caption\":\"A. P., STA\"},\"url\":\"https:\/\/hudo.com\/si\/author\/lubu\/\"}]}<\/script>\n<!-- \/ Yoast SEO plugin. -->","yoast_head_json":{"title":"Jan\u0161a ne verjame, da bo nezaupnica uspela - Hudo Slovenija","robots":{"index":"index","follow":"follow","max-snippet":"max-snippet:-1","max-image-preview":"max-image-preview:large","max-video-preview":"max-video-preview:-1"},"canonical":"https:\/\/hudo.com\/si\/aktualno\/jansa-ne-verjame-da-bo-nezaupnica-uspela\/","og_locale":"sl_SI","og_type":"article","og_title":"Jan\u0161a ne verjame, da bo nezaupnica uspela - Hudo Slovenija","og_description":"Predsednik vlade Janez Jan\u0161a je v pogovoru za Radio Ognji\u0161\u010de danes dejal, da mo\u017enost, da bi bila konstruktivna nezaupnica trenutni vladi izglasovana, obstaja, ni pa velika. Po njegovi oceni pa to ne bi pomenilo, da bi KUL postavila novo vlado iz strank, zaradi katerih je vlada enkrat \u017ee razpadla, temve\u010d bi to prineslo pred\u010dasne volitve.","og_url":"https:\/\/hudo.com\/si\/aktualno\/jansa-ne-verjame-da-bo-nezaupnica-uspela\/","og_site_name":"Hudo Slovenija","article_publisher":"https:\/\/www.facebook.com\/hudo.si","article_published_time":"2021-01-13T18:16:10+00:00","og_image":[{"width":2560,"height":1707,"url":"https:\/\/hudo.com\/si\/wp-content\/uploads\/sites\/2\/2020\/10\/20201006-01029545-scaled.jpg","type":"image\/jpeg"}],"author":"A. P., STA","twitter_card":"summary_large_image","twitter_creator":"@hudo_si","twitter_site":"@hudo_si","twitter_misc":{"Written by":"A. P., STA","Est. reading time":"1 minuta"},"schema":{"@context":"https:\/\/schema.org","@graph":[{"@type":"Article","@id":"https:\/\/hudo.com\/si\/aktualno\/jansa-ne-verjame-da-bo-nezaupnica-uspela\/#article","isPartOf":{"@id":"https:\/\/hudo.com\/si\/aktualno\/jansa-ne-verjame-da-bo-nezaupnica-uspela\/"},"author":{"name":"A. P., STA","@id":"https:\/\/hudo.com\/si\/#\/schema\/person\/18f09c02475ba9e606e941a565b80cff"},"headline":"Jan\u0161a ne verjame, da bo nezaupnica uspela","datePublished":"2021-01-13T18:16:10+00:00","dateModified":"2021-01-13T18:16:10+00:00","mainEntityOfPage":{"@id":"https:\/\/hudo.com\/si\/aktualno\/jansa-ne-verjame-da-bo-nezaupnica-uspela\/"},"wordCount":252,"publisher":{"@id":"https:\/\/hudo.com\/si\/#organization"},"keywords":["janez jan\u0161a","nezaupnica","Slovenija"],"articleSection":["Aktualno"],"inLanguage":"sl-SI"},{"@type":"WebPage","@id":"https:\/\/hudo.com\/si\/aktualno\/jansa-ne-verjame-da-bo-nezaupnica-uspela\/","url":"https:\/\/hudo.com\/si\/aktualno\/jansa-ne-verjame-da-bo-nezaupnica-uspela\/","name":"Jan\u0161a ne verjame, da bo nezaupnica uspela - Hudo Slovenija","isPartOf":{"@id":"https:\/\/hudo.com\/si\/#website"},"datePublished":"2021-01-13T18:16:10+00:00","dateModified":"2021-01-13T18:16:10+00:00","breadcrumb":{"@id":"https:\/\/hudo.com\/si\/aktualno\/jansa-ne-verjame-da-bo-nezaupnica-uspela\/#breadcrumb"},"inLanguage":"sl-SI","potentialAction":[{"@type":"ReadAction","target":["https:\/\/hudo.com\/si\/aktualno\/jansa-ne-verjame-da-bo-nezaupnica-uspela\/"]}]},{"@type":"BreadcrumbList","@id":"https:\/\/hudo.com\/si\/aktualno\/jansa-ne-verjame-da-bo-nezaupnica-uspela\/#breadcrumb","itemListElement":[{"@type":"ListItem","position":1,"name":"Home","item":"https:\/\/hudo.com\/si\/"},{"@type":"ListItem","position":2,"name":"Jan\u0161a ne verjame, da bo nezaupnica uspela"}]},{"@type":"WebSite","@id":"https:\/\/hudo.com\/si\/#website","url":"https:\/\/hudo.com\/si\/","name":"Hudo Slovenija","description":"Vse novice iz Slovenije in sveta","publisher":{"@id":"https:\/\/hudo.com\/si\/#organization"},"potentialAction":[{"@type":"SearchAction","target":{"@type":"EntryPoint","urlTemplate":"https:\/\/hudo.com\/si\/?s={search_term_string}"},"query-input":"required name=search_term_string"}],"inLanguage":"sl-SI"},{"@type":"Organization","@id":"https:\/\/hudo.com\/si\/#organization","name":"VSN Media","url":"https:\/\/hudo.com\/si\/","logo":{"@type":"ImageObject","inLanguage":"sl-SI","@id":"https:\/\/hudo.com\/si\/#\/schema\/logo\/image\/","url":"https:\/\/hudo.com\/si\/wp-content\/uploads\/sites\/2\/2021\/03\/hudo-app-2.png","contentUrl":"https:\/\/hudo.com\/si\/wp-content\/uploads\/sites\/2\/2021\/03\/hudo-app-2.png","width":2185,"height":2167,"caption":"VSN Media"},"image":{"@id":"https:\/\/hudo.com\/si\/#\/schema\/logo\/image\/"},"sameAs":["https:\/\/www.facebook.com\/hudo.si","https:\/\/twitter.com\/hudo_si"]},{"@type":"Person","@id":"https:\/\/hudo.com\/si\/#\/schema\/person\/18f09c02475ba9e606e941a565b80cff","name":"A. P., STA","image":{"@type":"ImageObject","inLanguage":"sl-SI","@id":"https:\/\/hudo.com\/si\/#\/schema\/person\/image\/","url":"https:\/\/secure.gravatar.com\/avatar\/03eac8e609f5f04383125d80eaeaaf3e?s=96&d=mm&r=g","contentUrl":"https:\/\/secure.gravatar.com\/avatar\/03eac8e609f5f04383125d80eaeaaf3e?s=96&d=mm&r=g","caption":"A. P., STA"},"url":"https:\/\/hudo.com\/si\/author\/lubu\/"}]}},"amp_enabled":true,"_links":{"self":[{"href":"https:\/\/hudo.com\/si\/wp-json\/wp\/v2\/posts\/442530"}],"collection":[{"href":"https:\/\/hudo.com\/si\/wp-json\/wp\/v2\/posts"}],"about":[{"href":"https:\/\/hudo.com\/si\/wp-json\/wp\/v2\/types\/post"}],"author":[{"embeddable":true,"href":"https:\/\/hudo.com\/si\/wp-json\/wp\/v2\/users\/7"}],"replies":[{"embeddable":true,"href":"https:\/\/hudo.com\/si\/wp-json\/wp\/v2\/comments?post=442530"}],"version-history":[{"count":1,"href":"https:\/\/hudo.com\/si\/wp-json\/wp\/v2\/posts\/442530\/revisions"}],"predecessor-version":[{"id":442531,"href":"https:\/\/hudo.com\/si\/wp-json\/wp\/v2\/posts\/442530\/revisions\/442531"}],"wp:featuredmedia":[{"embeddable":true,"href":"https:\/\/hudo.com\/si\/wp-json\/wp\/v2\/media\/434678"}],"wp:attachment":[{"href":"https:\/\/hudo.com\/si\/wp-json\/wp\/v2\/media?parent=442530"}],"wp:term":[{"taxonomy":"category","embeddable":true,"href":"https:\/\/hudo.com\/si\/wp-json\/wp\/v2\/categories?post=442530"},{"taxonomy":"post_tag","embeddable":true,"href":"https:\/\/hudo.com\/si\/wp-json\/wp\/v2\/tags?post=442530"},{"taxonomy":"source","embeddable":true,"href":"https:\/\/hudo.com\/si\/wp-json\/wp\/v2\/source?post=442530"},{"taxonomy":"supertag","embeddable":true,"href":"https:\/\/hudo.com\/si\/wp-json\/wp\/v2\/supertag?post=442530"}],"curies":[{"name":"wp","href":"https:\/\/api.w.org\/{rel}","templated":true}]}}