{"id":443194,"date":"2021-01-22T10:37:51","date_gmt":"2021-01-22T09:37:51","guid":{"rendered":"https:\/\/hudo.com\/si\/2021\/01\/22\/hujse-zaplete-s-covid-19-imajo-lahko-tudi-mladi-ljudje-stroka-priporoca-da-se-proti-covidu-19-cepijo-vsi-starejsi-od-16-let\/"},"modified":"2021-01-22T10:37:51","modified_gmt":"2021-01-22T09:37:51","slug":"hujse-zaplete-s-covid-19-imajo-lahko-tudi-mladi-ljudje-stroka-priporoca-da-se-proti-covidu-19-cepijo-vsi-starejsi-od-16-let","status":"publish","type":"post","link":"https:\/\/hudo.com\/si\/zdrav-duh-telo\/hujse-zaplete-s-covid-19-imajo-lahko-tudi-mladi-ljudje-stroka-priporoca-da-se-proti-covidu-19-cepijo-vsi-starejsi-od-16-let\/","title":{"rendered":"Huj\u0161e zaplete s Covid-19 imajo lahko tudi mladi ljudje: Stroka priporo\u010da, da se proti covidu-19 cepijo vsi, starej\u0161i od 16 let"},"content":{"rendered":"<figure>\n\t\t\t\t\t<img loading=\"lazy\" decoding=\"async\" width=\"660\" height=\"320\" src=\"image\/gif;base64,R0lGODlhAQABAAAAACH5BAEKAAEALAAAAAABAAEAAAICTAEAOw==\" class=\"lazyload\" data-src=\"https:\/\/zenska.hudo.com\/files\/2021\/01\/profimedia-0585210717-320x155.jpg\" data-srcset=\"https:\/\/zenska.hudo.com\/files\/2021\/01\/profimedia-0585210717-660x320.jpg 660w,https:\/\/zenska.hudo.com\/files\/2021\/01\/profimedia-0585210717-320x155.jpg 330w\" \/><figcaption>Foto: Profimedia<\/figcaption><\/figure>\n<p>Cepivo Pfizerja in BioNTecha je registrirano za starej\u0161e od 16 let, cepivo Moderne pa za starej\u0161e od 18 let. Ker otrok, pa tudi nose\u010dnic po protokolu nikoli ne vklju\u010dijo v klini\u010dne \u0161tudije za registracijo cepiva, zato ni dovolj podatkov o varnosti cepiva pri njih. Otroke tako v klini\u010dno preizku\u0161anje vklju\u010dujejo \u0161ele naknadno. Zaenkrat tako velja, da lahko s tem cepivom cepijo osebe, stare 16 let in ve\u010d, so navedli na Nacionalnem in\u0161titutu za javno zdravje.<\/p>\n<p>\u010ceprav imajo hude zaplete zaradi covida-19 zlasti starej\u0161i, pa se lahko zgodijo tudi pri mlaj\u0161i populaciji. Do zdaj sta umrli dve osebi, stari med 25 in 34 let, ve\u010d kot 10 jih je umrlo v starostni skupini od 35 do 44 let, medtem ko smrtnih \u017ertev med mlaj\u0161imi od 25 let ni.<\/p>\n<p>Predstojnik klini\u010dnega oddelka za intenzivno interno medicino UKC Ljubljana, kjer zdravijo najte\u017eje bolnike s covidom-19, Marko No\u010d je pred mesecem opozoril, da obravnavajo tudi mlade bolnike, pri katerih zaradi imunske reakcije telesa ob prebolevanju covida-19 za\u010dnejo odpovedovati organi. Takrat so imeli na oddelku denimo mo\u0161kega, rojenega leta 1986, ki je bil na zunajtelesni membranski oksigenaciji, pozneje so mu uspe\u0161no presadili plju\u010da.<\/p>\n<p>Predstojnik interne klinike Univerzitetnega klini\u010dnega centra (UKC) Ljubljana Zlatko Fras je za STA pojasnil, da imajo tudi mlaj\u0161i bolniki, ki so \u017ee preboleli covid-19, lahko dolgoro\u010dne zdravstvene te\u017eave zaradi tega. To se lahko zgodi tudi pri tistih, pri katerih bolezen ni potekala hudo oz. niso bili hospitaliziranih, pa so pozneje imeli zaplete zaradi covida-19.<\/p>\n<p>Med poznej\u0161imi zapleti zaradi covida so tudi krvni strdki oz. tromboze, ki lahko ne glede na starost bolnika povzro\u010dijo usodne zaplete, ko se pojavijo. &#8220;Med njimi so tudi mlaj\u0161i, a ve\u010d teh zapletov je pri ljudeh, ki so imeli \u017ee prej kroni\u010dno internisti\u010dno bolezen, tako da prevladujejo starej\u0161i. Ni pa to zgolj in samo starej\u0161a populacija,&#8221; je dejal.<\/p>\n<p>Kontraindikacija za cepljenje je tako huda alergija na sestavine cepiva, previdnost je potrebna pri dokazani anafilakti\u010dni reakciji v preteklosti.<\/p>\n","protected":false},"excerpt":{"rendered":"<p>Hudi zapleti zaradi covida-19 niso le gro\u017enja starej\u0161i populaciji, ampak lahko doletijo tudi mlade. Doslej sta ob zapletih s covidom-19 v Sloveniji umrli dve osebe, stari do 35 let. Zato stroka priporo\u010da, da se proti covidu-19 cepijo vsi, starej\u0161i od 16 let, ki nimajo denimo hudih alergij na kak\u0161no sestavino cepiva.<\/p>\n","protected":false},"author":1,"featured_media":443195,"comment_status":"closed","ping_status":"closed","sticky":false,"template":"","format":"standard","meta":{"footnotes":""},"categories":[1],"tags":[17969,15898,15632],"source":[1335,1336,1334],"supertag":[],"acf":[],"yoast_head":"<!-- This site is optimized with the Yoast SEO plugin v21.3 - https:\/\/yoast.com\/wordpress\/plugins\/seo\/ -->\n<title>Huj\u0161e zaplete s Covid-19 imajo lahko tudi mladi ljudje: Stroka priporo\u010da, da se proti covidu-19 cepijo vsi, starej\u0161i od 16 let - Hudo Slovenija<\/title>\n<meta name=\"robots\" content=\"index, follow, max-snippet:-1, max-image-preview:large, max-video-preview:-1\" \/>\n<link rel=\"canonical\" href=\"https:\/\/hudo.com\/si\/zdrav-duh-telo\/hujse-zaplete-s-covid-19-imajo-lahko-tudi-mladi-ljudje-stroka-priporoca-da-se-proti-covidu-19-cepijo-vsi-starejsi-od-16-let\/\" \/>\n<meta property=\"og:locale\" content=\"sl_SI\" \/>\n<meta property=\"og:type\" content=\"article\" \/>\n<meta property=\"og:title\" content=\"Huj\u0161e zaplete s Covid-19 imajo lahko tudi mladi ljudje: Stroka priporo\u010da, da se proti covidu-19 cepijo vsi, starej\u0161i od 16 let - Hudo Slovenija\" \/>\n<meta property=\"og:description\" content=\"Hudi zapleti zaradi covida-19 niso le gro\u017enja starej\u0161i populaciji, ampak lahko doletijo tudi mlade. Doslej sta ob zapletih s covidom-19 v Sloveniji umrli dve osebe, stari do 35 let. Zato stroka priporo\u010da, da se proti covidu-19 cepijo vsi, starej\u0161i od 16 let, ki nimajo denimo hudih alergij na kak\u0161no sestavino cepiva.\" \/>\n<meta property=\"og:url\" content=\"https:\/\/hudo.com\/si\/zdrav-duh-telo\/hujse-zaplete-s-covid-19-imajo-lahko-tudi-mladi-ljudje-stroka-priporoca-da-se-proti-covidu-19-cepijo-vsi-starejsi-od-16-let\/\" \/>\n<meta property=\"og:site_name\" content=\"Hudo Slovenija\" \/>\n<meta property=\"article:publisher\" content=\"https:\/\/www.facebook.com\/hudo.si\" \/>\n<meta property=\"article:published_time\" content=\"2021-01-22T09:37:51+00:00\" \/>\n<meta property=\"og:image\" content=\"https:\/\/hudo.com\/si\/wp-content\/uploads\/sites\/2\/2021\/01\/profimedia-0585210717.jpg\" \/>\n\t<meta property=\"og:image:width\" content=\"1250\" \/>\n\t<meta property=\"og:image:height\" content=\"833\" \/>\n\t<meta property=\"og:image:type\" content=\"image\/jpeg\" \/>\n<meta name=\"author\" content=\"hudo\" \/>\n<meta name=\"twitter:card\" content=\"summary_large_image\" \/>\n<meta name=\"twitter:creator\" content=\"@hudo_si\" \/>\n<meta name=\"twitter:site\" content=\"@hudo_si\" \/>\n<meta name=\"twitter:label1\" content=\"Written by\" \/>\n\t<meta name=\"twitter:data1\" content=\"hudo\" \/>\n\t<meta name=\"twitter:label2\" content=\"Est. reading time\" \/>\n\t<meta name=\"twitter:data2\" content=\"2 minuti\" \/>\n<script type=\"application\/ld+json\" class=\"yoast-schema-graph\">{\"@context\":\"https:\/\/schema.org\",\"@graph\":[{\"@type\":\"Article\",\"@id\":\"https:\/\/hudo.com\/si\/zdrav-duh-telo\/hujse-zaplete-s-covid-19-imajo-lahko-tudi-mladi-ljudje-stroka-priporoca-da-se-proti-covidu-19-cepijo-vsi-starejsi-od-16-let\/#article\",\"isPartOf\":{\"@id\":\"https:\/\/hudo.com\/si\/zdrav-duh-telo\/hujse-zaplete-s-covid-19-imajo-lahko-tudi-mladi-ljudje-stroka-priporoca-da-se-proti-covidu-19-cepijo-vsi-starejsi-od-16-let\/\"},\"author\":{\"name\":\"hudo\",\"@id\":\"https:\/\/hudo.com\/si\/#\/schema\/person\/601cf3379633985b20f7e50f2bb47707\"},\"headline\":\"Huj\u0161e zaplete s Covid-19 imajo lahko tudi mladi ljudje: Stroka priporo\u010da, da se proti covidu-19 cepijo vsi, starej\u0161i od 16 let\",\"datePublished\":\"2021-01-22T09:37:51+00:00\",\"dateModified\":\"2021-01-22T09:37:51+00:00\",\"mainEntityOfPage\":{\"@id\":\"https:\/\/hudo.com\/si\/zdrav-duh-telo\/hujse-zaplete-s-covid-19-imajo-lahko-tudi-mladi-ljudje-stroka-priporoca-da-se-proti-covidu-19-cepijo-vsi-starejsi-od-16-let\/\"},\"wordCount\":364,\"publisher\":{\"@id\":\"https:\/\/hudo.com\/si\/#organization\"},\"keywords\":[\"cepljenje proti covid-19\",\"covid-19\",\"koronavirus\"],\"articleSection\":[\"Zdrav duh &amp; telo\"],\"inLanguage\":\"sl-SI\"},{\"@type\":\"WebPage\",\"@id\":\"https:\/\/hudo.com\/si\/zdrav-duh-telo\/hujse-zaplete-s-covid-19-imajo-lahko-tudi-mladi-ljudje-stroka-priporoca-da-se-proti-covidu-19-cepijo-vsi-starejsi-od-16-let\/\",\"url\":\"https:\/\/hudo.com\/si\/zdrav-duh-telo\/hujse-zaplete-s-covid-19-imajo-lahko-tudi-mladi-ljudje-stroka-priporoca-da-se-proti-covidu-19-cepijo-vsi-starejsi-od-16-let\/\",\"name\":\"Huj\u0161e zaplete s Covid-19 imajo lahko tudi mladi ljudje: Stroka priporo\u010da, da se proti covidu-19 cepijo vsi, starej\u0161i od 16 let - Hudo Slovenija\",\"isPartOf\":{\"@id\":\"https:\/\/hudo.com\/si\/#website\"},\"datePublished\":\"2021-01-22T09:37:51+00:00\",\"dateModified\":\"2021-01-22T09:37:51+00:00\",\"breadcrumb\":{\"@id\":\"https:\/\/hudo.com\/si\/zdrav-duh-telo\/hujse-zaplete-s-covid-19-imajo-lahko-tudi-mladi-ljudje-stroka-priporoca-da-se-proti-covidu-19-cepijo-vsi-starejsi-od-16-let\/#breadcrumb\"},\"inLanguage\":\"sl-SI\",\"potentialAction\":[{\"@type\":\"ReadAction\",\"target\":[\"https:\/\/hudo.com\/si\/zdrav-duh-telo\/hujse-zaplete-s-covid-19-imajo-lahko-tudi-mladi-ljudje-stroka-priporoca-da-se-proti-covidu-19-cepijo-vsi-starejsi-od-16-let\/\"]}]},{\"@type\":\"BreadcrumbList\",\"@id\":\"https:\/\/hudo.com\/si\/zdrav-duh-telo\/hujse-zaplete-s-covid-19-imajo-lahko-tudi-mladi-ljudje-stroka-priporoca-da-se-proti-covidu-19-cepijo-vsi-starejsi-od-16-let\/#breadcrumb\",\"itemListElement\":[{\"@type\":\"ListItem\",\"position\":1,\"name\":\"Home\",\"item\":\"https:\/\/hudo.com\/si\/\"},{\"@type\":\"ListItem\",\"position\":2,\"name\":\"Huj\u0161e zaplete s Covid-19 imajo lahko tudi mladi ljudje: Stroka priporo\u010da, da se proti covidu-19 cepijo vsi, starej\u0161i od 16 let\"}]},{\"@type\":\"WebSite\",\"@id\":\"https:\/\/hudo.com\/si\/#website\",\"url\":\"https:\/\/hudo.com\/si\/\",\"name\":\"Hudo Slovenija\",\"description\":\"Vse novice iz Slovenije in sveta\",\"publisher\":{\"@id\":\"https:\/\/hudo.com\/si\/#organization\"},\"potentialAction\":[{\"@type\":\"SearchAction\",\"target\":{\"@type\":\"EntryPoint\",\"urlTemplate\":\"https:\/\/hudo.com\/si\/?s={search_term_string}\"},\"query-input\":\"required name=search_term_string\"}],\"inLanguage\":\"sl-SI\"},{\"@type\":\"Organization\",\"@id\":\"https:\/\/hudo.com\/si\/#organization\",\"name\":\"VSN Media\",\"url\":\"https:\/\/hudo.com\/si\/\",\"logo\":{\"@type\":\"ImageObject\",\"inLanguage\":\"sl-SI\",\"@id\":\"https:\/\/hudo.com\/si\/#\/schema\/logo\/image\/\",\"url\":\"https:\/\/hudo.com\/si\/wp-content\/uploads\/sites\/2\/2021\/03\/hudo-app-2.png\",\"contentUrl\":\"https:\/\/hudo.com\/si\/wp-content\/uploads\/sites\/2\/2021\/03\/hudo-app-2.png\",\"width\":2185,\"height\":2167,\"caption\":\"VSN Media\"},\"image\":{\"@id\":\"https:\/\/hudo.com\/si\/#\/schema\/logo\/image\/\"},\"sameAs\":[\"https:\/\/www.facebook.com\/hudo.si\",\"https:\/\/twitter.com\/hudo_si\"]},{\"@type\":\"Person\",\"@id\":\"https:\/\/hudo.com\/si\/#\/schema\/person\/601cf3379633985b20f7e50f2bb47707\",\"name\":\"hudo\",\"image\":{\"@type\":\"ImageObject\",\"inLanguage\":\"sl-SI\",\"@id\":\"https:\/\/hudo.com\/si\/#\/schema\/person\/image\/\",\"url\":\"https:\/\/secure.gravatar.com\/avatar\/c4ca25fa72cace7a696b52ff5db9e095?s=96&d=mm&r=g\",\"contentUrl\":\"https:\/\/secure.gravatar.com\/avatar\/c4ca25fa72cace7a696b52ff5db9e095?s=96&d=mm&r=g\",\"caption\":\"hudo\"},\"url\":\"https:\/\/hudo.com\/si\/author\/hudo\/\"}]}<\/script>\n<!-- \/ Yoast SEO plugin. -->","yoast_head_json":{"title":"Huj\u0161e zaplete s Covid-19 imajo lahko tudi mladi ljudje: Stroka priporo\u010da, da se proti covidu-19 cepijo vsi, starej\u0161i od 16 let - Hudo Slovenija","robots":{"index":"index","follow":"follow","max-snippet":"max-snippet:-1","max-image-preview":"max-image-preview:large","max-video-preview":"max-video-preview:-1"},"canonical":"https:\/\/hudo.com\/si\/zdrav-duh-telo\/hujse-zaplete-s-covid-19-imajo-lahko-tudi-mladi-ljudje-stroka-priporoca-da-se-proti-covidu-19-cepijo-vsi-starejsi-od-16-let\/","og_locale":"sl_SI","og_type":"article","og_title":"Huj\u0161e zaplete s Covid-19 imajo lahko tudi mladi ljudje: Stroka priporo\u010da, da se proti covidu-19 cepijo vsi, starej\u0161i od 16 let - Hudo Slovenija","og_description":"Hudi zapleti zaradi covida-19 niso le gro\u017enja starej\u0161i populaciji, ampak lahko doletijo tudi mlade. Doslej sta ob zapletih s covidom-19 v Sloveniji umrli dve osebe, stari do 35 let. Zato stroka priporo\u010da, da se proti covidu-19 cepijo vsi, starej\u0161i od 16 let, ki nimajo denimo hudih alergij na kak\u0161no sestavino cepiva.","og_url":"https:\/\/hudo.com\/si\/zdrav-duh-telo\/hujse-zaplete-s-covid-19-imajo-lahko-tudi-mladi-ljudje-stroka-priporoca-da-se-proti-covidu-19-cepijo-vsi-starejsi-od-16-let\/","og_site_name":"Hudo Slovenija","article_publisher":"https:\/\/www.facebook.com\/hudo.si","article_published_time":"2021-01-22T09:37:51+00:00","og_image":[{"width":1250,"height":833,"url":"https:\/\/hudo.com\/si\/wp-content\/uploads\/sites\/2\/2021\/01\/profimedia-0585210717.jpg","type":"image\/jpeg"}],"author":"hudo","twitter_card":"summary_large_image","twitter_creator":"@hudo_si","twitter_site":"@hudo_si","twitter_misc":{"Written by":"hudo","Est. reading time":"2 minuti"},"schema":{"@context":"https:\/\/schema.org","@graph":[{"@type":"Article","@id":"https:\/\/hudo.com\/si\/zdrav-duh-telo\/hujse-zaplete-s-covid-19-imajo-lahko-tudi-mladi-ljudje-stroka-priporoca-da-se-proti-covidu-19-cepijo-vsi-starejsi-od-16-let\/#article","isPartOf":{"@id":"https:\/\/hudo.com\/si\/zdrav-duh-telo\/hujse-zaplete-s-covid-19-imajo-lahko-tudi-mladi-ljudje-stroka-priporoca-da-se-proti-covidu-19-cepijo-vsi-starejsi-od-16-let\/"},"author":{"name":"hudo","@id":"https:\/\/hudo.com\/si\/#\/schema\/person\/601cf3379633985b20f7e50f2bb47707"},"headline":"Huj\u0161e zaplete s Covid-19 imajo lahko tudi mladi ljudje: Stroka priporo\u010da, da se proti covidu-19 cepijo vsi, starej\u0161i od 16 let","datePublished":"2021-01-22T09:37:51+00:00","dateModified":"2021-01-22T09:37:51+00:00","mainEntityOfPage":{"@id":"https:\/\/hudo.com\/si\/zdrav-duh-telo\/hujse-zaplete-s-covid-19-imajo-lahko-tudi-mladi-ljudje-stroka-priporoca-da-se-proti-covidu-19-cepijo-vsi-starejsi-od-16-let\/"},"wordCount":364,"publisher":{"@id":"https:\/\/hudo.com\/si\/#organization"},"keywords":["cepljenje proti covid-19","covid-19","koronavirus"],"articleSection":["Zdrav duh &amp; telo"],"inLanguage":"sl-SI"},{"@type":"WebPage","@id":"https:\/\/hudo.com\/si\/zdrav-duh-telo\/hujse-zaplete-s-covid-19-imajo-lahko-tudi-mladi-ljudje-stroka-priporoca-da-se-proti-covidu-19-cepijo-vsi-starejsi-od-16-let\/","url":"https:\/\/hudo.com\/si\/zdrav-duh-telo\/hujse-zaplete-s-covid-19-imajo-lahko-tudi-mladi-ljudje-stroka-priporoca-da-se-proti-covidu-19-cepijo-vsi-starejsi-od-16-let\/","name":"Huj\u0161e zaplete s Covid-19 imajo lahko tudi mladi ljudje: Stroka priporo\u010da, da se proti covidu-19 cepijo vsi, starej\u0161i od 16 let - Hudo Slovenija","isPartOf":{"@id":"https:\/\/hudo.com\/si\/#website"},"datePublished":"2021-01-22T09:37:51+00:00","dateModified":"2021-01-22T09:37:51+00:00","breadcrumb":{"@id":"https:\/\/hudo.com\/si\/zdrav-duh-telo\/hujse-zaplete-s-covid-19-imajo-lahko-tudi-mladi-ljudje-stroka-priporoca-da-se-proti-covidu-19-cepijo-vsi-starejsi-od-16-let\/#breadcrumb"},"inLanguage":"sl-SI","potentialAction":[{"@type":"ReadAction","target":["https:\/\/hudo.com\/si\/zdrav-duh-telo\/hujse-zaplete-s-covid-19-imajo-lahko-tudi-mladi-ljudje-stroka-priporoca-da-se-proti-covidu-19-cepijo-vsi-starejsi-od-16-let\/"]}]},{"@type":"BreadcrumbList","@id":"https:\/\/hudo.com\/si\/zdrav-duh-telo\/hujse-zaplete-s-covid-19-imajo-lahko-tudi-mladi-ljudje-stroka-priporoca-da-se-proti-covidu-19-cepijo-vsi-starejsi-od-16-let\/#breadcrumb","itemListElement":[{"@type":"ListItem","position":1,"name":"Home","item":"https:\/\/hudo.com\/si\/"},{"@type":"ListItem","position":2,"name":"Huj\u0161e zaplete s Covid-19 imajo lahko tudi mladi ljudje: Stroka priporo\u010da, da se proti covidu-19 cepijo vsi, starej\u0161i od 16 let"}]},{"@type":"WebSite","@id":"https:\/\/hudo.com\/si\/#website","url":"https:\/\/hudo.com\/si\/","name":"Hudo Slovenija","description":"Vse novice iz Slovenije in sveta","publisher":{"@id":"https:\/\/hudo.com\/si\/#organization"},"potentialAction":[{"@type":"SearchAction","target":{"@type":"EntryPoint","urlTemplate":"https:\/\/hudo.com\/si\/?s={search_term_string}"},"query-input":"required name=search_term_string"}],"inLanguage":"sl-SI"},{"@type":"Organization","@id":"https:\/\/hudo.com\/si\/#organization","name":"VSN Media","url":"https:\/\/hudo.com\/si\/","logo":{"@type":"ImageObject","inLanguage":"sl-SI","@id":"https:\/\/hudo.com\/si\/#\/schema\/logo\/image\/","url":"https:\/\/hudo.com\/si\/wp-content\/uploads\/sites\/2\/2021\/03\/hudo-app-2.png","contentUrl":"https:\/\/hudo.com\/si\/wp-content\/uploads\/sites\/2\/2021\/03\/hudo-app-2.png","width":2185,"height":2167,"caption":"VSN Media"},"image":{"@id":"https:\/\/hudo.com\/si\/#\/schema\/logo\/image\/"},"sameAs":["https:\/\/www.facebook.com\/hudo.si","https:\/\/twitter.com\/hudo_si"]},{"@type":"Person","@id":"https:\/\/hudo.com\/si\/#\/schema\/person\/601cf3379633985b20f7e50f2bb47707","name":"hudo","image":{"@type":"ImageObject","inLanguage":"sl-SI","@id":"https:\/\/hudo.com\/si\/#\/schema\/person\/image\/","url":"https:\/\/secure.gravatar.com\/avatar\/c4ca25fa72cace7a696b52ff5db9e095?s=96&d=mm&r=g","contentUrl":"https:\/\/secure.gravatar.com\/avatar\/c4ca25fa72cace7a696b52ff5db9e095?s=96&d=mm&r=g","caption":"hudo"},"url":"https:\/\/hudo.com\/si\/author\/hudo\/"}]}},"amp_enabled":true,"_links":{"self":[{"href":"https:\/\/hudo.com\/si\/wp-json\/wp\/v2\/posts\/443194"}],"collection":[{"href":"https:\/\/hudo.com\/si\/wp-json\/wp\/v2\/posts"}],"about":[{"href":"https:\/\/hudo.com\/si\/wp-json\/wp\/v2\/types\/post"}],"author":[{"embeddable":true,"href":"https:\/\/hudo.com\/si\/wp-json\/wp\/v2\/users\/1"}],"replies":[{"embeddable":true,"href":"https:\/\/hudo.com\/si\/wp-json\/wp\/v2\/comments?post=443194"}],"version-history":[{"count":0,"href":"https:\/\/hudo.com\/si\/wp-json\/wp\/v2\/posts\/443194\/revisions"}],"wp:featuredmedia":[{"embeddable":true,"href":"https:\/\/hudo.com\/si\/wp-json\/wp\/v2\/media\/443195"}],"wp:attachment":[{"href":"https:\/\/hudo.com\/si\/wp-json\/wp\/v2\/media?parent=443194"}],"wp:term":[{"taxonomy":"category","embeddable":true,"href":"https:\/\/hudo.com\/si\/wp-json\/wp\/v2\/categories?post=443194"},{"taxonomy":"post_tag","embeddable":true,"href":"https:\/\/hudo.com\/si\/wp-json\/wp\/v2\/tags?post=443194"},{"taxonomy":"source","embeddable":true,"href":"https:\/\/hudo.com\/si\/wp-json\/wp\/v2\/source?post=443194"},{"taxonomy":"supertag","embeddable":true,"href":"https:\/\/hudo.com\/si\/wp-json\/wp\/v2\/supertag?post=443194"}],"curies":[{"name":"wp","href":"https:\/\/api.w.org\/{rel}","templated":true}]}}